{"id":5836,"date":"2024-02-09T20:23:52","date_gmt":"2024-02-09T19:23:52","guid":{"rendered":"http:\/\/zonadelta.net\/atreides\/?p=5836"},"modified":"2024-02-09T20:23:52","modified_gmt":"2024-02-09T19:23:52","slug":"record-of-lodoss-war-la-dama-de-faris-integral","status":"publish","type":"post","link":"https:\/\/zonadelta.net\/atreides\/?p=5836","title":{"rendered":"Record of Lodoss War La dama de Faris Integral"},"content":{"rendered":"<p style=\"text-align: justify;\"><a title=\"IMG20240208194345\" href=\"https:\/\/www.flickr.com\/photos\/193617684@N08\/53519085806\/in\/dateposted-public\/\" target=\"_blank\" rel=\"noopener noreferrer\" data-flickr-embed=\"true\"><img loading=\"lazy\" decoding=\"async\" src=\"https:\/\/live.staticflickr.com\/65535\/53519085806_4bf720c05a_c.jpg\" alt=\"IMG20240208194345\" width=\"800\" height=\"573\" \/><\/a>Ha habido que esperar a que este legendario manga se reeditase pero lo ha hecho con una edici\u00f3n muy interesante y a un tama\u00f1o espectacular.<\/p>\n<p><iframe loading=\"lazy\" title=\"Unboxing Record of Lodoss War La Dama de Faris\" width=\"660\" height=\"371\" src=\"https:\/\/www.youtube.com\/embed\/C6uqm8xXqIM?feature=oembed\" frameborder=\"0\" allow=\"accelerometer; autoplay; clipboard-write; encrypted-media; gyroscope; picture-in-picture; web-share\" referrerpolicy=\"strict-origin-when-cross-origin\" allowfullscreen><\/iframe><\/p>\n<p style=\"text-align: justify;\"><!--more--><\/p>\n<p style=\"text-align: justify;\">Este manga de Rio Mizuno y Akihiro Yamada lo conoc\u00ed cuando Planeta lo public\u00f3 en 1996. Sin embargo, solo se public\u00f3 parte del volumen 1 en Jap\u00f3n dejando inconclusa la obra y esto fue lo que lleg\u00f3 aqu\u00ed.<\/p>\n<p style=\"text-align: justify;\">Con el paso de los a\u00f1os se complet\u00f3 y en 2004 Planeta lo volvi\u00f3 a publicar con 80 p\u00e1ginas m\u00e1s del primer volumen y el segundo volumen. Sin embargo, se perdieron las p\u00e1ginas en color de la primera edici\u00f3n.<\/p>\n<figure style=\"width: 800px\" class=\"wp-caption aligncenter\"><a title=\"IMG20240208194628\" href=\"https:\/\/www.flickr.com\/photos\/193617684@N08\/53519085811\/in\/dateposted-public\/\" target=\"_blank\" rel=\"noopener noreferrer\" data-flickr-embed=\"true\"><img loading=\"lazy\" decoding=\"async\" src=\"https:\/\/live.staticflickr.com\/65535\/53519085811_628ab308e1_c.jpg\" alt=\"IMG20240208194628\" width=\"800\" height=\"510\" \/><\/a><figcaption class=\"wp-caption-text\">Portada de los dos tomos<\/figcaption><\/figure>\n<p style=\"text-align: justify;\">Veinte a\u00f1os despu\u00e9s tenemos una nueva edici\u00f3n de lujo que ya s\u00ed incluye todo, los dos vol\u00famenes y las p\u00e1ginas en color.<\/p>\n<p style=\"text-align: justify;\">Adem\u00e1s, se publica a gran tama\u00f1o, como pod\u00e9is ver en el v\u00eddeo, con tapa dura.<\/p>\n<p style=\"text-align: justify;\">Como interesante extra incluye un tercer libro de menos p\u00e1ginas,\u00a0 con ilustraciones de Akihiro Yamada, tanto en color como en blanco y negro. Una aut\u00e9ntica gozada.<\/p>\n<figure style=\"width: 800px\" class=\"wp-caption aligncenter\"><a title=\"IMG20240208194655\" href=\"https:\/\/www.flickr.com\/photos\/193617684@N08\/53519252818\/in\/dateposted-public\/\" target=\"_blank\" rel=\"noopener noreferrer\" data-flickr-embed=\"true\"><img loading=\"lazy\" decoding=\"async\" src=\"https:\/\/live.staticflickr.com\/65535\/53519252818_22886ccf94_c.jpg\" alt=\"IMG20240208194655\" width=\"800\" height=\"495\" \/><\/a><figcaption class=\"wp-caption-text\">Portada del libro de ilustraciones<\/figcaption><\/figure>\n<p style=\"text-align: justify;\">\n<p style=\"text-align: justify;\">Sin embargo el papel en que est\u00e1 impreso, si bien es ecol\u00f3gicamente sostenible y es algo que se agradece, es un papel bastante basto, poroso y no muy blanco. No queda mal para la reproducci\u00f3n del dibujo pero no es el mejor papel.<\/p>\n<p style=\"text-align: justify;\">Para el libro de ilustraciones cambia el papel para uno blanco con brillo en el que quedan muy bien.<\/p>\n<figure style=\"width: 800px\" class=\"wp-caption aligncenter\"><a title=\"IMG20240208194549\" href=\"https:\/\/www.flickr.com\/photos\/193617684@N08\/53518197172\/in\/dateposted-public\/\" target=\"_blank\" rel=\"noopener noreferrer\" data-flickr-embed=\"true\"><img loading=\"lazy\" decoding=\"async\" src=\"https:\/\/live.staticflickr.com\/65535\/53518197172_db5bea2e77_c.jpg\" alt=\"IMG20240208194549\" width=\"800\" height=\"492\" \/><\/a><figcaption class=\"wp-caption-text\">Las contraportadas son tan buenas como las portadas<\/figcaption><\/figure>\n<p style=\"text-align: justify;\">\n<p style=\"text-align: justify;\">Rio Mizuno es el creador de Record of Lodoss War. Comenz\u00f3 con unas Transcripciones de las partidas de rol que jugaban con las reglas de Dungeon and Dragons, aunque posteriormente cre\u00f3 su propias reglas , el Record of Lodoss War Companion, y de ah\u00ed pas\u00f3 a contar las historias del mundo de Forcelia y concretamente de la isla maldita de Lodoss en novelas de Fantas\u00eda.<\/p>\n<p style=\"text-align: justify;\">Adem\u00e1s de las novelas se hicieron una serie de OVAs en 1990 que contaban lo ocurrido en las cuatro primeras novelas.<\/p>\n<p style=\"text-align: justify;\">Posteriormente Mizuno public\u00f3 a modo de precuelas un nuevo ciclo de cinco novelas y un extra que fueron ilustradas por Akihiro Yamada. Estas novelas fueron llevadas al Manga precisamente por estos dos autores en Record of Lodoss War La Dama de Faris.<\/p>\n<figure style=\"width: 627px\" class=\"wp-caption aligncenter\"><a title=\"Documento_2024-02-08_195239\" href=\"https:\/\/www.flickr.com\/photos\/193617684@N08\/53519514945\/in\/dateposted-public\/\" target=\"_blank\" rel=\"noopener noreferrer\" data-flickr-embed=\"true\"><img loading=\"lazy\" decoding=\"async\" src=\"https:\/\/live.staticflickr.com\/65535\/53519514945_52e16bd408_c.jpg\" alt=\"Documento_2024-02-08_195239\" width=\"627\" height=\"800\" \/><\/a><figcaption class=\"wp-caption-text\">El fant\u00e1stico dibujo de Yamada con dos de los protagonistas, Flaus y Beld.<\/figcaption><\/figure>\n<p style=\"text-align: justify;\">\n<p style=\"text-align: justify;\">Cuanta la historia de la Sacerdotisa Guerrera Flaus. En Lodoss, un rey que quiere el poder de los demonios sacrifica a su hija para invocar al Rey Demonio y que este le ayude a conquistar todo Lodoss. Este Rey no pasa de la p\u00e1gina cinco porque el Rey Demonio lo finiquita y pero se queda con la idea y se lanza a la conquista de todo Lodoss.<\/p>\n<p style=\"text-align: justify;\">Junto a Flaus, el mercenario Fahn y su compa\u00f1ero el mago Wort, se unir\u00e1n para acompa\u00f1arla y ayudarle en la misi\u00f3n encomendada por el Templo de Faris. Conforme va avanzando la ponzo\u00f1a y los ataques de demonios en las distintas regiones de Lodoss se unir\u00e1n Fahn, un Caballero Sagrado, Flaibe, el \u00faltimo Rey del reino de Piedra, Neese, una sacerdotisa de Marfa y una maga sin nombre para intentar acabar con el Rey Demonio. Habr\u00e1n m\u00e1s personajes, como elfos que ir\u00e1n a luchar codo con codo con los enanos y los humanos.<\/p>\n<p>Me ha gustado que no parten desde un principio como un grupo sino que este se va creando conforme avanza la trama.<\/p>\n<figure style=\"width: 560px\" class=\"wp-caption aligncenter\"><a title=\"Foto_2024-02-08_200315 (2)\" href=\"https:\/\/www.flickr.com\/photos\/193617684@N08\/53519253038\/in\/dateposted-public\/\" target=\"_blank\" rel=\"noopener noreferrer\" data-flickr-embed=\"true\"><img loading=\"lazy\" decoding=\"async\" src=\"https:\/\/live.staticflickr.com\/65535\/53519253038_3d788833ca_c.jpg\" alt=\"Foto_2024-02-08_200315 (2)\" width=\"560\" height=\"800\" \/><\/a><figcaption class=\"wp-caption-text\">Una de las ilustraciones del tercer libro. Aqu\u00ed descubrimos que Beld es pelirrojo y al fondo est\u00e1 el mago Wort<\/figcaption><\/figure>\n<p style=\"text-align: justify;\">\n<p style=\"text-align: justify;\">La historia es enormemente entretenida con interesantes giros argumentales, elipsis que aceleran la historia y momentos grandiosos.<\/p>\n<p style=\"text-align: justify;\">Los personajes desbordan carisma, especialmente Flaus aunque, en realidad, todos tienen sus momentos.<\/p>\n<p style=\"text-align: justify;\">Adem\u00e1s tendremos cameo de personajes que salen en las OVAs como Parn o Deedlit. Casi parece la devoluci\u00f3n de la visita porque en las OVAs aparecen Wort o el personaje sin nombre.<\/p>\n<p style=\"text-align: justify;\">Me ha llamado poderosamente la atenci\u00f3n que la lectura sea en estilo occidental teniendo en cuenta lo arraigada que est\u00e1 la lectura oriental en los mangas publicados en Espa\u00f1a. Tambi\u00e9n que los personajes no son zurdos, como suele suceder al cambiar la forma de lectura de un manga realizado para leerlo de derecha a izquierda.<\/p>\n<p style=\"text-align: justify;\">Curiosamente, parece que la Dama de Faris se public\u00f3\u00a0 originalmente en Jap\u00f3n con el estilo de lectura occidental, y se ha trasladado as\u00ed a la edici\u00f3n espa\u00f1ola.<\/p>\n<p style=\"text-align: justify;\">Si bien todo lo anterior est\u00e1 muy bien, por lo que destaca enormemente este manga es por su poderos\u00edsimo dibujo.<\/p>\n<figure style=\"width: 627px\" class=\"wp-caption aligncenter\"><a title=\"2024-02-08_200120\" href=\"https:\/\/www.flickr.com\/photos\/193617684@N08\/53519400884\/in\/dateposted-public\/\" target=\"_blank\" rel=\"noopener noreferrer\" data-flickr-embed=\"true\"><img loading=\"lazy\" decoding=\"async\" src=\"https:\/\/live.staticflickr.com\/65535\/53519400884_9f457f2742_c.jpg\" alt=\"2024-02-08_200120\" width=\"627\" height=\"800\" \/><\/a><figcaption class=\"wp-caption-text\">El recargado dibujo de Akihiro Yamada<\/figcaption><\/figure>\n<p style=\"text-align: justify;\">\n<p style=\"text-align: justify;\">Akihiro Yamada es un extraordinario ilustrador muy influido por Frank Frazzetta y, con un estilo de dibujo barroco y abigarrado, crea un mundo de fantas\u00eda heroica muy poderoso.<\/p>\n<p style=\"text-align: justify;\">El primer tomo tiene ilustraciones impresionantes pero la narrativa se resiente en las escenas de lucha que, en algunos casos, son confusas y hay que mirar detenidamente para que quede claro qu\u00e9 est\u00e1 pasando.<\/p>\n<p style=\"text-align: justify;\">Sin embargo, en el segundo tomo se mantiene el extraordinario nivel de las ilustraciones pero la narrativa mejora sustancialmente y, en general, la lectura resulta m\u00e1s fluida.<\/p>\n<p style=\"text-align: justify;\">El resultado final es una gran edici\u00f3n para un gran manga que ha envejecido espectacularmente bien.<\/p>\n<p style=\"text-align: justify;\">No puedo evitar pensar que \u00abFrieren. Tras finalizar el viaje\u00bb, el anime y manga, podr\u00edan haber sido la continuaci\u00f3n natural de esta historia. Aqu\u00ed son Flaus y los seis h\u00e9roes los que luchan con el Rey Demonio y en Frieren cuentan, muchos a\u00f1os despu\u00e9s del desenlace con el Rey Demonio, qu\u00e9 ha sido de estos h\u00e9roes y el viaje de una de ellas, la elfa Frieren.<\/p>\n<p style=\"text-align: justify;\">Sin embargo, no sigue ah\u00ed, aunque me parece un bonito homenaje del anime, sino en las OVAs que coment\u00e1bamos antes y en el manga La Bruja Gris.<\/p>\n<p style=\"text-align: justify;\">Saludos fremen.<\/p>\n<p style=\"text-align: justify;\">\n<p style=\"text-align: justify;\">\n<p style=\"text-align: justify;\">\n","protected":false},"excerpt":{"rendered":"<p>Ha habido que esperar a que este legendario manga se reeditase pero lo ha hecho con una edici\u00f3n muy interesante y a un tama\u00f1o espectacular.<\/p>\n","protected":false},"author":2,"featured_media":0,"comment_status":"open","ping_status":"open","sticky":false,"template":"","format":"standard","meta":{"iawp_total_views":124,"footnotes":""},"categories":[10,93,89],"tags":[3729,3734,3733,3737,3736,3731,3730,3738,3732,3728,3735],"class_list":["post-5836","post","type-post","status-publish","format-standard","hentry","category-comic","category-fantasia","category-manga","tag-akihiro-yamada","tag-beld","tag-deedlit","tag-fahn","tag-flaibe","tag-flaus","tag-frieren","tag-la-bruja-gris","tag-parn","tag-rio-mizuno","tag-wort"],"_links":{"self":[{"href":"https:\/\/zonadelta.net\/atreides\/index.php?rest_route=\/wp\/v2\/posts\/5836","targetHints":{"allow":["GET"]}}],"collection":[{"href":"https:\/\/zonadelta.net\/atreides\/index.php?rest_route=\/wp\/v2\/posts"}],"about":[{"href":"https:\/\/zonadelta.net\/atreides\/index.php?rest_route=\/wp\/v2\/types\/post"}],"author":[{"embeddable":true,"href":"https:\/\/zonadelta.net\/atreides\/index.php?rest_route=\/wp\/v2\/users\/2"}],"replies":[{"embeddable":true,"href":"https:\/\/zonadelta.net\/atreides\/index.php?rest_route=%2Fwp%2Fv2%2Fcomments&post=5836"}],"version-history":[{"count":5,"href":"https:\/\/zonadelta.net\/atreides\/index.php?rest_route=\/wp\/v2\/posts\/5836\/revisions"}],"predecessor-version":[{"id":5841,"href":"https:\/\/zonadelta.net\/atreides\/index.php?rest_route=\/wp\/v2\/posts\/5836\/revisions\/5841"}],"wp:attachment":[{"href":"https:\/\/zonadelta.net\/atreides\/index.php?rest_route=%2Fwp%2Fv2%2Fmedia&parent=5836"}],"wp:term":[{"taxonomy":"category","embeddable":true,"href":"https:\/\/zonadelta.net\/atreides\/index.php?rest_route=%2Fwp%2Fv2%2Fcategories&post=5836"},{"taxonomy":"post_tag","embeddable":true,"href":"https:\/\/zonadelta.net\/atreides\/index.php?rest_route=%2Fwp%2Fv2%2Ftags&post=5836"}],"curies":[{"name":"wp","href":"https:\/\/api.w.org\/{rel}","templated":true}]}}