{"id":3752,"date":"2020-03-31T17:03:53","date_gmt":"2020-03-31T15:03:53","guid":{"rendered":"http:\/\/zonadelta.net\/atreides\/?p=3752"},"modified":"2020-03-31T17:03:53","modified_gmt":"2020-03-31T15:03:53","slug":"la-cancion-de-la-bruma-de-alexis-etcheverry","status":"publish","type":"post","link":"https:\/\/zonadelta.net\/atreides\/?p=3752","title":{"rendered":"La canci\u00f3n de la bruma de Alexis Etcheverry"},"content":{"rendered":"<p style=\"text-align: justify;\"><a title=\"la-cancion-de-la-bruma-PORTADA\" href=\"https:\/\/www.flickr.com\/photos\/181630001@N05\/49720456312\/in\/dateposted-public\/\" target=\"_blank\" rel=\"noopener noreferrer\" data-flickr-embed=\"true\"><img loading=\"lazy\" decoding=\"async\" class=\"alignnone\" src=\"https:\/\/live.staticflickr.com\/65535\/49720456312_5bc996697a_o.jpg\" alt=\"la-cancion-de-la-bruma-PORTADA\" width=\"748\" height=\"1049\"><\/a>&nbsp;<\/p>\n<p style=\"text-align: justify;\">Acaba de salir a la venta <a href=\"https:\/\/www.celebreeditorial.es\/producto\/la-cancion-de-la-bruma\/\">La Canci\u00f3n de la Bruma<\/a> y ten\u00eda unas enormes ganas de que esto sucediera porque he tenido la suerte de poder leerla antes de que se publicara y, con toda sinceridad, me ha entusiasmado.<\/p>\n<p style=\"text-align: justify;\">Si segu\u00eds el blog habr\u00e9is visto que son decenas y decenas de novelas de ciencia ficci\u00f3n y fantas\u00eda las que he le\u00eddo. De hecho, hay una entrada dedicada a los <a href=\"http:\/\/zonadelta.net\/atreides\/?p=1608\">Premios Hugo<\/a> en la que se pueden ver todos los libros le\u00eddos, mi valoraci\u00f3n y enlaces a entradas dedicadas a muchos de ellos. Es por eso que me sorprende que me haya sorprendido. Mientras m\u00e1s libros lees del g\u00e9nero m\u00e1s reconoces patrones o soluciones de otras novelas, a\u00fan sin buscarlo. En este caso no me ha pasado.<\/p>\n<p style=\"text-align: justify;\"><!--more--><\/p>\n<p><a title=\"91093406_10222464444224850_8010379809681047552_o\" href=\"https:\/\/www.flickr.com\/photos\/181630001@N05\/49720155701\/in\/dateposted-public\/\" data-flickr-embed=\"true\"><img loading=\"lazy\" decoding=\"async\" src=\"https:\/\/live.staticflickr.com\/65535\/49720155701_1542fda7fa_o.jpg\" alt=\"91093406_10222464444224850_8010379809681047552_o\" width=\"1000\" height=\"1000\"><\/a>&nbsp;<\/p>\n<p style=\"text-align: justify;\">La novela trata sobre un joven monta\u00f1\u00e9s, Ardhain hijo de Thurin, un aprendiz de escaldo que que es capturado y vendido como esclavo en Syten, la capital del poderoso imperio Syteno. La historia de este norte\u00f1o desde que comienza como esclavo es muy interesante, no solo porque suceden muchas etapas en esa \u00e9poca de su vida en la que su devenir no est\u00e1 guiado por sus decisiones sino por las de otros, sino porque la historia siempre te plantea la salida habitual por la que la mayor\u00eda de novelas tender\u00edan, pero tambi\u00e9n te plantea porqu\u00e9 no es una buena idea, buscando una salida diferente que funciona mejor o peor por el empe\u00f1o de que sea todo veros\u00edmil.<\/p>\n<p style=\"text-align: justify;\">Imaginaci\u00f3n y verosimilitud solo van de la mano en las mejores historias porque requiere un esfuerzo extra no acudir al deus ex-machina, superpoderes o porque est\u00e1 en el gui\u00f3n, y lo he agradecido mucho.<\/p>\n<p style=\"text-align: justify;\">Por ejemplo, me gusta bastante la h\u00e1bil justificaci\u00f3n por la que cambia de amo y tambi\u00e9n porqu\u00e9 el nuevo amo hace una \u00abjugada\u00bb para conseguir al esclavo que podr\u00eda ir contra sus propios beneficios. La explicaci\u00f3n es buena y no ad hoc sino como consecuencia de la sociedad militarista que es Syten.<\/p>\n<p style=\"text-align: justify;\">Un punto muy a favor son los personajes. Cada uno de ellos tiene su vida, sus costumbres y su forma de ser y no es la misma la de Adhain que la de su due\u00f1o, la de los otros esclavos o los otros personajes que conocer\u00e1 m\u00e1s adelante.<\/p>\n<p style=\"text-align: justify;\">Me parece especialmente interesante la importancia de la civilizaci\u00f3n y las herramientas civilizadoras de Syten y como, m\u00e1s all\u00e1 del odio que podr\u00eda anidar en su coraz\u00f3n, Adhain sea capaz de ver las cosas buenas que tiene esa sociedad.<\/p>\n<figure style=\"width: 1184px\" class=\"wp-caption alignnone\"><a title=\"Conan San Juli\u00e1n\" href=\"https:\/\/www.flickr.com\/photos\/181630001@N05\/49720477091\/in\/dateposted-public\/\" data-flickr-embed=\"true\"><img loading=\"lazy\" decoding=\"async\" src=\"https:\/\/live.staticflickr.com\/65535\/49720477091_6f96e38686_o.jpg\" alt=\"Conan San Juli\u00e1n\" width=\"1184\" height=\"1599\"><\/a><figcaption class=\"wp-caption-text\">Incluso tiene casco con cuernos. La influencia vikinga en Conan es clara m\u00e1s all\u00e1 de su pelo negro. La ilustraci\u00f3n es del gran San Juli\u00e1n<\/figcaption><\/figure>\n<p style=\"text-align: justify;\">Tan interesante como esto es la presentaci\u00f3n de la civilizaci\u00f3n norte\u00f1a, los Vaekyres, con una civilizaci\u00f3n cultura y costumbres distintas pero tambi\u00e9n muy valiosas y que escapa a la tradicional presentaci\u00f3n de las civilizaciones b\u00e1rbaras a lo Conan que al final siempre recuerdan a los Vikingos como los Vanires, Aesires e incluso Cimmerios. Algo de eso hay pero, ya que se inspira, se inspira bien recogiendo tambi\u00e9n los aspectos culturales y mitol\u00f3gicos y d\u00e1ndoles un giro para lograr una cosmogon\u00eda que incluye elementos de otras religiones y culturas pero que quedan muy bien integrados.<\/p>\n<p style=\"text-align: justify;\">El resultado es una fant\u00e1stica novela de aventuras que no teme probar cosas nuevas e ir variando escenarios y situaciones conforme avanza la historia. As\u00ed, no se queda en contar la historia de un esclavo sino que esa es una de las circunstancias de su vida, enormemente importante y que forjar\u00e1 su car\u00e1cter, pero la historia no se queda en esto sino que avanza con nuevas situaciones, a\u00fan m\u00e1s interesantes, mientras profundiza en la sociedad Sytena, en el imperialismo militarista, en la religi\u00f3n comparada incluso, al tiempo que las experiencias van marcando a Ardhain y, c\u00f3mo cambia o c\u00f3mo se mantiene firme a sus principios y creencias, es otra faceta muy interesante.&nbsp;<\/p>\n<p style=\"text-align: justify;\">Tampoco es condescendiente con los personajes: que nos identifiquemos con el protagonista y queramos que todo le termine saliendo bien no significa que esto sea as\u00ed.<\/p>\n<p style=\"text-align: justify;\">No todo es perfecto, por supuesto. La \u00faltima parte de la novela se me antoja algo precipitada y deja abierta la puerta a la segunda parte en un cliffhanger de manual que, si bien la novela cierra las tramas de forma completamente satisfactoria, hace estar deseando que esa segunda parte salga lo antes posible.&nbsp;&nbsp;<\/p>\n<p style=\"text-align: justify;\">En cuanto al autor, Alexis Etcheverry, es su primera novela publicada y es un comienzo realmente prometedor. No se ve la biso\u00f1ez o los errores t\u00edpicos de las primeras novelas sino que tiene ritmo, fuerza y sabe a d\u00f3nde va la historia.&nbsp;<\/p>\n<p style=\"text-align: justify;\">De hecho, la novela tiene mucha fuerza y varios conceptos originales que me recuerdan al impacto que me caus\u00f3 <a href=\"http:\/\/gamefilia.com\/atreidesxxi\/2012\/08\/13\/las-10-mejores-obras-de-fantasia-de-todos-los-tiempos-al-menos-a-mi-me-gustan\/\">Elantris<\/a>, la primera novela publicada por el consagrad\u00edsimo Brandon Sanderson, y la primera novela que le\u00ed de \u00e9l.&nbsp;<\/p>\n<p style=\"text-align: justify;\">La publica <a href=\"https:\/\/www.celebreeditorial.es\/producto\/la-cancion-de-la-bruma\/\">C\u00e9lebre Editorial<\/a>, cuesta 19,00 \u20ac y vale cada euro que cuesta.<\/p>\n<p style=\"text-align: justify;\">Muy recomendable para todo el que sea aficionado a las buenas novelas de fantas\u00eda y aventuras.<\/p>\n","protected":false},"excerpt":{"rendered":"<p>&nbsp; Acaba de salir a la venta La Canci\u00f3n de la Bruma y ten\u00eda unas enormes ganas de que esto sucediera porque he tenido la suerte de poder leerla antes de que se publicara y, con toda sinceridad, me ha entusiasmado. Si segu\u00eds el blog habr\u00e9is visto que son decenas y decenas de novelas de &hellip; <a href=\"https:\/\/zonadelta.net\/atreides\/?p=3752\" class=\"more-link\">Sigue leyendo <span class=\"screen-reader-text\">La canci\u00f3n de la bruma de Alexis Etcheverry<\/span><\/a><\/p>\n","protected":false},"author":2,"featured_media":0,"comment_status":"open","ping_status":"open","sticky":false,"template":"","format":"standard","meta":{"iawp_total_views":22,"footnotes":""},"categories":[93,80],"tags":[97,1137,2452,2454,2453,2455,2456],"class_list":["post-3752","post","type-post","status-publish","format-standard","hentry","category-fantasia","category-literatura","tag-aventuras","tag-brandon-sanderson","tag-celebre-editorial","tag-cimmeria","tag-conan-el-barbaro","tag-elantris","tag-san-julian"],"_links":{"self":[{"href":"https:\/\/zonadelta.net\/atreides\/index.php?rest_route=\/wp\/v2\/posts\/3752","targetHints":{"allow":["GET"]}}],"collection":[{"href":"https:\/\/zonadelta.net\/atreides\/index.php?rest_route=\/wp\/v2\/posts"}],"about":[{"href":"https:\/\/zonadelta.net\/atreides\/index.php?rest_route=\/wp\/v2\/types\/post"}],"author":[{"embeddable":true,"href":"https:\/\/zonadelta.net\/atreides\/index.php?rest_route=\/wp\/v2\/users\/2"}],"replies":[{"embeddable":true,"href":"https:\/\/zonadelta.net\/atreides\/index.php?rest_route=%2Fwp%2Fv2%2Fcomments&post=3752"}],"version-history":[{"count":2,"href":"https:\/\/zonadelta.net\/atreides\/index.php?rest_route=\/wp\/v2\/posts\/3752\/revisions"}],"predecessor-version":[{"id":3754,"href":"https:\/\/zonadelta.net\/atreides\/index.php?rest_route=\/wp\/v2\/posts\/3752\/revisions\/3754"}],"wp:attachment":[{"href":"https:\/\/zonadelta.net\/atreides\/index.php?rest_route=%2Fwp%2Fv2%2Fmedia&parent=3752"}],"wp:term":[{"taxonomy":"category","embeddable":true,"href":"https:\/\/zonadelta.net\/atreides\/index.php?rest_route=%2Fwp%2Fv2%2Fcategories&post=3752"},{"taxonomy":"post_tag","embeddable":true,"href":"https:\/\/zonadelta.net\/atreides\/index.php?rest_route=%2Fwp%2Fv2%2Ftags&post=3752"}],"curies":[{"name":"wp","href":"https:\/\/api.w.org\/{rel}","templated":true}]}}