{"id":1120,"date":"2016-09-28T22:43:16","date_gmt":"2016-09-29T02:43:16","guid":{"rendered":"http:\/\/zonadelta.net\/zhols\/?p=1120"},"modified":"2016-09-29T18:19:04","modified_gmt":"2016-09-29T22:19:04","slug":"resena-comiquera-maus","status":"publish","type":"post","link":"http:\/\/zonadelta.net\/zhols\/?p=1120","title":{"rendered":"Rese\u00f1a Comiquera: Maus"},"content":{"rendered":"<p style=\"text-align: justify;\"><img loading=\"lazy\" decoding=\"async\" class=\"alignnone wp-image-1121\" src=\"http:\/\/zonadelta.net\/zhols\/wp-content\/uploads\/2016\/09\/Maus-000-Portada-705x1024.jpg\" alt=\"maus-000-portada\" width=\"580\" height=\"842\" srcset=\"http:\/\/zonadelta.net\/zhols\/wp-content\/uploads\/2016\/09\/Maus-000-Portada-705x1024.jpg 705w, http:\/\/zonadelta.net\/zhols\/wp-content\/uploads\/2016\/09\/Maus-000-Portada-220x320.jpg 220w, http:\/\/zonadelta.net\/zhols\/wp-content\/uploads\/2016\/09\/Maus-000-Portada-768x1116.jpg 768w, http:\/\/zonadelta.net\/zhols\/wp-content\/uploads\/2016\/09\/Maus-000-Portada-100x145.jpg 100w, http:\/\/zonadelta.net\/zhols\/wp-content\/uploads\/2016\/09\/Maus-000-Portada-890x1293.jpg 890w, http:\/\/zonadelta.net\/zhols\/wp-content\/uploads\/2016\/09\/Maus-000-Portada-1280x1859.jpg 1280w, http:\/\/zonadelta.net\/zhols\/wp-content\/uploads\/2016\/09\/Maus-000-Portada-846x1229.jpg 846w, http:\/\/zonadelta.net\/zhols\/wp-content\/uploads\/2016\/09\/Maus-000-Portada-1184x1720.jpg 1184w, http:\/\/zonadelta.net\/zhols\/wp-content\/uploads\/2016\/09\/Maus-000-Portada-876x1273.jpg 876w, http:\/\/zonadelta.net\/zhols\/wp-content\/uploads\/2016\/09\/Maus-000-Portada-1200x1743.jpg 1200w, http:\/\/zonadelta.net\/zhols\/wp-content\/uploads\/2016\/09\/Maus-000-Portada.jpg 1500w\" sizes=\"(max-width: 580px) 100vw, 580px\" \/><\/p>\n<p style=\"text-align: justify;\">Maus: Relato de un superviviente (cuyo nombre original, Maus: A Survivor\u2019s Tale, conocido com\u00fanmente como Maus) es una novela gr\u00e1fica completada en 1991, luego de que fuera publicada de manera serializada desde 1980 a 1991 (a veces separada en dos vol\u00famenes) en la revista Raw, tambi\u00e9n creaci\u00f3n de su autor, el estadounidense Art Spielgeman. Nos encontramos frente a un comic alternativo, que cuenta con casi 300 p\u00e1ginas divididas principalmente en dos partes: \u2018\u2018Mi padre Sangra Historia\u2019\u2019 e \u2018\u2018Y All\u00ed empezaron los problemas\u2019\u2019. El c\u00f3mic nos muestra al propio autor entrevistando a su padre quien le cuenta sobre como lo afecto el Holocausto y los sucesos relacionados a la \u00e9poca en que se realizan las entrevistas. As\u00ed nos encontramos con las diversas vivencias del padre del autor, quien fue un jud\u00edo polaco, que logr\u00f3 sobrevivir al Holocausto.<\/p>\n<p style=\"text-align: justify;\">Una de las se\u00f1as de identidad del libro es el reemplazo de las figuras humanas por distintos tipos de animales: ratones para los jud\u00edos, gatos para los nazis, cerdos para los polacos no jud\u00edos y perros para los estadounidenses. As\u00ed nos encontramos con un c\u00f3mic que posee elementos hist\u00f3ricos, autobiogr\u00e1ficos, de memoria y ficci\u00f3n, encontr\u00e1ndonos con una mezcla de g\u00e9neros bastante particular. Maus marc\u00f3 un hito al ser la primera novela gr\u00e1fica en ganar un premio Pulitzer, por otro lado, tambi\u00e9n dio paso a la v\u00eda independiente dentro de las novelas gr\u00e1ficas.<\/p>\n<p style=\"text-align: justify;\"><!--more--><\/p>\n<p style=\"text-align: justify;\">\u00a0<img loading=\"lazy\" decoding=\"async\" class=\"wp-image-1140 aligncenter\" src=\"http:\/\/zonadelta.net\/zhols\/wp-content\/uploads\/2016\/09\/Maus01.jpg\" alt=\"maus01\" width=\"440\" height=\"430\" srcset=\"http:\/\/zonadelta.net\/zhols\/wp-content\/uploads\/2016\/09\/Maus01.jpg 400w, http:\/\/zonadelta.net\/zhols\/wp-content\/uploads\/2016\/09\/Maus01-327x320.jpg 327w, http:\/\/zonadelta.net\/zhols\/wp-content\/uploads\/2016\/09\/Maus01-100x98.jpg 100w, http:\/\/zonadelta.net\/zhols\/wp-content\/uploads\/2016\/09\/Maus01-50x50.jpg 50w\" sizes=\"(max-width: 440px) 100vw, 440px\" \/><\/p>\n<p style=\"text-align: justify;\">El argumento comienza con un flashback sobre la infancia del autor, donde vemos como el autor\u00a0se decepciono de sus amigos por haberlo dejado rezagado luego de caerse por accidente (era s\u00f3lo un ni\u00f1o), ante lo que su padre responde que solo conocer\u00e1 la naturaleza de sus amigos una vez que pasen una semana en un cuarto sin comer, estableciendo la marca que pudo apreciar en su padre desde su infancia. Mucho tiempo despu\u00e9s vemos como el autor (desde ahora Artie) visita a su padre, quien reside en Rego Park en Queens, el mismo lo describe como un hombre m\u00e1s viejo de lo que deber\u00eda, luego de que su madre se haya suicidado y haya pasado por dos ataques al coraz\u00f3n, a pesar de ello ten\u00eda una nueva esposa, quien tambi\u00e9n hab\u00eda sido una superviviente del holocausto. Aunque la relaci\u00f3n no era del todo buena. Luego de la cena, vemos como Artie acompa\u00f1a a su padre mientras hace bicicleta est\u00e1tica (por el tema del coraz\u00f3n), ah\u00ed es cuando comienza a entrevistarlo sobre su vida.<\/p>\n<p style=\"text-align: justify;\"><img loading=\"lazy\" decoding=\"async\" class=\" wp-image-1141 aligncenter\" src=\"http:\/\/zonadelta.net\/zhols\/wp-content\/uploads\/2016\/09\/Maus02.jpg\" alt=\"maus02\" width=\"440\" height=\"306\" srcset=\"http:\/\/zonadelta.net\/zhols\/wp-content\/uploads\/2016\/09\/Maus02.jpg 400w, http:\/\/zonadelta.net\/zhols\/wp-content\/uploads\/2016\/09\/Maus02-100x70.jpg 100w\" sizes=\"(max-width: 440px) 100vw, 440px\" \/><\/p>\n<p style=\"text-align: justify;\">El relato del padre de Artie comienza en Czestochowa, una peque\u00f1a ciudad en Polonia, lejos de la frontera con Alemania, donde ten\u00eda el oficio de mercader de tejidos, lo cual le alcanzaba para vivir con ciertas comodidades. El mismo Vladek (nombre del padre) nos cuenta como era bastante popular con las mujeres, debido a sus atributos f\u00edsicos, por los cuales frecuentemente se le encontraba un parecido con Rodolfo Valentino (actor de cine mudo, protagonista de pel\u00edculas como The Sheik [El Jeque en espa\u00f1ol]).<\/p>\n<p style=\"text-align: justify;\">De este modo, conoce a Lucia Greenberg con quien mantiene una relaci\u00f3n (no sin la sorpresa de Artie, mientras escucha el relato al pensar que se le hab\u00eda olvidado el nombre de su madre), en un principio Vladek se mantuvo esc\u00e9ptico, pero la relaci\u00f3n duro un par de a\u00f1os. Vladek frecuentemente visitaba a su familia en la ciudad de Sosnowiec, precisamente en uno de ellos, su primo le presenta a una chica llamada Anja, luego de una peque\u00f1a cita, comenzaron una relaci\u00f3n a distancia por tel\u00e9fono, luego por carta y posteriormente con viajes espor\u00e1dicos a Sosnowiec.<\/p>\n<p style=\"text-align: justify;\"><img loading=\"lazy\" decoding=\"async\" class=\" wp-image-1142 aligncenter\" src=\"http:\/\/zonadelta.net\/zhols\/wp-content\/uploads\/2016\/09\/Maus03.jpg\" alt=\"maus03\" width=\"441\" height=\"326\" srcset=\"http:\/\/zonadelta.net\/zhols\/wp-content\/uploads\/2016\/09\/Maus03.jpg 400w, http:\/\/zonadelta.net\/zhols\/wp-content\/uploads\/2016\/09\/Maus03-100x74.jpg 100w\" sizes=\"(max-width: 441px) 100vw, 441px\" \/><\/p>\n<p style=\"text-align: justify;\">Lucia descubrir\u00eda esto y mantendr\u00eda constantes problemas con Vladek, terminando su relaci\u00f3n con Lucia y comenzando una con Anja. La cual no destacaba tanto por su belleza, pero si por su especial sensibilidad e inteligencia. En un primer momento Anja y Vladek tuvieron varios problemas para estar juntos, viv\u00edan en distintas ciudades, la familia de ella era conservadora y ten\u00edan una diferencia de seis a\u00f1os (Vladek ten\u00eda 30 a\u00f1os y Anja 24). A pesar de ello Vladek termino por integrarse muy bien a la familia, y terminaron por comprometerse a finales de 1936. Aunque antes de esto Anja y Vladek tuvieron un problema a causa de Lucia, la cual luego del rechazo del segundo se comunic\u00f3 con la primera, a trav\u00e9s de una carta, difamando a Vladek. Estos problemas terminar\u00edan por resolverse, y finalmente se casar\u00edan a comienzos de 1937. Aqu\u00ed Vladek (en el presente) no parece muy de acuerdo con que esto se incluya en el \u2018\u2018libro\u2019\u2019, pero Artie menciona que le otorga m\u00e1s realismo al relato (y lo hace).<\/p>\n<p style=\"text-align: justify;\"><img loading=\"lazy\" decoding=\"async\" class=\" wp-image-1143 aligncenter\" src=\"http:\/\/zonadelta.net\/zhols\/wp-content\/uploads\/2016\/09\/Maus04.jpg\" alt=\"maus04\" width=\"440\" height=\"324\" srcset=\"http:\/\/zonadelta.net\/zhols\/wp-content\/uploads\/2016\/09\/Maus04.jpg 400w, http:\/\/zonadelta.net\/zhols\/wp-content\/uploads\/2016\/09\/Maus04-100x74.jpg 100w\" sizes=\"(max-width: 440px) 100vw, 440px\" \/><\/p>\n<p style=\"text-align: justify;\">Luego de un tiempo vemos como Vladek tiene algunos problemas por la aparici\u00f3n de un amigo de Anja, el cual era comunista lo que pod\u00eda ocasionar graves problemas a su familia. Vladek se dio cuenta de esto, luego de volver de un viaje negocios, d\u00e1ndose cuenta que una costurera que viv\u00eda cercana a su casa fue arrestada por poseer documentos comunistas, lo que salpico en Anja quien fue buscada por la polic\u00eda por la relaci\u00f3n con su amigo de Varsovia. La raz\u00f3n era que Anja era quien traduc\u00eda los panfletos provenientes de Varsovia al alem\u00e1n, cuando supo que la hab\u00edan descubierto le pidi\u00f3 un favor a la costurera, quien termino siendo arrestada, aunque liberada posteriormente por ayuda de los suegros de Vladek (junto con una gran compensaci\u00f3n).<\/p>\n<p style=\"text-align: justify;\">Anja abandono la relaci\u00f3n con su amigo de Varsovia, y tiempo despu\u00e9s terminaron por tener un hijo llamado Richieu (el hermano que nunca conoci\u00f3 Artie). Esto no fue de todo positivo para Anja quien colapso con una profundad depresi\u00f3n, llegamos a extremos importantes, por lo que viajar\u00eda en tren junto con Vladek a un sanatorio en Checoslovaquia. Durante el camino todos los jud\u00edos terminar\u00edan por asustarse, al divisar en el camino la famosa bandera con la svastika. \u00bfQu\u00e9 habr\u00e1 sucedido con Vladek y Anja? \u00bfQu\u00e9 ser\u00eda de su hijo Richie? \u00bfY c\u00f3mo Vladek terminar\u00eda pasando por los campos de concentraci\u00f3n? Son respuestas que ser\u00e1n contestadas m\u00e1s adelante.<\/p>\n<p style=\"text-align: justify;\"><img loading=\"lazy\" decoding=\"async\" class=\" wp-image-1144 aligncenter\" src=\"http:\/\/zonadelta.net\/zhols\/wp-content\/uploads\/2016\/09\/Maus05.jpg\" alt=\"maus05\" width=\"440\" height=\"380\" srcset=\"http:\/\/zonadelta.net\/zhols\/wp-content\/uploads\/2016\/09\/Maus05.jpg 400w, http:\/\/zonadelta.net\/zhols\/wp-content\/uploads\/2016\/09\/Maus05-371x320.jpg 371w, http:\/\/zonadelta.net\/zhols\/wp-content\/uploads\/2016\/09\/Maus05-100x86.jpg 100w\" sizes=\"(max-width: 440px) 100vw, 440px\" \/><\/p>\n<p style=\"text-align: justify;\">Nos encontramos con un c\u00f3mic que trata al Holocausto desde una perspectiva muy diferente a lo que estamos m\u00e1s acostumbrados a o\u00edr o ver, aunque no sea del todo original lo que si resulta in\u00e9dito es el medio en que se realiz\u00f3, as\u00ed como la manera en que se va desarrollando la historia. Con una historia muy personal, que es puesta a disposici\u00f3n para un p\u00fablico general, entreg\u00e1ndonos una historia que puede cambiar bastante nuestra visi\u00f3n con respecto a este hecho en concreto. Por otro lado, el estilo utilizado en el comic se muestra como toda una inspiraci\u00f3n para toda una generaci\u00f3n de guionistas de comic, al integrar elementos reales cercanos al autor dentro de un medio de ficci\u00f3n, en el cual predominaban trabajos de ciencia ficci\u00f3n y s\u00faper h\u00e9roes.<\/p>\n<p style=\"text-align: justify;\"><img loading=\"lazy\" decoding=\"async\" class=\" wp-image-1145 aligncenter\" src=\"http:\/\/zonadelta.net\/zhols\/wp-content\/uploads\/2016\/09\/Maus06.jpg\" alt=\"maus06\" width=\"440\" height=\"428\" srcset=\"http:\/\/zonadelta.net\/zhols\/wp-content\/uploads\/2016\/09\/Maus06.jpg 400w, http:\/\/zonadelta.net\/zhols\/wp-content\/uploads\/2016\/09\/Maus06-329x320.jpg 329w, http:\/\/zonadelta.net\/zhols\/wp-content\/uploads\/2016\/09\/Maus06-100x97.jpg 100w, http:\/\/zonadelta.net\/zhols\/wp-content\/uploads\/2016\/09\/Maus06-50x50.jpg 50w\" sizes=\"(max-width: 440px) 100vw, 440px\" \/><\/p>\n<p style=\"text-align: justify;\">Maus como mencione anteriormente fue escrita y dibujada del autor estadounidense Art Spielgeman (The Wild Party, The Shadow of no Towers), a nivel narrativo nos encontramos con una historieta que destaca por su intenso ritmo narrativo, que intercala de gran manera los momentos del pasado del padre del autor con los momentos en el presente que tratan sobre la producci\u00f3n de la obra misma (entrevista, conversaciones, discusiones, dudas, etc.). La manera en que utiliza los elementos biogr\u00e1ficos y retrata a los personajes es bastante interesante, debido a que muchos de ellos resultan muy carism\u00e1ticos y resulta \u2018\u2018f\u00e1cil\u2019\u2019 para el lector adentrarse y relacionarse con los mismos.<\/p>\n<p style=\"text-align: justify;\">Por otro lado, posee un buen uso del humor, a pesar de lo dr\u00e1stico y dram\u00e1tico de las situaciones, pudiendo contar sucesos que en otro contexto no ser\u00edan posibles de leer para todos los p\u00fablicos, y esto sucede principalmente por el estilo art\u00edstico utilizado, pero tambi\u00e9n por la idead de reemplazar a los grupos humanos por distintos animales. Las notas y comentarios del autor a lo largo de la aventura, resultan bastante informativos, pero tambi\u00e9n bastante decidores con respecto a lo que busca expresar en su historia.<\/p>\n<p style=\"text-align: justify;\"><img loading=\"lazy\" decoding=\"async\" class=\" wp-image-1146 aligncenter\" src=\"http:\/\/zonadelta.net\/zhols\/wp-content\/uploads\/2016\/09\/Maus07.jpg\" alt=\"maus07\" width=\"440\" height=\"545\" srcset=\"http:\/\/zonadelta.net\/zhols\/wp-content\/uploads\/2016\/09\/Maus07.jpg 323w, http:\/\/zonadelta.net\/zhols\/wp-content\/uploads\/2016\/09\/Maus07-258x320.jpg 258w, http:\/\/zonadelta.net\/zhols\/wp-content\/uploads\/2016\/09\/Maus07-100x124.jpg 100w\" sizes=\"(max-width: 440px) 100vw, 440px\" \/><\/p>\n<p style=\"text-align: justify;\">En cuanto al dibujo nos encontramos con un estilo art\u00edstico que solo hace gala del blanco y negros, con trazos que recuerda a caricaturas antiguas, pero utilizados de manera bastante vers\u00e1til, no descuidando el detalle en los distintos elementos que componen los distintos escenarios que podemos apreciar a lo largo de la obra. Con s\u00f3lo ver el c\u00f3mic se puede apreciar un estilo influido bastante por los toons norteamericanos, aunque reapropiados por el propio autor en su visi\u00f3n personal de los mismos.<\/p>\n<p style=\"text-align: justify;\">Por otro lado, tenemos la elecci\u00f3n de la utilizaci\u00f3n de personajes antropom\u00f3rficos durante la obra, esto con el fin de plasmar a manera de critica la deshumanizaci\u00f3n que se viv\u00eda en los campos de concentraci\u00f3n alemanes en la Segunda Guerra Mundial. De este modo, nos encontramos con un dibujo que logra transmitir de gran manera los distintos sentimientos, s\u00edmbolos e ideas desde la perspectiva jud\u00eda en la Segunda Guerra. Esto a pesar de que el trazado utilizado para los personajes tiende a ser algo simple en algunas escenas, aunque si incluye elementos interesantes como un buen uso de sombras, espec\u00edficamente de siluetas y el de las cl\u00e1sicas onomatopeyas.<\/p>\n<p style=\"text-align: justify;\"><img loading=\"lazy\" decoding=\"async\" class=\" wp-image-1147 aligncenter\" src=\"http:\/\/zonadelta.net\/zhols\/wp-content\/uploads\/2016\/09\/Maus08.jpg\" alt=\"maus08\" width=\"440\" height=\"322\" srcset=\"http:\/\/zonadelta.net\/zhols\/wp-content\/uploads\/2016\/09\/Maus08.jpg 400w, http:\/\/zonadelta.net\/zhols\/wp-content\/uploads\/2016\/09\/Maus08-100x73.jpg 100w\" sizes=\"(max-width: 440px) 100vw, 440px\" \/><\/p>\n<p style=\"text-align: justify;\">En Maus se tratan temas importantes como el suicidio, la cordura, el amor, la muerte, la condici\u00f3n humana, y claramente se hace un cr\u00edtica pol\u00edtica, social e ideol\u00f3gica que se sustrae del Holocausto y los acontecimientos relacionados al mismo. Podemos ver como el poder o el miedo pueden ir m\u00e1s all\u00e1 del honor o los lazos familiares, o como el ser humana intenta adaptarse a cambios extremos. As\u00ed nos encontramos con un trabajo muy completo, que con su car\u00e1cter personal adquiere un tono m\u00e1s cercano para el lector, invit\u00e1ndonos a reflexionar sobre la vida misma, gracias a que plasma muy bien diversos momento y problem\u00e1ticas propias de la vida cotidiana.<\/p>\n<p style=\"text-align: justify;\">En mi opini\u00f3n es una obra que va mucho m\u00e1s all\u00e1 de la tem\u00e1tica en la que se enmarca, pudiendo ser disfrutada por cualquiera debido a diversos elementos como: un buen ritmo narrativo, los temas tratados, un estilo art\u00edstico apto para diversos p\u00fablicos, una preocupaci\u00f3n personal palpable en la obra que a\u00f1ade un valor extra a lo que estamos leyendo. Los detalles que se le pueden echar en falta son que como transcurre en el pasado y se enmarca dentro de un momento hist\u00f3rico real, pueda no sorprendernos tanto o ser del todo originales; y el otro detalle es que su inicio (m\u00e1s o menos lo que resum\u00ed) sea algo lento y poco atractivo, pero a medida que la historia avanza se complejiza bastante y alcanza momentos bastante destacables.<\/p>\n<p style=\"text-align: justify;\"><img loading=\"lazy\" decoding=\"async\" class=\" wp-image-1148 aligncenter\" src=\"http:\/\/zonadelta.net\/zhols\/wp-content\/uploads\/2016\/09\/Maus09.jpg\" alt=\"maus09\" width=\"440\" height=\"274\" srcset=\"http:\/\/zonadelta.net\/zhols\/wp-content\/uploads\/2016\/09\/Maus09.jpg 400w, http:\/\/zonadelta.net\/zhols\/wp-content\/uploads\/2016\/09\/Maus09-100x62.jpg 100w\" sizes=\"(max-width: 440px) 100vw, 440px\" \/><\/p>\n<p style=\"text-align: justify;\">Este c\u00f3mic corresponde al n\u00famero 11 del top de mis 20 c\u00f3mics favoritos que participaron en la iniciativa de comics de Zona Delta. Aqu\u00ed termina la entrada del d\u00eda. \u00a1Hasta la pr\u00f3xima!<\/p>\n","protected":false},"excerpt":{"rendered":"<p>Maus: Relato de un superviviente (cuyo nombre original, Maus: A Survivor\u2019s Tale, conocido com\u00fanmente como Maus) es una novela gr\u00e1fica completada en 1991, luego de que fuera publicada de manera serializada desde 1980 a 1991 (a veces separada en dos vol\u00famenes) en la revista Raw, tambi\u00e9n creaci\u00f3n de su autor, el estadounidense Art Spielgeman. Nos &#8230; <a title=\"Rese\u00f1a Comiquera: Maus\" class=\"read-more\" href=\"http:\/\/zonadelta.net\/zhols\/?p=1120\">Leer m\u00e1s <span class=\"screen-reader-text\">Rese\u00f1a Comiquera: Maus<\/span><\/a><\/p>\n","protected":false},"author":2,"featured_media":0,"comment_status":"open","ping_status":"open","sticky":false,"template":"","format":"standard","meta":{"footnotes":""},"categories":[7,3],"tags":[],"class_list":["post-1120","post","type-post","status-publish","format-standard","hentry","category-comic","category-resena"],"_links":{"self":[{"href":"http:\/\/zonadelta.net\/zhols\/index.php?rest_route=\/wp\/v2\/posts\/1120"}],"collection":[{"href":"http:\/\/zonadelta.net\/zhols\/index.php?rest_route=\/wp\/v2\/posts"}],"about":[{"href":"http:\/\/zonadelta.net\/zhols\/index.php?rest_route=\/wp\/v2\/types\/post"}],"author":[{"embeddable":true,"href":"http:\/\/zonadelta.net\/zhols\/index.php?rest_route=\/wp\/v2\/users\/2"}],"replies":[{"embeddable":true,"href":"http:\/\/zonadelta.net\/zhols\/index.php?rest_route=%2Fwp%2Fv2%2Fcomments&post=1120"}],"version-history":[{"count":9,"href":"http:\/\/zonadelta.net\/zhols\/index.php?rest_route=\/wp\/v2\/posts\/1120\/revisions"}],"predecessor-version":[{"id":1139,"href":"http:\/\/zonadelta.net\/zhols\/index.php?rest_route=\/wp\/v2\/posts\/1120\/revisions\/1139"}],"wp:attachment":[{"href":"http:\/\/zonadelta.net\/zhols\/index.php?rest_route=%2Fwp%2Fv2%2Fmedia&parent=1120"}],"wp:term":[{"taxonomy":"category","embeddable":true,"href":"http:\/\/zonadelta.net\/zhols\/index.php?rest_route=%2Fwp%2Fv2%2Fcategories&post=1120"},{"taxonomy":"post_tag","embeddable":true,"href":"http:\/\/zonadelta.net\/zhols\/index.php?rest_route=%2Fwp%2Fv2%2Ftags&post=1120"}],"curies":[{"name":"wp","href":"https:\/\/api.w.org\/{rel}","templated":true}]}}