{"id":417,"date":"2015-07-02T16:55:22","date_gmt":"2015-07-02T16:55:22","guid":{"rendered":"http:\/\/zonadelta.net\/fenixwave\/?p=417"},"modified":"2015-09-25T15:18:04","modified_gmt":"2015-09-25T15:18:04","slug":"en-media-hora-la-muerte-del-raton","status":"publish","type":"post","link":"http:\/\/zonadelta.net\/fenixwave\/?p=417","title":{"rendered":"EN MEDIA HORA LA MUERTE DEL RATON"},"content":{"rendered":"<p style=\"text-align: justify;\"><span lang=\"ES\"><span style=\"color: #000000; font-family: Calibri;\">M\u00e9xico, a\u00f1o 1982, mi hermano y yo acabamos de comprar unas pegatinas o calcoman\u00edas con s\u00edmbolos nazis, nos deleitamos peg\u00e1ndolas en nuestros soldados de juguete alemanes de la segunda guerra mundial para darles un toque m\u00e1s sensacional y realista, una esv\u00e1stica por aqu\u00ed, una cruz de hierro por all\u00e1\u2026 Nuestro padre nos sorprende en la maniobra, nos dice que debemos evitar hacer uso de dichas pegatinas porque no representan algo bueno, y que al d\u00eda de hoy, muchas personas se pueden sentir afectadas de ver esas im\u00e1genes; con seis a\u00f1os, supongo que no se me puede explicar nada m\u00e1s.<\/span><\/span><\/p>\n<p style=\"text-align: justify;\"><span lang=\"ES\"><span style=\"color: #000000; font-family: Calibri;\">A\u00f1os atr\u00e1s, en 1978 el caricaturista Art Spiegelman, radicado en los Estados Unidos de Am\u00e9rica, con l\u00e1piz en mano y despu\u00e9s con una grabadora, comienza a interrogar a su padre Vladek Spiegelman, sobre los hechos que experiment\u00f3 c\u00f3mo sobreviviente del holocausto nazi. <\/span><\/span><\/p>\n<p style=\"text-align: justify;\"><span lang=\"ES\"><span style=\"color: #000000; font-family: Calibri;\">En el a\u00f1o 2007, el escritor mexicano Francisco Martin Moreno, es citado por su t\u00edo en un restaurante en la capital mexicana: adem\u00e1s de ahondar sobre detalles desconocidos de su padre y su familia paterna v\u00edctimas de la persecuci\u00f3n franquista, le suelta una bomba: el apellido de su madre no es \u201cBiehl\u201d a secas, sino Bielschowsky, la verdad que su abuela, madre y el mismo han mantenido ocultos, es que ellos son jud\u00edos, y que su familia materna fue v\u00edctima del exterminio nazi.<\/span><\/span><\/p>\n<p style=\"text-align: justify;\"><!--more--><\/p>\n<p style=\"text-align: justify;\"><span lang=\"ES\"><span style=\"color: #000000; font-family: Calibri;\">En 1998, a los doce a\u00f1os, me encuentro de entre los libros de mi padre, con \u201cLos hornos de Hitler\u201d de Olga Lengyel, lo leo con m\u00e1s morbo que desaprobaci\u00f3n, supongo que me falta muchos a\u00f1os para madurar; pero en retrospectiva creo que tampoco puede culp\u00e1rseme, no cuando en mayo del 2011 el Director de cine Lars von Trier asegura que <\/span><a href=\"http:\/\/www.lasegunda.com\/Noticias\/CulturaEspectaculos\/2011\/05\/648699\/Polemico-director-Lars-von-Trier-alaba-a-Hitler-en-Cannes\"><u><span style=\"color: #0000ff; font-family: Calibri;\">simpatiza<\/span><\/u><\/a><span style=\"color: #000000; font-family: Calibri;\"> con Hitler, y que apenas en octubre de 2012, puedes comprar en <\/span><a href=\"http:\/\/actualidad.rt.com\/sociedad\/view\/54912-aparece-venta-puzzle-hornos-crematorio-nazi\"><u><span style=\"color: #0000ff; font-family: Calibri;\">Amazon<\/span><\/u><\/a><span style=\"color: #000000; font-family: Calibri;\"> rompecabezas de los hornos crematorios del campo de Dachau.<\/span><\/span><\/p>\n<p style=\"text-align: justify;\"><a href=\"https:\/\/i0.wp.com\/zonadelta.net\/fenixwave\/wp-content\/uploads\/2015\/07\/1.png\"><img loading=\"lazy\" decoding=\"async\" class=\" size-medium wp-image-418 aligncenter\" src=\"https:\/\/i0.wp.com\/zonadelta.net\/fenixwave\/wp-content\/uploads\/2015\/07\/1.png?resize=209%2C300\" alt=\"1\" srcset=\"https:\/\/i0.wp.com\/zonadelta.net\/fenixwave\/wp-content\/uploads\/2015\/07\/1.png?resize=209%2C300 209w, https:\/\/i0.wp.com\/zonadelta.net\/fenixwave\/wp-content\/uploads\/2015\/07\/1.png?resize=714%2C1024 714w, https:\/\/i0.wp.com\/zonadelta.net\/fenixwave\/wp-content\/uploads\/2015\/07\/1.png?w=1115 1115w, https:\/\/i0.wp.com\/zonadelta.net\/fenixwave\/wp-content\/uploads\/2015\/07\/1.png?w=948 948w\" sizes=\"(max-width: 209px) 100vw, 209px\" data-recalc-dims=\"1\" \/><\/a><\/p>\n<p style=\"text-align: justify;\">Albert Spelgman, en un claro alarde de maestr\u00eda e imaginaci\u00f3n literaria, determina que la mejor manera de contar\u00a0 la historia de su padre es escribiendo y dibujando un c\u00f3mic, sirvi\u00e9ndose de una composici\u00f3n de vi\u00f1etas bastante conservadora, relata las desventuras de su padre a blanco y negro, y lo que es m\u00e1s inaudito: las nacionalidades y razas son identificadas con especies animales de forma humana: ratones, gatos, cerdos, perros, ranas, etc.; el resultado es una serie de entregas publicadas peri\u00f3dicamente en la revista Raw de 1980 a 1991, la primera parte titulada \u201cMi padre sangra historia\u201d, la segunda, &#8216;Aqu\u00ed empiezan los problemas\u201d, y que conforman la obra llamada Maus. Esta obra tiene el privilegio de ser el primer y \u00fanico c\u00f3mic en ganar un premio Pulitzer.<\/p>\n<p style=\"text-align: justify;\">Francisco Martin Moreno decide plasmar adem\u00e1s de las memorias transmitidas por su t\u00edo &#8211;quien fallece a las pocas semanas de la confesi\u00f3n&#8211;, la investigaci\u00f3n realizada en Europa, Israel y Marruecos, donde se narra las desventuras de su familia paterna espa\u00f1ola y las de su familia materna alemana; el resultado es el \u00faltimo libro de este autor titulado: En media hora la muerte\u00bb, su libro n\u00famero dieciocho. Martin Moreno no ha ganado ning\u00fan premio Pulitzer, pero en un pa\u00eds cuyo promedio de lectura anual es de <a href=\"http:\/\/www.proceso.com.mx\/?p=339874\"><u>2.8 libros por habitante al a\u00f1o<\/u><\/a>, ganarse la vida como escritor vale m\u00e1s que cualquier presea: se encuentra en el cenit de su carrera literaria al haber publicado Arrebatos Carnales I, II y III, una serie de entregas donde se narra la ficci\u00f3n de personajes hist\u00f3ricos de M\u00e9xico: nada como leer a los h\u00e9roes nacionales haciendo el trenecito del amor y la esv\u00e1stica invertida \u2013la posici\u00f3n sexual, nada que ver con el nazismo-.<\/p>\n<p style=\"text-align: justify;\">Por mi parte, yo he tomado la decisi\u00f3n de contarles sobre estas dos obras en una misma entrada, por su notoria semejanza, no s\u00f3lo porque tratan del mismo tema, sino porque las dos son de corte biogr\u00e1fico, y porque ambas tienen curiosos parecidos: Maus es una historia en la que se narra que el g\u00e9nesis del nacimiento de autor yace en el hecho de que su padre se casa con una mujer fea, con problemas de depresi\u00f3n &#8211;comunista, Dios nos agarre confesados &#8211;, pero lo m\u00e1s importante es que es hija de un hombre jud\u00edo de negocios <strong><u>millonario<\/u><\/strong>. En media hora la muerte se narra que la g\u00e9nesis materna del autor se encuentra igualmente en que su abuelo se casa con una <strong><u>rica heredera jud\u00eda<\/u><\/strong>, engre\u00edda y fr\u00edgida, que adopta a sus hijos porque eso de parir es para mujeres de m\u00e1s baja categor\u00eda. Igualmente los patriarcas de estas dos las familias Zylbergberg y Bielschowsky, aunque separadas, creen que su dinero los mantendr\u00e1 a salvo del holocausto: ambos estaban equivocados.<\/p>\n<p style=\"text-align: center;\"><a href=\"https:\/\/i1.wp.com\/zonadelta.net\/fenixwave\/wp-content\/uploads\/2015\/07\/2.png\"><img loading=\"lazy\" decoding=\"async\" class=\"alignnone size-medium wp-image-419\" src=\"https:\/\/i1.wp.com\/zonadelta.net\/fenixwave\/wp-content\/uploads\/2015\/07\/2.png?resize=199%2C300\" alt=\"2\" srcset=\"https:\/\/i1.wp.com\/zonadelta.net\/fenixwave\/wp-content\/uploads\/2015\/07\/2.png?resize=199%2C300 199w, https:\/\/i1.wp.com\/zonadelta.net\/fenixwave\/wp-content\/uploads\/2015\/07\/2.png?w=413 413w\" sizes=\"(max-width: 199px) 100vw, 199px\" data-recalc-dims=\"1\" \/><\/a><\/p>\n<p style=\"text-align: justify;\">Desde hace tiempo atr\u00e1s hab\u00eda escuchado grandes cosas en torno a Maus, pero nunca hab\u00eda sido publicada en mi pa\u00eds, y cuando fue lanzada, su elevado costo me hac\u00eda diferir su compra; sino hasta que me fue regalado y no tuve pretexto para demorar su lectura. En Media Hora la Muerte fue un libro que compr\u00f3 mi esposa interesada por la sinopsis de la obra, de modo que ambos t\u00edtulos llegaron a mis manos en forma gratuita, en este mismo a\u00f1o 2015.<\/p>\n<p style=\"text-align: justify;\">Han corrido los a\u00f1os y los r\u00edos de tinta en relaci\u00f3n al Holocausto, a pesar de ello no es raro que muchas personas lo ignoran o simplemente no les interese; tambi\u00e9n pasa que la historia de va transgiversando, o bien se conoce lo ocurrido, pero NO SE COMPRENDE en toda su magnitud u horror, o bien va consider\u00e1ndose como un mito, algo que pas\u00f3 o que fue inventado, a tal grado que seg\u00fan entiendo en Alemania, Francia, B\u00e9lgica, Suiza, Israel, Eslovaquia, Rep\u00fablica Checa, Lituania, Polonia, Canad\u00e1, Nueva Zelanda,\u00a0Rumania y Sud\u00e1frica, entre otros, constituye un delito <a href=\"https:\/\/es.wikipedia.org\/wiki\/Negacionismo_del_Holocausto\"><u>NEGAR LA EXISTENCIA DEL HOLOCAUSTRO<\/u><\/a>. Por estas razones nunca est\u00e1 de m\u00e1s leer de primera \u2013en realidad segunda\u2014mano lo que pas\u00f3 para apreciar los hechos en su justa dimensi\u00f3n. En este momento recuerdo lo dicho por un familiar en el sentido de que los Jud\u00edos ten\u00edan la culpa de lo ocurrido, porque no se defendieron; tambi\u00e9n tengo presente que en los d\u00edas en que escribo esta entrada me topo con una camioneta pick up roja con una calcoman\u00eda de la esv\u00e1stica nazi en la parte trasera del vidrio de la cabina, y de su conductor que desciende con un tatuaje con el mismo signo en su brazo; leo en las noticias de yahoo que una escuela de mi pa\u00eds present\u00f3 en un <a href=\"http:\/\/www.elsoldenayarit.mx\/cultura\/35632-video-causa-polemica-baile-nazi-de-jovenes-en-concurso-de-guadalajara\"><u>concurso de bailes, un montaje<\/u><\/a> con banderas nazis; y tengo presente que un joven compa\u00f1eros de trabajo afirma que tambi\u00e9n admira a Hitler. Supongo que como publicista Goebbels debi\u00f3 ser una maravilla, a tal grado que no obstante lo ocurrido, la gente sigue queriendo asociarse a la \u201cmarca\u201d de estos actos abominables, ser\u00e1 \u00a0que puedes ser todo lo bestia que quieras mientras te vista <a href=\"https:\/\/es.wikipedia.org\/wiki\/Hugo_Boss_AG\"><u>Hugo Boss<\/u><\/a>.<\/p>\n<p style=\"text-align: justify;\"><a href=\"https:\/\/i2.wp.com\/zonadelta.net\/fenixwave\/wp-content\/uploads\/2015\/07\/3.png\"><img loading=\"lazy\" decoding=\"async\" class=\" size-medium wp-image-420 aligncenter\" src=\"https:\/\/i2.wp.com\/zonadelta.net\/fenixwave\/wp-content\/uploads\/2015\/07\/3.png?resize=216%2C300\" alt=\"3\" srcset=\"https:\/\/i2.wp.com\/zonadelta.net\/fenixwave\/wp-content\/uploads\/2015\/07\/3.png?resize=216%2C300 216w, https:\/\/i2.wp.com\/zonadelta.net\/fenixwave\/wp-content\/uploads\/2015\/07\/3.png?w=403 403w\" sizes=\"(max-width: 216px) 100vw, 216px\" data-recalc-dims=\"1\" \/><\/a><\/p>\n<p style=\"text-align: justify;\"><span lang=\"ES\"><span style=\"color: #000000; font-family: Calibri;\">De acuerdo a la <\/span><a href=\"http:\/\/www.megustaleer.com\/libros\/maus\/GM2071R\"><u><span style=\"color: #0000ff; font-family: Calibri;\">p\u00e1gina oficial de la Editorial que lo publica<\/span><\/u><\/a><span style=\"color: #000000; font-family: Calibri;\">, \u201cMaus es la biograf\u00eda de Vladek Spiegelman, un jud\u00edo polaco superviviente de los campos de exterminio nazis, contada a trav\u00e9s de su hijo Art, un dibujante de c\u00f3mics que quiere dejar memoria de la aterradora persecuci\u00f3n que sufrieron millones de personas en la Europa sometida por Hitler y de las consecuencias de este sufrimiento en la vida cotidiana de las generaciones posteriores. Apart\u00e1ndose de las formas de literatura creadas hasta la publicaci\u00f3n de Maus, Art Spiegelman se aproxima al tema del Holocausto de un modo absolutamente renovador, y para ello relata la experiencia de su propia familia en forma de memoria gr\u00e1fica, utilizando todos los recursos estil\u00edsticos y narrativos tradicionales de este g\u00e9nero y, a la vez, inventando otros nuevos. La radicalidad narrativa de esta obra marc\u00f3 un antes y un despu\u00e9s en el universo de la novela gr\u00e1fica, y por ello Maus obtuvo el primer y \u00fanico premio Pulitzer otorgado a un c\u00f3mic.\u201d<\/span><\/span><\/p>\n<p style=\"text-align: center;\"><a href=\"https:\/\/i0.wp.com\/zonadelta.net\/fenixwave\/wp-content\/uploads\/2015\/07\/5.png\"><img loading=\"lazy\" decoding=\"async\" class=\"alignnone size-medium wp-image-421\" src=\"https:\/\/i0.wp.com\/zonadelta.net\/fenixwave\/wp-content\/uploads\/2015\/07\/5.png?resize=216%2C300\" alt=\"5\" srcset=\"https:\/\/i0.wp.com\/zonadelta.net\/fenixwave\/wp-content\/uploads\/2015\/07\/5.png?resize=216%2C300 216w, https:\/\/i0.wp.com\/zonadelta.net\/fenixwave\/wp-content\/uploads\/2015\/07\/5.png?resize=737%2C1024 737w, https:\/\/i0.wp.com\/zonadelta.net\/fenixwave\/wp-content\/uploads\/2015\/07\/5.png?w=916 916w\" sizes=\"(max-width: 216px) 100vw, 216px\" data-recalc-dims=\"1\" \/><\/a><\/p>\n<p style=\"text-align: justify;\"><span lang=\"ES\"><span style=\"color: #000000; font-family: Calibri;\">Maus es un comic a blanco y negro, de casi trescientas p\u00e1ginas, que emplea una composici\u00f3n promedio de ocho vi\u00f1etas cuadradas por hoja, aunque de vez en cuando hace uso de unas peque\u00f1as splash pages. Su maestr\u00eda es su capacidad para contar m\u00faltiples historias en forma simult\u00e1nea: por un lado narra la tensa relaci\u00f3n presente entre el autor y su padre, un anciano que exhibe un sinn\u00famero de \u201cdefectos\u201d propios de la edad avanzada, en la que las man\u00edas se exacerban a niveles que rayan en lo rid\u00edculo: me causa gracia la an\u00e9cdota relativa a que Vladek Spiegelman deja prendida la hornilla, dado que el consumo del gas va incluido en el alquiler y no afecta su econom\u00eda esta situaci\u00f3n, mientras que usar una cerilla para encender la hornilla, que \u00e9l tendr\u00eda que pagar de su bolsa, si implicar\u00eda un gasto. Por otra parte el comic aborda los sentimientos del autor con motivo de la muerte de su madre, as\u00ed como los que nacen a partir el \u00e9xito de la primera parte de la obra, acosado por el \u00e9xito y por los reflectores que posan los ojos en el comic a manera de gu\u00eda moral, cuando el autor s\u00f3lo quiere contar una simple historia. La trama principal se centra en Vladek Spiegelman en su juventud, vida amorosa \u2013aunque su hijo prometi\u00f3 no revelarla&#8211;, compromiso y posterior matrimonio; para luego centrarse en el breve episodio que implic\u00f3 su participaci\u00f3n en la defensa de Polonia dentro del servicio militar ante la Blitzskrieg, su captura y vida como prisionero de guerra, su liberaci\u00f3n, la vuelta a su hogar, la paulatina segregaci\u00f3n como jud\u00edo, su concentraci\u00f3n en guetos, el periodo de vivir escondido a lo Ana Frank, y finalmente su captura y remisi\u00f3n a Auzchwitz, que se aborda en el segundo libro, apenas en su primer mitad, porque gracias a esta obra, advertimos que el peligro para los sobrevivientes de los campos no acab\u00f3 en dicho sitio, sino que cercano el fin de la guerra, los prisioneros fueron obligados a abandonar los campos en una marcha de muerte que ten\u00eda como finalidad continuar el trabajo de exterminarlos pr\u00e1cticamente hasta el \u00faltimo momento.<\/span><\/span><\/p>\n<p style=\"text-align: justify;\"><a href=\"https:\/\/i0.wp.com\/zonadelta.net\/fenixwave\/wp-content\/uploads\/2015\/07\/6.png\"><img loading=\"lazy\" decoding=\"async\" class=\" size-medium wp-image-422 aligncenter\" src=\"https:\/\/i0.wp.com\/zonadelta.net\/fenixwave\/wp-content\/uploads\/2015\/07\/6.png?resize=192%2C300\" alt=\"6\" srcset=\"https:\/\/i0.wp.com\/zonadelta.net\/fenixwave\/wp-content\/uploads\/2015\/07\/6.png?resize=192%2C300 192w, https:\/\/i0.wp.com\/zonadelta.net\/fenixwave\/wp-content\/uploads\/2015\/07\/6.png?w=359 359w\" sizes=\"(max-width: 192px) 100vw, 192px\" data-recalc-dims=\"1\" \/><\/a><\/p>\n<p style=\"text-align: justify;\">La <a href=\"http:\/\/www.franciscomartinmoreno.com\/libro\/en-media-hora-la-muerte-2\/\"><u>Sinopsis de \u201cEn media hora la muerte\u201d<\/u><\/a>, de acuerdo a la p\u00e1gina oficial del autor es la siguiente: \u201cUn desconcertante secreto de familia es revelado y con ello da inicio un impactante viaje al pasado. De las calles soleadas de Madrid y Valencia a la dureza del exilio en Francia, las atrocidades de las c\u00e1rceles franquistas y los campos de concentraci\u00f3n alemanes; del Berl\u00edn con ecos de la Belle \u00c9poque al exotismo de Casablanca, en Marruecos, y luego al M\u00e9xico en ebullici\u00f3n de los a\u00f1os cuarenta, En media hora\u2026la muerte es una extraordinaria saga familiar que deja al descubierto los detalles m\u00e1s escabrosos de una \u00e9poca tormentosa. En este dram\u00e1tico recorrido a trav\u00e9s del tiempo, el autor descubre los acontecimientos que marcaron su historia personal al narrar por primera vez los sucesos que orillaron a sus padres y abuelos, todos europeos, a abandonar contra su voluntad sus pa\u00edses de origen. La novela m\u00e1s sincera, personal y sobrecogedora de Francisco Mart\u00edn Moreno que, de la mano de los hechos hist\u00f3ricos que marcaron el siglo XX, explora profundamente la incre\u00edble capacidad del ser humano para reinventarse en su lucha por sobrevivir y darle un sentido al horror y al dolor.\u201d<\/p>\n<p style=\"text-align: justify;\">En Media hora la Muerte es una novela escrita en una prosa simple \u2013que no simplista\u2014y digerible, sin mayores adornos ni descripciones, excepto en la parte donde se describe a M\u00e9xico, sus aromas y folklor. se centra por una parte en la familia Paterna de Mart\u00edn Moreno en los \u00faltimos d\u00edas de la Segunda Rep\u00fablica Espa\u00f1ola y el inicio de la Guerra Civil, de c\u00f3mo esencialmente sus miembros \u2013En su mayor\u00eda Republicanos&#8211; tuvieron que salir huyendo a Francia o a Marruecos para no ser asesinados por el bando sublevado o nacionalista, terminando en campos para prisioneros mientras los ej\u00e9rcitos del Eje devoraban Europa y pretend\u00edan engullirse el mundo. Por la otra, narra la historia de la familia Materna y Alemana del autor \u2013y tristemente jud\u00eda&#8211;, que bajo el liderazgo del magnate y patriarca de la familia\u00a0 Bielschowsky, se convirtieron en \u201camigos\u201d del propio Goebbles, y proveedores de calzado militar para el ej\u00e9rcito Alem\u00e1n, hasta que la suerte o la paciencia de los depredadores nazis se acab\u00f3 y ech\u00f3 el guante a la fortuna de la familia, remitiendo a sus miembros a Auzchwitz. Los miembros huidos de ambas familias converger\u00edan en M\u00e9xico, donde enlazar\u00edan sus destinos. En tales condiciones, el nacimiento del autor producto de una familia jud\u00eda alemana y de otra espa\u00f1ola republicana, se hace tan improbable o milagroso como el nacimiento de Espectro de Seda en los Watchmen.<\/p>\n<p style=\"text-align: justify;\">Como he referido estas obras tienen en com\u00fan el mismo tema: las aflicciones &#8211;llamarlas aventuras seria pecar de fr\u00edvolo&#8211; de varias familias v\u00edctimas de la persecuci\u00f3n de reg\u00edmenes causa de su religi\u00f3n o preferencias pol\u00edticas. Sin embargo Maus se distingue de EMHM en el hecho de que sus protagonistas pr\u00e1cticamente ni siquiera juzgan a sus verdugos, la historia trata sobre el c\u00f3mo sobrevivir y punto, no por nada el subt\u00edtulo de la obra es \u201cRelato de un sobreiviente\u201d; Vladek Spiegelman sufre, pero no se queda atrapado en su dolor, nunca pierde el tiempo es cuestionarse sobre lo inhumano de su condici\u00f3n, la bestialidad de sus perseguidores, ni siquiera de quienes lo traicionan, ese pragmatismo literalmente ser\u00e1 lo que le permitir\u00e1 sobrevivir, y en Maus no existe mayor cr\u00edtica al nazismo que precisamente la narraci\u00f3n de todo lo que hizo para sobrevivir.<\/p>\n<p style=\"text-align: justify;\">En contraste la novela del autor mexicano si bien es cierto trata los eventos de supervivencia, no puede abstraerse de utilizar la voz de sus protagonistas, para convertir la obra en una novela de denuncia en contra del propio pueblo alem\u00e1n que comulg\u00f3 con el nazismo, los diversos gobiernos como el Ruso, el Ingl\u00e9s y el Franc\u00e9s, que dejaron que los nazis rompieran el Tratado de Versalles, se expandieran por Austria, apoyaran la ascensi\u00f3n de Franco en\u00a0 Espa\u00f1a, y solo alcanzar a reaccionar cuando devoraba Polonia, Checoslovaquia, Holanda y Finlandia; la iglesia Cat\u00f3lica que permiti\u00f3 la ascensi\u00f3n del Nazismo en Alemania y otorgaron poderes plenos a dicho partido, para no s\u00f3lo mostrar indiferencia ante la muerte de los jud\u00edos con enc\u00edclicas que en pleno siglo XX los hacia \u201cresponsables de la muerte de Jesucristo y due\u00f1os de su propio destino\u201d, sino facilitar la fuga de los criminales nazis una vez concluida la guerra; al comando\u00a0 Aliado que una vez ganada pr\u00e1cticamente la guerra no destruyeron las instalaciones de ejecuci\u00f3n masiva -hornos, c\u00e1maras de gas\u2014\u201cpor no ser objetivos militares\u201d, y permitieron que los nazis siguieran realizando ejecuciones masivas hasta pr\u00e1cticamente los \u00faltimos momentos de la guerra, as\u00ed como tambi\u00e9n permitieron que los alemanes al retirarse se llevar\u00e1n a los prisioneros de los campos de exterminio para terminar de matarlos en el camino \u2013como se narra en Maus&#8211;, mientras se repart\u00edan el bot\u00edn de guerra con miras a la futura guerra fr\u00eda; con las multinacionales c\u00f3mo Bayer \u2013a trav\u00e9s de una subsidiaria IG Farben&#8211; que fabricaron el gas Zyklon-B empleado en las c\u00e1maras de gas teutonas y que a la fecha cotiza en bolsa; la Nestl\u00e9 que financi\u00f3 al partido Nazi y provey\u00f3 chocolate al ej\u00e9rcito alem\u00e1n durante la guerra; la BMW que utiliz\u00f3 mano de obra esclava y jud\u00eda en sus f\u00e1bricas; la Siemens y la General Electric que construyeron las c\u00e1maras de gas de \u201calta eficiencia\u201d; bueno, hasta el gobierno mexicano que vendi\u00f3, como es obvio, petr\u00f3leo al r\u00e9gimen alem\u00e1n, junto con todos los mexicanos y diversas asociaciones que simpatizaron con los Nazis a lo largo de la guerra: nadie parece ser inocente; vaya hasta incluso Dios sale reclamado, el autor, declarado ateo, aprovecha el t\u00edtulo para atacar o denunciar la inutilidad de la fe, con t\u00edtulos tan provocativos como: \u00bfD\u00f3nde estaba Dios cuando los alemanes consumaron el Holocausto?;\u00a0 incluso en una escena anti pastoral, en pleno vag\u00f3n hacia Auzchwitz, un rabino clama que Dios los ha abandonado, en lugar de reconfortar a sus fieles o guardar silencio.<\/p>\n<p style=\"text-align: justify;\">Si es que MAUS tiene un \u201cdefecto\u201d, es precisamente su formato conservador y el uso del blanco y negro en vez del color, que puede repeler al lector novato, pero dif\u00edcilmente me lo imagino de otra forma.<\/p>\n<p style=\"text-align: center;\"><a href=\"https:\/\/i2.wp.com\/zonadelta.net\/fenixwave\/wp-content\/uploads\/2015\/07\/11.png\"><img loading=\"lazy\" decoding=\"async\" class=\"alignnone size-full wp-image-430\" src=\"https:\/\/i2.wp.com\/zonadelta.net\/fenixwave\/wp-content\/uploads\/2015\/07\/11.png?resize=298%2C169\" alt=\"11\" data-recalc-dims=\"1\" \/><\/a><\/p>\n<p style=\"text-align: justify;\"><span lang=\"ES\"><span style=\"color: #000000; font-family: Calibri;\">En Media Hora la Muerte tiene a mi juicio el innegable defecto de que para convertir una novela biogr\u00e1fica en una de denuncia el autor pone en voz de los protagonistas de su novela &#8211;personas reales&#8211; discursos informativos y propagand\u00edsticos, supuestamente reales, que resultan para serles sincero, bastantes artificiales, que me sacaron varias veces de la credibilidad del momento que le\u00eda; y es que el autor deber\u00e1 perdonarme si es que en efecto sus parientes acostumbraban emplear en cartas y conversaciones familiares fechas hist\u00f3ricas, nombres de tratados y datos exactos, porque la gente que conozco rara vez o nunca hace esos, sus argumentos para identificar a un grupo son m\u00e1s simples: son unos ladrones, son unos asesinos, son unos salvajes, son unos vendidos, son unos traidores, etc., jam\u00e1s me he topado con persona alguna que diga tal persona es un ladr\u00f3n porque en 1992 se apoder\u00f3 de 72 pesos que est\u00e1n guardados en el tercer caj\u00f3n, por decir un ejemplo tonto. Finalmente el autor hace uso de su filia literaria favorita: el sexo, y el sexo de los personajes hist\u00f3ricos. En un par de pasajes el Papa de turno le pega sus arrimones a una monja: escena tan falsa &#8211;porque es 100% imaginada, no porque los Santos Padres no tengas sus pecados carnales&#8211; c\u00f3mo innecesaria, cuando se supone que lo que se cuenta, es lo que realmente aconteci\u00f3 y le fue narrado. En otro pasaje el autor narra c\u00f3mo t\u00edo abuelo de tuvo sus amores con una francesa trepado en un columpio a mitad de un vi\u00f1edo: dudo que ese tipo de confidencias se hagan a un sobrino, m\u00e1s a uno proveniente de una familia de &#8216;caballeros&#8217; espa\u00f1oles donde nunca se tiene memoria de las mujeres, mucho menos se cuentan detalles de encuentros \u00edntimos con la esposa, pero el autor tiene fascinaci\u00f3n por este tema. Otro elemento que me saca de la lectura es la continua intenci\u00f3n del autor en reforzar estereotipos : los malvados tienen defectos f\u00edsicos &#8211;Hitler de constituci\u00f3n fr\u00e1gil, Franco con voz de mujer, Goebbles cojo&#8211;, son cobardes, traicioneros, homosexuales &#8211;con lo pol\u00edticamente incorrecto que pueda ser considerado el d\u00eda de hoy considerar la preferencia homosexual c\u00f3mo un defecto&#8211;, tienen el miembro viril diminuto, o una combinaci\u00f3n de todas estas cualidades; en cambio los buenos de la historia, las v\u00edctimas solo tienen esencialmente como \u00fanico defecto ser mujeriegos, cualidad que se glorifica en la novela.<\/span><\/span><\/p>\n<p style=\"text-align: justify;\"><a href=\"https:\/\/i2.wp.com\/zonadelta.net\/fenixwave\/wp-content\/uploads\/2015\/07\/9.png\"><img loading=\"lazy\" decoding=\"async\" class=\" size-medium wp-image-424 aligncenter\" src=\"https:\/\/i2.wp.com\/zonadelta.net\/fenixwave\/wp-content\/uploads\/2015\/07\/9.png?resize=300%2C204\" alt=\"9\" srcset=\"https:\/\/i2.wp.com\/zonadelta.net\/fenixwave\/wp-content\/uploads\/2015\/07\/9.png?resize=300%2C204 300w, https:\/\/i2.wp.com\/zonadelta.net\/fenixwave\/wp-content\/uploads\/2015\/07\/9.png?w=589 589w\" sizes=\"(max-width: 300px) 100vw, 300px\" data-recalc-dims=\"1\" \/><\/a><\/p>\n<p style=\"text-align: justify;\"><span lang=\"ES\"><span style=\"color: #000000; font-family: Calibri;\">Curiosamente ambas obras se complementan entre s\u00ed para tener perfecta noci\u00f3n de lo que sufri\u00f3 la poblaci\u00f3n civil perseguida por el nazismo y el fascismo en los turbulentos a\u00f1os previos y durante la Segunda Guerra Mundial, y para que no se olvide o se frivolice lo que pas\u00f3, pero sobre todas las cosas para que NO SE VUELVA A REPETIR, saludos afectuosos.<\/span><\/span><\/p>\n","protected":false},"excerpt":{"rendered":"<p>M\u00e9xico, a\u00f1o 1982, mi hermano y yo acabamos de comprar unas pegatinas o calcoman\u00edas con s\u00edmbolos nazis, nos deleitamos peg\u00e1ndolas en nuestros soldados de juguete alemanes de la segunda guerra mundial para darles un toque m\u00e1s sensacional y realista, una esv\u00e1stica por aqu\u00ed, una cruz de hierro por all\u00e1\u2026 Nuestro padre nos sorprende en la &hellip; <a href=\"http:\/\/zonadelta.net\/fenixwave\/?p=417\" class=\"more-link\">Seguir leyendo <span class=\"screen-reader-text\">EN MEDIA HORA LA MUERTE DEL RATON<\/span> <span class=\"meta-nav\">&rarr;<\/span><\/a><\/p>\n","protected":false},"author":2,"featured_media":0,"comment_status":"open","ping_status":"open","sticky":false,"template":"","format":"standard","meta":{"footnotes":""},"categories":[1],"tags":[9,6,8],"class_list":["post-417","post","type-post","status-publish","format-standard","hentry","category-uncategorized","tag-combo","tag-libros","tag-recomendacion"],"jetpack-related-posts":[{"id":865,"url":"http:\/\/zonadelta.net\/fenixwave\/?p=865","url_meta":{"origin":417,"position":0},"title":"GEARS OF WAR 4 (Campa\u00f1a)","date":"marzo 8, 2017","format":false,"excerpt":"Estamos ante la quinta entrega de la saga de estos \u201cengranes de la guerra\u201d, aparecida en el mes octubre del a\u00f1o 2016 para las plataformas X-Box One y Windows 10. De las manos del novel estudio interno \u201cTHE COALITION\u201d y publicado por MICROSOFT; llega la hora de volver a retomar\u2026","rel":"nofollow","context":"En \"Analisis\"","img":{"src":"","width":0,"height":0},"classes":[]},{"id":808,"url":"http:\/\/zonadelta.net\/fenixwave\/?p=808","url_meta":{"origin":417,"position":1},"title":"ORIGINAL SIN (Comentada con Spoilers)","date":"enero 17, 2017","format":false,"excerpt":"Original Sin (Pecado Original) fue la Macrosaga de la Editorial Marvel del a\u00f1o 2014; la nueva excusa de la Casa de las Ideas para vendernos, adem\u00e1s de la historia principal, decenas de comics con tie-in supuestamente vinculados a\u00a0la trama principal. \u00bfLa has le\u00eddo ya o de plano no te interesa\u00a0la\u2026","rel":"nofollow","context":"En \"Analisis\"","img":{"src":"","width":0,"height":0},"classes":[]},{"id":875,"url":"http:\/\/zonadelta.net\/fenixwave\/?p=875","url_meta":{"origin":417,"position":2},"title":"MASS EFFECT ANDR\u00d3MEDA","date":"mayo 17, 2017","format":false,"excerpt":"Tras toneladas de humo, chismes y diretes, Mass Effect Andr\u00f3meda pretendi\u00f3 reclamar el trono de la que fuera una de las m\u00e1s s\u00f3lidas franquicias multiplataforma de la pasada generaci\u00f3n de consolas, dado que adminiculado a su \u00e9xito de ventas, su calidad result\u00f3 incuestionable. Es cierto que vender la franquicia como\u2026","rel":"nofollow","context":"En \"Analisis\"","img":{"src":"","width":0,"height":0},"classes":[]}],"_links":{"self":[{"href":"http:\/\/zonadelta.net\/fenixwave\/index.php?rest_route=\/wp\/v2\/posts\/417"}],"collection":[{"href":"http:\/\/zonadelta.net\/fenixwave\/index.php?rest_route=\/wp\/v2\/posts"}],"about":[{"href":"http:\/\/zonadelta.net\/fenixwave\/index.php?rest_route=\/wp\/v2\/types\/post"}],"author":[{"embeddable":true,"href":"http:\/\/zonadelta.net\/fenixwave\/index.php?rest_route=\/wp\/v2\/users\/2"}],"replies":[{"embeddable":true,"href":"http:\/\/zonadelta.net\/fenixwave\/index.php?rest_route=%2Fwp%2Fv2%2Fcomments&post=417"}],"version-history":[{"count":5,"href":"http:\/\/zonadelta.net\/fenixwave\/index.php?rest_route=\/wp\/v2\/posts\/417\/revisions"}],"predecessor-version":[{"id":431,"href":"http:\/\/zonadelta.net\/fenixwave\/index.php?rest_route=\/wp\/v2\/posts\/417\/revisions\/431"}],"wp:attachment":[{"href":"http:\/\/zonadelta.net\/fenixwave\/index.php?rest_route=%2Fwp%2Fv2%2Fmedia&parent=417"}],"wp:term":[{"taxonomy":"category","embeddable":true,"href":"http:\/\/zonadelta.net\/fenixwave\/index.php?rest_route=%2Fwp%2Fv2%2Fcategories&post=417"},{"taxonomy":"post_tag","embeddable":true,"href":"http:\/\/zonadelta.net\/fenixwave\/index.php?rest_route=%2Fwp%2Fv2%2Ftags&post=417"}],"curies":[{"name":"wp","href":"https:\/\/api.w.org\/{rel}","templated":true}]}}