{"id":986,"date":"2015-12-13T19:19:31","date_gmt":"2015-12-13T18:19:31","guid":{"rendered":"http:\/\/zonadelta.net\/atreides\/?p=986"},"modified":"2017-09-14T18:59:31","modified_gmt":"2017-09-14T17:59:31","slug":"madrid-games-week-2015-2","status":"publish","type":"post","link":"http:\/\/zonadelta.net\/atreides\/?p=986","title":{"rendered":"Expocomic 2015"},"content":{"rendered":"<p><img decoding=\"async\" src=\"http:\/\/im.ziffdavisinternational.com\/ign_es\/screenshot\/default\/galeria_thgr.jpg\" alt=\"\" \/><\/p>\n<p style=\"text-align: justify;\"><img loading=\"lazy\" decoding=\"async\" class=\"alignnone\" src=\"http:\/\/www.expocomic.com\/wp-content\/uploads\/2015\/10\/COLOR_logos.jpg\" alt=\"\" width=\"6042\" height=\"9449\" \/><\/p>\n<p style=\"text-align: justify;\">Un a\u00f1o m\u00e1s se celebr\u00f3 el segundo sal\u00f3n de c\u00f3mic m\u00e1s importante de Espa\u00f1a y no creo que se vayan a quejar de la afluencia de p\u00fablico. Tristemente se mantiene la reducci\u00f3n a tres d\u00edas de Expocomic y es una pena porque no da tiempo a verlo todo.<\/p>\n<p style=\"text-align: justify;\"><!--more--><\/p>\n<figure style=\"width: 640px\" class=\"wp-caption alignnone\"><a title=\"IMG_20151212_112802_zpsjdoqvmci\" href=\"https:\/\/www.flickr.com\/photos\/152844763@N02\/36388623864\/in\/dateposted-public\/\" data-flickr-embed=\"true\"><img loading=\"lazy\" decoding=\"async\" src=\"https:\/\/farm5.staticflickr.com\/4345\/36388623864_b739feae96_z.jpg\" alt=\"IMG_20151212_112802_zpsjdoqvmci\" width=\"640\" height=\"480\" \/><\/a><figcaption class=\"wp-caption-text\">Primera cola: Comprar la entrada<\/figcaption><\/figure>\n<p style=\"text-align: justify;\">Estuve ayer s\u00e1bado . Para comenzar, la llegada. Es muy recomendable llevar las entradas pre-compradas porque las colas eran monumentales. \u00a0Hab\u00eda una enorme cola de la que solo dejaban pasar grupitos en la verja de entrada, luego la enorme cola para comprar las entradas y una tercera enorme cola para acceder por fin a Expocomic, \u00a0Es inevitable, pero quiz\u00e1 s\u00ed hay cosas que se pueden mejorar.\u00a0Sugerir\u00eda para el a\u00f1o que viene que se habilitaran m\u00e1s puestos en taquilla y que en las horas puntas se usaran, cuando bajara la afluencia, los miembros del staff podr\u00edan irse a realizar otras funciones. Pero son colas muy largas y en diciembre. Ayer hac\u00eda buen d\u00eda pero es bueno buscar formas para reducir el tiempo que el p\u00fablico est\u00e1 parado en el fr\u00edo.<\/p>\n<figure style=\"width: 640px\" class=\"wp-caption alignnone\"><a title=\"IMG_20151212_112546_zpsj1acbpsq\" href=\"https:\/\/www.flickr.com\/photos\/152844763@N02\/36388623934\/in\/dateposted-public\/\" data-flickr-embed=\"true\"><img loading=\"lazy\" decoding=\"async\" src=\"https:\/\/farm5.staticflickr.com\/4438\/36388623934_e1a1312331_z.jpg\" alt=\"IMG_20151212_112546_zpsj1acbpsq\" width=\"640\" height=\"480\" \/><\/a><figcaption class=\"wp-caption-text\">La cola de la entrada, a\u00fan m\u00e1s grande que la de las entradas<\/figcaption><\/figure>\n<p style=\"text-align: justify;\">De cualquier forma, afortunadamente \u00edbamos acreditados y podemos contarlo pero no lo sufrimos.<\/p>\n<figure style=\"width: 640px\" class=\"wp-caption alignnone\"><a title=\"IMG_20151212_113600_zps91kcw8pq\" href=\"https:\/\/www.flickr.com\/photos\/152844763@N02\/37035664996\/in\/dateposted-public\/\" data-flickr-embed=\"true\"><img loading=\"lazy\" decoding=\"async\" src=\"https:\/\/farm5.staticflickr.com\/4431\/37035664996_b5845c22ef_z.jpg\" alt=\"IMG_20151212_113600_zps91kcw8pq\" width=\"640\" height=\"480\" \/><\/a><figcaption class=\"wp-caption-text\">Lo que te encuentras al entrar<\/figcaption><\/figure>\n<p style=\"text-align: justify;\">Al entrar me gust\u00f3 la distribuci\u00f3n que han realizado pues dividieron el sal\u00f3n en dos pisos. La parte de arriba para actividades varias. Por ejemplo estaba\u00a0la embajada americana con cursos y becas as\u00ed como representantes de editoriales USA para ver los portfolios de la gente. \u00a0El siempre tentador stand de venta de originales, asociaciones de rol, zona para juegos de mesa, para jugar con ordenadores, muy peque\u00f1a respecto al a\u00f1o pasado, la verdad, y algunas exposiciones como la dedicada al nuevo \u00e1lbum de Corto Malt\u00e9s.<\/p>\n<figure style=\"width: 640px\" class=\"wp-caption alignnone\"><a title=\"P1020758_zpsdtoz7fpi\" href=\"https:\/\/www.flickr.com\/photos\/152844763@N02\/37083228331\/in\/dateposted-public\/\" data-flickr-embed=\"true\"><img loading=\"lazy\" decoding=\"async\" src=\"https:\/\/farm5.staticflickr.com\/4423\/37083228331_88aed9fa89_z.jpg\" alt=\"P1020758_zpsdtoz7fpi\" width=\"640\" height=\"480\" \/><\/a><figcaption class=\"wp-caption-text\">Sarah Gaydos (IDW) revisando portfolios<\/figcaption><\/figure>\n<p style=\"text-align: justify;\">Se nota que tiene tir\u00f3n Star Wars y Expocomic ten\u00eda tres exposiciones distintas,\u00a0dos de ellas muy interesantes, dedicadas a Star Wars.<\/p>\n<figure style=\"width: 640px\" class=\"wp-caption alignnone\"><a title=\"P1020762_zpspxekqqgl\" href=\"https:\/\/www.flickr.com\/photos\/152844763@N02\/36388623834\/in\/dateposted-public\/\" data-flickr-embed=\"true\"><img loading=\"lazy\" decoding=\"async\" src=\"https:\/\/farm5.staticflickr.com\/4351\/36388623834_d61bc4b367_z.jpg\" alt=\"P1020762_zpspxekqqgl\" width=\"640\" height=\"480\" \/><\/a><figcaption class=\"wp-caption-text\">La genial exposici\u00f3n de homenaje a Star Wars<\/figcaption><\/figure>\n<p style=\"text-align: justify;\">La que me pareci\u00f3 un anuncio disfrazado fue la de la academia de dibujo C-10 que va todos los a\u00f1os a Expocomic y siempre hacen cosas distintas para darse a conocer\u00a0Incluso han llevado a actrices porno (?) El caso es que esta vez hicieron una exposici\u00f3n de Star Wars con dibujos de los alumnos. Pues vale.<\/p>\n<p style=\"text-align: justify;\">Pero las que son una maravilla son las que dedicaron a un homenaje de los autores espa\u00f1oles a Star Wars y la dedicada al trabajo de Salvador Larroca en Star Wars: Darth Vader.<\/p>\n<figure style=\"width: 640px\" class=\"wp-caption alignnone\"><a title=\"P1020768\" href=\"https:\/\/www.flickr.com\/photos\/152844763@N02\/37054070342\/in\/dateposted-public\/\" data-flickr-embed=\"true\"><img loading=\"lazy\" decoding=\"async\" src=\"https:\/\/farm5.staticflickr.com\/4428\/37054070342_17e80648a6_z.jpg\" alt=\"P1020768\" width=\"640\" height=\"480\" \/><\/a><figcaption class=\"wp-caption-text\">La versi\u00f3n de Sanjulian de Leia Organa<\/figcaption><\/figure>\n<p style=\"text-align: justify;\">La primera incluye dibujos sensacionales de grandes autores que van des de Azpiri a Sanjuli\u00e1n pasando por Carlos Pacheco, L\u00f3pez Esp\u00ed, Sergio \u00c1greda, e infinidad m\u00e1s. Lo que me cabre\u00f3 bastante es que los dibujantes participan con sus obras y en la exposici\u00f3n se cuelgan sus dibujos sin decir quienes son. Tienes que mirar la firma y rezar porque sea legible si quieres saber de qui\u00e9n es ese fant\u00e1stico dibujo. Si no, te quedas con la idea de que hay gente que dibuja muy bien, que por lo que parece son dibujantes espa\u00f1oles, y que han captado el esp\u00edritu de Star Wars. Pero qui\u00e9nes son es un misterio. Mal por eso, pero muy bien por la enorme calidad de la exposici\u00f3n.<\/p>\n<figure style=\"width: 480px\" class=\"wp-caption alignnone\"><a title=\"P1020772_zpsgk768rd4\" href=\"https:\/\/www.flickr.com\/photos\/152844763@N02\/37083228241\/in\/dateposted-public\/\" data-flickr-embed=\"true\"><img loading=\"lazy\" decoding=\"async\" src=\"https:\/\/farm5.staticflickr.com\/4366\/37083228241_2b4b512345_z.jpg\" alt=\"P1020772_zpsgk768rd4\" width=\"480\" height=\"640\" \/><\/a><figcaption class=\"wp-caption-text\">El Bobba Fett de Carlos Pacheco<\/figcaption><\/figure>\n<p style=\"text-align: justify;\">La otra exposici\u00f3n tambi\u00e9n es sensacional. Salvador Larroca se ha convertido en un referente espa\u00f1ol de autor que triunfa en USA junto a Carlos Pacheco. Su magn\u00edfico dibujo ha cambiado ligeramente con este trabaja incluyendo influencias del puntillismo que quedan muy bien.<\/p>\n<figure style=\"width: 640px\" class=\"wp-caption alignnone\"><a title=\"P1020775_zpsfertggbk\" href=\"https:\/\/www.flickr.com\/photos\/152844763@N02\/36828179640\/in\/dateposted-public\/\" data-flickr-embed=\"true\"><img loading=\"lazy\" decoding=\"async\" src=\"https:\/\/farm5.staticflickr.com\/4412\/36828179640_361260d23b_z.jpg\" alt=\"P1020775_zpsfertggbk\" width=\"640\" height=\"480\" \/><\/a><figcaption class=\"wp-caption-text\">Darth Vader de Salvador Larroca<\/figcaption><\/figure>\n<p style=\"text-align: justify;\">Adem\u00e1s consigue dotar a los personajes de las pel\u00edcula de expresividad mientras siguen pareci\u00e9ndose a ellos. No parecen fotos superpuestas en el c\u00f3mic.<\/p>\n<figure style=\"width: 480px\" class=\"wp-caption alignnone\"><a title=\"P1020778_zpsmven4uje\" href=\"https:\/\/www.flickr.com\/photos\/152844763@N02\/36388623694\/in\/dateposted-public\/\" data-flickr-embed=\"true\"><img loading=\"lazy\" decoding=\"async\" src=\"https:\/\/farm5.staticflickr.com\/4418\/36388623694_be52d4b2c3_z.jpg\" alt=\"P1020778_zpsmven4uje\" width=\"480\" height=\"640\" \/><\/a><figcaption class=\"wp-caption-text\">Consigue que los personajes mantengan su expresividad pero que se sigan pareciendo a ellos.<\/figcaption><\/figure>\n<p style=\"text-align: justify;\">Quisiera destacar que la gente del staff es muy amable y ayuda ante cualquier duda que haya.<\/p>\n<p style=\"text-align: justify;\">El piso de abajo es enorme y\u00a0parece un bazar persa. Es chocante que no haya demasiadas tiendas de c\u00f3mic en proporci\u00f3n a las tiendas de merchandising que son legi\u00f3n. Hay tiendas de c\u00f3mic por supuesto, pero muchas son de comics de segunda mano, que es uno de los alicientes porque puedes encontrar cosas que no encontrar\u00edas de otra forma y a buenos precios. Pero tiendas de comics que vendieran las novedades, muy pocas. Esta a\u00f1o ya no estaba Generaci\u00f3n-X, que hab\u00eda estado en todas las ediciones, ni ninguna de las grandes librer\u00edas de Madrid.<\/p>\n<figure style=\"width: 640px\" class=\"wp-caption alignnone\"><a title=\"P1020785_zpsnqpaiwd0\" href=\"https:\/\/www.flickr.com\/photos\/152844763@N02\/36828179510\/in\/dateposted-public\/\" data-flickr-embed=\"true\"><img loading=\"lazy\" decoding=\"async\" src=\"https:\/\/farm5.staticflickr.com\/4343\/36828179510_9c6ac17493_z.jpg\" alt=\"P1020785_zpsnqpaiwd0\" width=\"640\" height=\"480\" \/><\/a><figcaption class=\"wp-caption-text\">En medio del bazar, con gente vestida para la ocasi\u00f3n<\/figcaption><\/figure>\n<p style=\"text-align: justify;\">En cuanto a editoriales, estaba Aleta Ediciones, Dolmen Editorial, Astiberri, Dibbuks y Norma Editorial. Tambi\u00e9n ten\u00eda un peque\u00f1o stand Ponent Mon y aprovech\u00e9 para acercarme a ver que ten\u00edan porque est\u00e1n reeditando la obra del gran Antonio Hern\u00e1ndez Palacios \u00a0y presumen de hacer un gran trabajo a 38 \u20ac el tomo \u00abCasi precio de coste\u00bb me dijeron. Bueno, estoy dispuesto a dejar que me regalen tomos tan extraordinariamente caros si merece la pena. Desgraciadamente esta gente hace una edici\u00f3n correcta pero inferior a las iniciales. A mi enfado monumental por la tremenda chapuza que fue la edici\u00f3n de \u00abManos Kelly\u00bb \u00abLa hemos agotado\u00bb me dijeron, y un tercio del c\u00f3mic lo publicaron en blanco \u00a0negro, como contaba <a href=\"http:\/\/zonadelta.net\/atreides\/?p=442\" target=\"_blank\" rel=\"noopener\">aqu\u00ed<\/a>, vi las ediciones de McCoy y El Cid. Parece bien hechas y fieles pero las de McCoy son m\u00e1s peque\u00f1as que el standard del \u00e1lbum europeo que es en el que se publicaron en Espa\u00f1a originalmente y el integral de El Cid, posiblemente la obra cumbre de Palacios, es considerablemente m\u00e1s peque\u00f1o porque la edici\u00f3n original de Ikusager era incluso un cent\u00edmetro m\u00e1s alta que la de un \u00e1lbum de Norma, por ejemplo. Las explicaciones la verdad es que fueron bastante pat\u00e9ticas (\u00abno se pod\u00eda publicar en color\u00bb, la labor editorial aunque ha mejorado mucho hace que el tama\u00f1o del libro tenga que ser este\u00bb) y, a pesar de preguntar con educaci\u00f3n vi que el hombre se molestaba. \u00a0Lo siento mucho pero si me vendes que algo es la edici\u00f3n definitiva y me cobras el precio de ello, 38 \u20ac, por lo menos que la sea y que los c\u00f3mics previamente publicados y que puede encontrar de segunda mano a precio de saldo no sean mejor que lo que intentas venderme. \u00a0Tampoco ten\u00edan ni idea de cuantos tomos ser\u00edan los de MCCoy, que es una serie y que si no tienen previsto terminarla ni saben cu\u00e1nto ser\u00e1 influye en empezar o no a comprarlo. En fin, que muy satisfecho con ellos no termin\u00e9, la verdad.<\/p>\n<figure style=\"width: 640px\" class=\"wp-caption alignnone\"><a title=\"P1020782_zpstenqoak0\" href=\"https:\/\/www.flickr.com\/photos\/152844763@N02\/37083228111\/in\/dateposted-public\/\" data-flickr-embed=\"true\"><img loading=\"lazy\" decoding=\"async\" src=\"https:\/\/farm5.staticflickr.com\/4383\/37083228111_b64ef43509_z.jpg\" alt=\"P1020782_zpstenqoak0\" width=\"640\" height=\"480\" \/><\/a><figcaption class=\"wp-caption-text\">El stand de Namco Bandai. El m\u00e1s espectacular de todos.<\/figcaption><\/figure>\n<p style=\"text-align: justify;\">Despu\u00e9s de eso lo que ya hay es merchandising. Mucho de anime y manga aunque mezclado con series pel\u00edculas, superh\u00e9roes, alguna tienda de videojuegos, montones de figuras, de camisetas y de tazas.<\/p>\n<p style=\"text-align: justify;\">Namco Bandai ten\u00eda\u00a0un gran stand en el que hab\u00eda cola para jugar a Dark Souls III, un Star Wars Battlepod, Naruto y alg\u00fan juego m\u00e1s.<\/p>\n<figure style=\"width: 640px\" class=\"wp-caption alignnone\"><a title=\"IMG_20151212_122918_zpsnfeuxgo5\" href=\"https:\/\/www.flickr.com\/photos\/152844763@N02\/36388623814\/in\/dateposted-public\/\" data-flickr-embed=\"true\"><img loading=\"lazy\" decoding=\"async\" src=\"https:\/\/farm5.staticflickr.com\/4362\/36388623814_8f54887cbc_z.jpg\" alt=\"IMG_20151212_122918_zpsnfeuxgo5\" width=\"640\" height=\"480\" \/><\/a><figcaption class=\"wp-caption-text\">Muuuchas espadas<\/figcaption><\/figure>\n<p style=\"text-align: justify;\">Encontr\u00e9 tambi\u00e9n una tienda, Fantasy Sword, \u00a0que vend\u00eda reproducciones de espadas cl\u00e1sicas de los juegos, sobre todo de anime y manga, a tama\u00f1o natural. Por ah\u00ed ten\u00edan la espada-llave de Kingdom Hearts y de muchos mangas. No me convenci\u00f3 mucho la factura de las mismas excepto la de Michone que me pareci\u00f3 que estaba muy bien hecha. Los precios eran realmente buenos, entre 40 \u20ac y 50 \u20ac<\/p>\n<p style=\"text-align: justify;\">El elenco de autores de este a\u00f1o ha sido muy interesante. Apenas puede ver a Azpiri y David Balde\u00f3n porque ha coincidido con un fin de semana plagado de obligaciones y compromisos personales, pero ha habido un magn\u00edfico elenco de autores, como en los \u00faltimos a\u00f1os no muy amplio en cuanto a autor extranjero con la excepci\u00f3n de Brian Azzarello (100 balas) destacando sobre los dem\u00e1s, \u00a0pero\u00a0con muchos autores nacionales de repercusi\u00f3n internacional, como el propio Salvador Larroca, el magn\u00edfico Pepe Larraz (Kanan, el \u00faltimo Padawan, el gran Pasqual Ferry (H\u00e9roes de Alquiler) o Rub\u00e9n Pellejero que acaba de resucitar a Corto Malt\u00e9s junto a D\u00edaz Canales (Blacksad) entre muchos otros.<\/p>\n<p style=\"text-align: justify;\">La parte del Cosplay es uno de los atractivos, hoy se celebra el concurso y merece la pena, el nivel al que se est\u00e1 llegando es alt\u00edsimo.<\/p>\n<p style=\"text-align: justify;\">En cuanto a p\u00fablico va desde adolescentes a abuelos sin olvidar a beb\u00e9s que van con sus padres. Parece que el futuro del c\u00f3mic est\u00e1 asegurado y que expoc\u00f3mic tiene tir\u00f3n.<\/p>\n<p style=\"text-align: justify;\">Adem\u00e1s me llev\u00e9 una agradable sorpresa porque me encontr\u00e9 a mi prima pol\u00edtica con unos amigos y nos titamos un buen rato charlando. Esas conversaciones que no se pueden tener con la gente \u00abnormal\u00bb porque te empiezan a mirar raro.<\/p>\n<p style=\"text-align: justify;\">No obstante hay cosas que me preocupan bastante y que creo que se deber\u00eda intentar mejorar.<\/p>\n<p style=\"text-align: justify;\">Lo primero: Es un sal\u00f3n de c\u00f3mic a nivel nacional. \u00bfC\u00f3mo puede ser que las\u00a0tres principales editoriales de comics de superh\u00e9roes no est\u00e9n? \u00a0Porque ni Planeta, ni Panini ni ECC tienen stand all\u00ed y creo que es un error garrafal que no est\u00e9n, para ellas y para el sal\u00f3n.<\/p>\n<p style=\"text-align: justify;\">Segundo: Las librer\u00edas de c\u00f3mics no van. Algo falla para que teniendo un p\u00fablico potencial de 30.000 personas en estos d\u00edas no quieran estar all\u00ed y el sal\u00f3n en buena medida pierde el sentido como sal\u00f3n del c\u00f3mic \u00a0si no puedes comprar los mismos c\u00f3mics que podr\u00edas en una librer\u00eda, aunque lo normal ser\u00eda que puedas comprar m\u00e1s, pero no menos, pero\u00a0no hab\u00eda nada de Marvel y\u00a0muy poco de DC, solo en la parte de \u00c9poca distribuci\u00f3n que compart\u00eda en el stand de Norma.<\/p>\n<p style=\"text-align: justify;\">Tercero, las colas, no se pueden evitar pero s\u00ed reducir, como dec\u00eda, aumentando el n\u00famero de gente atendiendo en taquilla.<\/p>\n<p style=\"text-align: justify;\">Por lo dem\u00e1s, es una buena expoc\u00f3mic, mejorable pero interesante y que merece la pena ir.<\/p>\n<p style=\"text-align: justify;\">Al final, apenas compr\u00e9 nada. Un TOTORO y las tazas que reproduzco abajo.<\/p>\n<figure style=\"width: 640px\" class=\"wp-caption alignnone\"><a title=\"P1020788_zpsuzex9nt2\" href=\"https:\/\/www.flickr.com\/photos\/152844763@N02\/36828179170\/in\/dateposted-public\/\" data-flickr-embed=\"true\"><img loading=\"lazy\" decoding=\"async\" src=\"https:\/\/farm5.staticflickr.com\/4382\/36828179170_ccd67834b3_z.jpg\" alt=\"P1020788_zpsuzex9nt2\" width=\"640\" height=\"480\" \/><\/a><figcaption class=\"wp-caption-text\">The Witcher, Sherlock y Ataque a los titanes<\/figcaption><\/figure>\n<p style=\"text-align: justify;\">Saludos fremen.<\/p>\n","protected":false},"excerpt":{"rendered":"<p>Un a\u00f1o m\u00e1s se celebr\u00f3 el segundo sal\u00f3n de c\u00f3mic m\u00e1s importante de Espa\u00f1a y no creo que se vayan a quejar de la afluencia de p\u00fablico. Tristemente se mantiene la reducci\u00f3n a tres d\u00edas de Expocomic y es una pena porque no da tiempo a verlo todo.<\/p>\n","protected":false},"author":2,"featured_media":0,"comment_status":"open","ping_status":"open","sticky":false,"template":"","format":"standard","meta":{"iawp_total_views":14,"footnotes":""},"categories":[10,8],"tags":[565,566,563,159,564,108,315],"class_list":["post-986","post","type-post","status-publish","format-standard","hentry","category-comic","category-videojuegos","tag-azpiri","tag-corto-maltes","tag-merchandising","tag-pepe-larraz","tag-sherlock","tag-star-wars","tag-the-witcher"],"_links":{"self":[{"href":"http:\/\/zonadelta.net\/atreides\/index.php?rest_route=\/wp\/v2\/posts\/986","targetHints":{"allow":["GET"]}}],"collection":[{"href":"http:\/\/zonadelta.net\/atreides\/index.php?rest_route=\/wp\/v2\/posts"}],"about":[{"href":"http:\/\/zonadelta.net\/atreides\/index.php?rest_route=\/wp\/v2\/types\/post"}],"author":[{"embeddable":true,"href":"http:\/\/zonadelta.net\/atreides\/index.php?rest_route=\/wp\/v2\/users\/2"}],"replies":[{"embeddable":true,"href":"http:\/\/zonadelta.net\/atreides\/index.php?rest_route=%2Fwp%2Fv2%2Fcomments&post=986"}],"version-history":[{"count":6,"href":"http:\/\/zonadelta.net\/atreides\/index.php?rest_route=\/wp\/v2\/posts\/986\/revisions"}],"predecessor-version":[{"id":2080,"href":"http:\/\/zonadelta.net\/atreides\/index.php?rest_route=\/wp\/v2\/posts\/986\/revisions\/2080"}],"wp:attachment":[{"href":"http:\/\/zonadelta.net\/atreides\/index.php?rest_route=%2Fwp%2Fv2%2Fmedia&parent=986"}],"wp:term":[{"taxonomy":"category","embeddable":true,"href":"http:\/\/zonadelta.net\/atreides\/index.php?rest_route=%2Fwp%2Fv2%2Fcategories&post=986"},{"taxonomy":"post_tag","embeddable":true,"href":"http:\/\/zonadelta.net\/atreides\/index.php?rest_route=%2Fwp%2Fv2%2Ftags&post=986"}],"curies":[{"name":"wp","href":"https:\/\/api.w.org\/{rel}","templated":true}]}}