{"id":967,"date":"2015-12-02T12:27:49","date_gmt":"2015-12-02T11:27:49","guid":{"rendered":"http:\/\/zonadelta.net\/atreides\/?p=967"},"modified":"2015-12-02T12:27:49","modified_gmt":"2015-12-02T11:27:49","slug":"star-wars-rebels-el-asedio-de-lothar","status":"publish","type":"post","link":"http:\/\/zonadelta.net\/atreides\/?p=967","title":{"rendered":"Star Wars Rebels: El asedio de Lothar"},"content":{"rendered":"<p style=\"text-align: justify;\"><a href=\"http:\/\/i1347.photobucket.com\/albums\/p706\/AtreidesXXI\/Star_Wars_Rebels_Season_Two_Official_Poster_zpsb70dqb88.png\"><img loading=\"lazy\" decoding=\"async\" class=\"alignnone\" src=\"http:\/\/i1347.photobucket.com\/albums\/p706\/AtreidesXXI\/Star_Wars_Rebels_Season_Two_Official_Poster_zpsb70dqb88.png\" alt=\"\" width=\"694\" height=\"1024\" \/><\/a>En el mes de Star Wars parece apropiado hablar de la nueva temporada de la \u00fanica serie regular de Star Wars que se emite actualmente. Adem\u00e1s, el comienzo de la segunda temporada es espectacular, con un episodio doble que dejar\u00e1 babeando a los fans.<\/p>\n<p style=\"text-align: justify;\">La primera temporada fue un sorpresa muy agradable, como coment\u00e9 <a href=\"http:\/\/zonadelta.net\/atreides\/?p=515\" target=\"_blank\">aqu\u00ed<\/a>, terminando con la aparici\u00f3n estelar de Darth Vader y el c\u00f3mic de Kanan, el \u00faltimo Padawan que se public\u00f3 entre la primera y la segunda temporada y del que habl\u00e9 <a href=\"http:\/\/zonadelta.net\/atreides\/?p=530\" target=\"_blank\">aqu\u00ed<\/a>, nos dieron las claves de porqu\u00e9 es como es Kanan.<\/p>\n<p style=\"text-align: justify;\">En\u00a0este cap\u00edtulo, Darth Vader llega a Lothar para someter a los rebeldes por orden del emperador. Veremos a Vader utilizar los m\u00e9todos de crueldad que le caracterizan con el fin de atrapar a los rebeldes, sea sacrificando a dirigentes del Imperio en Lothar, sea masacrando pueblos enteros.<\/p>\n<p><iframe loading=\"lazy\" title=\"New Star Wars Rebels Season 2 Trailer!!!\" width=\"660\" height=\"371\" src=\"https:\/\/www.youtube.com\/embed\/ERk8hN3zToI?feature=oembed\" frameborder=\"0\" allow=\"accelerometer; autoplay; clipboard-write; encrypted-media; gyroscope; picture-in-picture; web-share\" referrerpolicy=\"strict-origin-when-cross-origin\" allowfullscreen><\/iframe><\/p>\n<p style=\"text-align: justify;\"><!--more--><\/p>\n<p style=\"text-align: justify;\">Es sin duda la estrella del episodio que comienza con una espectacular batalla pero que solo es el aperitivo. En el episodio habr\u00e1 un enfrentamiento entre Kanan y Ezra contra Darth Vader, otro espacial entre el \u00abFantasma \u00bb y el \u00abTie Avanzado X1\u00bb de Darth Vader.<\/p>\n<p style=\"text-align: justify;\"><img loading=\"lazy\" decoding=\"async\" class=\"alignnone\" src=\"http:\/\/www.knowitalljoe.com\/wp-content\/uploads\/2015\/04\/Star-Wars-Rebels-Pic-6.jpg\" alt=\"\" width=\"1280\" height=\"720\" \/><\/p>\n<p style=\"text-align: justify;\">Otros invitados son Lando Calrissian o Ahsoka, la aprendiz de Anakin.<\/p>\n<p style=\"text-align: justify;\">En castellano no tiene mal doblaje pero se te saltan las l\u00e1grimas al o\u00edr hablar a Darth Vader. En la versi\u00f3n original la\u00a0voz de Darth Vader es el gran James Earl Jones y la de Lando Carisian es la de Billy Dee Williams, por lo que recomiendo encarecidamente verlo en VO.<\/p>\n<p style=\"text-align: justify;\">La m\u00fasica es magistral, basada y en muchos momentos utilizando al compuesta por John Williams y la animaci\u00f3n es realmente espl\u00e9ndida, de pel\u00edcula, directamente.<\/p>\n<p style=\"text-align: justify;\">La historia est\u00e1 muy bien y los actos de Vader llevan a los rebeldes a tomar una decisi\u00f3n que ya no es ser luchadores por su planeta Lothal, sino ser parte de algo m\u00e1s grande, dejando preparada la serie para abarcar todo el espacio y nuevos personajes de la saga, como Obi Wan Kenobi.<\/p>\n<p style=\"text-align: justify;\">La \u00fanica pega que se le puede encontrar es que\u00a0los dise\u00f1os son un poco caricaturescos, pudiendo dar una impresi\u00f3n un poco m\u00e1s infantil. Para nada, es mucho m\u00e1s infantil la\u00a0Amenaza Fantasma que esta serie. \u00a0Tiene sentido del humor, camarader\u00eda y sentido de la justicia aparte de aventuras espaciales. Una Space Opera m\u00e1s que digna.<\/p>\n<p style=\"text-align: justify;\">Muy buen cap\u00edtulo y una buena forma de ir haciendo boca hasta que estrenen \u00abEl despertar de la Fuerza\u00bb el 18 de Diciembre.<\/p>\n<p style=\"text-align: justify;\">Saludos fremen<\/p>\n","protected":false},"excerpt":{"rendered":"<p>En el mes de Star Wars parece apropiado hablar de la nueva temporada de la \u00fanica serie regular de Star Wars que se emite actualmente. Adem\u00e1s, el comienzo de la segunda temporada es espectacular, con un episodio doble que dejar\u00e1 babeando a los fans. La primera temporada fue un sorpresa muy agradable, como coment\u00e9 aqu\u00ed, &hellip; <a href=\"http:\/\/zonadelta.net\/atreides\/?p=967\" class=\"more-link\">Sigue leyendo <span class=\"screen-reader-text\">Star Wars Rebels: El asedio de Lothar<\/span><\/a><\/p>\n","protected":false},"author":2,"featured_media":483,"comment_status":"open","ping_status":"open","sticky":false,"template":"","format":"standard","meta":{"iawp_total_views":2,"footnotes":""},"categories":[9,48,7],"tags":[545,109,546,144,143,543,544],"class_list":["post-967","post","type-post","status-publish","format-standard","has-post-thumbnail","hentry","category-animacion","category-ciencia-ficcion-2","category-series-2","tag-ahsoka","tag-darth-vader","tag-el-despertar-de-la-fuerza","tag-john-williams","tag-kanan","tag-lames-earl-jones","tag-lando-calrissian"],"_links":{"self":[{"href":"http:\/\/zonadelta.net\/atreides\/index.php?rest_route=\/wp\/v2\/posts\/967","targetHints":{"allow":["GET"]}}],"collection":[{"href":"http:\/\/zonadelta.net\/atreides\/index.php?rest_route=\/wp\/v2\/posts"}],"about":[{"href":"http:\/\/zonadelta.net\/atreides\/index.php?rest_route=\/wp\/v2\/types\/post"}],"author":[{"embeddable":true,"href":"http:\/\/zonadelta.net\/atreides\/index.php?rest_route=\/wp\/v2\/users\/2"}],"replies":[{"embeddable":true,"href":"http:\/\/zonadelta.net\/atreides\/index.php?rest_route=%2Fwp%2Fv2%2Fcomments&post=967"}],"version-history":[{"count":1,"href":"http:\/\/zonadelta.net\/atreides\/index.php?rest_route=\/wp\/v2\/posts\/967\/revisions"}],"predecessor-version":[{"id":968,"href":"http:\/\/zonadelta.net\/atreides\/index.php?rest_route=\/wp\/v2\/posts\/967\/revisions\/968"}],"wp:featuredmedia":[{"embeddable":true,"href":"http:\/\/zonadelta.net\/atreides\/index.php?rest_route=\/wp\/v2\/media\/483"}],"wp:attachment":[{"href":"http:\/\/zonadelta.net\/atreides\/index.php?rest_route=%2Fwp%2Fv2%2Fmedia&parent=967"}],"wp:term":[{"taxonomy":"category","embeddable":true,"href":"http:\/\/zonadelta.net\/atreides\/index.php?rest_route=%2Fwp%2Fv2%2Fcategories&post=967"},{"taxonomy":"post_tag","embeddable":true,"href":"http:\/\/zonadelta.net\/atreides\/index.php?rest_route=%2Fwp%2Fv2%2Ftags&post=967"}],"curies":[{"name":"wp","href":"https:\/\/api.w.org\/{rel}","templated":true}]}}