{"id":815,"date":"2015-09-28T17:06:19","date_gmt":"2015-09-28T15:06:19","guid":{"rendered":"http:\/\/zonadelta.net\/atreides\/?p=815"},"modified":"2017-09-20T11:42:05","modified_gmt":"2017-09-20T10:42:05","slug":"era-el-mejor-de-los-tiempos-era-el-peor-de-los-tiempos","status":"publish","type":"post","link":"http:\/\/zonadelta.net\/atreides\/?p=815","title":{"rendered":"\u00abEra el mejor de los tiempos, era el peor de los tiempos&#8230;"},"content":{"rendered":"<p><a title=\"Espantildea y Catalunya_zpsppqfjcuh\" href=\"https:\/\/www.flickr.com\/photos\/152844763@N02\/36945639790\/in\/dateposted-public\/\" data-flickr-embed=\"true\"><img loading=\"lazy\" decoding=\"async\" src=\"https:\/\/farm5.staticflickr.com\/4419\/36945639790_0a087753c2_b.jpg\" alt=\"Espantildea y Catalunya_zpsppqfjcuh\" width=\"665\" height=\"365\" \/><\/a><\/p>\n<p style=\"text-align: justify;\">&#8230;la edad de la sabidur\u00eda y tambi\u00e9n de la locura; la \u00e9poca de las creencias y de la incredulidad; la era de la luz y de las tinieblas; la primavera de la esperanza y el invierno de la desesperaci\u00f3n\u00bb<\/p>\n<p style=\"text-align: justify;\">Despu\u00e9s de todos estos meses de no parar de insistir con el conflicto soberanista hasta poner la cabeza de todos como un bombo, ayer fueron las elecciones en Catalu\u00f1a. Unas elecciones que se ha negado que fueran soberanistas pero que luego todos han defendido la continuidad de Catalunya en Espa\u00f1a o la independencia de Espa\u00f1a como si de un refer\u00e9ndum se tratara.<!--more--><\/p>\n<p style=\"text-align: justify;\">El caso es que el resultado tiene algo que puede ser muy malo. Los secesionistas han conseguido una mayor\u00eda absoluta en esca\u00f1os, menor que la que ten\u00edan, que a su vez es menor que la anterior, pero mayor\u00eda absoluta igualmente. Es una mayor\u00eda absoluta pero ni siquiera suficiente para poder modificar el Estatut, que necesita una mayor\u00eda de 3\/5 partes de la c\u00e1mara.<\/p>\n<p style=\"text-align: justify;\">Pero es innegable que en las urnas han tenido un gran apoyo.<\/p>\n<p style=\"text-align: justify;\">Pero, por otro lado, no tanto apoyo porque por n\u00famero de votos han tenido menos que los partidos que apoyan la continuidad de Catalu\u00f1a en Espa\u00f1a. \u00a0Parece raro que tengan mayor\u00eda absoluta en esca\u00f1os y en cambio hayan tenido menos votos que los que han perdido las elecciones. Esto es as\u00ed por la ley electoral que da m\u00e1s valor a los votos de un sitio que de otro buscando, se supone, una representaci\u00f3n m\u00e1s igualitaria de todos los territorios. Pero el hecho en s\u00ed es que m\u00e1s catalanes han dicho no a la secesi\u00f3n que los que han dicho que s\u00ed.<\/p>\n<p style=\"text-align: justify;\">As\u00ed que tenemos un escenario en el que parece que en definitiva no cambia nada. Los soberanistas se sienten legitimados porque han ganado las elecciones. Los espa\u00f1olistas solo tienen que apelar a la ley y, adem\u00e1s, hay m\u00e1s catalanes que no quieren independizarse que los que s\u00ed quieren. As\u00ed que los dirigentes de uno y otro bando se enquistar\u00e1n en sus posturas defendiendo el haber ganado las elecciones, el que la mayor\u00eda no quiere separarse.<\/p>\n<p style=\"text-align: justify;\">Los dos tienen raz\u00f3n pero se les olvida algo muy importante y es que al menos la mitad de los catalanes no est\u00e1n contentos de estar en Espa\u00f1a, as\u00ed como la otra mitad s\u00ed lo est\u00e1.<\/p>\n<p style=\"text-align: justify;\">Puede ser el mejor de los escenarios porque estas elecciones pueden ser una oportunidad para todos. SI hubiera habido una amplia mayor\u00eda de catalanes que quisieran independizarse la fractura ser\u00eda insalvable. Si por el contrario mayoritariamente hubieran votado por mantenerse en Espa\u00f1a, no se habr\u00edan tratado los problemas de Catalu\u00f1a.<\/p>\n<p style=\"text-align: justify;\">La situaci\u00f3n actual es una oportunidad de empezar de nuevo y negociar.<\/p>\n<p style=\"text-align: justify;\">Artur Mas y Oriol Junqueras no pueden ignorar que el 52% de los catalanes no quieren su independencia como ellos la plantean, que si se hubiera dado el refer\u00e9ndum que ped\u00edan, lo hubieran perdido. No tienen ese enorme apoyo que quer\u00edan para declarar unilateralmente la independencia.<\/p>\n<p style=\"text-align: justify;\">Mariano Rajoy no puede ignorar que las elecciones han sido ganadas ampliamente por los partidos independentista y que casi la mitad de los catalanes quieren salir de Espa\u00f1a y que, por tanto, hay un problema para que tanta gente quiera salir. No pueden presumir de nada cuando, lo que es indiscutible, es que el batacazo que se han pegado en las elecciones ha sido monumental, perdiendo ocho de los 19 esca\u00f1os que ten\u00edan.<\/p>\n<p style=\"text-align: justify;\">En mi opini\u00f3n, creo que unos y otros deber\u00edan descartar la independencia y ponerse a trabajar para solucionar los problemas de Catalu\u00f1a y, en paralelo, reconstruir y acercar posturas y afectos. Adem\u00e1s, deber\u00edan trabajar en los problemas reales, el paro, la corrupci\u00f3n, los desahucios, la seguridad social que son los que se utilizan arteramente para rechazar Espa\u00f1a y ara seguir en Espa\u00f1a.<\/p>\n<p style=\"text-align: justify;\">Es posible, y seguramente preferible, que no sea el PP el m\u00e1s indicado para acercar posturas ya que son irrelevantes en Catalu\u00f1a. Vistos los resultados y la habilidad de pactar y sacar acuerdos adelante \u00a0que tiene Ciudadanos, que ha dado el apoyo en Madrid al PP y en Andalucia al PSOE sin renunciar a su programa y haciendo a ambos pasar por su aro, pero cediendo cuando han tenido que ceder, me parecen los m\u00e1s indicados para poder avanzar. Sobre todo si los resultados en las generales son tan\u00a0buenos como les auguran las encuestas.<\/p>\n<p style=\"text-align: justify;\">Como dije en la anterior entrada dedicada a Catalu\u00f1ya, la hubiera echado de menos porque son parte de todo lo bueno que ha sido Espa\u00f1a y Espa\u00f1a ha sido parte de todo lo bueno que ha conseguido Catalu\u00f1a. No deber\u00eda olvidarse que\u00a0por nuestras venas corre la misma sangre y que nuestros intereses son los mismos en buena medida y es en esos otros en los que no lo son d\u00f3nde se debe trabajar para que todos estemos lo m\u00e1s satisfechos posibles.<\/p>\n<p style=\"text-align: justify;\">Ahora, habr\u00e1 que ver en d\u00f3nde estamos, en el mejor de los tiempos, o en el peor de los tiempos.<\/p>\n<p style=\"text-align: justify;\">Saludos fremen.<\/p>\n","protected":false},"excerpt":{"rendered":"<p>&#8230;la edad de la sabidur\u00eda y tambi\u00e9n de la locura; la \u00e9poca de las creencias y de la incredulidad; la era de la luz y de las tinieblas; la primavera de la esperanza y el invierno de la desesperaci\u00f3n\u00bb Despu\u00e9s de todos estos meses de no parar de insistir con el conflicto soberanista hasta poner &hellip; <a href=\"http:\/\/zonadelta.net\/atreides\/?p=815\" class=\"more-link\">Sigue leyendo <span class=\"screen-reader-text\">\u00abEra el mejor de los tiempos, era el peor de los tiempos&#8230;<\/span><\/a><\/p>\n","protected":false},"author":2,"featured_media":0,"comment_status":"open","ping_status":"open","sticky":false,"template":"","format":"standard","meta":{"iawp_total_views":4,"footnotes":""},"categories":[72],"tags":[468,355,461,464,469,463,350,467,465,348,354,462,466],"class_list":["post-815","post","type-post","status-publish","format-standard","hentry","category-opinion","tag-albert-rivera","tag-artur-mas","tag-cataluna","tag-corrupcion","tag-dickens","tag-elecciones","tag-espana","tag-junqueras","tag-paro","tag-politica","tag-rajoy","tag-secesion","tag-seguridad-social"],"_links":{"self":[{"href":"http:\/\/zonadelta.net\/atreides\/index.php?rest_route=\/wp\/v2\/posts\/815","targetHints":{"allow":["GET"]}}],"collection":[{"href":"http:\/\/zonadelta.net\/atreides\/index.php?rest_route=\/wp\/v2\/posts"}],"about":[{"href":"http:\/\/zonadelta.net\/atreides\/index.php?rest_route=\/wp\/v2\/types\/post"}],"author":[{"embeddable":true,"href":"http:\/\/zonadelta.net\/atreides\/index.php?rest_route=\/wp\/v2\/users\/2"}],"replies":[{"embeddable":true,"href":"http:\/\/zonadelta.net\/atreides\/index.php?rest_route=%2Fwp%2Fv2%2Fcomments&post=815"}],"version-history":[{"count":3,"href":"http:\/\/zonadelta.net\/atreides\/index.php?rest_route=\/wp\/v2\/posts\/815\/revisions"}],"predecessor-version":[{"id":2101,"href":"http:\/\/zonadelta.net\/atreides\/index.php?rest_route=\/wp\/v2\/posts\/815\/revisions\/2101"}],"wp:attachment":[{"href":"http:\/\/zonadelta.net\/atreides\/index.php?rest_route=%2Fwp%2Fv2%2Fmedia&parent=815"}],"wp:term":[{"taxonomy":"category","embeddable":true,"href":"http:\/\/zonadelta.net\/atreides\/index.php?rest_route=%2Fwp%2Fv2%2Fcategories&post=815"},{"taxonomy":"post_tag","embeddable":true,"href":"http:\/\/zonadelta.net\/atreides\/index.php?rest_route=%2Fwp%2Fv2%2Ftags&post=815"}],"curies":[{"name":"wp","href":"https:\/\/api.w.org\/{rel}","templated":true}]}}