{"id":730,"date":"2015-07-23T23:48:04","date_gmt":"2015-07-23T23:48:04","guid":{"rendered":"http:\/\/zonadelta.net\/atreides\/?p=730"},"modified":"2015-08-16T18:42:37","modified_gmt":"2015-08-16T18:42:37","slug":"echaria-de-menos-catalunya","status":"publish","type":"post","link":"http:\/\/zonadelta.net\/atreides\/?p=730","title":{"rendered":"Echar\u00eda de menos Catalunya"},"content":{"rendered":"<p style=\"text-align: justify;\"><a href=\"http:\/\/i1347.photobucket.com\/albums\/p706\/AtreidesXXI\/Espantildea%20y%20Catalunya_zpsppqfjcuh.jpg\"><img loading=\"lazy\" decoding=\"async\" class=\"alignnone\" src=\"http:\/\/i1347.photobucket.com\/albums\/p706\/AtreidesXXI\/Espantildea%20y%20Catalunya_zpsppqfjcuh.jpg\" alt=\"\" width=\"665\" height=\"365\" \/><\/a><\/p>\n<p style=\"text-align: justify;\">Estoy\u00a0abochornado por por el triste espect\u00e1culo que nuestros pol\u00edticos llevan dando desde hace unos a\u00f1os por el asunto de la independencia de Catalunya.<\/p>\n<p style=\"text-align: justify;\"><!--more--><\/p>\n<p style=\"text-align: justify;\">Yo soy de Madrid y me gusta Espa\u00f1a, tengo \u00absentido de pertenencia\u00bb y cuando alg\u00fan espa\u00f1ol hace algo especialmente bien, como ser el mejor restaurante del mundo como fue el Bulli y es hoy el Celler de Can Roca, gana la final Four de Baloncesto, la Champions o Europa League me alegro sinceramente. Son, logros, haza\u00f1as, proezas que sit\u00faan a nuestro pa\u00eds en el mundo y que me alegran. Adem\u00e1s, me gusta mucho viajar. Mi mujer y yo procuramos hacer tres o cuatro viajes al a\u00f1o, uno al extranjero y el resto por Espa\u00f1a. Viajar fuera te pone las cosas en perspectiva. Te das cuenta que Espa\u00f1a no es lo mejor del mundo, que no es verdad eso de \u00abcomo Espa\u00f1a no hay nada\u00bb, que dice alguna gente, pues hay sitios incre\u00edbles ah\u00ed fuera, pero tambi\u00e9n te das cuenta que no es inferior a ning\u00fan sitio, por algo es el segundo pa\u00eds del mundo con mayor n\u00famero de patrimonios de la humanidad, solo por detr\u00e1s de Italia.<\/p>\n<p style=\"text-align: justify;\">Uno de los momentos m\u00e1s emocionantes de mi vida, que se me quedar\u00e1 marcado de por vida porque jam\u00e1s cre\u00ed que lo llegara a ver, fue cuando Espa\u00f1a gan\u00f3 el mundial de f\u00fatbol en 2.010.<\/p>\n<p style=\"text-align: justify;\">No s\u00e9 cu\u00e1ntos pa\u00edses a lo largo de la historia han tenido un imperio del tama\u00f1o del Espa\u00f1ol, un idioma tan rico y tan extendido que est\u00e1 entre los tres m\u00e1s hablados del mundo, que tiene algunas de las mejores obras que la literatura ha dado, o del teatro o algunos de los mejores pintores de la historia.<\/p>\n<p style=\"text-align: justify;\">Adem\u00e1s se super\u00f3 una dictadura y se han conseguido cosas como la seguridad social universal, a pesar de que haya algunos recortes por parte del gobierno actual.<\/p>\n<p style=\"text-align: justify;\">Es decir, Espa\u00f1a parece un gran pa\u00eds desde muchos puntos de vista.<\/p>\n<figure style=\"width: 620px\" class=\"wp-caption alignnone\"><img loading=\"lazy\" decoding=\"async\" class=\"\" src=\"http:\/\/www.theworlds50best.com\/filestore\/jpg\/El%20Celler%20de%20Can%20Roca_Exterior_2015.jpg\" alt=\"\" width=\"620\" height=\"400\" \/><figcaption class=\"wp-caption-text\">El Celler de Can Roca<\/figcaption><\/figure>\n<p style=\"text-align: justify;\">Sin embargo hay mucha gente que no quiere ser espa\u00f1ola. Reconozco que no lo entiendo, siempre he cre\u00eddo que siendo m\u00e1s nos ir\u00eda mejor y aunque me siento orgulloso de ser madrile\u00f1o, tambi\u00e9n me siento orgulloso de ser espa\u00f1ol. No se me ocurre que no puedan ser compatibles ambas cosas.<\/p>\n<p style=\"text-align: justify;\">Y eso que en Espa\u00f1a hay problemas muy serios, un gobierno con una cantidad inmensa de casos de corrupci\u00f3n, una oposici\u00f3n con la misma cantidad de casos de corrupci\u00f3n, unos partidos emergentes que siembran dudas respecto a lo que har\u00e1n, un paro de m\u00e1s del 22% que afecta sobre todo a los j\u00f3venes, una pol\u00edtica de derechas que ha producido todo tipo de recortes sociales y una reforma laboral que ha echado a m\u00e1s de un mill\u00f3n de personas a la calle y luego a ido reincorpor\u00e1ndolas por mucho menos dinero y menos derechos convirti\u00e9ndolas en mano de obra barata y temporal. Por no mencionar el paro juvenil o el repunte del machismo con consecuencias dram\u00e1ticas.<\/p>\n<figure style=\"width: 980px\" class=\"wp-caption alignnone\"><img loading=\"lazy\" decoding=\"async\" class=\"\" src=\"http:\/\/ep00.epimg.net\/deportes\/imagenes\/2010\/06\/11\/album\/1276240914_910215_0000000000_album_normal.jpg\" alt=\"\" width=\"980\" height=\"653\" \/><figcaption class=\"wp-caption-text\">Campeones del mundo, todos.<\/figcaption><\/figure>\n<p style=\"text-align: justify;\">Pero con todo esto no entiendo muy bien porqu\u00e9 Catalunya no quiere seguir dentro de Espa\u00f1a. Y no lo entiendo porque yo, como madrile\u00f1o y espa\u00f1ol se supone que tengo los mismos derechos y las mismas obligaciones que un catal\u00e1n, m\u00e1s la parte diferencial como que tienen una cultura centenaria con su propio idioma y que pueden ejercer todos los derechos y obligaciones como catalanes y como espa\u00f1oles.<\/p>\n<p style=\"text-align: justify;\">No entiendo qu\u00e9 impedimento hay para que se sientan oprimidos, que libertad se les sustrae, qu\u00e9 les mueve a salir de Espa\u00f1a y me resisto a creer que al catal\u00e1n de a pie se siente realmente oprimido y necesita esa libertad para respirar, sino que creo que le preocupan m\u00e1s otras cosas, aunque no as\u00ed al pol\u00edtico.<\/p>\n<p style=\"text-align: justify;\">Viv\u00ed dos a\u00f1os en Barcelona, he viajado varias veces por trabajo y colaboro con empresas de all\u00ed, tengo familia catalana, mi hermano naci\u00f3 en Esplugues, sin ir m\u00e1s lejos. El mejor sal\u00f3n del c\u00f3mic se celebra all\u00ed, las editoriales est\u00e1n all\u00ed y este verano haremos una road adventure hasta Tarragona para recorrer el rom\u00e1nico catal\u00e1n.<\/p>\n<p style=\"text-align: justify;\">Es decir, me gusta Catalunya, me gustan sus costumbres, su cocina, su idioma, un poco menos el Bar\u00e7a y eso que les admiro infinitamente por como juegan, pero soy del Real Madrid, su Cava, sus monumentos, sus costas, y la extraordinaria educaci\u00f3n y afabilidad de la gente.<\/p>\n<figure style=\"width: 3072px\" class=\"wp-caption alignnone\"><a href=\"http:\/\/upload.wikimedia.org\/wikipedia\/commons\/0\/09\/Monasterio_de_Poblet.jpg\"><img loading=\"lazy\" decoding=\"async\" class=\"\" src=\"http:\/\/upload.wikimedia.org\/wikipedia\/commons\/0\/09\/Monasterio_de_Poblet.jpg\" alt=\"\" width=\"3072\" height=\"2304\" \/><\/a><figcaption class=\"wp-caption-text\">Monasterio de Poblet . patrimonio de la humanidad en Tarragona<\/figcaption><\/figure>\n<p style=\"text-align: justify;\">Catalunya es una parte inmensamente importante de la historia de Espa\u00f1a. En estos m\u00e1s de 500 a\u00f1os, nuestras sangres est\u00e1n indisolublemente mezcladas. Todos llevamos sangre de las dem\u00e1s regiones de Espa\u00f1a, no hay una \u00abraza espa\u00f1ola\u00bb ni una raza \u00abcatalana\u00bb.<\/p>\n<p style=\"text-align: justify;\">Entonces, si esto es as\u00ed \u00bfPorqu\u00e9 este espect\u00e1culo, porqu\u00e9 nuestros pol\u00edticos no son capaces de entenderse? \u00bfDe verdad la independencia tiene algo bueno para alguien? \u00bfEs realmente un problema o es m\u00e1s importante solucionar los problemas que tenemos reales como el copago y la falta de inversi\u00f3n en sanidad, la corrupci\u00f3n del partido en el poder y del honorable y parece que toda su familia, el paro, los empleos precarios, los recortes de derechos sociales, los desahucios? Es decir problemas que son extrapolables a los que tienen muchos espa\u00f1oles en el resto del estado.<\/p>\n<figure style=\"width: 1772px\" class=\"wp-caption alignnone\"><a href=\"http:\/\/ficomic.com\/IMAGES_3\/f-juan-miguel-morales-47-.jpg\"><img loading=\"lazy\" decoding=\"async\" class=\"\" src=\"http:\/\/ficomic.com\/IMAGES_3\/f-juan-miguel-morales-47-.jpg\" alt=\"\" width=\"1772\" height=\"1181\" \/><\/a><figcaption class=\"wp-caption-text\">Sal\u00f2 Internacional del Comic de Barcelona<\/figcaption><\/figure>\n<p style=\"text-align: justify;\">A ver, yo tengo una teor\u00eda, que puede que est\u00e9 equivocada, pero siempre he tenido la impresi\u00f3n de que el nacionalismo ha optado por tirar de la independencia porque apela al sentir, al so\u00f1ar, y permite mantener a dirigentes en el poder. No son los problemas que realmente preocupan a la gente cuando se van a dormir por la noche. La hipoteca, la estabilidad de la empresa, el colegio de los ni\u00f1os, son bastante m\u00e1s probables. Adem\u00e1s, se cuenta de aquella manera, como si de una aventura se tratara pero no se explican las consecuencias reales que puede tener para que la gente sea consciente con sus pros y sus contras. Aunque es normal, cuando hay muchos problemas serios y de dif\u00edcil soluci\u00f3n, muchos de ellos provocados por los propios dirigentes, aparte del tripartito anterior que tambi\u00e9n hizo una gesti\u00f3n cojonuda, echarle la culpa a un tercero y decir que si no fuera por el estado opresor eso no pasar\u00eda, permite hacer recortes salvajes y mantenerse en el poder. Es la soluci\u00f3n cuando no eres un pa\u00eds independiente y no puedes montar una guerra para distraer de esos problemas.<\/p>\n<p style=\"text-align: justify;\">Adem\u00e1s, solo hay que decir algo radical para que salgan los patrioteros, que no patriotas, para irse al otro extremo, tildar de traidores a todos los catalanes y que lo mejor es meterlos a todos en la c\u00e1rcel. S\u00e9 de gente que ha llegado a comprar Cava de Extremadura porque no quer\u00edan nada que fuera catal\u00e1n. Por otro lado, he visto pitar el himno de Espa\u00f1a en la final de la Copa del Rey. Es decir, la gente es muy influenciable y nuestros insignes pol\u00edticos est\u00e1n haciendo un concurso de qui\u00e9n tiene su miembro viril de mayor tama\u00f1o que me preocupa mucho porque me temo que cuando termine nos van a dar&#8230;, bueno, eso, que en lugar de acercar posturas cada vez se separan m\u00e1s las posturas. Con unos yendo camino de la secesi\u00f3n y otros amenazando con todas las querellas del planeta.<\/p>\n<p style=\"text-align: justify;\">Y a m\u00ed me apena porque creo que son muchas m\u00e1s cosas las que nos unen que las que nos separan. Nunca me sent\u00ed fuera de sitio en Catalunya, cuando he ido compart\u00eda gustos, aficiones e intereses, siempre que me hablaban en catal\u00e1n y yo respond\u00eda en castellano (porque lo entiendo m\u00e1s o menos pero no lo hablo) inmediatamente me hablaban en castellano.<\/p>\n<p style=\"text-align: justify;\">Me entristecer\u00eda mucho que Catalunya saliera de Espa\u00f1a y m\u00e1s as\u00ed, por culpa de esta absurda, rid\u00edcula, vergonzosa prepotencia de nuestros pol\u00edticos, que no son capaces de ver que el se\u00f1or de Calella de Palafrugell y el de Pinares de Taju\u00f1a se diferencian por el sitio en que los parieron, pero que sus ancestros llevan compartiendo lazos con el resto de Espa\u00f1a desde centenares y centenares de a\u00f1os y que a lo mejor merecer\u00eda la pena un esfuerzo para que pudieran seguir.<\/p>\n<p style=\"text-align: justify;\">Hoy he o\u00eddo al Sr. Romeva de la lista \u00fanica c\u00f3mo le preguntaban por los planes econ\u00f3micos despu\u00e9s de las elecciones y \u00e9l explicar que le estaban hablando en clave de elecciones auton\u00f3micas y que esto eran unas elecciones plebiscitarias y que la pregunta era S\u00ed o No. Cuando el entrevistador le insisti\u00f3 que alg\u00fan plan econ\u00f3mico tendr\u00edan para Catalunya cuando pasaran las elecciones volvi\u00f3 a remitirse a que eran elecciones plebiscitarias.<\/p>\n<p style=\"text-align: justify;\">Pero luego oigo a un ministro llamar mercenario a un Guardiola por expresar su opini\u00f3n pol\u00edtica.<\/p>\n<p style=\"text-align: justify;\">Sinceramente, creo que los pol\u00edticos de este pa\u00eds no nos los merecemos, est\u00e1n ah\u00ed por el poder y el dinero y se encastillan y si el juego ahora se llama independencia, pues de ah\u00ed a ver qu\u00e9 se puede sacar. Pero el da\u00f1o que puede hacernos a todos se lo pasan por el forro. Ni responsabilidad, ni respeto por los ciudadanos.<\/p>\n<p style=\"text-align: justify;\">\u00bfLos culpables? No me cabe duda Artur Mas y Mariano Rajoy y adl\u00e1teres, chup\u00f3pteros, ac\u00f3litos, sicarios y dem\u00e1s caterva clientelar que les r\u00ede las gracias mientras van cavando m\u00e1s profunda la zanja que se han inventado.<\/p>\n<p style=\"text-align: justify;\">\u00bfLa soluci\u00f3n? No la veo. No creo que haya forma de quitarse de encima a estos pol\u00edticos y a los que vienen se les ven ramalazos de ser m\u00e1s de lo mismo. Pero, quiz\u00e1, se podr\u00eda empezar por preguntar a los catalanes cu\u00e1les son sus problemas y buscar una soluci\u00f3n. No estar\u00eda de m\u00e1s una campa\u00f1a en Catalunya recordando qu\u00e9 gran pa\u00eds es este y lo importante que es Catalunya en el mismo y otra gran campa\u00f1a en Espa\u00f1a recordando lo mucho que mola Catalunya y lo mucho que ha contribuido a hacer de Espa\u00f1a un gran pa\u00eds. Recordar lo bueno, caray e intentar resolver lo malo.<\/p>\n<p style=\"text-align: justify;\">Lo veo dif\u00edcil pero en mi opini\u00f3n \u00a1Viva Espa\u00f1a y Vis\u00e7a Catalunya!<\/p>\n<p style=\"text-align: justify;\">Saludos fremen.<\/p>\n","protected":false},"excerpt":{"rendered":"<p>Estoy\u00a0abochornado por por el triste espect\u00e1culo que nuestros pol\u00edticos llevan dando desde hace unos a\u00f1os por el asunto de la independencia de Catalunya.<\/p>\n","protected":false},"author":2,"featured_media":0,"comment_status":"open","ping_status":"open","sticky":false,"template":"","format":"standard","meta":{"iawp_total_views":7,"footnotes":""},"categories":[72],"tags":[355,353,350,356,352,351,348,354,357,349],"class_list":["post-730","post","type-post","status-publish","format-standard","hentry","category-opinion","tag-artur-mas","tag-corrupcion-todo-muy-absurdo","tag-espana","tag-guardiola","tag-imperio","tag-malos-politicos","tag-politica","tag-rajoy","tag-romeva","tag-sentido-comun"],"_links":{"self":[{"href":"http:\/\/zonadelta.net\/atreides\/index.php?rest_route=\/wp\/v2\/posts\/730","targetHints":{"allow":["GET"]}}],"collection":[{"href":"http:\/\/zonadelta.net\/atreides\/index.php?rest_route=\/wp\/v2\/posts"}],"about":[{"href":"http:\/\/zonadelta.net\/atreides\/index.php?rest_route=\/wp\/v2\/types\/post"}],"author":[{"embeddable":true,"href":"http:\/\/zonadelta.net\/atreides\/index.php?rest_route=\/wp\/v2\/users\/2"}],"replies":[{"embeddable":true,"href":"http:\/\/zonadelta.net\/atreides\/index.php?rest_route=%2Fwp%2Fv2%2Fcomments&post=730"}],"version-history":[{"count":4,"href":"http:\/\/zonadelta.net\/atreides\/index.php?rest_route=\/wp\/v2\/posts\/730\/revisions"}],"predecessor-version":[{"id":768,"href":"http:\/\/zonadelta.net\/atreides\/index.php?rest_route=\/wp\/v2\/posts\/730\/revisions\/768"}],"wp:attachment":[{"href":"http:\/\/zonadelta.net\/atreides\/index.php?rest_route=%2Fwp%2Fv2%2Fmedia&parent=730"}],"wp:term":[{"taxonomy":"category","embeddable":true,"href":"http:\/\/zonadelta.net\/atreides\/index.php?rest_route=%2Fwp%2Fv2%2Fcategories&post=730"},{"taxonomy":"post_tag","embeddable":true,"href":"http:\/\/zonadelta.net\/atreides\/index.php?rest_route=%2Fwp%2Fv2%2Ftags&post=730"}],"curies":[{"name":"wp","href":"https:\/\/api.w.org\/{rel}","templated":true}]}}