{"id":6727,"date":"2025-11-11T23:48:23","date_gmt":"2025-11-11T22:48:23","guid":{"rendered":"http:\/\/zonadelta.net\/atreides\/?p=6727"},"modified":"2025-11-11T23:48:49","modified_gmt":"2025-11-11T22:48:49","slug":"madrid-vuelve-a-tener-salon-del-videojuego","status":"publish","type":"post","link":"http:\/\/zonadelta.net\/atreides\/?p=6727","title":{"rendered":"\u00a1Madrid vuelve a tener Sal\u00f3n del Videojuego!"},"content":{"rendered":"\n<figure class=\"wp-block-image size-full\"><a href=\"http:\/\/zonadelta.net\/atreides\/wp-content\/uploads\/2025\/11\/image.png\"><img loading=\"lazy\" decoding=\"async\" width=\"737\" height=\"1024\" src=\"http:\/\/zonadelta.net\/atreides\/wp-content\/uploads\/2025\/11\/image.png\" alt=\"\" class=\"wp-image-6730\" srcset=\"http:\/\/zonadelta.net\/atreides\/wp-content\/uploads\/2025\/11\/image.png 737w, http:\/\/zonadelta.net\/atreides\/wp-content\/uploads\/2025\/11\/image-216x300.png 216w\" sizes=\"auto, (max-width: 737px) 100vw, 737px\" \/><\/a><\/figure>\n\n\n\n<p>Desde 2019 la capital de Espa\u00f1a estaba hu\u00e9rfana de una gran feria del videojuego como fue la <a href=\"http:\/\/zonadelta.net\/atreides\/?p=3404\">Madrid Games Week<\/a>. A pesar de ser un gran \u00e9xito, en 2020 sobrevino la pandemia, no se pudo celebrar y ya no volvi\u00f3.<\/p>\n\n\n\n<p>En 2023 me preguntaba en este mismo Blog <a href=\"http:\/\/zonadelta.net\/atreides\/?p=5508\">d\u00f3nde estaba la Madrid Games Week<\/a>, pregunta que qued\u00f3 en el aire y hasta ahora no ten\u00edamos una respuesta con un nuevo sal\u00f3n y organizador.<\/p>\n\n\n<p><!--more--><\/p>\n\n\n<p>Ser\u00e1 GamePress, la editorial de la que hemos tra\u00eddo algunos de su libros al blog, como <a href=\"http:\/\/zonadelta.net\/atreides\/?p=5020\">Los misterios de Monkey Island<\/a> o <a href=\"http:\/\/zonadelta.net\/atreides\/?p=4885\">El libro de las aventuras gr\u00e1ficas<\/a>. Son muchos a\u00f1os de trayectoria editorial cuidando con mimo sus libros pero ahora se embarcan en la organizaci\u00f3n de un gran evento.&nbsp;<\/p>\n\n\n\n<figure class=\"wp-block-embed aligncenter is-type-photo is-provider-flickr wp-block-embed-flickr\"><div class=\"wp-block-embed__wrapper\">\n<a href=\"https:\/\/flic.kr\/p\/2kuBFZJ\"><img loading=\"lazy\" decoding=\"async\" src=\"https:\/\/live.staticflickr.com\/65535\/50863296488_ed1fbc528a_c.jpg\" alt=\"IMG_20210121_211903\" width=\"400\" height=\"800\" \/><\/a>\n<\/div><\/figure>\n\n\n\n<p>Por de pronto, tienen anunciados invitados de campanillas como Yuzo Koshiro, el legendario compositor de emblem\u00e1ticas bandas sonoras como los <a href=\"http:\/\/zonadelta.net\/atreides\/?p=3822\">Streets of Rage<\/a>, Shenmue (al que dedicamos una <a href=\"http:\/\/zonadelta.net\/atreides\/?p=3504\">entrada en el blog <\/a>y un Informe de misi\u00f3n en El Batall\u00f3n Pluto). o el reciente Shinobi The art of Vengeance, pr\u00f3ximamente en estas p\u00e1ginas.<\/p>\n\n\n\n<p>Tambi\u00e9n estar\u00e1 la leyenda de los videojuegos John Romero. El hombre que cambi\u00f3 la historia de los videojuegos en ID Software, a la que tambi\u00e9n dedicamos, no uno, sino tres especiales en El Batall\u00f3n Pluto, cocreador de Wolfenstein 3D, Doom, Quake o Daikatana, es una suerte poder escuchar su charla.<\/p>\n\n\n\n<figure class=\"wp-block-embed is-type-photo is-provider-flickr wp-block-embed-flickr\"><div class=\"wp-block-embed__wrapper\">\n<a href=\"https:\/\/flic.kr\/p\/2rEPBgH\"><img loading=\"lazy\" decoding=\"async\" src=\"https:\/\/live.staticflickr.com\/65535\/54916927507_d95cc7b224_z.jpg\" alt=\"Ila Screenshot 2025.10.27 - 21.08.00.01\" width=\"640\" height=\"360\" \/><\/a>\n<\/div><figcaption class=\"wp-element-caption\">Ila, The Frosty Glide<\/figcaption><\/figure>\n\n\n\n<p>Otro de los invitados que m\u00e1s me ilusiona es Marta Garc\u00eda Villar. Profunda conocedora del mundo Ghibli, acaba de estrenar su primer video juego \u201cIla, The Frosty Glide\u201d, y es una extraordinaria divulgadora adem\u00e1s de compa\u00f1era en El Batall\u00f3n Pluto.<\/p>\n\n\n\n<p>A m\u00ed me tiran mucho estos invitados, pero el Sal\u00f3n parece que no va a dejar nada al azar, con Zona de Juego con m\u00e1quinas retro, que es una de las cosas que m\u00e1s me gusta siempre en estos saraos. Poder jugar cl\u00e1sicos imposibles de ver actualmente o que jugaba de cr\u00edo en sus m\u00e1quinas originales es una &nbsp;gozada.<\/p>\n\n\n\n<figure class=\"wp-block-embed is-type-photo is-provider-flickr wp-block-embed-flickr\"><div class=\"wp-block-embed__wrapper\">\n<a href=\"https:\/\/flic.kr\/p\/2cscgcq\"><img loading=\"lazy\" decoding=\"async\" src=\"https:\/\/live.staticflickr.com\/1946\/45585043242_2e2a3c90ab_z.jpg\" alt=\"P1060356\" width=\"640\" height=\"360\" \/><\/a>\n<\/div><\/figure>\n\n\n\n<p>La zona de expositores comerciales me gusta tanto como me da miedo. Gracias a esta zona que tambi\u00e9n estaba en anteriores eventos consegu\u00ed <a href=\"http:\/\/zonadelta.net\/atreides\/?p=5856\">Final Fantasy VI<\/a> y <a href=\"http:\/\/zonadelta.net\/atreides\/?p=2826\">Chrono Trigger de Super Nintendo<\/a>, pero el peligro para la cartera es serio.<\/p>\n\n\n\n<figure class=\"wp-block-embed is-type-photo is-provider-flickr wp-block-embed-flickr\"><div class=\"wp-block-embed__wrapper\">\n<a href=\"https:\/\/flic.kr\/p\/2pAHPFy\"><img loading=\"lazy\" decoding=\"async\" src=\"https:\/\/live.staticflickr.com\/65535\/53557819066_91c0c92b32_z.jpg\" alt=\"Desktop Screenshot 2024.02.04 - 00.53.49.68\" width=\"640\" height=\"360\" \/><\/a>\n<\/div><figcaption class=\"wp-element-caption\">Final Fantasy VI<\/figcaption><\/figure>\n\n\n\n<p>La zona de desarrolladores es la que m\u00e1s me ilusiona junto con los invitados. Ver los videojuegos futuros, poder probarlos y luego poder traer aqu\u00ed mis impresiones justifica por s\u00ed solo asistir a un evento como este.<\/p>\n\n\n\n<p>Prometen tambi\u00e9n exposiciones y museo del videojuego, as\u00ed como la presencia de la ONG videojuegos por alimentos.<\/p>\n\n\n\n<p>Todo suena muy bien, pero quedan algunas dudas que espero que despejen pronto.<\/p>\n\n\n\n<p>Por lo que veo, el enfoque es distinto al de <a href=\"http:\/\/zonadelta.net\/atreides\/?p=2813\">Madrid Games Week<\/a>, parce m\u00e1s indie y m\u00e1s retro, lo que tampoco est\u00e1 nada mal. Aunque seguramente echaremos de menos que en este primer Sal\u00f3n del Videojuego de Madrid no se hayan apuntado Nintendo, Sony o Microsoft, o las grandes desarrolladoras.<\/p>\n\n\n\n<figure class=\"wp-block-image size-full\"><a href=\"http:\/\/zonadelta.net\/atreides\/wp-content\/uploads\/2025\/11\/image-2.png\"><img loading=\"lazy\" decoding=\"async\" width=\"1024\" height=\"576\" src=\"http:\/\/zonadelta.net\/atreides\/wp-content\/uploads\/2025\/11\/image-2.png\" alt=\"\" class=\"wp-image-6732\" srcset=\"http:\/\/zonadelta.net\/atreides\/wp-content\/uploads\/2025\/11\/image-2.png 1024w, http:\/\/zonadelta.net\/atreides\/wp-content\/uploads\/2025\/11\/image-2-300x169.png 300w, http:\/\/zonadelta.net\/atreides\/wp-content\/uploads\/2025\/11\/image-2-768x432.png 768w\" sizes=\"auto, (max-width: 1024px) 100vw, 1024px\" \/><\/a><figcaption class=\"wp-element-caption\">La Nave<\/figcaption><\/figure>\n\n\n\n<p>No conozco d\u00f3nde se desarrollar\u00e1 el evento pero suena muy bien que tenga 6000 metros cuadrados. El Sal\u00f3n es en <strong>La Nave <\/strong>C. Cifuentes, 5, Villaverde, 28021 Madrid. Tiene dos p\u00e1rkings cercanos y hasta all\u00ed llega el autob\u00fas 130, la l\u00ednea 3 de metro en la parada&nbsp; de Villaverde Bajo-Cruce o la l\u00ednea C5 de Cercan\u00edas en la parada de Humanes.<\/p>\n\n\n\n<p>La verdad, tengo muchas ganas de este nuevo Sal\u00f3n del Videojuego y, como en las anteriores ocasiones, aqu\u00ed os contaremos todo.<\/p>\n\n\n\n<p>Saludos fremen.<\/p>\n","protected":false},"excerpt":{"rendered":"<p>Desde 2019 la capital de Espa\u00f1a estaba hu\u00e9rfana de una gran feria del videojuego como fue la Madrid Games Week. A pesar de ser un gran \u00e9xito, en 2020 sobrevino la pandemia, no se pudo celebrar y ya no volvi\u00f3. En 2023 me preguntaba en este mismo Blog d\u00f3nde estaba la Madrid Games Week, pregunta &hellip; <a href=\"http:\/\/zonadelta.net\/atreides\/?p=6727\" class=\"more-link\">Sigue leyendo <span class=\"screen-reader-text\">\u00a1Madrid vuelve a tener Sal\u00f3n del Videojuego!<\/span><\/a><\/p>\n","protected":false},"author":2,"featured_media":0,"comment_status":"open","ping_status":"open","sticky":false,"template":"","format":"standard","meta":{"iawp_total_views":31,"footnotes":""},"categories":[1697,8],"tags":[2074,4237,2227,2149],"class_list":["post-6727","post","type-post","status-publish","format-standard","hentry","category-eventos","category-videojuegos","tag-john-romero","tag-la-nave","tag-marta-garcia-villar","tag-yuzo-koshiro"],"_links":{"self":[{"href":"http:\/\/zonadelta.net\/atreides\/index.php?rest_route=\/wp\/v2\/posts\/6727","targetHints":{"allow":["GET"]}}],"collection":[{"href":"http:\/\/zonadelta.net\/atreides\/index.php?rest_route=\/wp\/v2\/posts"}],"about":[{"href":"http:\/\/zonadelta.net\/atreides\/index.php?rest_route=\/wp\/v2\/types\/post"}],"author":[{"embeddable":true,"href":"http:\/\/zonadelta.net\/atreides\/index.php?rest_route=\/wp\/v2\/users\/2"}],"replies":[{"embeddable":true,"href":"http:\/\/zonadelta.net\/atreides\/index.php?rest_route=%2Fwp%2Fv2%2Fcomments&post=6727"}],"version-history":[{"count":4,"href":"http:\/\/zonadelta.net\/atreides\/index.php?rest_route=\/wp\/v2\/posts\/6727\/revisions"}],"predecessor-version":[{"id":6734,"href":"http:\/\/zonadelta.net\/atreides\/index.php?rest_route=\/wp\/v2\/posts\/6727\/revisions\/6734"}],"wp:attachment":[{"href":"http:\/\/zonadelta.net\/atreides\/index.php?rest_route=%2Fwp%2Fv2%2Fmedia&parent=6727"}],"wp:term":[{"taxonomy":"category","embeddable":true,"href":"http:\/\/zonadelta.net\/atreides\/index.php?rest_route=%2Fwp%2Fv2%2Fcategories&post=6727"},{"taxonomy":"post_tag","embeddable":true,"href":"http:\/\/zonadelta.net\/atreides\/index.php?rest_route=%2Fwp%2Fv2%2Ftags&post=6727"}],"curies":[{"name":"wp","href":"https:\/\/api.w.org\/{rel}","templated":true}]}}