{"id":6530,"date":"2025-05-03T12:29:08","date_gmt":"2025-05-03T10:29:08","guid":{"rendered":"http:\/\/zonadelta.net\/atreides\/?p=6530"},"modified":"2025-12-04T10:32:24","modified_gmt":"2025-12-04T09:32:24","slug":"el-cementerio-de-los-libros-olvidados-de-2025","status":"publish","type":"post","link":"http:\/\/zonadelta.net\/atreides\/?p=6530","title":{"rendered":"El cementerio de los libros olvidados de 2025 (I)"},"content":{"rendered":"\n<figure class=\"wp-block-image size-full\"><a href=\"http:\/\/zonadelta.net\/atreides\/wp-content\/uploads\/2025\/05\/image.png\"><img loading=\"lazy\" decoding=\"async\" width=\"1000\" height=\"667\" src=\"http:\/\/zonadelta.net\/atreides\/wp-content\/uploads\/2025\/05\/image.png\" alt=\"\" class=\"wp-image-6531\" srcset=\"http:\/\/zonadelta.net\/atreides\/wp-content\/uploads\/2025\/05\/image.png 1000w, http:\/\/zonadelta.net\/atreides\/wp-content\/uploads\/2025\/05\/image-300x200.png 300w, http:\/\/zonadelta.net\/atreides\/wp-content\/uploads\/2025\/05\/image-768x512.png 768w\" sizes=\"auto, (max-width: 1000px) 100vw, 1000px\" \/><\/a><\/figure>\n\n\n\n<p><\/p>\n\n\n\n<p>Comenzamos la secci\u00f3n de este a\u00f1o cuando estamos ya en el quinto mes. \u00bfPor qu\u00e9? Por Brandon Sanderson. Su inmensa \u00faltima novela me ha llevado cuatro meses leerla. Mientras tanto, muchos c\u00f3mics, juegos, pel\u00edculas y series, pero libros no.<\/p>\n\n\n\n<p>Comenzamos, por tanto, con Viento y Verdad  <\/p>\n\n\n<p><!--more--><\/p>\n\n\n<figure class=\"wp-block-embed aligncenter is-type-photo is-provider-flickr wp-block-embed-flickr\"><div class=\"wp-block-embed__wrapper\">\n<a href=\"https:\/\/flic.kr\/p\/2r2oHPm\"><img loading=\"lazy\" decoding=\"async\" src=\"https:\/\/live.staticflickr.com\/65535\/54493361374_8d5ac95bd0_c.jpg\" alt=\"IMG20250503113114\" width=\"555\" height=\"800\" \/><\/a>\n<\/div><\/figure>\n\n\n\n<p>La \u00faltima novela del Cosmere cierra el primer ciclo del Archivo de las Tormentas. Es una novela muy ambiciosa cuya historia transcurre en Roshar pero con vistas a expandirse por todo el Cosmere.<\/p>\n\n\n\n<p>En la anterior novela, <a href=\"http:\/\/zonadelta.net\/atreides\/?p=4922\">El ritmo de la guerra<\/a>, hab\u00edamos dejado el destino del planeta al resultado del duelo entre Dalinar y Odium.<\/p>\n\n\n\n<p>Contin\u00faa la historia a partir de aqu\u00ed con tremendas complicaciones para llegar a ello. Para empezar descubriremos que Odium no es el mismo sino que un antiguo amigo y enemigo es el que ha ascendido a ser este dios. El villano es uno de los personajes m\u00e1s interesantes, especialmente su evoluci\u00f3n desde ser un personaje secundario aunque con rasgos muy interesantes como su inteligencia y sus principios hasta llegar a ese nivel de poder y el incre\u00edble arte de la autojustificaci\u00f3n que maneja.<\/p>\n\n\n\n<p>La novela avanza d\u00eda a d\u00eda hasta superar los diez que quedan para el enfrentamiento.<\/p>\n\n\n\n<p>En este tiempo, Seth, el asesino de reyes, regresa a su tierra natal, Shinovar, para purgarla de la influencia de los Deshechos. Ser\u00e1 acompa\u00f1ado por Kaladin porque Dalinar le dice que lo acompa\u00f1e, que su nueva posici\u00f3n en el mundo, que se vio en la anterior novela, hace que sea m\u00e1s \u00fatil que otro guerrero.<\/p>\n\n\n\n<p>Otro personaje incre\u00edble es Kaladin. Ha pasado de esclavo a l\u00edder del Puente Cuatro, a Corredor del Viento y el mejor luchador con lanza que se haya visto pero esto cambia y pasa a guerrero con estr\u00e9s postraum\u00e1tico y de ah\u00ed a seguir la senda de su padre m\u00e9dico pero, en lugar de curar el cuerpo, curar el alma o m\u00e1s bien, los problemas de salud mental.<\/p>\n\n\n\n<blockquote class=\"wp-block-quote is-layout-flow wp-block-quote-is-layout-flow\">\n<p>Sanderson con mucha habilidad ha conseguido meter la psicolog\u00eda en la fantas\u00eda. Llevo d\u00e9cadas, literalmente, leyendo novelas de fantas\u00eda y es la primera vez que veo algo as\u00ed y que, adem\u00e1s, funcione tan bien.<\/p>\n<\/blockquote>\n\n\n\n<p>Adem\u00e1s, es muy interesante que lo empareje con Seth que es el personaje m\u00e1s roto de todos. Un esclavo que deb\u00eda obediencia al poseedor de una piedra y mataba seg\u00fan se lo ordenasen con una habilidad sin par.<\/p>\n\n\n\n<figure class=\"wp-block-embed aligncenter is-type-photo is-provider-flickr wp-block-embed-flickr\"><div class=\"wp-block-embed__wrapper\">\n<a href=\"https:\/\/flic.kr\/p\/2r2pxb6\"><img loading=\"lazy\" decoding=\"async\" src=\"https:\/\/live.staticflickr.com\/65535\/54493520685_8cc5b04d4c_c.jpg\" alt=\"IMG20250503113202\" width=\"555\" height=\"800\" \/><\/a>\n<\/div><figcaption class=\"wp-element-caption\">Tanavast, que fue Honor<\/figcaption><\/figure>\n\n\n\n<p>Juntemos a algunos de los Heraldos, que son los elegidos por Honor para defender Roshar, pero afectados por los miles de a\u00f1os luchando, en Shinovar y tendremos una parte de la historia muy interesante pues no solo conoceremos el pasado de Seth sino tambi\u00e9n los planes de Ishar el heraldo para Seth.<\/p>\n\n\n\n<p>&nbsp;El cambio de personaje que lleva el manto de Odium tambi\u00e9n conlleva el cambio de estrategia y, a pesar del acuerdo para el duelo, intentar\u00e1 conquistar el m\u00e1ximo de territorio antes de que este se d\u00e9 para asegurar un buen resultado gane o pierda.<\/p>\n\n\n\n<p>Esto provoca que se hayan de defender los reinos de los aliados.<\/p>\n\n\n\n<p>As\u00ed Adolin lucha en Azimir, aislados sin puertas juradas por las que poder escapar contra un enorme ej\u00e9rcito. La relaci\u00f3n entre Adolin y el emperador azishiano es muy fresca y estimulante. Un emperador que es tratado como una deidad y que apenas puede hablar nadie con \u00e9l con un pr\u00edncipe de Alezkar que es un gran general caracterizado por el contacto cercano y abierto con sus tropas. De esto sale algo bastante interesante.<\/p>\n\n\n\n<p>Sigzil y Venli enfrentan un enorme ataque en las Llanuras Quebradas. <\/p>\n\n\n\n<blockquote class=\"wp-block-quote is-layout-flow wp-block-quote-is-layout-flow\">\n<p>De hecho, una de las cosas m\u00e1s interesantes del libro es que los resultados de los distintos enfrentamientos no se ganan o se pierden y ya est\u00e1 sino que el resultado es sorprendente y en muchos casos queda lejos del esperado por ambos bandos. El sacrificio para lograr los objetivos o lo m\u00e1s parecido a los objetivos sucede a menudo. Perder algo para ganar algo.<\/p>\n<\/blockquote>\n\n\n\n<p>Otro buen ejemplo de esto que digo es Jasnah cuando se enfrenta directamente a Odium por Ciudad Thaylen.<\/p>\n\n\n\n<p>Si frenar los intentos de conquista de Odium es importante, derrotarlo en el duelo tambi\u00e9n los es.<\/p>\n\n\n\n<figure class=\"wp-block-embed is-type-photo is-provider-flickr wp-block-embed-flickr\"><div class=\"wp-block-embed__wrapper\">\n<a href=\"https:\/\/flic.kr\/p\/2r2ijJg\"><img loading=\"lazy\" decoding=\"async\" src=\"https:\/\/live.staticflickr.com\/65535\/54492308147_93150d62ef_z.jpg\" alt=\"IMG20250503113341\" width=\"640\" height=\"447\" \/><\/a>\n<\/div><figcaption class=\"wp-element-caption\">Mapa de Roshar<\/figcaption><\/figure>\n\n\n\n<p>As\u00ed, otra parte de la novela es la b\u00fasqueda de una forma de acabar con Odium.<\/p>\n\n\n\n<p>Dalinar y Navani buscan una ventaja en el Reino Espiritual, llegando all\u00ed con Gavinor. Aqu\u00ed se encontrar\u00e1n con recuerdos de distintos momentos de la historia de Roshar que les permitir\u00e1n entender mejor qu\u00e9 ha sucedido en todos estos miles de a\u00f1os. El viaje es una b\u00fasqueda del poder de Honor para poder enfrentarse a Odium, pero cuando tambi\u00e9n se convierte en el recuerdo de su propia historia.<\/p>\n\n\n\n<p>Es una pena que un personaje tan fascinante como Navani tenga un periplo mucho m\u00e1s reducido, casi residual, comparado con El ritmo de la guerra.<\/p>\n\n\n\n<p>Por su parte, Shallan, Renarin y Rlain tambi\u00e9n terminan en el Reino espiritual e investigan el misterio de Ba-Ado-Mishram y su papel en la esclavizaci\u00f3n de los cantores.<\/p>\n\n\n\n<p>Shallan contin\u00faa buscando manejar su personalidad m\u00faltiple mientras lucha para acabar con Mraize, su antiguo mentor y l\u00edder de los Sangre Espectral, una organizaci\u00f3n secreta de esp\u00edas y asesinos.<\/p>\n\n\n\n<p>Renarin y Rlain, pr\u00edncipe y el cantor que se uni\u00f3 al Puente cuatro, dan lugar a la primera relaci\u00f3n entre especies, algo muy sorprendente en el autor que pasa de puntillas por las relaciones rom\u00e1nticas.<\/p>\n\n\n\n<p>Todo desemboca en ese duelo que finaliza de forma muy inesperada encontr\u00e1ndonos de nuevo con el sacrificio, de nuevo con un final que no es ni lo que esperaba un bando no lo que deseaba el otro bando.<\/p>\n\n\n\n<p>Las consecuencias de este final se exploran brevemente, m\u00e1s cerca de preparar el nuevo ciclo de libros que de terminar la historia. Es un final pero no es el final sino que queda mucho por contar.<\/p>\n\n\n\n<figure class=\"wp-block-embed aligncenter is-type-photo is-provider-flickr wp-block-embed-flickr\"><div class=\"wp-block-embed__wrapper\">\n<a href=\"https:\/\/flic.kr\/p\/2r2p8U4\"><img loading=\"lazy\" decoding=\"async\" src=\"https:\/\/live.staticflickr.com\/65535\/54493442383_2c265a7265_c.jpg\" alt=\"IMG20250503113621\" width=\"554\" height=\"800\" \/><\/a>\n<\/div><figcaption class=\"wp-element-caption\">Una de las ilustraciones en blanco y negro que explican conceptos de la novela<\/figcaption><\/figure>\n\n\n\n<p>La novela me ha gustado mucho y me ha parecido un cierre de la historia muy poderoso y sorprendente volviendo al nivel de sus mejores libros. Sin embargo, no puedo evitar pensar que el autor cobra por p\u00e1gina escrita porque la historia se podr\u00eda contar con mil p\u00e1ginas menos. Tiene 2600 en e-book.<\/p>\n\n\n\n<p>Por otro lado, la prosa fluida y \u00e1gil junto con personajes y situaciones interesantes hace que esas p\u00e1ginas de m\u00e1s no sean molestas e incluso permitan ahondar m\u00e1s en la historia de cada uno.<\/p>\n\n\n\n<blockquote class=\"wp-block-quote is-layout-flow wp-block-quote-is-layout-flow\">\n<p>En definitiva una magn\u00edfica novela que necesita urgentemente, como todas desde la segunda de El archivo de las tormentas, de un resumen de situaci\u00f3n y un Dramatis Personae que recuerde qui\u00e9n es qui\u00e9n, as\u00ed como un glosario de t\u00e9rminos y conceptos.<\/p>\n<\/blockquote>\n\n\n\n<p>Es un poco pesado que, cada vez que sale una novela de esta saga, haya que mirar en la anterior para saber qui\u00e9n es alg\u00fan personaje o qu\u00e9 hizo en otra de las novelas anteriores. Sobre todo si, como yo, lees por la noche. Dentro de lo que cabe, es un poco m\u00e1s llevadero porque, al leer en e-Reader, pasar de una novela a otra es relativamente f\u00e1cil, como hacer b\u00fasquedas dentro de las otras novelas.<\/p>\n\n\n\n<p>Aun as\u00ed, se hace pesado y no quiero pensar lo que costar\u00e1 en papel pasar de una novela a otra cuando hablamos de tomos muy grandes y pesados.<\/p>\n\n\n\n<p>En cuanto a la edici\u00f3n, est\u00e1 muy bien, las ilustraciones son estupendas, con ilustraciones pintadas y otras en blanco y negro. En esto estoy muy contento con mi Kobo Clara Colour porque puedo disfrutar de esas ilustraciones a todo color.<\/p>\n\n\n\n<p>En definitiva un buen colof\u00f3n a esta primera pentalog\u00eda. Eso s\u00ed, quienes no hayan le\u00eddo las novelas anteriores, abstenerse. Es la quinta parte de una historia inmensa con m\u00e1s de cien personajes. Mucho mejor empezar desde el principio con <a href=\"http:\/\/zonadelta.net\/atreides\/?p=779\">El camino de los reyes<\/a> y, si gusta, seguir con los restantes.<\/p>\n\n\n\n<p><\/p>\n","protected":false},"excerpt":{"rendered":"<p>Comenzamos la secci\u00f3n de este a\u00f1o cuando estamos ya en el quinto mes. \u00bfPor qu\u00e9? Por Brandon Sanderson. Su inmensa \u00faltima novela me ha llevado cuatro meses leerla. Mientras tanto, muchos c\u00f3mics, juegos, pel\u00edculas y series, pero libros no. Comenzamos, por tanto, con Viento y Verdad<\/p>\n","protected":false},"author":2,"featured_media":0,"comment_status":"open","ping_status":"open","sticky":false,"template":"","format":"standard","meta":{"iawp_total_views":18,"footnotes":""},"categories":[93,80],"tags":[1137,4138],"class_list":["post-6530","post","type-post","status-publish","format-standard","hentry","category-fantasia","category-literatura","tag-brandon-sanderson","tag-viento-y-verdad"],"_links":{"self":[{"href":"http:\/\/zonadelta.net\/atreides\/index.php?rest_route=\/wp\/v2\/posts\/6530","targetHints":{"allow":["GET"]}}],"collection":[{"href":"http:\/\/zonadelta.net\/atreides\/index.php?rest_route=\/wp\/v2\/posts"}],"about":[{"href":"http:\/\/zonadelta.net\/atreides\/index.php?rest_route=\/wp\/v2\/types\/post"}],"author":[{"embeddable":true,"href":"http:\/\/zonadelta.net\/atreides\/index.php?rest_route=\/wp\/v2\/users\/2"}],"replies":[{"embeddable":true,"href":"http:\/\/zonadelta.net\/atreides\/index.php?rest_route=%2Fwp%2Fv2%2Fcomments&post=6530"}],"version-history":[{"count":5,"href":"http:\/\/zonadelta.net\/atreides\/index.php?rest_route=\/wp\/v2\/posts\/6530\/revisions"}],"predecessor-version":[{"id":6743,"href":"http:\/\/zonadelta.net\/atreides\/index.php?rest_route=\/wp\/v2\/posts\/6530\/revisions\/6743"}],"wp:attachment":[{"href":"http:\/\/zonadelta.net\/atreides\/index.php?rest_route=%2Fwp%2Fv2%2Fmedia&parent=6530"}],"wp:term":[{"taxonomy":"category","embeddable":true,"href":"http:\/\/zonadelta.net\/atreides\/index.php?rest_route=%2Fwp%2Fv2%2Fcategories&post=6530"},{"taxonomy":"post_tag","embeddable":true,"href":"http:\/\/zonadelta.net\/atreides\/index.php?rest_route=%2Fwp%2Fv2%2Ftags&post=6530"}],"curies":[{"name":"wp","href":"https:\/\/api.w.org\/{rel}","templated":true}]}}