{"id":6506,"date":"2025-04-21T11:50:45","date_gmt":"2025-04-21T09:50:45","guid":{"rendered":"http:\/\/zonadelta.net\/atreides\/?p=6506"},"modified":"2025-04-21T11:50:46","modified_gmt":"2025-04-21T09:50:46","slug":"zatanna-abajo-la-sala-de-mariko-tamaki-y-javier-rodriguez","status":"publish","type":"post","link":"http:\/\/zonadelta.net\/atreides\/?p=6506","title":{"rendered":"Zatanna: Abajo la sala de Mariko Tamaki y Javier Rodr\u00edguez"},"content":{"rendered":"<div class=\"wp-block-image\">\n<figure class=\"aligncenter size-large\"><a href=\"http:\/\/zonadelta.net\/atreides\/wp-content\/uploads\/2025\/04\/image-1.png\"><img loading=\"lazy\" decoding=\"async\" width=\"673\" height=\"1024\" src=\"http:\/\/zonadelta.net\/atreides\/wp-content\/uploads\/2025\/04\/image-1-673x1024.png\" alt=\"\" class=\"wp-image-6507\" srcset=\"http:\/\/zonadelta.net\/atreides\/wp-content\/uploads\/2025\/04\/image-1-673x1024.png 673w, http:\/\/zonadelta.net\/atreides\/wp-content\/uploads\/2025\/04\/image-1-197x300.png 197w, http:\/\/zonadelta.net\/atreides\/wp-content\/uploads\/2025\/04\/image-1-768x1168.png 768w, http:\/\/zonadelta.net\/atreides\/wp-content\/uploads\/2025\/04\/image-1.png 789w\" sizes=\"auto, (max-width: 673px) 100vw, 673px\" \/><\/a><\/figure><\/div>\n\n\n<p>Es estupendo que hayan elegido un personaje como Zatanna de la que, en realidad, al ser tan secundaria, no se sabe mucho m\u00e1s que es maga, sus hechizos funciona al hablar al rev\u00e9s y su padre es Zatara, que no est\u00e1 claro si es bueno o malo.<\/p>\n\n<!--more-->\n\n<figure class=\"wp-block-embed is-type-photo is-provider-flickr wp-block-embed-flickr\"><div class=\"wp-block-embed__wrapper\">\n<a href=\"https:\/\/flic.kr\/p\/2qYTnHF\"><img loading=\"lazy\" decoding=\"async\" src=\"https:\/\/live.staticflickr.com\/65535\/54465002525_8e1f377340_c.jpg\" alt=\"Foto_2025-04-20_234116 (2)\" width=\"506\" height=\"800\" \/><\/a>\n<\/div><\/figure>\n\n\n\n<p>Esto le deja un camino enorme a los guionistas para contar la historia que deseen de su origen y Mariko Tamaki (Roaming, Hulka) aprovecha muy bien para contar dos historias en paralelo, la de la ni\u00f1a que viv\u00eda con su padre en una mansi\u00f3n que recordaba a un castillo y la de la adulta que trabaja como prestidigitadora, que no maga, en Las Vegas.<\/p>\n\n\n\n<p>La aparici\u00f3n de acontecimientos sobrenaturales como un enorme monstruo en su espect\u00e1culo, har\u00e1 que se vea inmersa en una guerra de magos que se remonta a su ni\u00f1ez.<\/p>\n\n\n\n<figure class=\"wp-block-embed is-type-photo is-provider-flickr wp-block-embed-flickr\"><div class=\"wp-block-embed__wrapper\">\n<a href=\"https:\/\/flic.kr\/p\/2qYTnHL\"><img loading=\"lazy\" decoding=\"async\" src=\"https:\/\/live.staticflickr.com\/65535\/54465002530_54b6e54cc0_c.jpg\" alt=\"Documento_2025-04-20_234815\" width=\"503\" height=\"800\" \/><\/a>\n<\/div><\/figure>\n\n\n\n<p>Acompa\u00f1amos a Zatanna en su descubrimiento de sus poderes as\u00ed como de su relaci\u00f3n con su padre. Por el camino conocemos a la Desconocida, una especie de maga de batalla, m\u00e1s sobre Zatara y sobre los conejos.<\/p>\n\n\n\n<p>Hay enfrentamientos muy emocionantes, acontecimientos de lo m\u00e1s surrealista y una labor de autodescubrimiento acelerada por parte de Zatanna.<\/p>\n\n\n\n<p>Todo esto est\u00e1 maravillosamente ilustrado por Javier Rodr\u00edguez (Superman, La orden de la l\u00e1mpara negra) uno de esos autores dotados con un talento descomunal y que sigue la l\u00ednea de otros autores espa\u00f1oles como Germ\u00e1n Garc\u00eda o Javier Pulido. Su estilo me recuerda al de Steve Rude (Nexus).<\/p>\n\n\n\n<figure class=\"wp-block-embed is-type-photo is-provider-flickr wp-block-embed-flickr\"><div class=\"wp-block-embed__wrapper\">\n<a href=\"https:\/\/flic.kr\/p\/2qYTnHA\"><img loading=\"lazy\" decoding=\"async\" src=\"https:\/\/live.staticflickr.com\/65535\/54465002520_ded4e579fe_c.jpg\" alt=\"Foto_2025-04-20_234555 (3)\" width=\"502\" height=\"800\" \/><\/a>\n<\/div><\/figure>\n\n\n\n<p>La historia es muy entretenida, la aparici\u00f3n de Constantine es genial, sobre todo porque no roba todo el protagonismo a Zatanna como suele hacer siempre que aparece en cualquier colecci\u00f3n.<\/p>\n\n\n\n<p>Es una miniserie de cinco n\u00fameros que es parte de la primera tanda de lanzamientos de Panini comics desde que se hizo con los derechos del Universo DC.<\/p>\n\n\n\n<figure class=\"wp-block-embed is-type-photo is-provider-flickr wp-block-embed-flickr\"><div class=\"wp-block-embed__wrapper\">\n<a href=\"https:\/\/flic.kr\/p\/2qYSTDY\"><img loading=\"lazy\" decoding=\"async\" src=\"https:\/\/live.staticflickr.com\/65535\/54464908118_69fd91630d_c.jpg\" alt=\"2025-04-20_233035\" width=\"529\" height=\"800\" \/><\/a>\n<\/div><figcaption class=\"wp-element-caption\">La ilustraci\u00f3n de la cubierta de carton\u00e9<\/figcaption><\/figure>\n\n\n\n<p>Su edici\u00f3n es impecable. Tama\u00f1o c\u00f3mic americano, tiene una preciosa sobrecubierta, unas tapas de carton\u00e9 con una ilustraci\u00f3n estupenda, la miniserie, una gran entrevista a Javier Rodr\u00edguez y algunas portadas alternativas de Jorge Jim\u00e9nez o Mikel Jan\u00edn, entre otros.<\/p>\n\n\n\n<p>Por el contrario, no ha sido uno de los c\u00f3mics que han salido a mitad de precio como los n\u00fameros uno de Batman, por ejemplo, sino que sale a precio completo de 26 \u20ac. Sin embargo merece mucho la pena. Para m\u00ed, mucho m\u00e1s interesante que Superman La orden de la l\u00e1mpara negra, que se vuelve a publicar tambi\u00e9n este mes.<\/p>\n\n\n\n<p>Saludos fremen.<\/p>\n","protected":false},"excerpt":{"rendered":"<p>Es estupendo que hayan elegido un personaje como Zatanna de la que, en realidad, al ser tan secundaria, no se sabe mucho m\u00e1s que es maga, sus hechizos funciona al hablar al rev\u00e9s y su padre es Zatara, que no est\u00e1 claro si es bueno o malo.<\/p>\n","protected":false},"author":2,"featured_media":0,"comment_status":"open","ping_status":"open","sticky":false,"template":"","format":"standard","meta":{"iawp_total_views":32,"footnotes":""},"categories":[10,92],"tags":[4133,4134,1194,1657,4132,4130],"class_list":["post-6506","post","type-post","status-publish","format-standard","hentry","category-comic","category-superheroes","tag-german-garcia","tag-javier-pulido","tag-john-constantine","tag-panini","tag-steve-rude","tag-zatara"],"_links":{"self":[{"href":"http:\/\/zonadelta.net\/atreides\/index.php?rest_route=\/wp\/v2\/posts\/6506","targetHints":{"allow":["GET"]}}],"collection":[{"href":"http:\/\/zonadelta.net\/atreides\/index.php?rest_route=\/wp\/v2\/posts"}],"about":[{"href":"http:\/\/zonadelta.net\/atreides\/index.php?rest_route=\/wp\/v2\/types\/post"}],"author":[{"embeddable":true,"href":"http:\/\/zonadelta.net\/atreides\/index.php?rest_route=\/wp\/v2\/users\/2"}],"replies":[{"embeddable":true,"href":"http:\/\/zonadelta.net\/atreides\/index.php?rest_route=%2Fwp%2Fv2%2Fcomments&post=6506"}],"version-history":[{"count":2,"href":"http:\/\/zonadelta.net\/atreides\/index.php?rest_route=\/wp\/v2\/posts\/6506\/revisions"}],"predecessor-version":[{"id":6509,"href":"http:\/\/zonadelta.net\/atreides\/index.php?rest_route=\/wp\/v2\/posts\/6506\/revisions\/6509"}],"wp:attachment":[{"href":"http:\/\/zonadelta.net\/atreides\/index.php?rest_route=%2Fwp%2Fv2%2Fmedia&parent=6506"}],"wp:term":[{"taxonomy":"category","embeddable":true,"href":"http:\/\/zonadelta.net\/atreides\/index.php?rest_route=%2Fwp%2Fv2%2Fcategories&post=6506"},{"taxonomy":"post_tag","embeddable":true,"href":"http:\/\/zonadelta.net\/atreides\/index.php?rest_route=%2Fwp%2Fv2%2Ftags&post=6506"}],"curies":[{"name":"wp","href":"https:\/\/api.w.org\/{rel}","templated":true}]}}