{"id":649,"date":"2015-06-10T09:36:58","date_gmt":"2015-06-10T09:36:58","guid":{"rendered":"http:\/\/zonadelta.net\/atreides\/?p=649"},"modified":"2015-06-10T09:38:28","modified_gmt":"2015-06-10T09:38:28","slug":"el-mundo-es-nuestro","status":"publish","type":"post","link":"http:\/\/zonadelta.net\/atreides\/?p=649","title":{"rendered":"El mundo es nuestro"},"content":{"rendered":"<p style=\"text-align: justify;\"><img loading=\"lazy\" decoding=\"async\" class=\"alignnone\" src=\"http:\/\/www.elmulticine.com\/imagenes\/carteles\/3\/mundo-nuestro-post4-b.jpg\" alt=\"\" width=\"595\" height=\"848\" \/>Hay que quitarse el sombrero. Vi la pel\u00edcula sin saber nada de ella y creo que es una de las pel\u00edculas m\u00e1s divertidas que he visto este a\u00f1o. Y eso que trata temas muy gordos, pero son el sustrato, lo que queda despu\u00e9s, mientras que la forma de contarlo es un brillante esperpento que har\u00eda sentirse orgulloso al mism\u00edsimo Valle-Incl\u00e1n.<\/p>\n<p><iframe loading=\"lazy\" title=\"TRAILER EL MUNDO ES NUESTRO HD.mov\" width=\"660\" height=\"371\" src=\"https:\/\/www.youtube.com\/embed\/CfHdoZA_ezA?feature=oembed\" frameborder=\"0\" allow=\"accelerometer; autoplay; clipboard-write; encrypted-media; gyroscope; picture-in-picture; web-share\" referrerpolicy=\"strict-origin-when-cross-origin\" allowfullscreen><\/iframe><\/p>\n<p><!--more--><\/p>\n<p style=\"text-align: justify;\">Billy Wilder es uno de los mejores directores de la historia y de eso de hacer comedia sab\u00eda bastante (\u00abCon faldas y a lo loco\u00bb, \u00abEn bandeja de plata\u00bb, \u00abIrma la dulce\u00bb, \u00ab1,2,3\u00bb) y dec\u00eda que, por muy divertido que pueda resultar para el espectador, lo que sucede tiene que ser muy serio para el personaje.<\/p>\n<p style=\"text-align: justify;\">Esta regla se cumple a rajatabla, los dos atracadores protagonistas, El culebra (Alberto L\u00f3pez, All\u00ed abajo) y El cabesa (Alfonso S\u00e1nchez, All\u00ed abajo) atracan vestidos de nazarenos una sucursal en Sevilla. Cada uno de los personajes secuestrados tiene su historia que para ellos es bien seria como el parado que no llega a sellarlo y al que el director le afea que vaya con el mono de trabajo estando parado mientras trapichea con un empresario \u00abbien conectado\u00bb tambi\u00e9n secuestrado. Cuando el atraco est\u00e1 listo entra un suicida con un cintur\u00f3n de explosivos que quiere salir en televisi\u00f3n o se lleva a todos por delante y se ampl\u00eda el atraco.<\/p>\n<p style=\"text-align: justify;\">Los temas de la especulaci\u00f3n, la corrupci\u00f3n, el paro, el doble rasero, el fariseismo, la responsabilidad del gobierno en el cierre de muchas empresas y la complicidad de la banca son asuntos que parecen m\u00e1s propios de las noticias o de una pel\u00edcula de intriga. Pues bien \u00bfC\u00f3mo se ha podido crear una comedia tan divertida bas\u00e1ndose en todo eso?<\/p>\n<p style=\"text-align: justify;\">Pues haci\u00e9ndola bien, pasando la realidad por a trav\u00e9s de un espejo deformante en el que se lleva al extremo a los personajes y al absurdo, como la importancia de las procesiones en Sevilla en uno de los mejores momentos de la pel\u00edcula, entre muchos otros.<\/p>\n<p style=\"text-align: justify;\">Los actores principales dan de lleno en el clavo. Varios de ellos son parte de los protagonistas de la serie All\u00ed Abajo, una de las mejores series de comedia que se han hecho en Espa\u00f1a. Destaca para mal Pepe Quero, que hace de comisario y cuya interpretaci\u00f3n es una de las m\u00e1s planas que he visto nunca. Encima bien rodeado de actores que hacen un buen papel, se nota a\u00fan m\u00e1s.<\/p>\n<p style=\"text-align: justify;\">Vista la pel\u00edcula averig\u00fc\u00e9 un poco m\u00e1s sobre ella. El director y escritor, Alfonso S\u00e1nchez consigui\u00f3 sacar la pel\u00edcula adelante gracias a una campa\u00f1a de crowfunding en que la gente iba aportando lo que quer\u00eda, m\u00ednimo 120 \u20ac, a cambio de salir en los cr\u00e9ditos y participaci\u00f3n en los beneficios si los hubiera. Al final la hicieron con 600.000 \u20ac, lo que es un presupuesto diminuto, pero que se ha utilizado francamente bien y la pel\u00edcula nunca da la sensaci\u00f3n de que necesitara m\u00e1s de lo que hay.<\/p>\n<p style=\"text-align: justify;\">El ayuntamiento de Sevilla, fiel a su labor de ayudar, permiti\u00f3 que se instalaran m\u00e1s tarde las luces de Navidad para que se pudiera rodar la pel\u00edcula que transcurre en la Semana Santa de 2012. Cuando fueron a rodar, las luces navide\u00f1as estaban ya instaladas. La forma de resolverlo y la participaci\u00f3n de la actriz Mari Paz Sayago (Dolores en All\u00ed Abajo) como reportera est\u00e1n especialmente inspiradas.<\/p>\n<p style=\"text-align: justify;\">En resumidas cuentas, se puede ver como una comedia muy divertida o como una radiograf\u00eda social durante la crisis, pero en cualquier caso merece mucho la pena. Por encontrarle alguna pega, a veces se echan de menos los subt\u00edtulos, primero porque el acento sevillano cerrado de algunos y la velocidad al hablar cuestan para entenderlos y por otro lado porque las carcajadas impiden o\u00edr lo siguiente que est\u00e1n diciendo. Billy Wilder ese problema se lo encontr\u00f3 en \u00abCon Faldas y a lo loco\u00bb. En el pase previo de la pel\u00edcula vio que en la secuencia de Jack Lemmon en que le cuenta a Tony Curtis que est\u00e1 enamorado, las carcajadas tapaban la mitad de los di\u00e1logos y, para resolverlo, le dio a Jack Lemmon unas maracas. Cuando terminaba de hablar medio bailaba con ellas mientras se acallaban las carcajadas y pod\u00eda seguir. Aqu\u00ed no est\u00e1 resuelto y es una pena porque los di\u00e1logos son brillantes.<\/p>\n<p style=\"text-align: justify;\">Muy, muy recomendable.<\/p>\n<p style=\"text-align: justify;\">Saludos fremen.<\/p>\n","protected":false},"excerpt":{"rendered":"<p>Hay que quitarse el sombrero. Vi la pel\u00edcula sin saber nada de ella y creo que es una de las pel\u00edculas m\u00e1s divertidas que he visto este a\u00f1o. Y eso que trata temas muy gordos, pero son el sustrato, lo que queda despu\u00e9s, mientras que la forma de contarlo es un brillante esperpento que har\u00eda &hellip; <a href=\"http:\/\/zonadelta.net\/atreides\/?p=649\" class=\"more-link\">Sigue leyendo <span class=\"screen-reader-text\">El mundo es nuestro<\/span><\/a><\/p>\n","protected":false},"author":2,"featured_media":0,"comment_status":"open","ping_status":"open","sticky":false,"template":"","format":"standard","meta":{"iawp_total_views":6,"footnotes":""},"categories":[20,91],"tags":[269,268,271,270,272],"class_list":["post-649","post","type-post","status-publish","format-standard","hentry","category-cine","category-comedia","tag-alberto-lopez","tag-alfonso-sanchez","tag-el-cabesa","tag-el-culebra","tag-mari-paz-sayago"],"_links":{"self":[{"href":"http:\/\/zonadelta.net\/atreides\/index.php?rest_route=\/wp\/v2\/posts\/649","targetHints":{"allow":["GET"]}}],"collection":[{"href":"http:\/\/zonadelta.net\/atreides\/index.php?rest_route=\/wp\/v2\/posts"}],"about":[{"href":"http:\/\/zonadelta.net\/atreides\/index.php?rest_route=\/wp\/v2\/types\/post"}],"author":[{"embeddable":true,"href":"http:\/\/zonadelta.net\/atreides\/index.php?rest_route=\/wp\/v2\/users\/2"}],"replies":[{"embeddable":true,"href":"http:\/\/zonadelta.net\/atreides\/index.php?rest_route=%2Fwp%2Fv2%2Fcomments&post=649"}],"version-history":[{"count":1,"href":"http:\/\/zonadelta.net\/atreides\/index.php?rest_route=\/wp\/v2\/posts\/649\/revisions"}],"predecessor-version":[{"id":650,"href":"http:\/\/zonadelta.net\/atreides\/index.php?rest_route=\/wp\/v2\/posts\/649\/revisions\/650"}],"wp:attachment":[{"href":"http:\/\/zonadelta.net\/atreides\/index.php?rest_route=%2Fwp%2Fv2%2Fmedia&parent=649"}],"wp:term":[{"taxonomy":"category","embeddable":true,"href":"http:\/\/zonadelta.net\/atreides\/index.php?rest_route=%2Fwp%2Fv2%2Fcategories&post=649"},{"taxonomy":"post_tag","embeddable":true,"href":"http:\/\/zonadelta.net\/atreides\/index.php?rest_route=%2Fwp%2Fv2%2Ftags&post=649"}],"curies":[{"name":"wp","href":"https:\/\/api.w.org\/{rel}","templated":true}]}}