{"id":6468,"date":"2025-03-31T11:58:21","date_gmt":"2025-03-31T09:58:21","guid":{"rendered":"http:\/\/zonadelta.net\/atreides\/?p=6468"},"modified":"2025-03-31T17:11:29","modified_gmt":"2025-03-31T15:11:29","slug":"cronica-de-la-feria-del-comic-de-madrid-2025","status":"publish","type":"post","link":"http:\/\/zonadelta.net\/atreides\/?p=6468","title":{"rendered":"Cr\u00f3nica de la Feria del C\u00f3mic de Madrid 2025"},"content":{"rendered":"\n<figure class=\"wp-block-embed is-type-photo is-provider-flickr wp-block-embed-flickr\"><div class=\"wp-block-embed__wrapper\">\n<a href=\"https:\/\/flic.kr\/p\/2qV3Spc\"><img loading=\"lazy\" decoding=\"async\" src=\"https:\/\/live.staticflickr.com\/65535\/54421589033_0f1c3265ba_c.jpg\" alt=\"CartelFeriaComic25_a4_AF_CMYK\" width=\"566\" height=\"800\" \/><\/a>\n<\/div><\/figure>\n\n\n\n<p>Desde 2023 no se organizaba un evento de c\u00f3mic, despu\u00e9s del cacareado triunfo de la <a href=\"http:\/\/zonadelta.net\/atreides\/?p=5711\">Madrid Comic Pop Up<\/a> y el anuncio de que se celebrar\u00eda otro el siguiente a\u00f1o, esto no pas\u00f3 y, como vaticinamos, nos quedamos en 2024 sin ning\u00fan sal\u00f3n del c\u00f3mic aunque fuera uno tan paup\u00e9rrimo como ese.<\/p>\n\n\n\n<p>As\u00ed que es de celebrar que las librer\u00edas se hayan unido a la causa de Elisa McCausland y hayan organizado esta primera feria. <\/p>\n\n\n\n<p>El t\u00edtulo no enga\u00f1a y de hecho se parece much\u00edsimo a la Feria del Libro de Madrid. Es m\u00e1s, son las mismas casetas pero en lugar de hacerlo en el Retiro, es en la plaza del antiguo Matadero de Madrid.<\/p>\n\n\n\n<p><\/p>\n\n\n<p><!--more--><\/p>\n\n\n<figure class=\"wp-block-embed is-type-photo is-provider-flickr wp-block-embed-flickr\"><div class=\"wp-block-embed__wrapper\">\n<a href=\"https:\/\/flic.kr\/p\/2qV3TsQ\"><img loading=\"lazy\" decoding=\"async\" src=\"https:\/\/live.staticflickr.com\/65535\/54421592608_8506b0a3e9_z.jpg\" alt=\"Imagen de WhatsApp 2025-03-29 a las 11.32.48_b28f8f37\" width=\"640\" height=\"288\" \/><\/a>\n<\/div><\/figure>\n\n\n\n<p>El sitio est\u00e1 muy bien, bien comunicado y con multitud de restaurantes y bares en los alrededores. <\/p>\n\n\n\n<p>Adem\u00e1s, es completamente gratuita salvo que quieras ver en la cineteca una de las dos pel\u00edculas seleccionadas por el tema que tratan para la ocasi\u00f3n, que ah\u00ed si hay que comprar entrada.<\/p>\n\n\n\n<p>Las charlas son interesantes. He disfrutado una sobre la Ciudad Noir con Teresa Valero (Contrapaso, Curiosity Shop), Juanjo Guarnido (Blacksad, El Busc\u00f3n) y Juan D\u00edaz Canales (Blacksad, Corto Ma\u00b4lt\u00e9s) dirigido por la propia McCausland que ha sido fant\u00e1stica, muy interesante la visi\u00f3n de la ciudad de tres autores tan urbanos en sus historias. Un aut\u00e9ntico lujo, el auditorio estaba casi completo.<\/p>\n\n\n\n<figure class=\"wp-block-embed is-type-photo is-provider-flickr wp-block-embed-flickr\"><div class=\"wp-block-embed__wrapper\">\n<a href=\"https:\/\/flic.kr\/p\/2qV3AgG\"><img loading=\"lazy\" decoding=\"async\" src=\"https:\/\/live.staticflickr.com\/65535\/54421534774_93dfbcbabb_z.jpg\" alt=\"IMG20250329113942\" width=\"640\" height=\"288\" \/><\/a>\n<\/div><figcaption class=\"wp-element-caption\">Juanjo Guarnido, Teresa Valero y Juan D\u00edaz Canales con Elisa McCausland de moderadora. Se la ve\u00eda c\u00f3moda y tiene una voz de locutora de radio espectacular.<\/figcaption><\/figure>\n\n\n\n<p>Adem\u00e1s de charlas hay talleres para ni\u00f1os y adultos.<\/p>\n\n\n\n<p>Los autores invitados, todos ellos espa\u00f1oles, firman en las casetas de las librer\u00edas y esta vez han sido casi todos ellos autores de c\u00f3mic nacional o europeo, con menos presencia de autores de superh\u00e9roes, aunque Caf\u00fa o Pepe Larraz s\u00ed est\u00e1n.<\/p>\n\n\n\n<p>Pero sobre todo a los tres citados se unen dibujantes como Montse Mart\u00edn (Curiosity Shop), que tuvo la deferencia de firmarme el c\u00f3mic aunque llevaba ya dos horas dibujando y no llegaba a la reserva del restaurante, eran ya las 14.00. <\/p>\n\n\n\n<p>Adem\u00e1s de ella, Carla Berrocal, Carlos Portela, el legendario Daniel Torres, Paco Roca, Albert Monteys o Aneke, entre otros.<\/p>\n\n\n\n<p>Las colas para las firmas en general han sido grandes con algunas inmensas como las de Guarnido y Canales.<\/p>\n\n\n\n<p>Ha sido agradable volver a ver a gente como Juanjo Torres, que nos vemos en estos saraos, o encontrarme con Chechu, mi librero de confianza y que hoy record\u00e1bamos cuando llev\u00f3 a Enigma C\u00f3mics, su tienda, a Guarnido y Canales para que firmaran el segundo tomo de Blacksad.<\/p>\n\n\n\n<p>En general lo hemos pasado bien pero conf\u00edo que para las siguientes ediciones se mejore<\/p>\n\n\n\n<figure class=\"wp-block-embed is-type-photo is-provider-flickr wp-block-embed-flickr\"><div class=\"wp-block-embed__wrapper\">\n<a href=\"https:\/\/flic.kr\/p\/2qV3VuW\"><img loading=\"lazy\" decoding=\"async\" src=\"https:\/\/live.staticflickr.com\/65535\/54421599458_825649aebf_c.jpg\" alt=\"IMG20250331113939\" width=\"589\" height=\"800\" \/><\/a>\n<\/div><figcaption class=\"wp-element-caption\">El primero fue magn\u00edfico, una alegr\u00eda que saliera el segundo. Eso s\u00ed, que te lo firmara era una locura, qu\u00e9 colas<\/figcaption><\/figure>\n\n\n\n<p>El evento tiene su parte comercial y su parte cultural. En cuanto a la comercial, en general muy bien, por ejemplo, que sea gratis y muy bien que todos los libros y c\u00f3mics tengan un 10%  de descuento. <\/p>\n\n\n\n<p>Contrapaso 2 se iba a venir a casa igualmente, pero es una alegr\u00eda ese descuentillo.<\/p>\n\n\n\n<p>Pero he echado de menos que hubiera venta de originales. <\/p>\n\n\n\n<p>Tambi\u00e9n es genial que haya tantas librer\u00edas, pero he echado de menos el merchandising. Hace mucho que los c\u00f3mics traspasaron su esfera. Hoy llevaa unos calcetines de Batman, una camiseta de La gran ola de Kanagawa con el barco de Luffy de One Piece surc\u00e1ndola y el reloj de Tintin de Viaje a la Luna, adem\u00e1s de un pin de Star Trek. Pues nada de todo eso se podr\u00eda comprar en la Feria.<\/p>\n\n\n\n<p>Tampoco hab\u00eda food trucks o tiendas de comidas con bubbles teas y otras cosas. No es grave porque hay un mont\u00f3n de restaurantes fuera, pero es pr\u00e1ctico poder comer algo all\u00ed mismo. Nosotros hemos comido en un restaurante japon\u00e9s estupendo a seis minutos de all\u00ed.<\/p>\n\n\n\n<p>En cuanto a la parte cultural, es la m\u00e1s floja.<\/p>\n\n\n\n<p>Por de pronto, no hay exposiciones. Ni una. Es una l\u00e1stima porque se cumplen 25 a\u00f1os de Blacksad y hubiera sido el lugar m\u00e1s id\u00f3neo. <\/p>\n\n\n\n<p>Reamente las he echado de menos, para m\u00ed son uno de los elementos m\u00e1s importantes porque las librer\u00edas ya est\u00e1n, los c\u00f3mics se pueden comprar all\u00ed e incluso te los llevan a casa. Incluso las firmas y dibujos son m\u00e1s f\u00e1ciles de conseguir cuando una librer\u00eda invita a un autor que en la Feria pues hay demasiada gente y las colas son interminables.<\/p>\n\n\n\n<p>Pero las charlas y las exposiciones son lo que hacen m\u00e1s interesante ir a un evento. <\/p>\n\n\n\n<p>Las exposiciones son tan importantes porque es el \u00fanico sitio d\u00f3nde las vas a poder ver. No tenemos en Espa\u00f1a un museo del c\u00f3mic como s\u00ed lo hay en Bruselas o en Angulema. La \u00fanica posibilidad de ver la obra y la trayectoria de Daniel Torres, por ejemplo, ser\u00eda en una exposici\u00f3n en un sal\u00f3n del c\u00f3mic. <\/p>\n\n\n\n<p>As\u00ed que espero que para el a\u00f1o que viene la comisaria las incluya. Lo espero con mucho optimismo porque estoy bastante seguro de que si no han habido m\u00e1s eventos culturales o exposiciones ha sido por la falta de tiempo para organizarlo mejor.<\/p>\n\n\n\n<p>Es una pena que, despu\u00e9s de esperar una cola u otra, mires a tu alrededor y, aparte de casetas de venta, no haya nada que ver.<\/p>\n\n\n\n<figure class=\"wp-block-embed is-type-photo is-provider-flickr wp-block-embed-flickr\"><div class=\"wp-block-embed__wrapper\">\n<a href=\"https:\/\/flic.kr\/p\/2qV2G7i\"><img loading=\"lazy\" decoding=\"async\" src=\"https:\/\/live.staticflickr.com\/65535\/54421359301_6b4c8c5c5c_z.jpg\" alt=\"Imagen de WhatsApp 2025-03-29 a las 14.45.47_5da857de\" width=\"640\" height=\"288\" \/><\/a>\n<\/div><figcaption class=\"wp-element-caption\">Montse Mart\u00edn firmando en Mujeres y Compa\u00f1\u00eda su c\u00f3mic Curiosity Shop<\/figcaption><\/figure>\n\n\n\n<p>Los autores. Est\u00e1n muy bien como dije antes pero estar\u00eda genial tener autores extranjeros, europeos, latinoamericanos, japoneses y de Estados Unidos.<\/p>\n\n\n\n<p>El cartel. No s\u00e9 si ser\u00e1 extraordinario, del mont\u00f3n o malo, pero s\u00ed que a m\u00ed, sinti\u00e9ndolo mucho, es el que menos me ha gustado de todos los salones del C\u00f3mic, Expo C\u00f3mic, H\u00e9roes C\u00f3mic Con o Madrid C\u00f3mic Pop Up que se han celebrado. No digo que sea malo, seguramente en su estilo sea muy bueno, pero no encaja con mis gustos<\/p>\n\n\n\n<p>Ha estado muy bien contar con editoriales como Astiberri, Norma, Moztros o Planeta, pero estar\u00eda muy bien que estuviera tambi\u00e9n Panini que ahora lleva tanto Marvel como DC. Yermo, que publica mucho \u00e1lbum europeo, o Drakul con  sus ediciones de Star Trek y c\u00f3mics propios como Dark Investment de Javier Ara.<\/p>\n\n\n\n<p>Tampoco ha habido nada de cosplay.<\/p>\n\n\n\n<p>Por \u00faltimo, respecto a la web estar\u00eda muy bien que se incluyera una peque\u00f1a biograf\u00eda de cada invitado porque no hay nada sobre ellos.<\/p>\n\n\n\n<p>En general una primera Feria que lo que hace no est\u00e1 mal pero que se queda muy corta. Espero que el a\u00f1o que viene repita y sea mucho m\u00e1s ambiciosa.<\/p>\n\n\n\n<p>Saludos fremen<\/p>\n\n\n\n<p><\/p>\n\n\n\n<p><\/p>\n\n\n\n<p><\/p>\n","protected":false},"excerpt":{"rendered":"<p>Desde 2023 no se organizaba un evento de c\u00f3mic, despu\u00e9s del cacareado triunfo de la Madrid Comic Pop Up y el anuncio de que se celebrar\u00eda otro el siguiente a\u00f1o, esto no pas\u00f3 y, como vaticinamos, nos quedamos en 2024 sin ning\u00fan sal\u00f3n del c\u00f3mic aunque fuera uno tan paup\u00e9rrimo como ese. As\u00ed que es &hellip; <a href=\"http:\/\/zonadelta.net\/atreides\/?p=6468\" class=\"more-link\">Sigue leyendo <span class=\"screen-reader-text\">Cr\u00f3nica de la Feria del C\u00f3mic de Madrid 2025<\/span><\/a><\/p>\n","protected":false},"author":2,"featured_media":0,"comment_status":"open","ping_status":"open","sticky":false,"template":"","format":"standard","meta":{"iawp_total_views":18,"footnotes":""},"categories":[10,1697],"tags":[4114,3077,3078,4115,4112,4020],"class_list":["post-6468","post","type-post","status-publish","format-standard","hentry","category-comic","category-eventos","tag-elisa-mccausland","tag-juan-diaz-canales","tag-juanjo-guarnido","tag-matadero-de-madrid","tag-montse-martin-2","tag-teresa-valero"],"_links":{"self":[{"href":"http:\/\/zonadelta.net\/atreides\/index.php?rest_route=\/wp\/v2\/posts\/6468","targetHints":{"allow":["GET"]}}],"collection":[{"href":"http:\/\/zonadelta.net\/atreides\/index.php?rest_route=\/wp\/v2\/posts"}],"about":[{"href":"http:\/\/zonadelta.net\/atreides\/index.php?rest_route=\/wp\/v2\/types\/post"}],"author":[{"embeddable":true,"href":"http:\/\/zonadelta.net\/atreides\/index.php?rest_route=\/wp\/v2\/users\/2"}],"replies":[{"embeddable":true,"href":"http:\/\/zonadelta.net\/atreides\/index.php?rest_route=%2Fwp%2Fv2%2Fcomments&post=6468"}],"version-history":[{"count":5,"href":"http:\/\/zonadelta.net\/atreides\/index.php?rest_route=\/wp\/v2\/posts\/6468\/revisions"}],"predecessor-version":[{"id":6474,"href":"http:\/\/zonadelta.net\/atreides\/index.php?rest_route=\/wp\/v2\/posts\/6468\/revisions\/6474"}],"wp:attachment":[{"href":"http:\/\/zonadelta.net\/atreides\/index.php?rest_route=%2Fwp%2Fv2%2Fmedia&parent=6468"}],"wp:term":[{"taxonomy":"category","embeddable":true,"href":"http:\/\/zonadelta.net\/atreides\/index.php?rest_route=%2Fwp%2Fv2%2Fcategories&post=6468"},{"taxonomy":"post_tag","embeddable":true,"href":"http:\/\/zonadelta.net\/atreides\/index.php?rest_route=%2Fwp%2Fv2%2Ftags&post=6468"}],"curies":[{"name":"wp","href":"https:\/\/api.w.org\/{rel}","templated":true}]}}