{"id":6445,"date":"2025-03-14T12:48:48","date_gmt":"2025-03-14T11:48:48","guid":{"rendered":"http:\/\/zonadelta.net\/atreides\/?p=6445"},"modified":"2025-03-14T12:48:48","modified_gmt":"2025-03-14T11:48:48","slug":"el-senor-de-los-anillos-la-guerra-de-los-rohirrim","status":"publish","type":"post","link":"http:\/\/zonadelta.net\/atreides\/?p=6445","title":{"rendered":"El Se\u00f1or de los Anillos: La guerra de los Rohirrim"},"content":{"rendered":"\n<figure class=\"wp-block-embed is-type-photo is-provider-flickr wp-block-embed-flickr\"><div class=\"wp-block-embed__wrapper\">\n<a href=\"https:\/\/flic.kr\/p\/2qRUZ81\"><img loading=\"lazy\" decoding=\"async\" src=\"https:\/\/live.staticflickr.com\/65535\/54386101258_450e31f5c1_c.jpg\" alt=\"El_seanor_de_los_anillos_La_guerra_de_los_Rohirrim-552688858-large\" width=\"539\" height=\"800\" \/><\/a>\n<\/div><\/figure>\n\n\n\n<p>Era una oportunidad estupenda para llevar a animaci\u00f3n una historia de El se\u00f1or de los anillos despu\u00e9s de que, en 1978, Ralph Bakshi lo intentara  con un magn\u00edfico film. <\/p>\n\n\n\n<p>El resultado no es comparable y tristemetne ha sido una oportunidad desperdiciada.<\/p>\n\n\n\n<p>No puede ser que 47 a\u00f1os despu\u00e9s se haga otra pel\u00edcula y el resultado sea bastante peor.<\/p>\n\n\n\n<figure class=\"wp-block-embed is-type-video is-provider-youtube wp-block-embed-youtube wp-embed-aspect-16-9 wp-has-aspect-ratio\"><div class=\"wp-block-embed__wrapper\">\n<iframe loading=\"lazy\" title=\"El Se\u00f1or de los Anillos: La Guerra de los Rohirrim | Adelanto Exclusivo\" width=\"660\" height=\"371\" src=\"https:\/\/www.youtube.com\/embed\/P-6zBNR_7RI?feature=oembed\" frameborder=\"0\" allow=\"accelerometer; autoplay; clipboard-write; encrypted-media; gyroscope; picture-in-picture; web-share\" referrerpolicy=\"strict-origin-when-cross-origin\" allowfullscreen><\/iframe>\n<\/div><\/figure>\n\n\n\n<p><\/p>\n\n\n\n<!--more-->\n\n\n\n<p>La historia esta vez no es un fanfic como Los anillos de poder sino que adapta, de forma bastante libre, la historia de Helm Mano de hierro, legendario Rey de los Rohirrim que contaba Tolkien en los ap\u00e9ndices de El Se\u00f1or de los anillos.<\/p>\n\n\n\n<p>Para la ocasi\u00f3n han creado a H\u00e9ra, hija del rey, un esp\u00edritu libre y que ser\u00e1 la protagonista de la pel\u00edcula.<\/p>\n\n\n\n<p>Por lo dem\u00e1s, la pel\u00edcula narra el intento de Wulf, hijo de Freca, de conquistar Rohan, derrotando a Helm y oblig\u00e1ndole a \u00e9l y a los supervivientes a refugiarse en Cuernavilla, una fortaleza que ser\u00e1 asediada por Wulf y sus soldados.<\/p>\n\n\n\n<p>Ante la necesidad de que la protagonista haga algo se han cambiado acontecimientos del libro haciendo que inicie la evacuaci\u00f3n o que se lleve bien con las \u00e1guilas gigantes. En general es un personaje interesante, intentando ayudar y aportar a pesar de ser mujer y ser por tanto ignorada por el Rey que la quiere enviar a Gondor a casarse y que est\u00e9 segura all\u00ed.<\/p>\n\n\n\n<p>La parte buena de la pel\u00edcula, para m\u00ed, son sin duda los dise\u00f1os tanto de los personajes como de los entornos. Luego he visto que Alan Lee, legendario ilustrador de El Se\u00f1or de los anillos, era el encargado y me ha cuadrado todo. <\/p>\n\n\n\n<p>Por desgracia la animaci\u00f3n no acompa\u00f1a a los dise\u00f1os. Los personajes se mueven a saltitos, como si les faltaran fotogramas, siendo bastante molesto y cutre.<\/p>\n\n\n\n<p>El gui\u00f3n tampoco es el mejor, tiene momentos terribles como toda la secuencia de regreso de una incursi\u00f3n del  Rey Helm Mano de Hierro con su hija que es de un absurdo indignante y es para cambiarle el t\u00edtulo por Helm Tonto del haba.<\/p>\n\n\n\n<p>En general todo pasa para que quede m\u00e1s guay, m\u00e1s dram\u00e1tico y \u00e9pico pero es de un absurdo que cualquiera dir\u00eda que se enfrentaban los enemigos m\u00e1s tontos de la Tierra Media. <\/p>\n\n\n\n<p>Son decisiones dif\u00edciles de comprender, como la reacci\u00f3n de los sitiados ante la torre de asalto de Wulf, que se tira meses construy\u00e9ndola para superar la muralla. <\/p>\n\n\n\n<p>Enorme, s\u00ed, pero de madera y sin protecciones. \u00bfQu\u00e9 har\u00edan los sitiados en un caso como este? \u00bfTrazar un plan? <\/p>\n\n\n\n<p>Correcto. <\/p>\n\n\n\n<p>Pero sin prisa y tampoco es que sea importante destruirla antes de que invadan Cuernavilla, ya lo dejan para el \u00faltimo momento que todav\u00eda hay tiempo para vagar con cara triste por la fortaleza un rato m\u00e1s, aunque tengan un pasaje por d\u00f3nde huir desde el principio que es el que ha utilizado Helm para hacer incursiones y aterrorizar a los sitiadores. Aunque tengan los restos del ej\u00e9rcito, arqueros, fuego y otras cosas que podr\u00edan ser \u00fatiles ante una amenaza as\u00ed, de madera inflamable. Sin protecci\u00f3n. <\/p>\n\n\n\n<p>Una pena porque el director, Kenji Kamiyama tiene un buen cartel con Ancien y el mundo m\u00e1gico, Blade Runner: Black Lotus o varias series de Ghost in the Shell (Stand Alone Complex, SAC_2045), pero aqu\u00ed no ha acertado.<\/p>\n\n\n\n<p>Los actores est\u00e1n bien, tanto en el original como doblados, aunque Helm en castellano es muy irritante, mucho mejor Brian Cox (Succession) en ingl\u00e9s.<\/p>\n\n\n\n<p>H\u00e9ra es interpretada por la hija de Emma Thompson, Gaia Wise (Un paseo por el bosque).<\/p>\n\n\n\n<p>\u00c9owyn (Miranda Otto, trilog\u00eda de EL Se\u00f1or de los anillos) es la narradora de la historia.<\/p>\n\n\n\n<p>En fin, es un desprop\u00f3sito, precioso en fotograf\u00edas pero qu\u00e9 mal en movimiento y qu\u00e9 mala adaptaci\u00f3n de la historia.<\/p>\n\n\n\n<p>Saludos fremen<\/p>\n\n\n\n<p><\/p>\n\n\n\n<p><\/p>\n\n\n\n<p><\/p>\n","protected":false},"excerpt":{"rendered":"<p>Era una oportunidad estupenda para llevar a animaci\u00f3n una historia de El se\u00f1or de los anillos despu\u00e9s de que, en 1978, Ralph Bakshi lo intentara con un magn\u00edfico film. El resultado no es comparable y tristemetne ha sido una oportunidad desperdiciada. No puede ser que 47 a\u00f1os despu\u00e9s se haga otra pel\u00edcula y el resultado &hellip; <a href=\"http:\/\/zonadelta.net\/atreides\/?p=6445\" class=\"more-link\">Sigue leyendo <span class=\"screen-reader-text\">El Se\u00f1or de los Anillos: La guerra de los Rohirrim<\/span><\/a><\/p>\n","protected":false},"author":2,"featured_media":0,"comment_status":"open","ping_status":"open","sticky":false,"template":"","format":"standard","meta":{"iawp_total_views":14,"footnotes":""},"categories":[9,76,20,93],"tags":[4098,4093,4097,4095,4094,4092,4091,4096],"class_list":["post-6445","post","type-post","status-publish","format-standard","hentry","category-animacion","category-anime","category-cine","category-fantasia","tag-cuernavilla","tag-gaia-wise","tag-gondor","tag-helm-mano-de-herro","tag-j-r-r-tolkien","tag-kenji-kamiyama","tag-ralph-bakshi","tag-rohan"],"_links":{"self":[{"href":"http:\/\/zonadelta.net\/atreides\/index.php?rest_route=\/wp\/v2\/posts\/6445","targetHints":{"allow":["GET"]}}],"collection":[{"href":"http:\/\/zonadelta.net\/atreides\/index.php?rest_route=\/wp\/v2\/posts"}],"about":[{"href":"http:\/\/zonadelta.net\/atreides\/index.php?rest_route=\/wp\/v2\/types\/post"}],"author":[{"embeddable":true,"href":"http:\/\/zonadelta.net\/atreides\/index.php?rest_route=\/wp\/v2\/users\/2"}],"replies":[{"embeddable":true,"href":"http:\/\/zonadelta.net\/atreides\/index.php?rest_route=%2Fwp%2Fv2%2Fcomments&post=6445"}],"version-history":[{"count":3,"href":"http:\/\/zonadelta.net\/atreides\/index.php?rest_route=\/wp\/v2\/posts\/6445\/revisions"}],"predecessor-version":[{"id":6448,"href":"http:\/\/zonadelta.net\/atreides\/index.php?rest_route=\/wp\/v2\/posts\/6445\/revisions\/6448"}],"wp:attachment":[{"href":"http:\/\/zonadelta.net\/atreides\/index.php?rest_route=%2Fwp%2Fv2%2Fmedia&parent=6445"}],"wp:term":[{"taxonomy":"category","embeddable":true,"href":"http:\/\/zonadelta.net\/atreides\/index.php?rest_route=%2Fwp%2Fv2%2Fcategories&post=6445"},{"taxonomy":"post_tag","embeddable":true,"href":"http:\/\/zonadelta.net\/atreides\/index.php?rest_route=%2Fwp%2Fv2%2Ftags&post=6445"}],"curies":[{"name":"wp","href":"https:\/\/api.w.org\/{rel}","templated":true}]}}