{"id":6307,"date":"2025-01-23T18:43:41","date_gmt":"2025-01-23T17:43:41","guid":{"rendered":"http:\/\/zonadelta.net\/atreides\/?p=6307"},"modified":"2025-01-23T19:18:06","modified_gmt":"2025-01-23T18:18:06","slug":"la-espada-salvaje-de-conan-titan","status":"publish","type":"post","link":"http:\/\/zonadelta.net\/atreides\/?p=6307","title":{"rendered":"La Espada Salvaje de Conan &#8211; Titan Books"},"content":{"rendered":"\n<p><\/p>\n\n\n\n<figure class=\"wp-block-embed is-type-photo is-provider-flickr wp-block-embed-flickr\"><div class=\"wp-block-embed__wrapper\">\n<a href=\"https:\/\/flic.kr\/p\/2qGH43T\"><img loading=\"lazy\" decoding=\"async\" src=\"https:\/\/live.staticflickr.com\/65535\/54281924667_1d1f29f2e9_z.jpg\" alt=\"PORTADA\" width=\"640\" height=\"284\" \/><\/a>\n<\/div><\/figure>\n\n\n\n<p>Como comentaba el otro d\u00eda en <a href=\"https:\/\/go.ivoox.com\/rf\/137915294\">El Batall\u00f3n Pluto<\/a>, estoy en una fase retro que habr\u00e9is visto reflejada en los juegos sobre los que he escrito este mes. No creo que dure demasiado pero, mientras tanto, Conan se ha cruzado en mi camino.<\/p>\n\n\n<p> <!--more--><\/p>\n\n\n<p>Uno de los primeros c\u00f3mics que le\u00ed fue un Pocket de Ases de Bruguera dedicado a Conan. Despu\u00e9s de buscarlo, bendita Internet, era el Pocket de Ases 22 por Roy Thomas, John Buscema y Ernie Chan. Recuerdo que, despu\u00e9s de leerlo mi padre, me prohibi\u00f3 que leyera m\u00e1s de esos c\u00f3mics.<\/p>\n\n\n<div class=\"wp-block-image\">\n<figure class=\"aligncenter size-full\"><a href=\"http:\/\/zonadelta.net\/atreides\/wp-content\/uploads\/2025\/01\/image-6.png\"><img loading=\"lazy\" decoding=\"async\" width=\"490\" height=\"700\" src=\"http:\/\/zonadelta.net\/atreides\/wp-content\/uploads\/2025\/01\/image-6.png\" alt=\"\" class=\"wp-image-6308\" srcset=\"http:\/\/zonadelta.net\/atreides\/wp-content\/uploads\/2025\/01\/image-6.png 490w, http:\/\/zonadelta.net\/atreides\/wp-content\/uploads\/2025\/01\/image-6-210x300.png 210w\" sizes=\"auto, (max-width: 490px) 100vw, 490px\" \/><\/a><figcaption class=\"wp-element-caption\">Era en un formato muy peque\u00f1o y la letra mec\u00e1nica, pero lo disfrut\u00e9 igual<\/figcaption><\/figure><\/div>\n\n\n<p>Por supuesto, eso no dur\u00f3 y mi infancia y adolescencia siempre estuvo acompa\u00f1ada del cimmerio con La Espada Salvaje de Conan y los Super-Conan, que eran tomos de tapa dura con varios n\u00fameros de La Espada Salvaje.<\/p>\n\n\n\n<p>De hecho, aunque no con el mismo fervor porque han habido etapas floj\u00edsimas, siempre he seguido atento a Conan. Aparte de <a href=\"http:\/\/zonadelta.net\/atreides\/?p=5424\">revisitar sus fuentes originales y compararlas con las adaptaciones<\/a>, me he animado a seguir la nueva etapa de la Espada Salvaje de Conan que Titan Books ha lanzado. <\/p>\n\n\n\n<p>Por contextualizar, han habido tres ediciones distintas de La Espada Salvaje de Conan.<\/p>\n\n\n<div class=\"wp-block-image\">\n<figure class=\"aligncenter size-full\"><a href=\"http:\/\/zonadelta.net\/atreides\/wp-content\/uploads\/2025\/01\/image-7.png\"><img loading=\"lazy\" decoding=\"async\" width=\"499\" height=\"678\" src=\"http:\/\/zonadelta.net\/atreides\/wp-content\/uploads\/2025\/01\/image-7.png\" alt=\"\" class=\"wp-image-6311\" srcset=\"http:\/\/zonadelta.net\/atreides\/wp-content\/uploads\/2025\/01\/image-7.png 499w, http:\/\/zonadelta.net\/atreides\/wp-content\/uploads\/2025\/01\/image-7-221x300.png 221w\" sizes=\"auto, (max-width: 499px) 100vw, 499px\" \/><\/a><\/figure><\/div>\n\n\n<p>La primera, publicada entre 1974 y 1995, publicada por Marvel y que es la que cont\u00f3 con algunos de los m\u00e1s grandes autores de su \u00e9poca.<\/p>\n\n\n\n<p>Como curiosidad, cuando cerr\u00f3 esta etapa en USA, en Espa\u00f1a y en Europa segu\u00eda vendi\u00e9ndose bien y se empezaron a publicar los c\u00f3mics desde Europa, con autores sobre todo italianos pero tambi\u00e9n espa\u00f1oles. El t\u00edtulo original era Conan the conqueror, pero decidieron mantener la cabecera de La Espada Salvaje.<\/p>\n\n\n<div class=\"wp-block-image\">\n<figure class=\"aligncenter size-full is-resized\"><a href=\"http:\/\/zonadelta.net\/atreides\/wp-content\/uploads\/2025\/01\/0GVTcQPc_o.jpg\"><img loading=\"lazy\" decoding=\"async\" width=\"350\" height=\"541\" src=\"http:\/\/zonadelta.net\/atreides\/wp-content\/uploads\/2025\/01\/0GVTcQPc_o.jpg\" alt=\"\" class=\"wp-image-6312\" style=\"width:510px;height:auto\" srcset=\"http:\/\/zonadelta.net\/atreides\/wp-content\/uploads\/2025\/01\/0GVTcQPc_o.jpg 350w, http:\/\/zonadelta.net\/atreides\/wp-content\/uploads\/2025\/01\/0GVTcQPc_o-194x300.jpg 194w\" sizes=\"auto, (max-width: 350px) 100vw, 350px\" \/><\/a><\/figure><\/div>\n\n\n<p>Marvel recuper\u00f3 los derechos en 2018 y al a\u00f1o siguiente sacaron una nueva versi\u00f3n en color que dur\u00f3 12 n\u00fameros.<\/p>\n\n\n\n<p>Los perdieron en 2022 a favor de Titan Comics, que publica esta tercera iteraci\u00f3n de la revista. <\/p>\n\n\n\n<p>Van tres n\u00fameros y la impresi\u00f3n es bastante buena. <\/p>\n\n\n\n<p>Comencemos por todo lo bueno que tienen, que es bastante.<\/p>\n\n\n\n<p>Recuerdan a la revista original en que las historias son m\u00e1s adultas y sin censura. Es en blanco y negro con las mejoras t\u00e9cnicas de hoy en d\u00eda, incluye historias de otros personajes y art\u00edculos.<\/p>\n\n\n\n<p>Los portadistas son espectaculares y se nota el mimo al traer a ilustradores de la \u00e9poca de Marvel como Joe Jusko o Dave Dorman, as\u00ed como autores de las anteriores etapas de Conan.  <\/p>\n\n\n\n<p>El tama\u00f1o es grande, no s\u00e9 si un poco m\u00e1s peque\u00f1o que el tama\u00f1o revista de la original, pero da muy bien el pego.<\/p>\n\n\n\n<p>No he hablado de los autores porque var\u00edan en cada c\u00f3mic. <\/p>\n\n\n\n<figure class=\"wp-block-embed is-type-photo is-provider-flickr wp-block-embed-flickr\"><div class=\"wp-block-embed__wrapper\">\n<a href=\"https:\/\/flic.kr\/p\/2qGNR8v\"><img loading=\"lazy\" decoding=\"async\" src=\"https:\/\/live.staticflickr.com\/65535\/54283055239_e40f5c7693_c.jpg\" alt=\"0069\" width=\"589\" height=\"800\" \/><\/a>\n<\/div><\/figure>\n\n\n\n<p>El que se mantiene durante los tres n\u00fameros publicados es Patrick Zircher, autor completo de una historia de Solomon Kane. Est\u00e1 bien ver de nuevo al personaje y su enfrentamiento con fuerzas del m\u00e1s all\u00e1, ver a la Cacer\u00eda Salvaje y todo con el dibujo pulcro y detallado de Zircher. No est\u00e1 mal.<\/p>\n\n\n\n<p><\/p>\n\n\n\n<figure class=\"wp-block-embed is-type-photo is-provider-flickr wp-block-embed-flickr\"><div class=\"wp-block-embed__wrapper\">\n<a href=\"https:\/\/flic.kr\/p\/2qGNPHm\"><img loading=\"lazy\" decoding=\"async\" src=\"https:\/\/live.staticflickr.com\/65535\/54283050474_ecca057c36_c.jpg\" alt=\"0014\" width=\"599\" height=\"800\" \/><\/a>\n<\/div><\/figure>\n\n\n\n<p>En el primer n\u00famero John Arcudi guioniza. Este veterano autor nunca ha sido de mis favoritos,. Sus c\u00f3mics de Depredador o de Terminator era pasables y ya. Tambi\u00e9n trabaj\u00f3 en la Espada Salvaje de Conan a finales de los 80.  <\/p>\n\n\n\n<p>Aqu\u00ed en cambio s\u00ed que crea una interesante historia de asalto a una ciudad, los personajes muestran diversos motivos y el resultado es peculiar. La historia incluye impresionantes escenas de acci\u00f3n muy bien plasmadas por un dibujante del que no hab\u00eda tenido el placer de leer antes, Max von Fafner. El dibujo es muy din\u00e1mico y violento, pero tambi\u00e9n muy detallado. Dan ganas de quedarse contemplando las p\u00e1ginas.<\/p>\n\n\n\n<p>No es Neal Adams pero es un n\u00famero uno con muy buen pie.<\/p>\n\n\n\n<figure class=\"wp-block-embed is-type-photo is-provider-flickr wp-block-embed-flickr\"><div class=\"wp-block-embed__wrapper\">\n<a href=\"https:\/\/flic.kr\/p\/2qGPMex\"><img loading=\"lazy\" decoding=\"async\" src=\"https:\/\/live.staticflickr.com\/65535\/54283237245_8fbfb09da2_c.jpg\" alt=\"0023\" width=\"594\" height=\"800\" \/><\/a>\n<\/div><\/figure>\n\n\n\n<p>El segundo n\u00famero trae a Jim Zub, guionista del estupendo Conan de Titan Books  con el no menos estupendo Roberto de la Torre, contando una historia de malos que lo mismo no son tan malos, (aunque eso al final no tiene tanta relevancia) y de supervivencia. Incluye tambi\u00e9n las consecuencias de servir al amo equivocado.<\/p>\n\n\n\n<p>El dibujo de Michael Pace no me gusta demasiado. Su estilo es m\u00e1s bien feista y lleno de rayas. Din\u00e1mico pero con una sensaci\u00f3n de inseguridad en las formas  que no me termina de convencer .<\/p>\n\n\n\n<figure class=\"wp-block-embed is-type-photo is-provider-flickr wp-block-embed-flickr\"><div class=\"wp-block-embed__wrapper\">\n<a href=\"https:\/\/flic.kr\/p\/2qGMBau\"><img loading=\"lazy\" decoding=\"async\" src=\"https:\/\/live.staticflickr.com\/65535\/54282813146_f37097d230_c.jpg\" alt=\"0028\" width=\"590\" height=\"800\" \/><\/a>\n<\/div><\/figure>\n\n\n\n<p>El tercer n\u00famero lo guioniza Frank Tier, un guionista que no me gusta especialmente y que, por lo que lo recuerdo m\u00e1s es por el <a href=\"http:\/\/zonadelta.net\/atreides\/?p=5535\">regreso de Barry Smith a Lobezno<\/a>. Hab\u00eda trabajado en la anterior etapa de la Espada Salvaje de Conan que public\u00f3 Marvel antes de perder los derechos en favor de Titan.<\/p>\n\n\n\n<p>El dibujo, sin embargo es de Cary Nord, el sensacional dibujante de Conan en la etapa de Dark Horse con guiones de Kurt Busiek.  Sin embargo, de eso han pasado muchos a\u00f1os y el autor ha evolucionad su dibujo hacia una simplificaci\u00f3n con grandes contrastes de blanco y negro. Me gustaba m\u00e1s cuando era m\u00e1s detallado en su dibujo pero sigue siendo un espectacular narrador y la historia de hombres lobo que cuentan est\u00e1 bastante bien.<\/p>\n\n\n\n<p>Todo esto se acompa\u00f1a con pinups, poemas y portadas alternativas.<\/p>\n\n\n\n<p>En definitiva, Titan ha optado por un \u00abback to the basics\u00bb, o regreso a los or\u00edgenes,  que a m\u00ed me est\u00e1 gustando bastante. Sin embargo, veremos si la f\u00f3rmula que funcion\u00f3 el siglo pasado funciona en este.<\/p>\n\n\n\n<p>Espero no obstante que traigan autores de primera fila porque, aunque los resultados son buenos, ser\u00eda interesante que fueran mejores y servir de gancho para el p\u00fablico que no conoce tanto a Conan.<\/p>\n\n\n\n<p>Hay que tener en cuenta que la pel\u00edcula de Schwarzenegger es de 1982, Conan el Destructor de 1984 y Red Sonja de 1985. <\/p>\n\n\n\n<p>En los 90 hubieron dos series de animaci\u00f3n y una de imagen real que se parec\u00eda m\u00e1s a la serie de H\u00e9rcules que a la pel\u00edcula o los c\u00f3mics de Conan. Dur\u00f3 22 cap\u00edtulos. <\/p>\n\n\n\n<p>En 2011 se intent\u00f3 relanzar al personaje con otra pel\u00edcula protagonizada por Jason Momoa pero que fue un rotundo fracaso de cr\u00edtica y p\u00fablico.<\/p>\n\n\n\n<p>Es decir, el personaje es conocido pero no ha tenido ning\u00fan gran \u00e9xito en d\u00e9cadas. Si quieren que triunfen los c\u00f3mics necesitan buenos autores y que , adem\u00e1s, atraigan al p\u00fablico.<\/p>\n\n\n\n<p>Por el momento, Roy Thomas dijo que hab\u00eda escrito un par de guiones para la revista, estoy deseando que salgan.<\/p>\n\n\n\n<p>Independientemente de mis deseos, esta versi\u00f3n de la Espada Salvaje de Conan merece mucho la pena y la recomiendo para todos los fans de la Espada y Brujer\u00eda. <\/p>\n\n\n\n<p>La publica Panini cada dos meses y son 82 p\u00e1ginas por 9 \u20ac.<\/p>\n\n\n\n<p>Saludos fremen<\/p>\n","protected":false},"excerpt":{"rendered":"<p>Como comentaba el otro d\u00eda en El Batall\u00f3n Pluto, estoy en una fase retro que habr\u00e9is visto reflejada en los juegos sobre los que he escrito este mes. No creo que dure demasiado pero, mientras tanto, Conan se ha cruzado en mi camino.<\/p>\n","protected":false},"author":2,"featured_media":0,"comment_status":"open","ping_status":"open","sticky":false,"template":"","format":"standard","meta":{"iawp_total_views":14,"footnotes":""},"categories":[10,1],"tags":[4009,4010,3503,4014,4008,4013,2107,4007,49,4012,4011,4006,53],"class_list":["post-6307","post","type-post","status-publish","format-standard","hentry","category-comic","category-uncategorized","tag-arcudi","tag-barry-windsor-smith","tag-cary-nord","tag-dave-dorman","tag-jim-zub","tag-joe-jusko","tag-john-buscema","tag-max-von-fafner","tag-neal-adams","tag-patrick-zircher","tag-red-sonja","tag-robert-e-howard-2","tag-roy-thomas"],"_links":{"self":[{"href":"http:\/\/zonadelta.net\/atreides\/index.php?rest_route=\/wp\/v2\/posts\/6307","targetHints":{"allow":["GET"]}}],"collection":[{"href":"http:\/\/zonadelta.net\/atreides\/index.php?rest_route=\/wp\/v2\/posts"}],"about":[{"href":"http:\/\/zonadelta.net\/atreides\/index.php?rest_route=\/wp\/v2\/types\/post"}],"author":[{"embeddable":true,"href":"http:\/\/zonadelta.net\/atreides\/index.php?rest_route=\/wp\/v2\/users\/2"}],"replies":[{"embeddable":true,"href":"http:\/\/zonadelta.net\/atreides\/index.php?rest_route=%2Fwp%2Fv2%2Fcomments&post=6307"}],"version-history":[{"count":5,"href":"http:\/\/zonadelta.net\/atreides\/index.php?rest_route=\/wp\/v2\/posts\/6307\/revisions"}],"predecessor-version":[{"id":6316,"href":"http:\/\/zonadelta.net\/atreides\/index.php?rest_route=\/wp\/v2\/posts\/6307\/revisions\/6316"}],"wp:attachment":[{"href":"http:\/\/zonadelta.net\/atreides\/index.php?rest_route=%2Fwp%2Fv2%2Fmedia&parent=6307"}],"wp:term":[{"taxonomy":"category","embeddable":true,"href":"http:\/\/zonadelta.net\/atreides\/index.php?rest_route=%2Fwp%2Fv2%2Fcategories&post=6307"},{"taxonomy":"post_tag","embeddable":true,"href":"http:\/\/zonadelta.net\/atreides\/index.php?rest_route=%2Fwp%2Fv2%2Ftags&post=6307"}],"curies":[{"name":"wp","href":"https:\/\/api.w.org\/{rel}","templated":true}]}}