{"id":6240,"date":"2024-12-30T12:19:37","date_gmt":"2024-12-30T11:19:37","guid":{"rendered":"https:\/\/zonadelta.net\/atreides\/?p=6240"},"modified":"2024-12-30T12:26:05","modified_gmt":"2024-12-30T11:26:05","slug":"marvel-universe-of-super-heroes","status":"publish","type":"post","link":"http:\/\/zonadelta.net\/atreides\/?p=6240","title":{"rendered":"Marvel: Universe of Super Heroes"},"content":{"rendered":"\n<figure class=\"wp-block-embed is-type-photo is-provider-flickr wp-block-embed-flickr\"><div class=\"wp-block-embed__wrapper\">\n<a href=\"https:\/\/flic.kr\/p\/2qCBeHA\"><img loading=\"lazy\" decoding=\"async\" src=\"https:\/\/live.staticflickr.com\/65535\/54235523896_9a47f9865f_z.jpg\" alt=\"Imagen de WhatsApp 2024-12-29 a las 15.40.09_508a3812\" width=\"640\" height=\"288\" \/><\/a>\n<\/div><\/figure>\n\n\n\n<p>En 1939 Martin Goodman fund\u00f3 Timely, que m\u00e1s tarde ser\u00eda Atlas y, por fin, Marvel C\u00f3mics. Han pasado 85 a\u00f1os y, la que antes era una editorial y ahora es una de las multinacionales de entretenimiento m\u00e1s importantes del mundo, parte de Disney, ha querido echar una mirada a su recorrido haciendo una exposici\u00f3n espectacular.<\/p>\n\n\n\n<p>Espectacular y con buen gusto y respeto. Porque los ingresos de los c\u00f3mics a d\u00eda de hoy son una parte \u00ednfima de lo que generan los super h\u00e9roes en cine, series o videojuegos.<\/p>\n\n\n\n<p>Sin embargo no solo no lo minusvalora sino que todo est\u00e1 muy bien equilibrado. <\/p>\n\n\n<p><!--more--><\/p>\n\n\n<figure class=\"wp-block-embed aligncenter is-type-photo is-provider-flickr wp-block-embed-flickr\"><div class=\"wp-block-embed__wrapper\">\n<a href=\"https:\/\/flic.kr\/p\/2qCDmCs\"><img loading=\"lazy\" decoding=\"async\" src=\"https:\/\/live.staticflickr.com\/65535\/54235937370_a7eae37a55_c.jpg\" alt=\"IMG20241229132602\" width=\"359\" height=\"800\" \/><\/a>\n<\/div><figcaption class=\"wp-element-caption\">El principio&#8230;<\/figcaption><\/figure>\n\n\n\n<p>La exposici\u00f3n empieza con un estupendo cortometraje de siete minutos cont\u00e1ndonos el origen de Marvel. A partir de ah\u00ed se abre la exposici\u00f3n y empezamos desde los tiempos de San Lee, Jack Kirby y Steve Ditko con espectaculares paneles, p\u00e1ginas originales de Los 4 fant\u00e1sticos o de Spiderman. <\/p>\n\n\n\n<figure class=\"wp-block-embed aligncenter is-type-photo is-provider-flickr wp-block-embed-flickr\"><div class=\"wp-block-embed__wrapper\">\n<a href=\"https:\/\/flic.kr\/p\/2qCCtce\"><img loading=\"lazy\" decoding=\"async\" src=\"https:\/\/live.staticflickr.com\/65535\/54235764343_ef20128e6a_c.jpg\" alt=\"IMG20241229140425\" width=\"493\" height=\"800\" \/><\/a>\n<\/div><figcaption class=\"wp-element-caption\">Espectacular p\u00e1gina de La guerra Kree-Skrull por Neal Adams<\/figcaption><\/figure>\n\n\n\n<p>La exposici\u00f3n va haciendo el recorrido por la historia pasando por las distintas \u00e9pocas pero tambi\u00e9n se centra en los personajes, mostrando a los 4 fant\u00e1sticos, Black Panther, Spiderman, Capitana Marvel, Ms Marvel, Daredevil, X-Men, Hulk, Hulka, Los Vengadores, Motorista Fantasma y muchos, muchos m\u00e1s.<\/p>\n\n\n\n<figure class=\"wp-block-embed aligncenter is-type-photo is-provider-flickr wp-block-embed-flickr\"><div class=\"wp-block-embed__wrapper\">\n<a href=\"https:\/\/flic.kr\/p\/2qCCuUo\"><img loading=\"lazy\" decoding=\"async\" src=\"https:\/\/live.staticflickr.com\/65535\/54235770094_958c066cc8_c.jpg\" alt=\"IMG20241229140722\" width=\"359\" height=\"800\" \/><\/a>\n<\/div><figcaption class=\"wp-element-caption\">Ah\u00ed, en peque\u00f1ito, est\u00e1n La Avispa y El Hombre Hormiga<\/figcaption><\/figure>\n\n\n\n<p>Especialmente genial me ha parecido la parte dedicada al Hombre Hormiga y La Avispa, con una recreaci\u00f3n animada con un holograma de Ant-Man contando su historia.<\/p>\n\n\n\n<figure class=\"wp-block-embed is-type-photo is-provider-flickr wp-block-embed-flickr\"><div class=\"wp-block-embed__wrapper\">\n<a href=\"https:\/\/flic.kr\/p\/2qCCtz8\"><img loading=\"lazy\" decoding=\"async\" src=\"https:\/\/live.staticflickr.com\/65535\/54235765613_3cc65ecf7c_c.jpg\" alt=\"IMG20241229144045\" width=\"561\" height=\"800\" \/><\/a>\n<\/div><figcaption class=\"wp-element-caption\">El Caballero Luna de L\u00f3pez Esp\u00ed<\/figcaption><\/figure>\n\n\n\n<p>No se olvidan de Marvel en Espa\u00f1a, aunque hablan sobre todo de la \u00e9poca de V\u00e9rtice, cuando L\u00f3pez Esp\u00ed dibujaba las portadas. Justo han escogido como ejemplo de que a veces no se daban las indicaciones de color y hab\u00eda que imaginarlos con la portada que recre\u00f3 del Hombre Lobo contra el Caballero Luna. La portada, muy bien dibujada pero el traje del Pu\u00f1o de Khonshu es del color de nuestra bandera.<\/p>\n\n\n\n<figure class=\"wp-block-embed is-type-photo is-provider-flickr wp-block-embed-flickr\"><div class=\"wp-block-embed__wrapper\">\n<a href=\"https:\/\/flic.kr\/p\/2qCwD1J\"><img loading=\"lazy\" decoding=\"async\" src=\"https:\/\/live.staticflickr.com\/65535\/54234626702_f557c8bbc6_z.jpg\" alt=\"Imagen de WhatsApp 2024-12-29 a las 15.40.06_9f663eba\" width=\"640\" height=\"288\" \/><\/a>\n<\/div><\/figure>\n\n\n\n<p>Adem\u00e1s de geniales originales de dibujantes de todas las \u00e9pocas, han recreado los personajes en unas estatuas espectaculares y hay much\u00edsimo material de las pel\u00edculas, desde varios trajes de Iron man, el de Daredevil de la serie de Netflix, los alucinantes trajes de las pel\u00edculas de Black Panther, el de Lobezno de la \u00faltima con Deadpool o el traje de Starlord de Guardianes de la Galaxia, entre otros muchos.<\/p>\n\n\n\n<figure class=\"wp-block-embed aligncenter is-type-photo is-provider-flickr wp-block-embed-flickr\"><div class=\"wp-block-embed__wrapper\">\n<a href=\"https:\/\/flic.kr\/p\/2qCCtir\"><img loading=\"lazy\" decoding=\"async\" src=\"https:\/\/live.staticflickr.com\/65535\/54235764703_dcde8491a0_c.jpg\" alt=\"IMG20241229141211\" width=\"359\" height=\"800\" \/><\/a>\n<\/div><figcaption class=\"wp-element-caption\">La imponente armadura Mark-1 de Iron Man<\/figcaption><\/figure>\n\n\n\n<p>Tambi\u00e9n tiene construcciones interactivas. La m\u00e1s espectacular es una en la que act\u00faas como Iron Man, pero hay otras, una especie de tienda-bazar con c\u00f3mics, mu\u00f1ecos, juegos de mesa y otros productos que tiene fuera una m\u00e1quina con unos treinta personajes Marvel para que pulses sobre tu favorito. En el escaparte de la tienda hay un televisor que refleja el ranking de los personajes seg\u00fan los votos de la gente. Yo vot\u00e9 a Daredevil, que estaba muy atr\u00e1s. En cabeza, estaban empatados Spiderman y Black Panther.<\/p>\n\n\n\n<p>Tambi\u00e9n hay una parte que cuenta el proceso creativo en Marvel. Desde comparar el tipo de gui\u00f3n de Miller con el de Stan Lee a c\u00f3mo se lograba la cuatricom\u00eda o la importancia de la composici\u00f3n de la p\u00e1gina para contar la historia. <\/p>\n\n\n\n<figure class=\"wp-block-embed is-type-photo is-provider-flickr wp-block-embed-flickr\"><div class=\"wp-block-embed__wrapper\">\n<a href=\"https:\/\/flic.kr\/p\/2qCBfxg\"><img loading=\"lazy\" decoding=\"async\" src=\"https:\/\/live.staticflickr.com\/65535\/54235526661_48d8f8305c_c.jpg\" alt=\"Imagen de WhatsApp 2024-12-29 a las 15.43.39_113d0e9a\" width=\"359\" height=\"800\" \/><\/a>\n<\/div><figcaption class=\"wp-element-caption\">El incre\u00edble traje del Doctor Extra\u00f1o para El universo de la locura<\/figcaption><\/figure>\n\n\n\n<p>Al final del recorrido hay unos pinballs de Los Vengadores y Venom, as\u00ed como unos fotomatones para salir en las vi\u00f1etas o en una escena con el Doctor Extra\u00f1o.<\/p>\n\n\n\n<p>Despu\u00e9s ya est\u00e1 la tienda. Por cierto, a la entrada te dan un vale de 5 \u20ac de descuento para compras superiores a 25 \u20ac. Hay de todo pero lo que me llev\u00e9 fue el libro de la exposici\u00f3n que es una peque\u00f1a joya con tapas plateadas, ilustraciones a doble p\u00e1gina, art\u00edculos interesantes y muchas im\u00e1genes de la exposici\u00f3n de los originales y de Marvel en general en el interior.<\/p>\n\n\n\n<figure class=\"wp-block-embed aligncenter is-type-photo is-provider-flickr wp-block-embed-flickr\"><div class=\"wp-block-embed__wrapper\">\n<a href=\"https:\/\/flic.kr\/p\/2qCwKyD\"><img loading=\"lazy\" decoding=\"async\" src=\"https:\/\/live.staticflickr.com\/65535\/54234648737_7270b90a13_c.jpg\" alt=\"Portada libro\" width=\"566\" height=\"800\" \/><\/a>\n<\/div><figcaption class=\"wp-element-caption\">El libro de la exposici\u00f3n es espectacular, empezando por esa portada de Alan Davis, y tiene buen precio<\/figcaption><\/figure>\n\n\n\n<p>Supuestamente es una hora de duraci\u00f3n pero para nada, nosotros estuvimos dos horas y media y podr\u00edamos haber estado incluso m\u00e1s si no fuera porque no lleg\u00e1bamos al restaurante.<\/p>\n\n\n\n<p>Una experiencia estupenda, muy recomendable, pero si quer\u00e9is verla est\u00e1 en el IFEMA de Madrid solo hasta el 12 de Enero.<\/p>\n\n\n\n<p>Saludos fremen<\/p>\n","protected":false},"excerpt":{"rendered":"<p>En 1939 Martin Goodman fund\u00f3 Timely, que m\u00e1s tarde ser\u00eda Atlas y, por fin, Marvel C\u00f3mics. Han pasado 85 a\u00f1os y, la que antes era una editorial y ahora es una de las multinacionales de entretenimiento m\u00e1s importantes del mundo, parte de Disney, ha querido echar una mirada a su recorrido haciendo una exposici\u00f3n espectacular. &hellip; <a href=\"http:\/\/zonadelta.net\/atreides\/?p=6240\" class=\"more-link\">Sigue leyendo <span class=\"screen-reader-text\">Marvel: Universe of Super Heroes<\/span><\/a><\/p>\n","protected":false},"author":2,"featured_media":0,"comment_status":"open","ping_status":"open","sticky":false,"template":"","format":"standard","meta":{"iawp_total_views":17,"footnotes":""},"categories":[1697,92],"tags":[3984,1821,988,3983,474,3333,49,27],"class_list":["post-6240","post","type-post","status-publish","format-standard","hentry","category-eventos","category-superheroes","tag-85-aniversario-marvel","tag-black-panther","tag-daredevil","tag-hulka","tag-ifema","tag-jack-kirby","tag-neal-adams","tag-stan-lee"],"_links":{"self":[{"href":"http:\/\/zonadelta.net\/atreides\/index.php?rest_route=\/wp\/v2\/posts\/6240","targetHints":{"allow":["GET"]}}],"collection":[{"href":"http:\/\/zonadelta.net\/atreides\/index.php?rest_route=\/wp\/v2\/posts"}],"about":[{"href":"http:\/\/zonadelta.net\/atreides\/index.php?rest_route=\/wp\/v2\/types\/post"}],"author":[{"embeddable":true,"href":"http:\/\/zonadelta.net\/atreides\/index.php?rest_route=\/wp\/v2\/users\/2"}],"replies":[{"embeddable":true,"href":"http:\/\/zonadelta.net\/atreides\/index.php?rest_route=%2Fwp%2Fv2%2Fcomments&post=6240"}],"version-history":[{"count":5,"href":"http:\/\/zonadelta.net\/atreides\/index.php?rest_route=\/wp\/v2\/posts\/6240\/revisions"}],"predecessor-version":[{"id":6247,"href":"http:\/\/zonadelta.net\/atreides\/index.php?rest_route=\/wp\/v2\/posts\/6240\/revisions\/6247"}],"wp:attachment":[{"href":"http:\/\/zonadelta.net\/atreides\/index.php?rest_route=%2Fwp%2Fv2%2Fmedia&parent=6240"}],"wp:term":[{"taxonomy":"category","embeddable":true,"href":"http:\/\/zonadelta.net\/atreides\/index.php?rest_route=%2Fwp%2Fv2%2Fcategories&post=6240"},{"taxonomy":"post_tag","embeddable":true,"href":"http:\/\/zonadelta.net\/atreides\/index.php?rest_route=%2Fwp%2Fv2%2Ftags&post=6240"}],"curies":[{"name":"wp","href":"https:\/\/api.w.org\/{rel}","templated":true}]}}