{"id":6057,"date":"2024-08-02T11:52:55","date_gmt":"2024-08-02T09:52:55","guid":{"rendered":"http:\/\/zonadelta.net\/atreides\/?p=6057"},"modified":"2024-08-04T00:04:05","modified_gmt":"2024-08-03T22:04:05","slug":"campeones-de-europa","status":"publish","type":"post","link":"http:\/\/zonadelta.net\/atreides\/?p=6057","title":{"rendered":"\u00a1Campeones de Europa!"},"content":{"rendered":"<p><a title=\"A6IO5CM3DZBWVHZK2Z3YW6WEU4\" href=\"https:\/\/www.flickr.com\/photos\/200884103@N07\/53890551082\/in\/dateposted-public\/\" target=\"_blank\" rel=\"noopener noreferrer\" data-flickr-embed=\"true\"><img loading=\"lazy\" decoding=\"async\" class=\"aligncenter\" src=\"https:\/\/live.staticflickr.com\/65535\/53890551082_4be1094cde_c.jpg\" alt=\"A6IO5CM3DZBWVHZK2Z3YW6WEU4\" width=\"800\" height=\"510\" \/><\/a><\/p>\n<p>Una gesta hist\u00f3rica. Un momento incre\u00edble. He disfrutado esta Eurocopa como hac\u00eda mucho tiempo.<\/p>\n<p><!--more--><\/p>\n<figure style=\"width: 1300px\" class=\"wp-caption aligncenter\"><img loading=\"lazy\" decoding=\"async\" src=\"https:\/\/www.telemadrid.es\/2021\/08\/07\/deportes\/futbol\/Seleccion-espanola-futbol_2366473372_29577568_1300x731.jpg\" alt=\"\" width=\"1300\" height=\"731\" \/><figcaption class=\"wp-caption-text\">Espa\u00f1a medalla de Plata en Tokio 2020<\/figcaption><\/figure>\n<h2>Antecedentes<\/h2>\n<p>Cuando se hizo el cambio por Luis Enrique, la verdad, por un lado me pareci\u00f3 que no era muy justo, hab\u00eda hecho un buen trabajo, es un entrenador muy bueno que lo ha demostrado muchas veces y, aunque en el Mundial no fue bien, en la Eurocopa llegamos a semifinales siendo eliminados por los penaltis.<\/p>\n<p>Por otro lado, Luis de la Fuente hab\u00eda ganado dos Eurocopas, una sub 21 y otra sub 19.<\/p>\n<p>Soy muy fan de la selecci\u00f3n Sub 21, siempre veo sus torneos porque suelen jugar muy bien y ah\u00ed se ven las futuras estrellas.<\/p>\n<p>All\u00ed vi a Unai Sim\u00f3n, a Mikel Merino, a Fabi\u00e1n Ruiz, a Dani Olmo o a Mikel Oyarz\u00e1bal, entre otros, ganar la de 2019 alas \u00f3rdenes de De la Fuente.<\/p>\n<p>En los juegos Ol\u00edmpicos de Tokio tambi\u00e9n particip\u00f3 Espa\u00f1a y consiguieron la medalla de Plata. Ah\u00ed, de los seleccionados por De La Fuente, hicieron un gran papel con un Zubimendi muy jovencito dando una lecci\u00f3n de como dirigir al equipo.<\/p>\n<p>Y\u00e9ndonos mucho m\u00e1s atr\u00e1s, hace nueve a\u00f1os, en el Europeo Sub 19 que tambi\u00e9n ganamos, el seleccionador ten\u00eda a sus \u00f3rdenes ya a Unai y Merino, pero tambi\u00e9n a Rodri.<\/p>\n<p>Cuando lleg\u00f3 la convocatoria de la Eurocopa de Alemania, poca gente conoc\u00eda tan bien a los jugadores y lo que pod\u00edan dar porque los hab\u00eda tenido ya bajo sus \u00f3rdenes durante una d\u00e9cada.<\/p>\n<p>Esto ya se vio en la fase final de la Nations League d\u00f3nde tuvo ya a muchos de los convocados y vio el nivel que eran capaces de dar al ganar un t\u00edtulo de selecciones absolutas nada menos que contra Italia en semifinales y Croacia en la final.<\/p>\n<h3><a title=\"17168044463290\" href=\"https:\/\/www.flickr.com\/photos\/200884103@N07\/53891459856\/in\/dateposted-public\/\" target=\"_blank\" rel=\"noopener noreferrer\" data-flickr-embed=\"true\"><img loading=\"lazy\" decoding=\"async\" class=\"aligncenter\" src=\"https:\/\/live.staticflickr.com\/65535\/53891459856_e78fb4d371_c.jpg\" alt=\"17168044463290\" width=\"800\" height=\"533\" \/><\/a><\/h3>\n<h2>Convocatoria<\/h2>\n<p>Aunque eran 26 jugadores los que pod\u00edan estar en la convocatoria final,\u00a0 la lista inicial fue de 29 jugadores de los que se caer\u00edan al final Marcos Llorente, Pau Cubars\u00ed y Aleix Garc\u00eda.<\/p>\n<p>&nbsp;<\/p>\n<p>La lista definitiva fue:<\/p>\n<table border=\"1\" cellspacing=\"1\" cellpadding=\"1\">\n<thead>\n<tr>\n<th scope=\"col\" width=\"25%\"><strong>Club<\/strong><\/th>\n<th scope=\"col\"><strong>Jugador<\/strong><\/th>\n<\/tr>\n<\/thead>\n<tbody>\n<tr>\n<td><strong>Al-Nassr FC<\/strong><\/td>\n<td>Aymeric Laporte<\/td>\n<\/tr>\n<tr>\n<td><strong>Arsenal FC\u00a0<\/strong><\/td>\n<td>David Raya<\/td>\n<\/tr>\n<tr>\n<td><strong>Athletic Club<\/strong><\/td>\n<td>Unai Sim\u00f3n<\/td>\n<\/tr>\n<tr>\n<td><strong>Athletic Club<\/strong><\/td>\n<td>Nico Williams<\/td>\n<\/tr>\n<tr>\n<td><strong>Athletic Club<\/strong><\/td>\n<td>Daniel Vivian<\/td>\n<\/tr>\n<tr>\n<td><strong>Bayer Leverkusen<\/strong><\/td>\n<td>Alejandro Grimaldo<\/td>\n<\/tr>\n<tr>\n<td><strong>Chelsea FC<\/strong><\/td>\n<td>Marc Cucurella<\/td>\n<\/tr>\n<tr>\n<td><strong>Club Atl\u00e9tico de Madrid<\/strong><\/td>\n<td>\u00c1lvaro Morata<\/td>\n<\/tr>\n<tr>\n<td><strong>FC Barcelona<\/strong><\/td>\n<td>Lamine Yamal<\/td>\n<\/tr>\n<tr>\n<td><strong>FC Barcelona<\/strong><\/td>\n<td>Pedri<\/td>\n<\/tr>\n<tr>\n<td><strong>FC Barcelona<\/strong><\/td>\n<td>Ferran Torres<\/td>\n<\/tr>\n<tr>\n<td><strong>FC Barcelona<\/strong><\/td>\n<td>Ferm\u00edn L\u00f3pez<\/td>\n<\/tr>\n<tr>\n<td><strong>Manchester City<\/strong><\/td>\n<td>Rodrigo Hern\u00e1ndez<\/td>\n<\/tr>\n<tr>\n<td><strong>PSG<\/strong><\/td>\n<td>Fabi\u00e1n Ruiz<\/td>\n<\/tr>\n<tr>\n<td><strong>RB Leipzig<\/strong><\/td>\n<td>Dani Olmo<\/td>\n<\/tr>\n<tr>\n<td><strong>Real Betis Balompi\u00e9<\/strong><\/td>\n<td>Ayoze P\u00e9rez<\/td>\n<\/tr>\n<tr>\n<td><strong>Real Madrid CF<\/strong><\/td>\n<td>Nacho Fern\u00e1ndez<\/td>\n<\/tr>\n<tr>\n<td><strong>Real Madrid CF<\/strong><\/td>\n<td>Dani Carvajal<\/td>\n<\/tr>\n<tr>\n<td><strong>Real Madrid CF<\/strong><\/td>\n<td>Jos\u00e9 Luis Mato \u00abJoselu\u00bb<\/td>\n<\/tr>\n<tr>\n<td><strong>Real Sociedad de F\u00fatbol<\/strong><\/td>\n<td>\u00c1lex Remiro<\/td>\n<\/tr>\n<tr>\n<td><strong>Real Sociedad de F\u00fatbol<\/strong><\/td>\n<td>Mikel Merino<\/td>\n<\/tr>\n<tr>\n<td><strong>Real Sociedad de F\u00fatbol<\/strong><\/td>\n<td>Robin Le Normand<\/td>\n<\/tr>\n<tr>\n<td><strong>Real Sociedad de F\u00fatbol<\/strong><\/td>\n<td>Mart\u00edn Zubimendi<\/td>\n<\/tr>\n<tr>\n<td><strong>Real Sociedad de F\u00fatbol<\/strong><\/td>\n<td>Mikel Oyarzabal<\/td>\n<\/tr>\n<tr>\n<td><strong>Sevilla FC<\/strong><\/td>\n<td>Jes\u00fas Navas<\/td>\n<\/tr>\n<tr>\n<td><strong>Villarreal CF<\/strong><\/td>\n<td>\u00c1lex Baena<\/td>\n<\/tr>\n<\/tbody>\n<\/table>\n<p>Por supuesto, como siempre, hubo algunas cr\u00edticas, pero tampoco muchas porque era una convocatoria amplia y no hab\u00eda nadie que destacara mucho que no estuviera en la lista. Por ejemplo, en la Cope la tienen tomada con Oyarz\u00e1bal\u00a0 y no entend\u00edan qu\u00e9 hace en la Selecci\u00f3n.<\/p>\n<p>Tambi\u00e9n es verdad que, claramente, les sacas del Real Madrid o del Bar\u00e7a y su conocimiento es, como mucho, superficial.<\/p>\n<figure style=\"width: 800px\" class=\"wp-caption aligncenter\"><a title=\"PBB2PFGH2NEA7OBUFJC7TLFRPY\" href=\"https:\/\/www.flickr.com\/photos\/200884103@N07\/53891707688\/in\/dateposted-public\/\" data-flickr-embed=\"true\"><img loading=\"lazy\" decoding=\"async\" src=\"https:\/\/live.staticflickr.com\/65535\/53891707688_696d11c664_c.jpg\" alt=\"PBB2PFGH2NEA7OBUFJC7TLFRPY\" width=\"800\" height=\"551\" \/><\/a><figcaption class=\"wp-caption-text\">Mikel Oyarzabal, el h\u00e9roe que marc\u00f3 el gol de la cuarta Eurocopa<\/figcaption><\/figure>\n<p>&nbsp;<\/p>\n<p>Un jugador que ha marcado 14 goles en la temporada es para tenerlo en cuenta pero es que, adem\u00e1s, tiene varias virtudes fundamentales para un torneo as\u00ed. Puede jugar en las tres posiciones de ataque de forma eficaz pero, adem\u00e1s, es un delantero que defiende como ning\u00fan otro. En la Real Sociedad dificulta enormemente la salida de bal\u00f3n del contrario y esto lo ha trasladado De La Fuente a la selecci\u00f3n. Un delantero que mete goles, presiona y es polivalente es una adici\u00f3n muy interesante para cualquier equipo, como se ver\u00eda en el torneo.<\/p>\n<p>S\u00ed que fue una pena la lesi\u00f3n de Isco Alarc\u00f3n, que estaba jugando en el Betis como en la mejor \u00e9poca en el Real Madrid y una lesi\u00f3n le dej\u00f3 fuera. M\u00e1s de lo mismo para Gavi del Barcelona.<\/p>\n<figure style=\"width: 1338px\" class=\"wp-caption aligncenter\"><img loading=\"lazy\" decoding=\"async\" src=\"https:\/\/images.ecestaticos.com\/f0kvzmxP3EuG0uZTGOiWV8w-62c=\/0x132:2272x1409\/1338x752\/filters:fill(white):format(jpg)\/f.elconfidencial.com%2Foriginal%2F477%2F10e%2F6e5%2F47710e6e5e29fcbcb0ad4e5b3192e72e.jpg\" alt=\"Espa\u00f1a - Italia, Eurocopa 2024 hoy, en directo: partido y resultado de Espa\u00f1a en la fase de grupos, f\u00fatbol en vivo\" width=\"1338\" height=\"752\" \/><figcaption class=\"wp-caption-text\">Nico Williams estuvo soberbio ante Italia<\/figcaption><\/figure>\n<h2>Fase de Grupos<\/h2>\n<p>Nos toc\u00f3 el grupo de la muerte pero con un juego incre\u00edble ganamos muy bien a Croacia 3-0 con goles de Fabi\u00e1n, Carvajal y Morata. El hombre del partido fue Fabi\u00e1n que dirigi\u00f3 al equipo, dio una asistencia y marc\u00f3.<\/p>\n<p>Despu\u00e9s nos toc\u00f3 la tetracampeona del mundo y actual campeona de Europa, Italia, a la que dimos un ba\u00f1o sin paliativos. 20 intentos de marcar de Espa\u00f1a por un 4 de Italia, 56 ocasiones creadas por 24. Solo subi\u00f3 al marcador el gol de Calafiori en propia puerta en un peligroso ataque con pase de la muerte desde el fondo del \u00e1rea de Nico Williams, a la postre hombre del partido. No ser\u00eda la \u00faltima vez.<\/p>\n<p>En estos dos partidos ya se ve\u00eda la clave del juego de equipo. El tiki-taka 2.0. O lo que es lo mismo, mover el bal\u00f3n con pases muy precisos hasta abrir hueco pero siendo muy verticales y aprovechando la habilidad y velocidad de los de arriba para atacar y terminar jugada, incluso disparando desde fuera del \u00e1rea. Adem\u00e1s, la presi\u00f3n a la salida del bal\u00f3n, innegociable.<\/p>\n<p>El tercer\u00a0 partido fue un cambio radical. Salieron todos los que no hab\u00edan jugado antes e hicieron un buen partido mostrando que tambi\u00e9n pod\u00edamos jugar con otros jugadores y seguir jugando muy bien.\u00a0 Dani Olmo por primera vez fue titular en lugar de Pedri y dibuj\u00f3 un pase entre l\u00edneas que aprovech\u00f3 Ferr\u00e1n Torres con su velocidad para mercar el gol y llevarse de paso el premio a hombre del partido.<\/p>\n<p>Este era un partido que no estaba claro que mereciera la pena ganarlo. Siendo primeros de grupo nos tocaba un tercero de otro grupo pero perdiendo nos tocaba un segundo, a priori m\u00e1s complicado pero si le gan\u00e1bamos nos quit\u00e1bamos el probable cruce de cuartos de final con Alemania.<\/p>\n<p>Afortunadamente, nos dio igual, no se especul\u00f3 y ganamos.<\/p>\n<figure style=\"width: 1960px\" class=\"wp-caption aligncenter\"><img loading=\"lazy\" decoding=\"async\" src=\"https:\/\/imagenes.elpais.com\/resizer\/v2\/H4V43KZ7VRH37MYUMN4AFLKLEI.jpg?auth=c18e12e3e9651bfe220c49baf16b91f6763653c98131360d34397950d3b55a66&amp;width=1960&amp;height=1470&amp;focal=4050%2C1430\" alt=\"As\u00ed hemos contado la victoria de Espa\u00f1a sobre Georgia en los octavos de final de la Eurocopa | Eurocopa Alemania 2024 | EL PA\u00cdS\" width=\"1960\" height=\"1470\" \/><figcaption class=\"wp-caption-text\">Fant\u00e1stico partido de Rodri que inici\u00f3 la remontada<\/figcaption><\/figure>\n<h2>Octavos de final<\/h2>\n<p>Esto nos llev\u00f3 a la parte m\u00e1s dura del cuadro, con dos campeonas del mundo, pero primero hab\u00eda que ganar a Georgia en Octavos.<\/p>\n<p>Georgia tuvo suerte con un gol en propia puerta de Le Normand, que ha hecho un gran campeonato pero aqu\u00ed el despeje fue para dentro.<\/p>\n<p>A Espa\u00f1a le vino bien porque demostr\u00f3 que era capaz de remontar y vaya si lo hizo. Disparo raso y fuerte desde la frontal de Rodri que igual\u00f3 el partido a los que siguieron los goles de Fabi\u00e1n, de cabeza a pase con m\u00fasica de Lamine, Nico Williams entrando como una bala y Dani Olmo, recorte y gol. Rodri se llev\u00f3 el man of the match.<\/p>\n<figure style=\"width: 1200px\" class=\"wp-caption alignnone\"><img loading=\"lazy\" decoding=\"async\" src=\"https:\/\/theobjective.com\/wp-content\/uploads\/2024\/07\/mikel-merino-espana-alemania.jpg\" alt=\"Espa\u00f1a tira de \u00e9pica en la pr\u00f3rroga y deja a Alemania sin su Eurocopa\" width=\"1200\" height=\"675\" \/><figcaption class=\"wp-caption-text\">Sensacional gol de Merino para darnos el pase a semifinales<\/figcaption><\/figure>\n<h2>Cuartos de final<\/h2>\n<p>La victoria nos llev\u00f3 a cuartos pero ah\u00ed esperaba Alemania, la tricampeona del mundo y de Europa, con Kroos renacido y que jugaba en casa. Era la \u00fanica que estaba jugando tan bien como Espa\u00f1a y era una clara final anticipada.<\/p>\n<p>El partido fue tan bueno como se esperaba, con dos selecciones de poder a poder. Al poco de empezar el partido todo se complic\u00f3 mucho porque\u00a0 Kroos hizo una entrada salvaje a Pedri que lo mand\u00f3 lesionado a la caseta y por m\u00e1s de un mes con un esguince en el tend\u00f3n de la pierna.<\/p>\n<p>Fue sustituido por Dani Olmo que hizo un grand\u00edsimo partido. As\u00ed, aprovech\u00f3 un pase desde el lateral del \u00e1rea de Lamine Jamal para rematar raso casi desde el punto de penalti y marcar el uno a cero. Parec\u00eda que la eliminatoria se inclinaba hacia Espa\u00f1a. Es verdad que Alemania apretaba pero aguant\u00e1bamos hasta que, a punto de terminar el partido un buen remate de Wirtz dio en el palo y entr\u00f3. Pr\u00f3rroga en la que el equipo plant\u00f3 cara y tuvo las mejores jugadas hasta el momento de la inspiraci\u00f3n en la que como si de Maceda se tratara, Mikel Merino cabece\u00f3 a la red un maravilloso pase de Dani Olmo. Sin duda, el gol de cabeza m\u00e1s bonito de la Eurocopa y la llave a las semifinales. Dani Olmo fue declarado con justicia el hombre del partido. Hab\u00eda empezado en el banquillo y termin\u00f3 marcando un gol y dando la asistencia de otro.<\/p>\n<figure style=\"width: 650px\" class=\"wp-caption alignnone\"><img loading=\"lazy\" decoding=\"async\" src=\"https:\/\/cadenaser.com\/resizer\/v2\/BRVAG3RZN32TRNKDKLXABEMNWU.jpg?auth=2c3ef4541c973f92a24b6c9e07547e3f99ff417a205a28a62ba2ee720a021937&amp;quality=70&amp;width=650&amp;height=487&amp;smart=true\" alt=\"Lamine Yamal noquea a Francia y Espa\u00f1a buscar\u00e1 la cuarta Eurocopa ...\" width=\"650\" height=\"487\" \/><figcaption class=\"wp-caption-text\">Lamine Yamal con un gol por la escuadra dej\u00f3 a Francia helada y sin final<\/figcaption><\/figure>\n<h2>Semifinal<\/h2>\n<p>La semifinal era contra la bicampeona del mundo, Francia. Fue un partido dif\u00edcil pero mucho menos que Alemania. Empezamos encajando un gol en uno de los escas\u00edsimos errores de marcaje que Kolo Muani aprovech\u00f3 muy bien. Sin embargo, Espa\u00f1a no se descompuso. Sigui\u00f3 atacando igual de bien y en el minuto 20 Lamine Jamal meti\u00f3 uno de los goles de la Eurocopa. Su primer gol con la selecci\u00f3n fue por la escuadra desde fuera del \u00e1rea con un derechazo perfecto ante el que Magnan puso todo con una gran estirada pero no pudo evitar que entrara.<\/p>\n<p>Cinco minutos despu\u00e9s Dani Olmo cogi\u00f3 un rebote dentro del \u00e1rea convirti\u00e9ndolo en un control orientado que dej\u00f3 con el molde a Tchouamen\u00ed y con un tiro cruzado anot\u00f3 despu\u00e9s de que Kound\u00e9 lo desviara.<\/p>\n<p>A partir de aqu\u00ed Espa\u00f1a control\u00f3 las acometidas de la selecci\u00f3n francesa y tuvo varias ocasiones m\u00e1s, pero ya no se movi\u00f3 el marcador y la selecci\u00f3n se plant\u00f3 en su quinta final Europea y Lamine Jamal se llev\u00f3 con todo merecimiento el premio al mejor jugador del partido.<\/p>\n<h2><a title=\"F4FEYQOJSJEBRNZR6Y5X4HPKFA\" href=\"https:\/\/www.flickr.com\/photos\/200884103@N07\/53890551077\/in\/dateposted-public\/\" data-flickr-embed=\"true\"><img loading=\"lazy\" decoding=\"async\" src=\"https:\/\/live.staticflickr.com\/65535\/53890551077_4ec4dc7227_c.jpg\" alt=\"F4FEYQOJSJEBRNZR6Y5X4HPKFA\" width=\"800\" height=\"534\" \/><\/a><\/h2>\n<h2>Final<\/h2>\n<p>El 14 de Julio se celebraba la final entre Espa\u00f1a e Inglaterra. El camino de Espa\u00f1a hab\u00eda sido un infierno dejando por el camino a tres campeonas del mundo y la semifinalista del \u00faltimo mundial entre el llamado \u00abgrupo de la muerte\u00bb (Italia, Croacia y Albania) y las eliminatorias con Alemania y Francia. A\u00fan as\u00ed, hab\u00eda llegado relativamente fresca, una sola pr\u00f3rroga, habiendo ganado todos los partidos, jugando muy bien, m\u00e1xima goleadora del torneo pero con las ausencias de Pedri y Ayoze por lesi\u00f3n.<\/p>\n<p>Inglaterra, en cambio, hab\u00eda tenido un grupo pl\u00e1cido, Dinamarca, Eslovenia y Servia aunque s\u00f3lo hab\u00eda conseguido 5 puntos. A\u00fan as\u00ed, como primera de grupo cayt\u00f3 al lado sencillo del cuadro y se enfrent\u00f3 a Eslovaquia en Octavos a la que derrot\u00f3 despu\u00e9s de la pr\u00f3rroga. En cuartos fue Suiza e igualmente la derrot\u00f3 in extremis en la pr\u00f3rroga y en Semifinales mejor\u00f3 un poco el r\u00e1cano juego que hab\u00edan mostrado consiguiendo derrotar a Holanda y llegando a la final.<\/p>\n<p>Las casas de apuestas daban ligeramente favorita a Inglaterra. No pod\u00eda ser por juego o resultados. Espa\u00f1a hab\u00eda llegado a la final con todos los partidos ganados y m\u00e1xima goleadora. Inglaterra hab\u00eda ganado tres partidos, perdido uno y empatado dos.\u00a0 Sin embargo, en la semifinal hab\u00edan hecho algo m\u00e1s y si se miraba jugador por jugador, antes del campeonato, un equipo con Bellingham, Foden, Harry Kane, Declan Rice, Walker o Parker o Saka ten\u00eda argumentos suficientes para impartir terror en los corazones rivales.<\/p>\n<p>A la hora de la verdad, no fue una final demasiado complicada. Inglaterra sali\u00f3 con un 3-4-2 que se convert\u00eda r\u00e1pidamente en un 4-4-2 bastante defensivo y, de hecho, la primera parte jugaron a que no pasara demasiado. Sin embargo pasaron dos cosas. Un tiro al final de Foden que ataj\u00f3 bien Unai y la lesi\u00f3n de Rodri.<\/p>\n<p>Esto podr\u00eda haber sido el final para Espa\u00f1a. Rodri es el jugador sobre el que se vertebra el peso del equipo, la manija que hace jugar al equipo y para al contrario. Hab\u00eda hecho hasta ese momento un campeonato sensacional a pesar de acumular cerca de 70 partidos hasta que, en un golpe con Laporte, se rompi\u00f3.<\/p>\n<p>Sin embargo, lo que no sab\u00edan los ingleses es que cont\u00e1bamos con un arma secreta. El mediocentro defensivo de la Real Sociedad, Mart\u00edn Zubimendi, un jugador que, si no es titular en la selecci\u00f3n es porque Rodri es el titular, pero ser\u00eda titular en cualquier selecci\u00f3n del mundo. Adem\u00e1s, Foden, que hab\u00eda renunciado a todo para convertirse en perro de presa de su compa\u00f1ero en el City, se relaj\u00f3 ante el desconocido que sal\u00eda. Esa fue una de las claves del partido.<\/p>\n<p>Nada m\u00e1s empezar la segunda parte un pase de Lamin Jamal, s\u00ed, \u00e9l de nuevo, lo remat\u00f3 a la red Nico Williams, s\u00ed, tambi\u00e9n \u00e9l, con tiro cruzado desde la izquierda.<\/p>\n<p>Nos pon\u00edamos por delante y ahora solo quedaba controlar el partido y buscar el segundo y fue eso a lo que se jug\u00f3.<\/p>\n<p>Inglaterra tuvo que apretar, iban perdiendo, y empez\u00f3 a meter dinamita con Palmer y les dio resultado. Despu\u00e9s de incontables ocasiones de gol para la Roja, en una jugada aislada y bien defendida, Bellingham, cay\u00e9ndose, deci\u00f3 el bal\u00f3n a Palmer que, desde fuera del \u00e1rea con un disparo raso trazado con tiral\u00edneas, aloj\u00f3 el bal\u00f3n a la derecha de la estirada de Unai Sim\u00f3n.<\/p>\n<p>Sin embargo, algo cambi\u00f3. No en Espa\u00f1a que sigui\u00f3 atacando sino en Inglaterra que baj\u00f3 las l\u00edneas y se dedic\u00f3 a esperar por si cazaba alguna o llegaban los penaltis, lo que fuera primero.<\/p>\n<p>No intentaron ganar el partido, no fueron a por \u00e9l. Parec\u00edan satisfechos con seguir vivos y eso se demostrar\u00eda que era un error.<\/p>\n<p>Luis De la Fuente hizo cambios y Morata fue sustituido por Mikel Oyarz\u00e1bal. Oyarz\u00e1bal hab\u00eda jugado los siete partidos aunque solo fue titular en el tercer partido contra Albania. No hab\u00eda marcado y, como no tiene un juego vistoso hab\u00eda recibido muchas cr\u00edticas.<\/p>\n<p>Lo que no hab\u00edan entendido muchos analistas es que De La Fuente jugaba con los tres delanteros de forma diferente porque dan cosas distintas.<\/p>\n<p>\u00c1lvaro Morata no para. Es cierto que falla muchas y que vive en fuera de juego. Pero tambi\u00e9n es cierto que tiene gol y que vuelve loca a la defensa rival, sacando a los centrales de posici\u00f3n, descargando balones y tirando desmarques. Eso facilitaba la vida de los extremos y de la segunda l\u00ednea (Olmo, Fabi\u00e1n, Pedri o Rodri).<\/p>\n<p>Joselu es un cazagoles, es para los momentos desesperados en que se apela a la \u00e9pica, un bal\u00f3n a la olla y que lo remate, aunque aporta mucho m\u00e1s como el cuerpeo con los centrales o la descarga de bal\u00f3n a los compa\u00f1eros.<\/p>\n<p><a title=\"DAJKO5E4AZBORFD5XVWXWCX4XM\" href=\"https:\/\/www.flickr.com\/photos\/200884103@N07\/53890551087\/in\/dateposted-public\/\" data-flickr-embed=\"true\"><img loading=\"lazy\" decoding=\"async\" src=\"https:\/\/live.staticflickr.com\/65535\/53890551087_33c8b40a89_c.jpg\" alt=\"DAJKO5E4AZBORFD5XVWXWCX4XM\" width=\"800\" height=\"534\" \/><\/a><\/p>\n<p>Oyarz\u00e1bal es distinto. Este a\u00f1o en la Real Sociedad ha jugado como delantero centro porque los titulares han sido un desastre y \u00e9l, aunque normalmente jugaba de extremo, tiene gol. De La Fuente le ha utilizado en los partidos que transcurr\u00edan m\u00e1s o menos bien para una triple funci\u00f3n.<\/p>\n<p>Para empezar, Oyarz\u00e1bal es el delantero que mejor defiende la LaLiga. Con \u00e9l la presi\u00f3n empieza desde el portero y dificulta la salida del bal\u00f3n de la defensa. Con el partido a favor, esta presi\u00f3n ayuda a cortocirtuitar el ataque rival y que, o se recupere el bal\u00f3n en campo contrario o que, cuando llegue a nuestro campo el equipo est\u00e9 asentado.<\/p>\n<p>Adem\u00e1s, si todo sale mal y hay que ir a por el partido, puede sustituirse a uno de los extremos que est\u00e9 cansado, pasar Oyarz\u00e1bal a su puesto y sacar a Joselu de delantero centro.<\/p>\n<p>La otra caracter\u00edstica es que tiene gol. En los amistosos antes de la Eurcopa hab\u00eda demostrado que ven\u00eda como un tiro, incluso con un hat-trick en uno de ellos.<\/p>\n<p>El partido estaba a punto de terminar.\u00a0 Minuto ochenta y seis, Dani Olmo desde medio campo da un pase a Oyarz\u00e1bal casi en la frontal del \u00e1rea. Este abre a la band para Cucurella que le devuelve la pared con un pase al \u00e1rea. Oyarz\u00e1bal supera su marcador y se lanza desliz\u00e1ndose por el c\u00e9sped y rematando a gol. El gol que a la postre vale una Eurocopa. Un gol hist\u00f3rico de un jugador que, adem\u00e1s, marca en todas las finales a las que llega, sea Liga de Naciones, Copa del rey o la Eurocopa.<\/p>\n<p>Espa\u00f1a consegu\u00eda con todo merecimiento la cuarta Copa de Europa de Naciones ganando todos los partidos con 15 goles a favor y solo 4 en contra.<\/p>\n<figure style=\"width: 800px\" class=\"wp-caption aligncenter\"><a title=\"GSr7zmcXEAAGnm7\" href=\"https:\/\/www.flickr.com\/photos\/200884103@N07\/53891459816\/in\/dateposted-public\/\" data-flickr-embed=\"true\"><img loading=\"lazy\" decoding=\"async\" src=\"https:\/\/live.staticflickr.com\/65535\/53891459816_77b3629532_c.jpg\" alt=\"GSr7zmcXEAAGnm7\" width=\"800\" height=\"620\" \/><\/a><figcaption class=\"wp-caption-text\">Los cinco txuri urdines campeones de Europa<\/figcaption><\/figure>\n<p>&nbsp;<\/p>\n<div class=\"voc-c-container voc-c-container--bdr\">\n<div class=\"voc-d-c-list \">\n<header class=\"voc-d-c__header\">\n<h3 class=\"voc-d-c__s-title\">Las canciones elegidas por los jugadores de Espa\u00f1a en la celebraci\u00f3n tras ganar la Eurocopa 2024<\/h3>\n<p>Despu\u00e9s vendr\u00edan las celebraciones con visita a las instituciones (Zarzuela y Moncloa) y despu\u00e9s una espectacular R\u00faa por Madrid con m\u00e1s de medio mill\u00f3n de personas bajo el calor de Julio en la capital.<\/p>\n<p><img decoding=\"async\" src=\"https:\/\/www.hola.com\/horizon\/original_aspect_ratio\/c59245bd3d63-dlu561097015.jpg\" alt=\"La celebraci\u00f3n de La Roja por las calles de Madrid tras ganar la Eurocopa el 15 de julio de 2024\" \/><\/p>\n<p>Finaliz\u00f3 la R\u00faa en una atestada Plaza de la Cibeles d\u00f3nde hab\u00eda un escenario enorme en el que Morata ejerci\u00f3 de presentador de los jugadores a lo Pepe Reina en 2010. Estuvo enorme. Cuando los presentaba cada jugador sal\u00eda con la canci\u00f3n que eleg\u00eda y aqu\u00ed est\u00e1 la selecci\u00f3n que hicieron.<\/p>\n<p><img decoding=\"async\" src=\"https:\/\/www.hola.com\/horizon\/original_aspect_ratio\/da481dc3534b-gettyimages-2161575288.jpg\" alt=\"La celebraci\u00f3n de La Roja por las calles de Madrid tras ganar la Eurocopa el 15 de julio de 2024\" \/><\/p>\n<\/header>\n<ul class=\"oc-d-c-list__list\">\n<li class=\"voc-d-c-list__item\">\n<p class=\"voc-d-c-list__paragraph\"><strong>Carvajal<\/strong>: &#8216;Como si fueras a morir ma\u00f1ana&#8217; &#8211; Leiva<\/p>\n<\/li>\n<li class=\"voc-d-c-list__item\">\n<p class=\"voc-d-c-list__paragraph\"><strong>Dani Olmo<\/strong>: &#8216;Como Camar\u00f3n&#8217; &#8211; Estopa<\/p>\n<\/li>\n<li class=\"voc-d-c-list__item\">\n<p class=\"voc-d-c-list__paragraph\"><strong>Grimaldo<\/strong>: &#8216;La falda&#8217; &#8211; Myke Towers<\/p>\n<\/li>\n<li class=\"voc-d-c-list__item\">\n<p class=\"voc-d-c-list__paragraph\"><strong>Rodri<\/strong>: &#8216;Freed from Desire&#8217; &#8211; Gala Rizzatto<\/p>\n<\/li>\n<li class=\"voc-d-c-list__item\">\n<p class=\"voc-d-c-list__paragraph\"><strong>Lamine Yamal<\/strong>: &#8216;\u00a1Eu Quero Tchu, eu quero tcha&#8217; &#8211; Jo\u00e3o Lucas &amp; Marcelo<\/p>\n<\/li>\n<li class=\"voc-d-c-list__item\">\n<p class=\"voc-d-c-list__paragraph\"><strong>David Raya<\/strong>: &#8216;Paseo&#8217; &#8211; Estopa<\/p>\n<\/li>\n<li class=\"voc-d-c-list__item\">\n<p class=\"voc-d-c-list__paragraph\"><strong>Le Normand<\/strong>: &#8216;Wavin&#8217; Flag&#8217; &#8211; David Bisbal<\/p>\n<\/li>\n<li class=\"voc-d-c-list__item\">\n<p class=\"voc-d-c-list__paragraph\"><strong>Nacho<\/strong>: &#8216;Volver a disfrutar&#8217; &#8211; El Canto del Loco<\/p>\n<\/li>\n<li class=\"voc-d-c-list__item\">\n<p class=\"voc-d-c-list__paragraph\"><strong>Pedri<\/strong>: &#8216;Pedro, Pedro&#8217; &#8211; Raffaella Carr\u00e1<\/p>\n<\/li>\n<li class=\"voc-d-c-list__item\">\n<p class=\"voc-d-c-list__paragraph\"><strong>Jes\u00fas Navas<\/strong>: &#8216;Party Animal&#8217; &#8211; Charly Black<\/p>\n<\/li>\n<li class=\"voc-d-c-list__item\">\n<p class=\"voc-d-c-list__paragraph\"><strong>Unai sim\u00f3n<\/strong>: &#8216;The kids aren &#8216;t allright&#8217; &#8211; The offspring<\/p>\n<\/li>\n<li class=\"voc-d-c-list__item\">\n<p class=\"voc-d-c-list__paragraph\"><strong>Ferm\u00edn<\/strong>: Y que fue? &#8211; Don Miguelo<\/p>\n<\/li>\n<li class=\"voc-d-c-list__item\">\n<p class=\"voc-d-c-list__paragraph\"><strong>Cucurella<\/strong>: &#8216;Malbec&#8217; &#8211; Bizarrap y Duki<\/p>\n<\/li>\n<li class=\"voc-d-c-list__item\">\n<p class=\"voc-d-c-list__paragraph\"><strong>Ayoze<\/strong>: &#8216;M\u00f3naco&#8217; &#8211; Bad Bunny<\/p>\n<\/li>\n<li class=\"voc-d-c-list__item\">\n<p class=\"voc-d-c-list__paragraph\"><strong>Gavi<\/strong>: &#8216;Por fin te encontr\u00e9&#8217; &#8211; Sebasti\u00e1n Yatra<\/p>\n<\/li>\n<li class=\"voc-d-c-list__item\">\n<p class=\"voc-d-c-list__paragraph\"><strong>Luis de la Fuente<\/strong>: &#8216;Vuela alto&#8217; &#8211; Julio Iglesias<\/p>\n<\/li>\n<li class=\"voc-d-c-list__item\">\n<p class=\"voc-d-c-list__paragraph\"><strong>Zubimendi<\/strong>: &#8216;Can&#8217;t hold us&#8217; &#8211; Macklemore y Ryan Lewis<\/p>\n<\/li>\n<li class=\"voc-d-c-list__item\">\n<p class=\"voc-d-c-list__paragraph\"><strong>Joselu<\/strong>: &#8216;La Bikina&#8217; &#8211; Luis Miguel<\/p>\n<\/li>\n<li class=\"voc-d-c-list__item\">\n<p class=\"voc-d-c-list__paragraph\"><strong>Ferr\u00e1n Torres<\/strong>: &#8216;El Tibur\u00f3n&#8217; &#8211; Henry M\u00e9ndez<\/p>\n<\/li>\n<li class=\"voc-d-c-list__item\">\n<p class=\"voc-d-c-list__paragraph\"><strong>Fabi\u00e1n<\/strong>: &#8216;Lala&#8217; &#8211; Myke Towers<\/p>\n<\/li>\n<li class=\"voc-d-c-list__item\">\n<p class=\"voc-d-c-list__paragraph\"><strong>Remiro<\/strong>: &#8216;Paquito El Chocolatero&#8217; &#8211; King Africa<\/p>\n<\/li>\n<li class=\"voc-d-c-list__item\">\n<p class=\"voc-d-c-list__paragraph\"><strong>Nico Williams<\/strong>: &#8216;Hay Lupita&#8217; &#8211; LOMIIEL<\/p>\n<\/li>\n<li class=\"voc-d-c-list__item\">\n<p class=\"voc-d-c-list__paragraph\"><strong>Vivian<\/strong>: &#8216;Dancing in the Dark&#8217; &#8211; Bruce Springsteen<\/p>\n<\/li>\n<li class=\"voc-d-c-list__item\">\n<p class=\"voc-d-c-list__paragraph\"><strong>Merino<\/strong>: &#8216;The sound of silence (CYRIL Remix)&#8217; &#8211; Disturbed<\/p>\n<\/li>\n<li class=\"voc-d-c-list__item\">\n<p class=\"voc-d-c-list__paragraph\"><strong>Oyarzabal<\/strong>: &#8216;Kernkraft 400&#8217; &#8211; Gymbro<\/p>\n<\/li>\n<\/ul>\n<\/div>\n<\/div>\n<p>Tambi\u00e9n son\u00f3 Potra Salvaje cantada en directo por Isabel Aai\u00fan, el himno no oficial de la selecci\u00f3n, adem\u00e1s de la actuaci\u00f3n de Aitana.<\/p>\n<p>Una gran Eurocopa que se gan\u00f3 batiendo todos los r\u00e9cords como el de ganar todos los partidos o el de mayor n\u00famero de goles con 15. Adem\u00e1s, con esta cuarta Eurocopa, Espa\u00f1a es el pa\u00eds que m\u00e1s ha ganado.<\/p>\n<p>&nbsp;<\/p>\n<p>&nbsp;<\/p>\n<p>&nbsp;<\/p>\n","protected":false},"excerpt":{"rendered":"<p>Una gesta hist\u00f3rica. Un momento incre\u00edble. He disfrutado esta Eurocopa como hac\u00eda mucho tiempo.<\/p>\n","protected":false},"author":2,"featured_media":0,"comment_status":"open","ping_status":"open","sticky":false,"template":"","format":"standard","meta":{"iawp_total_views":5,"footnotes":""},"categories":[253,1697],"tags":[3887,3893,3888,3889,3762,3892,3891,3890],"class_list":["post-6057","post","type-post","status-publish","format-standard","hentry","category-deportes","category-eventos","tag-dani-olmo","tag-eurocopa-alemania-2024","tag-lamine-yamal","tag-mikel-merino","tag-oyarzabal","tag-rodri","tag-tokio-2020","tag-zubimendi"],"_links":{"self":[{"href":"http:\/\/zonadelta.net\/atreides\/index.php?rest_route=\/wp\/v2\/posts\/6057","targetHints":{"allow":["GET"]}}],"collection":[{"href":"http:\/\/zonadelta.net\/atreides\/index.php?rest_route=\/wp\/v2\/posts"}],"about":[{"href":"http:\/\/zonadelta.net\/atreides\/index.php?rest_route=\/wp\/v2\/types\/post"}],"author":[{"embeddable":true,"href":"http:\/\/zonadelta.net\/atreides\/index.php?rest_route=\/wp\/v2\/users\/2"}],"replies":[{"embeddable":true,"href":"http:\/\/zonadelta.net\/atreides\/index.php?rest_route=%2Fwp%2Fv2%2Fcomments&post=6057"}],"version-history":[{"count":11,"href":"http:\/\/zonadelta.net\/atreides\/index.php?rest_route=\/wp\/v2\/posts\/6057\/revisions"}],"predecessor-version":[{"id":6070,"href":"http:\/\/zonadelta.net\/atreides\/index.php?rest_route=\/wp\/v2\/posts\/6057\/revisions\/6070"}],"wp:attachment":[{"href":"http:\/\/zonadelta.net\/atreides\/index.php?rest_route=%2Fwp%2Fv2%2Fmedia&parent=6057"}],"wp:term":[{"taxonomy":"category","embeddable":true,"href":"http:\/\/zonadelta.net\/atreides\/index.php?rest_route=%2Fwp%2Fv2%2Fcategories&post=6057"},{"taxonomy":"post_tag","embeddable":true,"href":"http:\/\/zonadelta.net\/atreides\/index.php?rest_route=%2Fwp%2Fv2%2Ftags&post=6057"}],"curies":[{"name":"wp","href":"https:\/\/api.w.org\/{rel}","templated":true}]}}