{"id":5928,"date":"2024-06-26T19:14:03","date_gmt":"2024-06-26T17:14:03","guid":{"rendered":"http:\/\/zonadelta.net\/atreides\/?p=5928"},"modified":"2025-05-25T18:39:29","modified_gmt":"2025-05-25T16:39:29","slug":"el-cementerio-de-los-libros-olvidados-de-2024","status":"publish","type":"post","link":"http:\/\/zonadelta.net\/atreides\/?p=5928","title":{"rendered":"El cementerio de los libros olvidados de 2024"},"content":{"rendered":"\n<figure class=\"wp-block-image\"><img decoding=\"async\" src=\"https:\/\/miviaje.com\/wp-content\/uploads\/2019\/01\/libreria-lello-oporto.jpg\" alt=\"\"\/><\/figure>\n\n\n\n<p><\/p>\n\n\n\n<p>Empezamos tarde, como es tradicional, la entrada dedicada a los libros le\u00eddos este a\u00f1o. Eso s\u00ed, pinta bien el a\u00f1o. No habr\u00e1 invasi\u00f3n de Brandon Sanderson como el a\u00f1o pasado pero creo que ser\u00e1 un a\u00f1o igual de bueno, se prev\u00e9n novedades interesantes.<\/p>\n\n\n\n<!--more-->\n\n\n\n<p>Actualizaci\u00f3n 20\/01\/2025<\/p>\n\n\n\n<figure class=\"wp-block-image size-full\"><a href=\"https:\/\/zonadelta.net\/atreides\/wp-content\/uploads\/2024\/06\/image-21.png\"><img loading=\"lazy\" decoding=\"async\" width=\"800\" height=\"500\" src=\"https:\/\/zonadelta.net\/atreides\/wp-content\/uploads\/2024\/06\/image-21.png\" alt=\"\" class=\"wp-image-6295\" srcset=\"http:\/\/zonadelta.net\/atreides\/wp-content\/uploads\/2024\/06\/image-21.png 800w, http:\/\/zonadelta.net\/atreides\/wp-content\/uploads\/2024\/06\/image-21-300x188.png 300w, http:\/\/zonadelta.net\/atreides\/wp-content\/uploads\/2024\/06\/image-21-768x480.png 768w\" sizes=\"auto, (max-width: 800px) 100vw, 800px\" \/><\/a><\/figure>\n\n\n\n<p><\/p>\n\n\n\n<p>Un Dios Severo de Alexis Etcheverry, <\/p>\n\n\n\n<p>Como bonus lo comento someramente pero, como no ha salido a\u00fan, esperar\u00e9 a hacer un an\u00e1lisis m\u00e1s completo cuando se pueda adquirir. La imagen no corresponde a la portada, solo es ilustrativa del t\u00edtulo. Para hacer bonito, vaya.<\/p>\n\n\n\n<p>El autor de <a href=\"https:\/\/zonadelta.net\/atreides\/?p=3752\">La canci\u00f3n de la bruma&nbsp;<\/a>vuelve m\u00e1s en  forma que nunca con este relato postapocal\u00edptico tan real que impresiona y hace reflexionar. <\/p>\n\n\n\n<p>Hugo, el due\u00f1o de una tienda de ultramarinos en Madrid se encuentra con el fin de la civilizaci\u00f3n tal como la conocemos por culpa de una enorme llamarada solar. <\/p>\n\n\n\n<p>Sin tecnolog\u00eda, este hombre un tanto hura\u00f1o y ego\u00edsta se encontrar\u00e1 con el deterioro de la humanidad y tendr\u00e1 que tomar decisiones empujado por las circunstancias, mientras todas las instituciones y comunicaciones se han desmoronado.<\/p>\n\n\n\n<p>Decidir\u00e1 viajar hacia un lugar d\u00f3nde sea m\u00e1s probable sobrevivir.<\/p>\n\n\n\n<p>Es interesant\u00edsimo el an\u00e1lisis de la sociedad que se desmorona y c\u00f3mo de epid\u00e9rmica es la capa de civilizaci\u00f3n que cubre a la humanidad. Tan interesantes como Hugo, el narrador, es Samuel, un compa\u00f1ero de viaje bastante particular.<\/p>\n\n\n\n<p>El viaje siempre se dice que es lo m\u00e1s interesante y aqu\u00ed est\u00e1 a la par con el destino. Adem\u00e1s, tiene un fant\u00e1stico final que se va preparando con mucha habilidad para que resulte sorprendente y l\u00f3gico a la vez. <\/p>\n\n\n\n<p>Avisar\u00e9 cuando est\u00e9 a la venta porque es una fant\u00e1stica novela. <\/p>\n\n\n\n<p><\/p>\n\n\n\n<figure class=\"wp-block-image size-large is-resized\"><a href=\"https:\/\/zonadelta.net\/atreides\/wp-content\/uploads\/2024\/06\/image-20.png\"><img loading=\"lazy\" decoding=\"async\" width=\"668\" height=\"1024\" src=\"https:\/\/zonadelta.net\/atreides\/wp-content\/uploads\/2024\/06\/image-20-668x1024.png\" alt=\"\" class=\"wp-image-6294\" style=\"width:690px;height:auto\" srcset=\"http:\/\/zonadelta.net\/atreides\/wp-content\/uploads\/2024\/06\/image-20-668x1024.png 668w, http:\/\/zonadelta.net\/atreides\/wp-content\/uploads\/2024\/06\/image-20-196x300.png 196w, http:\/\/zonadelta.net\/atreides\/wp-content\/uploads\/2024\/06\/image-20-768x1178.png 768w, http:\/\/zonadelta.net\/atreides\/wp-content\/uploads\/2024\/06\/image-20-1001x1536.png 1001w, http:\/\/zonadelta.net\/atreides\/wp-content\/uploads\/2024\/06\/image-20-1335x2048.png 1335w, http:\/\/zonadelta.net\/atreides\/wp-content\/uploads\/2024\/06\/image-20.png 1583w\" sizes=\"auto, (max-width: 668px) 100vw, 668px\" \/><\/a><\/figure>\n\n\n\n<h2 class=\"wp-block-heading\">Desconf\u00eda Jon Arretxe<\/h2>\n\n\n\n<p>Tour\u00e9 se encuentra en Par\u00eds, la ciudad donde vivi\u00f3 su hija Sira. Tras huir de las presiones policiales en Bilbao y pasar un tiempo en el Pirineo navarro, Tour\u00e9 llega a Par\u00eds con la intenci\u00f3n de pasar desapercibido, camufl\u00e1ndose entre la comunidad de migrantes africanos.<\/p>\n\n\n\n<p>Por primera vez desde que comenz\u00f3 su periplo, Tour\u00e9 vive con cierta holgura econ\u00f3mica gracias a las habilidades que le ha ense\u00f1ado su compa\u00f1era Yareliz. Esto le permite enviar dinero a su familia en Burkina Faso y encontrar un nuevo sentido a su experiencia migratoria.<\/p>\n\n\n\n<p>La historia aqu\u00ed se transforma en las aventuras de un Tour\u00e9 transformado en Lupin, con robos de guante blanco y disfrutando de la vida de la alta sociedad al lado de Yareliz, la prostituta con la que escap\u00f3 del pueblo de Navarra.<\/p>\n\n\n\n<p>Desgraciadamente, todo ir\u00e1 ti\u00f1\u00e9ndose de un tinte mucho m\u00e1s oscuro y la transformaci\u00f3n de Tour\u00e9 en una persona mucho m\u00e1s peligrosa y con menos escr\u00fapulos. La vida lo ha tratado mal, ha tenido que hacer de todo para sobrevivir y eso cambia a las personas. Ya lo dec\u00edamos en la novela anterior, no es el mismo hombre que sal\u00eda en 19 C\u00e1maras. Sigue siendo solidario, sigue intentando ayudar a la gente, pero las consecuencias son muy duras y esto ha hecho que, al final del libro tengamos un Tour\u00e9 con muy pocas l\u00edneas rojas.  <\/p>\n\n\n\n<figure class=\"wp-block-image size-full is-resized\"><a href=\"http:\/\/zonadelta.net\/atreides\/wp-content\/uploads\/2024\/06\/image-19.png\"><img loading=\"lazy\" decoding=\"async\" width=\"634\" height=\"1000\" src=\"http:\/\/zonadelta.net\/atreides\/wp-content\/uploads\/2024\/06\/image-19.png\" alt=\"\" class=\"wp-image-6291\" style=\"width:690px;height:auto\" srcset=\"http:\/\/zonadelta.net\/atreides\/wp-content\/uploads\/2024\/06\/image-19.png 634w, http:\/\/zonadelta.net\/atreides\/wp-content\/uploads\/2024\/06\/image-19-190x300.png 190w\" sizes=\"auto, (max-width: 634px) 100vw, 634px\" \/><\/a><\/figure>\n\n\n\n<h2 class=\"wp-block-heading\">Mago menor T. Kingfisher<\/h2>\n\n\n\n<p>El protagonista de la historia, Oliver, es un mago menor, apenas tiene tres hechizos de poca importancia, pero es el mago de su aldea y sabe un mont\u00f3n de hierbas. Ayuda a los vecinos en sus problemas y, a pesar de lo joven que es siempre cuentan con \u00e9l. Incluso para enviarlo a que traiga de vuelta la lluvia a las monta\u00f1as, a pesar de que la zona es totalmente desconocida y \u00e9l es un ni\u00f1o con una Armadillo parlante como familiar.<\/p>\n\n\n\n<p>Con estos mimbres se crea una historia de lo m\u00e1s entretenida que tiene sus momentos de terror y de tensi\u00f3n, para algo es la autora de Ortiga y Hueso, pero otros tambi\u00e9n divertidos. Es una novela ligera, corta y entretenida.<\/p>\n\n\n\n<p><\/p>\n\n\n\n<p>Actualizaci\u00f3n 19\/01\/2025<\/p>\n\n\n\n<figure class=\"wp-block-image size-large\"><a href=\"http:\/\/zonadelta.net\/atreides\/wp-content\/uploads\/2024\/06\/image-17.png\"><img loading=\"lazy\" decoding=\"async\" width=\"910\" height=\"1024\" src=\"http:\/\/zonadelta.net\/atreides\/wp-content\/uploads\/2024\/06\/image-17-910x1024.png\" alt=\"\" class=\"wp-image-6287\" srcset=\"http:\/\/zonadelta.net\/atreides\/wp-content\/uploads\/2024\/06\/image-17-910x1024.png 910w, http:\/\/zonadelta.net\/atreides\/wp-content\/uploads\/2024\/06\/image-17-267x300.png 267w, http:\/\/zonadelta.net\/atreides\/wp-content\/uploads\/2024\/06\/image-17-768x864.png 768w, http:\/\/zonadelta.net\/atreides\/wp-content\/uploads\/2024\/06\/image-17-1366x1536.png 1366w, http:\/\/zonadelta.net\/atreides\/wp-content\/uploads\/2024\/06\/image-17-1821x2048.png 1821w\" sizes=\"auto, (max-width: 910px) 100vw, 910px\" \/><\/a><\/figure>\n\n\n\n<h2 class=\"wp-block-heading\">Saga Blackwater, de Michael McDowell<\/h2>\n\n\n\n<p>La saga Blackwater es una serie de novelas de terror g\u00f3tico sure\u00f1o publicada originalmente en 1983. La historia se centra en la rica y poderosa familia Caskey de Perdido, Alabama, a principios del siglo XX, y los eventos extra\u00f1os y a menudo terror\u00edficos que les suceden tras la llegada de una misteriosa mujer llamada Elinor Dammert.<\/p>\n\n\n\n<p>Sinopsis:<\/p>\n\n\n\n<ul class=\"wp-block-list\">\n<li><strong>Libro I: La Riada (The Flood)<\/strong>: Una inundaci\u00f3n devastadora golpea Perdido en 1919. Tras la inundaci\u00f3n, aparece Elinor Dammert, una mujer misteriosa con un pasado oculto, que r\u00e1pidamente se casa con Oscar Caskey, heredero de la familia. Su presencia comienza a generar tensiones y sucesos extra\u00f1os en la familia.<\/li>\n\n\n\n<li><strong>Libro II: El Dique (The Levee)<\/strong>: Las tensiones familiares aumentan mientras Elinor se integra m\u00e1s en la vida de los Caskey. Se exploran las complejas relaciones entre los miembros de la familia, especialmente entre Elinor y la matriarca Mary-Love Caskey. Se empiezan a intuir las verdaderas y oscuras intenciones de Elinor.<\/li>\n\n\n\n<li><strong>Libro III: La Casa (The House)<\/strong>: La construcci\u00f3n de una nueva casa para Oscar y Elinor se convierte en un foco de extra\u00f1os sucesos. Se revelan m\u00e1s detalles sobre el pasado de Elinor y su conexi\u00f3n con el r\u00edo Blackwater. Los elementos sobrenaturales se intensifican.<\/li>\n\n\n\n<li><strong>Libro IV: La Guerra (The War)<\/strong>: La Primera Guerra Mundial impacta a la familia Caskey. Los secretos y las rivalidades internas alcanzan un punto cr\u00edtico. La influencia de Elinor se hace cada vez m\u00e1s palpable y perturbadora.<\/li>\n\n\n\n<li><strong>Libro V: La Lluvia (The Rain)<\/strong>: Una serie de eventos clim\u00e1ticos inusuales azotan Perdido. El comportamiento de Elinor se vuelve m\u00e1s err\u00e1tico y peligroso. La familia Caskey se enfrenta a las consecuencias de sus acciones pasadas.<\/li>\n\n\n\n<li><strong>Libro VI: El Final (The Ending)<\/strong>: Se resuelven los misterios en torno a Elinor y su verdadera naturaleza. La saga llega a una conclusi\u00f3n oscura y sorprendente, revelando el destino final de la familia Caskey y su conexi\u00f3n con las fuerzas sobrenaturales que los han acechado.<\/li>\n<\/ul>\n\n\n\n<p>Esa era la sinopsis de la saga pero los puntos fuertes son, por un lado, el personaje de Elinor Caskey. \u00bfEs un monstruo? \u00bfBusca solo el bien de los Caskey ya que ahora es una de ellos?<\/p>\n\n\n\n<p>Lo que est\u00e1 claro es que tiene su propio c\u00f3digo de honor que escapa en muchos casos a las convenciones.<\/p>\n\n\n\n<p>Alrededor de Elinor se desarrollan los restantes personajes, desde la matriarca que le plant\u00f3 cara a las hijas, la que renunci\u00f3 y la que m\u00e1s quer\u00eda. <\/p>\n\n\n\n<p>Las mujeres tienen un enorme peso en la trama, es sin duda un matriarcado en el que los hombres tienen un papel fundamental pero la visi\u00f3n la tienen ellas.<\/p>\n\n\n\n<p>Por otro lado, la parte sobrenatural es muy importante aunque el autor la utiliza de forma muy medida. No es una saga de espada y brujer\u00eda. Est\u00e1 mucho m\u00e1s cerca del realismo m\u00e1gico. Suceden cosas inexplicables, en muchos casos aceptadas de forma natural, y en otros con consecuencias terribles. Esto es bueno porque las novelas sorprenden al no saber bien qu\u00e9 suceder\u00e1.<\/p>\n\n\n\n<p>Hay una tercera rama que son los negocios pero estos tienen importancia en tanto que influyen en la vida de la familia y del pueblo de Perdido m\u00e1s que como un pilar en s\u00ed mismo.<\/p>\n\n\n\n<p>La ambientaci\u00f3n en el sur de Estados unidos en distintas \u00e9pocas, desde principios del Siglo XX hasta superado el ecuador del mismo es una presentaci\u00f3n sociol\u00f3gica del pa\u00eds muy enriquecedora para la trama. <\/p>\n\n\n\n<p>Por supuesto, la inmensa importancia del r\u00edo Blackwater que da nombre a la saga, va mucho m\u00e1s all\u00e1 que un mero elemento de la naturaleza, convirti\u00e9ndose en un personaje con sus ignotas intenciones y que requiere de una atenci\u00f3n que la gente actual no sabe o no quiere darle pero que sigue reclamando. <\/p>\n\n\n\n<p>La saga es apasionante porque todas estas partes las teje construyendo una novela r\u00edo en la que es dif\u00edcil no engancharse. <\/p>\n\n\n\n<p>Me ha gustado que se publicara como un follet\u00edn por entregas, aunque en realidad siguen la historia como si de cap\u00edtulos se tratara, y me han entusiasmado las portadas. Que la edici\u00f3n fuese barata estoy seguro que ha ayudado a que mucha gente a la que se le contaba que estaba muy bien se decidiera a probar.<\/p>\n\n\n\n<figure class=\"wp-block-image size-large\"><a href=\"http:\/\/zonadelta.net\/atreides\/wp-content\/uploads\/2024\/06\/image-18.png\"><img loading=\"lazy\" decoding=\"async\" width=\"663\" height=\"1024\" src=\"http:\/\/zonadelta.net\/atreides\/wp-content\/uploads\/2024\/06\/image-18-663x1024.png\" alt=\"\" class=\"wp-image-6288\" srcset=\"http:\/\/zonadelta.net\/atreides\/wp-content\/uploads\/2024\/06\/image-18-663x1024.png 663w, http:\/\/zonadelta.net\/atreides\/wp-content\/uploads\/2024\/06\/image-18-194x300.png 194w, http:\/\/zonadelta.net\/atreides\/wp-content\/uploads\/2024\/06\/image-18-768x1187.png 768w, http:\/\/zonadelta.net\/atreides\/wp-content\/uploads\/2024\/06\/image-18-994x1536.png 994w, http:\/\/zonadelta.net\/atreides\/wp-content\/uploads\/2024\/06\/image-18-1325x2048.png 1325w, http:\/\/zonadelta.net\/atreides\/wp-content\/uploads\/2024\/06\/image-18.png 1500w\" sizes=\"auto, (max-width: 663px) 100vw, 663px\" \/><\/a><\/figure>\n\n\n\n<h2 class=\"wp-block-heading\">Hu\u00e9rfanos de la Tierra de Adrian Tchaikovsky<\/h2>\n\n\n\n<p>Hace ochenta a\u00f1os, la Tierra fue destruida repentinamente por una raza alien\u00edgena misteriosa y aparentemente imparable conocida como los Arquitectos. Estos seres no atacan directamente, sino que \u00abremodelan\u00bb planetas enteros, convirti\u00e9ndolos en extra\u00f1as y grotescas obras de arte c\u00f3smicas antes de desaparecer. La humanidad, dispersa por la galaxia, vive con el constante temor de ser la pr\u00f3xima v\u00edctima.<\/p>\n\n\n\n<p>El autor crea una space opera fren\u00e9tica en la que la Humanidad se dispers\u00f3 por el espacio, contact\u00f3 con nuevas razas pero en un momento dado se encontraron con estos arquitectos. Lucharon contra ellos aunque su poder de remodelar mundos era incomparablemente mayor que el de todas estas razas enfrentadas. Sin embargo, consiguieron que un humano contactara con la mente de un arquitecto. Despu\u00e9s de eso, estos se fueron y termin\u00f3 el ataque.<\/p>\n\n\n\n<p>Durante las d\u00e9cadas que han pasado, los humanos han estado trabajando para conseguir una raza de intermediarios que pueda enfrentarse a esta amenaza de nuevo, aunque los m\u00e9todos han sido brutales. <\/p>\n\n\n\n<p>El intermediario que lo consigui\u00f3 ha seguido trabajando mientras tanto porque tienen una habilidad extraordinaria, la de poder ubicarse fuera de las rutas establecidas en el vac\u00edo al dar un \u00absalto\u00bb.<\/p>\n\n\n\n<p>Sin embargo, en el vac\u00edo descubren una anomal\u00eda que podr\u00eda ser de los arquitectos y todos se ponen bastante tensos, persiguiendo al intermediario y a su tripulaci\u00f3n m\u00e1s alguna adici\u00f3n de la que no terminan de fiarse.<\/p>\n\n\n\n<p>El resultado es una space opera compleja, con m\u00faltiples ideas interesantes y motivaciones muy distintas, m\u00e1s una amenaza tan grande que cuesta imaginarla. <\/p>\n\n\n\n<p>Realmente apasionante.<\/p>\n\n\n\n<p>Actualizaci\u00f3n 4\/01\/2025<\/p>\n\n\n\n<figure class=\"wp-block-image size-large\"><a href=\"https:\/\/zonadelta.net\/atreides\/wp-content\/uploads\/2024\/06\/image-16.png\"><img loading=\"lazy\" decoding=\"async\" width=\"668\" height=\"1024\" src=\"https:\/\/zonadelta.net\/atreides\/wp-content\/uploads\/2024\/06\/image-16-668x1024.png\" alt=\"\" class=\"wp-image-6254\" srcset=\"http:\/\/zonadelta.net\/atreides\/wp-content\/uploads\/2024\/06\/image-16-668x1024.png 668w, http:\/\/zonadelta.net\/atreides\/wp-content\/uploads\/2024\/06\/image-16-196x300.png 196w, http:\/\/zonadelta.net\/atreides\/wp-content\/uploads\/2024\/06\/image-16-768x1178.png 768w, http:\/\/zonadelta.net\/atreides\/wp-content\/uploads\/2024\/06\/image-16-1002x1536.png 1002w, http:\/\/zonadelta.net\/atreides\/wp-content\/uploads\/2024\/06\/image-16-1336x2048.png 1336w, http:\/\/zonadelta.net\/atreides\/wp-content\/uploads\/2024\/06\/image-16.png 2000w\" sizes=\"auto, (max-width: 668px) 100vw, 668px\" \/><\/a><\/figure>\n\n\n\n<h2 class=\"wp-block-heading\">Todo Muere (Todo Arde 3) Juan G\u00f3mez Jurado<\/h2>\n\n\n\n<p>En esta tercera entrega de la serie \u00abTodo Arde\u00bb, seguimos la historia de tres mujeres: Aura, Sere y Mari Paz. Estas mujeres, que lo han perdido todo, se convierten en figuras peligrosas y decididas a cambiar las reglas del juego. La trama se desarrolla en un ambiente de tensi\u00f3n y acci\u00f3n, donde cada decisi\u00f3n puede ser crucial. La narrativa est\u00e1 llena de giros inesperados y momentos de alta tensi\u00f3n que mantendr\u00e1n al lector al borde de su asiento.<\/p>\n\n\n\n<p>El libro es extraordinario y cambia lo que hab\u00edamos visto hasta el momento. Mari paz intentar\u00e1 seguir su camino lejos de Aura. Sere tiene un secreto inconfesable con su dosis de culpa respecto a Aura. Y Aura. Aura es un personaje que se ha ido forjando en los tres libros y que al final de este se revela de forma tan l\u00f3gica como inesperada. Parec\u00eda una Antonia Scott con algunas caracter\u00edsticas distintas. Pues no. Es un personaje con entidad propia y aqu\u00ed queda m\u00e1s que claro. <\/p>\n\n\n\n<p>Muy buena trilog\u00eda con un gran final y dos personajazos como Mari paz y Aura Reyes. Detr\u00e1s del libro hay mucha historia de superh\u00e9roes le\u00edda y bien asimilada.<\/p>\n\n\n\n<p>Ha sido una saga de lo m\u00e1s satisfactoria, a pesar de lo poco que salen Antonia y Jon, pero lo mejor es que no le hace falta.<\/p>\n\n\n\n<figure class=\"wp-block-image size-full is-resized\"><a href=\"https:\/\/zonadelta.net\/atreides\/wp-content\/uploads\/2024\/06\/image-14.png\"><img loading=\"lazy\" decoding=\"async\" width=\"639\" height=\"1000\" src=\"https:\/\/zonadelta.net\/atreides\/wp-content\/uploads\/2024\/06\/image-14.png\" alt=\"\" class=\"wp-image-6252\" style=\"width:679px;height:auto\" srcset=\"http:\/\/zonadelta.net\/atreides\/wp-content\/uploads\/2024\/06\/image-14.png 639w, http:\/\/zonadelta.net\/atreides\/wp-content\/uploads\/2024\/06\/image-14-192x300.png 192w\" sizes=\"auto, (max-width: 639px) 100vw, 639px\" \/><\/a><\/figure>\n\n\n\n<h2 class=\"wp-block-heading\">Manual de panader\u00eda m\u00e1gica para usar en caso de ataque. T. Kingfisher<\/h2>\n\n\n\n<p>Mona no tiene grandes habilidades m\u00e1gicas. A diferencia de otros en su mundo que pueden controlar tormentas o hablar con el agua, su magia se limita a trabajar con la masa madre y hacer bailar a los mu\u00f1ecos de jengibre. Lleva una vida tranquila trabajando en la panader\u00eda de su t\u00eda, hasta que un d\u00eda descubre un cad\u00e1ver en el suelo del local.<\/p>\n\n\n\n<p>Los magos, aunque sean magos menores como Mona, cuyo poder b\u00e1sicamente es conseguir que el pan salga mejor y animar a las galletas de jengibre para que bailen, est\u00e1n siendo asesinados y adem\u00e1s cada vez gozan de peor fama.<\/p>\n\n\n\n<p>La historia nos habla del racismo, de la integraci\u00f3n y de lo que se puede hacer con la masa madre de forma muy entretenida y divertida.  Adem\u00e1s, la imaginaci\u00f3n empleada para mostrar lo que se puede hacer con los poderes de Mona es asombrosa.<\/p>\n\n\n\n<p><\/p>\n\n\n\n<figure class=\"wp-block-image size-large is-resized\"><a href=\"https:\/\/zonadelta.net\/atreides\/wp-content\/uploads\/2024\/06\/image-13.png\"><img loading=\"lazy\" decoding=\"async\" width=\"674\" height=\"1024\" src=\"https:\/\/zonadelta.net\/atreides\/wp-content\/uploads\/2024\/06\/image-13-674x1024.png\" alt=\"\" class=\"wp-image-6251\" style=\"width:682px;height:auto\" srcset=\"http:\/\/zonadelta.net\/atreides\/wp-content\/uploads\/2024\/06\/image-13-674x1024.png 674w, http:\/\/zonadelta.net\/atreides\/wp-content\/uploads\/2024\/06\/image-13-198x300.png 198w, http:\/\/zonadelta.net\/atreides\/wp-content\/uploads\/2024\/06\/image-13-768x1166.png 768w, http:\/\/zonadelta.net\/atreides\/wp-content\/uploads\/2024\/06\/image-13-1011x1536.png 1011w, http:\/\/zonadelta.net\/atreides\/wp-content\/uploads\/2024\/06\/image-13-1348x2048.png 1348w, http:\/\/zonadelta.net\/atreides\/wp-content\/uploads\/2024\/06\/image-13.png 1594w\" sizes=\"auto, (max-width: 674px) 100vw, 674px\" \/><\/a><\/figure>\n\n\n\n<h2 class=\"wp-block-heading\">No digas nada Jon Arretxe<\/h2>\n\n\n\n<p>Tour\u00e9, harto de ser humillado y utilizado por la polic\u00eda en la Peque\u00f1a \u00c1frica de San Francisco (Bilbao), decide desaparecer. El nuevo supervisor de las c\u00e1maras de seguridad revisa las grabaciones una y otra vez, pero no encuentra rastro alguno de \u00e9l. Ni siquiera sus amigos Sa Ken\u00e9, Osm\u00e1n y Xihab conocen su paradero.<\/p>\n\n\n\n<p>En realidad, Tour\u00e9 ha huido al Pirineo navarro, a un pueblo perdido donde le espera Adama, un antiguo compa\u00f1ero con quien sobrevivi\u00f3 a la traves\u00eda en patera. All\u00ed, Tour\u00e9 se dedica a cuidar ovejas, buscando una vida tranquila y lejos de los problemas. Sin embargo, su destino le persigue y, a pesar de sus deseos de paz, se ve envuelto en una serie de extra\u00f1as vicisitudes.<\/p>\n\n\n\n<p>Aqu\u00ed parec\u00eda que Tour\u00e9 tendr\u00eda una vida un poco m\u00e1s tranquila pero nos encontramos con un pueblo en el que los roces y las rencillas estallar\u00e1n pill\u00e1ndole en medio. Aunque algo bueno saldr\u00e1 de esto, como se ver\u00e1 en el siguiente libro, pero aqu\u00ed el embrutecimiento de Tour\u00e9 continuar\u00e1. Este Tour\u00e9 est\u00e1 muy lejos del de los primeros libros, todo por lo que ha pasado le ha marcado y el cambio para sobrevivir lo ha vuelto mucho m\u00e1s despiadado.<\/p>\n\n\n\n<p>Es muy interesante ver c\u00f3mo el personaje evoluciona, en muchos casos el protagonista de una saga de novelas de detectives pr\u00e1cticamente se mantiene igual resolviendo el caso que le toque. Aqu\u00ed, no. Aqu\u00ed lo mismo que \u00e9l influye en la historia, esta le influye a \u00e9l. Es una de las cosas que me gustan mucho de las novelas de Arretxe.<\/p>\n\n\n\n<figure class=\"wp-block-image size-full is-resized\"><a href=\"https:\/\/zonadelta.net\/atreides\/wp-content\/uploads\/2024\/06\/image-12.png\"><img loading=\"lazy\" decoding=\"async\" width=\"672\" height=\"1013\" src=\"https:\/\/zonadelta.net\/atreides\/wp-content\/uploads\/2024\/06\/image-12.png\" alt=\"\" class=\"wp-image-6250\" style=\"width:680px;height:auto\" srcset=\"http:\/\/zonadelta.net\/atreides\/wp-content\/uploads\/2024\/06\/image-12.png 672w, http:\/\/zonadelta.net\/atreides\/wp-content\/uploads\/2024\/06\/image-12-199x300.png 199w\" sizes=\"auto, (max-width: 672px) 100vw, 672px\" \/><\/a><\/figure>\n\n\n\n<h2 class=\"wp-block-heading\"><strong>Linaje Ancestral<\/strong> de Adrian Tchaikovsky<\/h2>\n\n\n\n<p>La novela es una fusi\u00f3n de fantas\u00eda y ciencia ficci\u00f3n. La historia se centra en Lynesse Cuarta Hija, una princesa rebelde que ha sido menospreciada por su madre, la Regente. Cuando un antiguo mal comienza a sembrar el p\u00e1nico en el reino, Lynesse decide enfrentarlo para proteger a su gente. En busca de ayuda, invoca el antiguo pacto con el Ancestro Nyrgoth, un hechicero que habita en la cima de una monta\u00f1a. Sin embargo, Nyrgoth no es exactamente un hechicero, sino un antrop\u00f3logo espacial con conocimientos cient\u00edficos avanzados.<\/p>\n\n\n\n<p>Me ha gustado de la historia que est\u00e9 contada desde el punto de vista de la princesa, que lo ve todo desde su prisma de hechicer\u00eda medieval, y del antrop\u00f3logo, que da una perspectiva cient\u00edfica.<\/p>\n\n\n\n<p>Sin embargo, la diferencia es tan extrema que, para m\u00ed, no terminan de funcionar bien ninguna de las dos versiones, la parte de la fantas\u00eda se pierde porque sabemos que no existen esos seres mitol\u00f3gicos y la parte de la ciencia es bastante rutinaria. La visi\u00f3n del uno sobre el otro tiene algo m\u00e1s de inter\u00e9s.<\/p>\n\n\n\n<p>A\u00fan as\u00ed, me decepcion\u00f3 bastante. Me gusta mucho el autor pero este libro est\u00e1 lejos de sus mejores trabajos.<\/p>\n\n\n\n<p>Actualizaci\u00f3n 29\/12\/2024<\/p>\n\n\n\n<figure class=\"wp-block-image size-full is-resized\"><a href=\"http:\/\/zonadelta.net\/atreides\/wp-content\/uploads\/2024\/06\/image-11.png\"><img loading=\"lazy\" decoding=\"async\" width=\"655\" height=\"1000\" src=\"http:\/\/zonadelta.net\/atreides\/wp-content\/uploads\/2024\/06\/image-11.png\" alt=\"\" class=\"wp-image-6238\" style=\"width:669px;height:auto\" srcset=\"http:\/\/zonadelta.net\/atreides\/wp-content\/uploads\/2024\/06\/image-11.png 655w, http:\/\/zonadelta.net\/atreides\/wp-content\/uploads\/2024\/06\/image-11-197x300.png 197w\" sizes=\"auto, (max-width: 655px) 100vw, 655px\" \/><\/a><\/figure>\n\n\n\n<h2 class=\"wp-block-heading\">Cicatriz Juan G\u00f3mez-Jurado<\/h2>\n\n\n\n<p>Irina, una joven rusa marcada por una terrible cicatriz en el rostro, busca venganza contra quienes la lastimaron. Trabaja como sicaria para la mafia rusa y se cruza en el camino de Mikel, un hombre atormentado por su pasado. Juntos, se ver\u00e1n envueltos en una espiral de violencia y peligro.<\/p>\n\n\n\n<p>Esta es una historia de venganza ambientada en Estados Unidos. La historia de un genio inform\u00e1tico que tambi\u00e9n es muy pardillo con las mujeres y decide buscar una pareja rusa en una web de citas. <\/p>\n\n\n\n<p>Iremos averiguando cosas de Irina y de su motivaci\u00f3n en una novela con mucha acci\u00f3n y violencia.<\/p>\n\n\n\n<p>Entretenida y aditiva, se lee muy r\u00e1pido. Es mejor que la serie, como suele pasar con la mayor\u00eda de los libros.<\/p>\n\n\n\n<figure class=\"wp-block-image size-full is-resized\"><a href=\"http:\/\/zonadelta.net\/atreides\/wp-content\/uploads\/2024\/06\/image-10.png\"><img loading=\"lazy\" decoding=\"async\" width=\"657\" height=\"1000\" src=\"http:\/\/zonadelta.net\/atreides\/wp-content\/uploads\/2024\/06\/image-10.png\" alt=\"\" class=\"wp-image-6237\" style=\"width:678px;height:auto\" srcset=\"http:\/\/zonadelta.net\/atreides\/wp-content\/uploads\/2024\/06\/image-10.png 657w, http:\/\/zonadelta.net\/atreides\/wp-content\/uploads\/2024\/06\/image-10-197x300.png 197w\" sizes=\"auto, (max-width: 657px) 100vw, 657px\" \/><\/a><\/figure>\n\n\n\n<h2 class=\"wp-block-heading\"><strong>El dios ca\u00eddo. El legado del hierro negro &#8211; 3 (Gareth Hanrahan)<\/strong><\/h2>\n\n\n\n<p>Este es el tercer libro de la saga \u00abEl Legado del Hierro Negro\u00bb. La Guerra de los Dioses ha llegado a Guerdon, dividiendo la ciudad entre tres potencias. Un fr\u00e1gil armisticio se mantiene, pero otras fuerzas peligrosas buscan influir en la situaci\u00f3n. Spar Idgeson, antes heredero de una hermandad de ladrones, se ha convertido en la piedra viva de la Nueva Ciudad, pero su magia est\u00e1 fallando. La mafia de dragones criminales de Ghierdana gana poder. Mientras tanto, Carillon Thay, ladrona, santa y asesina de dioses, busca desesperadamente la tierra de Khebesh para encontrar una cura para Spar.<\/p>\n\n\n\n<p>Es una de las sagas de fantas\u00eda m\u00e1s ambiciosas y entretenidas que se pueden encontrar. Me alegra esto porque no es una trilog\u00eda sino una pentalog\u00eda as\u00ed que queda mucho por contar. Me entusiasma la cosmogon\u00eda que ha creado y su relaci\u00f3n con las personas normales, c\u00f3mo los dioses convierten a personas en Santos, les otorgan poderes, pero sus vidas dejan de ser m\u00ednimamente normales, en muchos casos se la arruinan definitivamente. <\/p>\n\n\n\n<p>Los personajes son realmente extraordinarios. Me gusta especialmente Carillon Thay , la Santa de las Dagas, y su curiosa relaci\u00f3n con Spar, un amigo que ha trascendido su cuerpo y ahora es uno con la ciudad de Guerdon o algo parecido. No es un dios pero en ciertas ocasiones lo parece. La transformaci\u00f3n de Rata en el rey de los ghouls tambi\u00e9n es interesante. Lo mismo sucede con el de Eladora, la prima de Carillon, pero desgraciadamente ha perdido mucho protagonismo desde La plegaria de la Calle. En este libro contamos con otro personaje muy interesante, un mat\u00f3n de la hermandad llamado Barton Hedason que se unir\u00e1 renuente a Rasce, pr\u00edncipe de los Dragones, una mafia que ha entrado en Guerdon como apoyo a una de las facciones que se reparten la ciudad. <\/p>\n\n\n\n<p>Una gran saga que mantiene el nivel de inter\u00e9s con cada libro e incluso lo supera.<\/p>\n\n\n\n<p>Actualizaci\u00f3n 27\/12\/2024<\/p>\n\n\n\n<figure class=\"wp-block-image size-large is-resized\"><a href=\"http:\/\/zonadelta.net\/atreides\/wp-content\/uploads\/2024\/06\/image-6.png\"><img loading=\"lazy\" decoding=\"async\" width=\"705\" height=\"1024\" src=\"http:\/\/zonadelta.net\/atreides\/wp-content\/uploads\/2024\/06\/image-6-705x1024.png\" alt=\"\" class=\"wp-image-6231\" style=\"width:680px;height:auto\" srcset=\"http:\/\/zonadelta.net\/atreides\/wp-content\/uploads\/2024\/06\/image-6-705x1024.png 705w, http:\/\/zonadelta.net\/atreides\/wp-content\/uploads\/2024\/06\/image-6-206x300.png 206w, http:\/\/zonadelta.net\/atreides\/wp-content\/uploads\/2024\/06\/image-6-768x1116.png 768w, http:\/\/zonadelta.net\/atreides\/wp-content\/uploads\/2024\/06\/image-6.png 1032w\" sizes=\"auto, (max-width: 705px) 100vw, 705px\" \/><\/a><\/figure>\n\n\n\n<h2 class=\"wp-block-heading\"><strong>Una memoria llamada Imperio de Arkady Martine:<\/strong><\/h2>\n\n\n\n<p>Esta novela de ciencia ficci\u00f3n nos presenta a Mahit Dzmare, una embajadora del peque\u00f1o y aut\u00f3nomo Espacio de Lsel, que llega a la capital del vasto Imperio Teixcalaanli. Su predecesor ha muerto, y Mahit debe ocupar su lugar, manteniendo la independencia de su estaci\u00f3n espacial. Para ello, cuenta con un implante cerebral que contiene los recuerdos del anterior embajador. Sin embargo, algo falla: los recuerdos est\u00e1n incompletos y hay una conspiraci\u00f3n en la corte imperial. Mahit deber\u00e1 navegar por las intrigas pol\u00edticas, descifrar el misterio de la muerte de su predecesor y evitar que el Imperio se anexe su hogar. La novela explora temas como la identidad, la memoria, el choque cultural y el imperialismo.<\/p>\n\n\n\n<p>La autora tiene una curiosa forma de presentarnos este universo, partiendo de una diplom\u00e1tica de una peque\u00f1a estaci\u00f3n espacial que llega a la capital del imperio y con ella descubrimos esa civilizaci\u00f3n que valora enormemente la poes\u00eda y la cultura pero que tambi\u00e9n es un imperio que devora todo lo que tiene alrededor. Sin embargo, no veremos la parte del imperio que devora, la historia se circunscribe a la capital del Imperio, con sus intrigas para hacerse con el poder y la forma de ser y de actuar de sus habitantes. Sin embargo, deja pinceladas de algo mucho mayor en las menciones a la pol\u00edtica exterior o el aviso de un gran enemigo que acecha en las fronteras del imperio, seguramente para la segunda parte que, presumiblemente, abarcar\u00e1 m\u00e1s lugares.<\/p>\n\n\n\n<p>Es estupendo que hayan publicado la novela, gan\u00f3 el Premio Hugo en 2020 pero hasta este a\u00f1o nadie la hab\u00edatra\u00eddo a Espa\u00f1a. La editorial dice que publicar\u00e1 en breve la segunda parte de esta duolog\u00eda, tambi\u00e9n ganadora del Hugo. Ojal\u00e1 sea verdad. <\/p>\n\n\n\n<p>Este a\u00f1o ha sido curioso, de estar cuatro a\u00f1os sin ninguno de los Premios Hugo porque parece que Nova solo publica a Sanderson \u00faltimamente, o casi, a publicarse en el mismo a\u00f1o dos Premios Hugo de Novela .<\/p>\n\n\n\n<p>Muy interesante, al igual que a Ortiga y hueso, le otorgu\u00e9 un 8 en la entrada dedicada a <a href=\"https:\/\/zonadelta.net\/atreides\/?p=1608\">Los premios Hugo de Novela<\/a>.<\/p>\n\n\n\n<figure class=\"wp-block-image size-full is-resized\"><a href=\"http:\/\/zonadelta.net\/atreides\/wp-content\/uploads\/2024\/06\/image-7.png\"><img loading=\"lazy\" decoding=\"async\" width=\"600\" height=\"977\" src=\"http:\/\/zonadelta.net\/atreides\/wp-content\/uploads\/2024\/06\/image-7.png\" alt=\"\" class=\"wp-image-6232\" style=\"width:688px;height:auto\" srcset=\"http:\/\/zonadelta.net\/atreides\/wp-content\/uploads\/2024\/06\/image-7.png 600w, http:\/\/zonadelta.net\/atreides\/wp-content\/uploads\/2024\/06\/image-7-184x300.png 184w\" sizes=\"auto, (max-width: 600px) 100vw, 600px\" \/><\/a><\/figure>\n\n\n\n<h2 class=\"wp-block-heading\"><strong>Alas de Sangre de Rebecca Yarros:<\/strong><\/h2>\n\n\n\n<p>Esta es la primera entrega de la serie \u00abThe Empyrean\u00bb. Nos sumerge en un mundo de fantas\u00eda con dragones y guerreros. Violet Sorrengail, una joven de 20 a\u00f1os, se ve obligada a unirse al Cuadrante de Jinetes de Dragones por orden de su madre, una general estricta. Violet es m\u00e1s fr\u00e1gil que el resto de los aspirantes, y muchos la consideran un blanco f\u00e1cil. Sin embargo, est\u00e1 decidida a sobrevivir y a demostrar su val\u00eda. La escuela de jinetes es brutal, y Violet deber\u00e1 superar duras pruebas, forjar alianzas y enfrentarse a peligros mortales, incluyendo a los propios dragones. Adem\u00e1s, la guerra se cierne sobre el reino, y Violet podr\u00eda ser la clave para su supervivencia. Es una historia de fantas\u00eda \u00e9pica con romance, acci\u00f3n y dragones.<\/p>\n\n\n\n<p>Este es un libro fabricado para molar. Tiene magia, tiene dragones, tiene violencia, tiene tri\u00e1ngulo amoroso y tiene sexo. Normal que haya tenido tanto \u00e9xito. Reconozco que es muy entretenido pero tambi\u00e9n que no cuenta nada nuevo, desde la academia a los romances, e incluso la vinculaci\u00f3n con los dragones, todo est\u00e1 tomado de otras novelas, en sus p\u00e1ginas tienes Harry Potter, el Se\u00f1or de los anillos, Ala de Drag\u00f3n o una Educaci\u00f3n Mortal, m\u00e1s las novelas de fantas\u00edas amorosas. Se lee r\u00e1pido y quiz\u00e1 la segunda parte salga de su enorme zona de confort, es lo bastante entretenido como para esperar que la autora, que tiene talento y ya ha conseguido muchos seguidores, tenga algo que contar. Esperemos porque en este solo hay lugares comunes.<\/p>\n\n\n\n<figure class=\"wp-block-image size-full is-resized\"><a href=\"http:\/\/zonadelta.net\/atreides\/wp-content\/uploads\/2024\/06\/image-8.png\"><img loading=\"lazy\" decoding=\"async\" width=\"652\" height=\"1000\" src=\"http:\/\/zonadelta.net\/atreides\/wp-content\/uploads\/2024\/06\/image-8.png\" alt=\"\" class=\"wp-image-6233\" style=\"width:692px;height:auto\" srcset=\"http:\/\/zonadelta.net\/atreides\/wp-content\/uploads\/2024\/06\/image-8.png 652w, http:\/\/zonadelta.net\/atreides\/wp-content\/uploads\/2024\/06\/image-8-196x300.png 196w\" sizes=\"auto, (max-width: 652px) 100vw, 652px\" \/><\/a><\/figure>\n\n\n\n<h2 class=\"wp-block-heading\"><strong>La asistenta de Freida McFadden:<\/strong><\/h2>\n\n\n\n<p>Esta novela de suspense psicol\u00f3gico nos presenta a Millie, una joven con un pasado turbio que consigue un trabajo como asistenta en casa de Nina y Andrew Winchester, una pareja adinerada que vive en una lujosa mansi\u00f3n. Aparentemente, es el trabajo perfecto: buen sueldo, alojamiento y una familia encantadora. Sin embargo, Millie pronto descubre que nada es lo que parece. Nina es inestable y Andrew esconde secretos. A medida que Millie se adentra en la vida de los Winchester, se da cuenta de que est\u00e1 atrapada en una red de mentiras, enga\u00f1os y peligros. La tensi\u00f3n aumenta a medida que se revelan oscuros secretos y Millie teme por su propia seguridad. Es un thriller psicol\u00f3gico con giros inesperados que mantiene al lector enganchado hasta el final.<\/p>\n\n\n\n<p>Es horrible. Los dos primeros tercios son un culebr\u00f3n del que podr\u00edan tomar nota los turcos. De hecho lo dej\u00e9.<\/p>\n\n\n\n<p>Sin embargo, al d\u00eda siguiente decid\u00ed que, para lo que me quedaba lo terminaba. Pues bien, esas cien \u00faltimas p\u00e1ginas son gloriosas, le dan sentido a todo y cambia completamente el libro. Merece mucho la pena, aunque el planteamiento se alargue tanto y se haga duro llegar al desenlace, el final impacta. Tanto que leer\u00e9 la siguiente novela. <\/p>\n\n\n\n<figure class=\"wp-block-image size-full is-resized\"><a href=\"http:\/\/zonadelta.net\/atreides\/wp-content\/uploads\/2024\/06\/image-9.png\"><img loading=\"lazy\" decoding=\"async\" width=\"654\" height=\"1000\" src=\"http:\/\/zonadelta.net\/atreides\/wp-content\/uploads\/2024\/06\/image-9.png\" alt=\"\" class=\"wp-image-6234\" style=\"width:690px;height:auto\" srcset=\"http:\/\/zonadelta.net\/atreides\/wp-content\/uploads\/2024\/06\/image-9.png 654w, http:\/\/zonadelta.net\/atreides\/wp-content\/uploads\/2024\/06\/image-9-196x300.png 196w\" sizes=\"auto, (max-width: 654px) 100vw, 654px\" \/><\/a><\/figure>\n\n\n\n<h2 class=\"wp-block-heading\"><strong>La vieja familia (La Saga de los Longevos) de Eva Garc\u00eda S\u00e1enz de Urturi:<\/strong><\/h2>\n\n\n\n<p>Esta novela es la continuaci\u00f3n de \u00abLos Longevos\u00bb. La inspectora Unai L\u00f3pez de Ayala, alias Kraken, se enfrenta a un nuevo caso que la lleva a investigar una antigua y poderosa familia vasca, los Urquiza. Tras la muerte de un miembro de la familia, Kraken descubre una red de secretos que se remontan a siglos atr\u00e1s. La investigaci\u00f3n se complica con la aparici\u00f3n de una sociedad secreta y la leyenda de una maldici\u00f3n familiar. Kraken deber\u00e1 desentra\u00f1ar la verdad detr\u00e1s de la muerte y los misterios que rodean a los Urquiza, mientras lidia con sus propios problemas personales. Esta saga combina thriller, novela hist\u00f3rica y elementos sobrenaturales, explorando temas como la familia, el poder, los secretos del pasado y la mitolog\u00eda vasca.<\/p>\n\n\n\n<p>La escritora me parece fant\u00e1stica pero esta es de sus primeras novelas y me ha parecido lej\u00edsimos de la calidad de<a href=\"https:\/\/zonadelta.net\/atreides\/?p=4254\"> El silencio de la ciudad blanca<\/a> o, sobre todo, <a href=\"https:\/\/zonadelta.net\/atreides\/?p=3662\">Aquitania<\/a>.<\/p>\n\n\n\n<p>Pr\u00e1cticamente es romantasy, un culebr\u00f3n con tri\u00e1ngulo amoroso e inmortales, o casi. Al menos, la parte de arqueolog\u00eda y los flashbacks de otras \u00e9pocas s\u00ed que tienen m\u00e1s inter\u00e9s. De todas formas, es un libro que demuestra que una escritora (o escritor)  puede empezar con algo mediocre y luego mejorar enormemente.<\/p>\n\n\n\n<p>Es una trilog\u00eda, pero creo que por el momento me voy a ahorrar los dos siguientes.<\/p>\n\n\n\n<p>Actualizaci\u00f3n 26\/12\/2024<\/p>\n\n\n<div class=\"wp-block-image\">\n<figure class=\"aligncenter size-full is-resized\"><a href=\"https:\/\/zonadelta.net\/atreides\/wp-content\/uploads\/2024\/06\/image-3.png\"><img loading=\"lazy\" decoding=\"async\" width=\"377\" height=\"559\" src=\"https:\/\/zonadelta.net\/atreides\/wp-content\/uploads\/2024\/06\/image-3.png\" alt=\"\" class=\"wp-image-6224\" style=\"width:655px;height:auto\" srcset=\"http:\/\/zonadelta.net\/atreides\/wp-content\/uploads\/2024\/06\/image-3.png 377w, http:\/\/zonadelta.net\/atreides\/wp-content\/uploads\/2024\/06\/image-3-202x300.png 202w\" sizes=\"auto, (max-width: 377px) 100vw, 377px\" \/><\/a><\/figure><\/div>\n\n\n<h2 class=\"wp-block-heading\"><strong>Carbono Modificado de Richard Morgan:<\/strong> <\/h2>\n\n\n\n<p>En un futuro donde la conciencia puede ser transferida entre cuerpos (fundas), Takeshi Kovacs, un ex-soldado de \u00e9lite convertido en mercenario, es \u00abresucitado\u00bb para investigar el aparente suicidio de Laurens Bancroft, un adinerado magnate. A medida que Kovacs profundiza en el caso, se adentra en un mundo de intrigas, corrupci\u00f3n y violencia, donde nada es lo que parece y su propia vida corre peligro. La novela explora temas como la inmortalidad, la identidad y las consecuencias de la tecnolog\u00eda en la sociedad. Es la primera novela de la serie de Takeshi Kovacs.<\/p>\n\n\n\n<p>La novela es apasionante. Aunque es una historia cyberpunk noir no se queda en lo t\u00edpico de la ciudad futurista y el detective hastiado de todo. Aqu\u00ed tenemos elementos muy interesantes como el poder viajar a distintos lugares, incluso planetas, transfiriendo la conciencia a otros cuerpos disponibles. Por supuesto, esto transforma completamente la sociedad, la muerte real es algo ocasional y dif\u00edcil, las implicaciones \u00e9ticas de esta sociedad, las personas que a\u00fan creen en el alma, los espect\u00e1culos, la novela tiene una trama muy interesante pero, aunque los personajes son buenos, es c\u00f3mo act\u00faan y c\u00f3mo les afecta esta sociedad lo que le da un plus de inter\u00e9s.<\/p>\n\n\n\n<figure class=\"wp-block-image size-full is-resized\"><a href=\"https:\/\/zonadelta.net\/atreides\/wp-content\/uploads\/2024\/06\/image-4.png\"><img loading=\"lazy\" decoding=\"async\" width=\"661\" height=\"1000\" src=\"https:\/\/zonadelta.net\/atreides\/wp-content\/uploads\/2024\/06\/image-4.png\" alt=\"\" class=\"wp-image-6225\" style=\"width:689px;height:auto\" srcset=\"http:\/\/zonadelta.net\/atreides\/wp-content\/uploads\/2024\/06\/image-4.png 661w, http:\/\/zonadelta.net\/atreides\/wp-content\/uploads\/2024\/06\/image-4-198x300.png 198w\" sizes=\"auto, (max-width: 661px) 100vw, 661px\" \/><\/a><\/figure>\n\n\n\n<h2 class=\"wp-block-heading\"><strong>La luna implacable de Mary Robinette Kowal:<\/strong> <\/h2>\n\n\n\n<p>En 1963, tras el impacto de un meteorito que ha devastado la Tierra, la Coalici\u00f3n Aeroespacial Internacional (CAI) trabaja arduamente para establecer una colonia humana en la Luna como posible v\u00eda de escape. Nicole Wargin, una de las primeras mujeres astronautas y esposa del gobernador Kenneth Talbot Wargin, est\u00e1 destinada a una misi\u00f3n en la base lunar. Sin embargo, las tensiones entre los \u00abterraprimeristas\u00bb (un grupo que se opone a la colonizaci\u00f3n espacial y busca priorizar la reconstrucci\u00f3n de la Tierra) y la CAI aumentan, y Nicole se ve envuelta en una conspiraci\u00f3n que amenaza el futuro del programa espacial y la supervivencia de la humanidad. Mientras Elma York, la protagonista de las anteriores novelas, se encuentra en su crucial viaje a Marte, Nicole debe enfrentarse a sabotajes, intrigas pol\u00edticas y peligros en la propia base lunar, donde un simple error puede tener consecuencias catastr\u00f3ficas.<\/p>\n\n\n\n<p>La escritora es fant\u00e1stica. Contin\u00faa con su saga Lady Astronaut pero esta vez no tenemos a Elma York como protagonista. Al principio me sorprendi\u00f3 y la ech\u00e9 de menos pero sigue en su viaje hacia Marte como se contaba en El destino celeste. Nicole Wargin es otra de las mujeres  pilotos que entraron en el programa de la NASA, como se contaba en Hacia las estrellas. Sucede en paralelo al viaje de Alma York a Marte y as\u00ed conocemos lo que sucedi\u00f3 mientras tanto. Tiene mucho de thriller con los intentos de los terraprimeristas de sabotear el programa espacial pero tambi\u00e9n tiene una gran sensibilidad para hacer entender c\u00f3mo son los personajes, que se siente tan lejos de la Tierra o c\u00f3mo afrontan las p\u00e9rdidas de personas. Es una novela que engancha desde el primer minuto y, superado que nos es Elma York, se descubre otro gran personaje en Nicole Wargin.<\/p>\n\n\n<div class=\"wp-block-image\">\n<figure class=\"aligncenter size-full is-resized\"><a href=\"https:\/\/zonadelta.net\/atreides\/wp-content\/uploads\/2024\/06\/image-5.png\"><img loading=\"lazy\" decoding=\"async\" width=\"651\" height=\"1000\" src=\"https:\/\/zonadelta.net\/atreides\/wp-content\/uploads\/2024\/06\/image-5.png\" alt=\"\" class=\"wp-image-6226\" style=\"width:699px;height:auto\" srcset=\"http:\/\/zonadelta.net\/atreides\/wp-content\/uploads\/2024\/06\/image-5.png 651w, http:\/\/zonadelta.net\/atreides\/wp-content\/uploads\/2024\/06\/image-5-195x300.png 195w\" sizes=\"auto, (max-width: 651px) 100vw, 651px\" \/><\/a><\/figure><\/div>\n\n\n<h2 class=\"wp-block-heading\"><strong>Todo vuelve (Todo arde 2) de Juan G\u00f3mez-Jurado:<\/strong> <\/h2>\n\n\n\n<p>Despu\u00e9s de los intensos acontecimientos de \u00abTodo arde\u00bb, Aura Reyes se encuentra en prisi\u00f3n. Su objetivo principal ahora es sobrevivir y, sobre todo, recuperar a sus hijas. No ser\u00e1 f\u00e1cil, ya que se enfrenta a nuevas amenazas dentro de la c\u00e1rcel y a la distancia de sus seres queridos.<\/p>\n\n\n\n<p>Mientras tanto, sus amigas, Mari Paz y Sere, se enfrentan a sus propios desaf\u00edos en el exterior. Mari Paz, en particular, se siente responsable del cuidado de las hijas de Aura, lo que la lleva a una situaci\u00f3n de gran vulnerabilidad emocional.<\/p>\n\n\n\n<p>\u00abTodo vuelve\u00bb profundiza en la amistad inquebrantable entre estas tres mujeres, que se enfrentan a peligros constantes y a un pasado que regresa para atormentarlas. La novela explora temas como la lealtad, la venganza y la lucha por la supervivencia en un contexto de suspense y acci\u00f3n trepidante.<\/p>\n\n\n\n<p>Siempre es dif\u00edcil hacer el libro de en medio de una trilog\u00eda. La historia principal No va a tener final y ya est\u00e1n presentados los personajes por lo que normalmente solo es una transici\u00f3n entre el principio y el final.<\/p>\n\n\n\n<p>Sin embargo, la historia est\u00e1 contada con un ritmo r\u00e1pido en el que los acontecimientos se suceden no dejando apenas descansar a las protagonistas. La amenaza para Aura Reyes y las dem\u00e1s es muy real e implacable, poni\u00e9ndolas en el l\u00edmite y teniendo que buscar c\u00f3mo salir de esos problemas extremos. Est\u00e1 muy bien resulta la trama y deja con ganas inmensas de seguir con la historia cuando esta termina. Sin embargo, en esta saga el narrador omnisciente tiene comentarios que rompen la cuarta pared que, en mi opini\u00f3n, no aportan nada y en cambio sacan de la trama.  <\/p>\n\n\n\n<p>Actualizaci\u00f3n 7\/11\/2024<\/p>\n\n\n\n<figure class=\"wp-block-image size-full\"><a href=\"https:\/\/zonadelta.net\/atreides\/wp-content\/uploads\/2024\/06\/image.png\"><img loading=\"lazy\" decoding=\"async\" width=\"659\" height=\"1000\" src=\"https:\/\/zonadelta.net\/atreides\/wp-content\/uploads\/2024\/06\/image.png\" alt=\"\" class=\"wp-image-6178\" srcset=\"http:\/\/zonadelta.net\/atreides\/wp-content\/uploads\/2024\/06\/image.png 659w, http:\/\/zonadelta.net\/atreides\/wp-content\/uploads\/2024\/06\/image-198x300.png 198w\" sizes=\"auto, (max-width: 659px) 100vw, 659px\" \/><\/a><\/figure>\n\n\n\n<h2 class=\"wp-block-heading\"><strong>La ca\u00edda de Leviat\u00e1n de James S.A. Corey<\/strong><\/h2>\n\n\n\n<p><strong>La ca\u00edda del Leviat\u00e1n<\/strong> es el noveno libro de la saga de ciencia ficci\u00f3n \u00abThe Expanse\u00bb y marca un punto culminante en la historia de la humanidad en un universo colonizado.<\/p>\n\n\n\n<p><strong>Sinopsis:<\/strong><\/p>\n\n\n\n<p>El imperio de Laconia, bajo el f\u00e9rreo control de Winston Duarte, ha ca\u00eddo. Los mil trescientos sistemas planetarios que antes estaban sometidos a su yugo han logrado liberarse. Sin embargo, la paz es ef\u00edmera.<\/p>\n\n\n\n<p>Un antiguo enemigo, una fuerza que acab\u00f3 con los constructores de las puertas estelares, ha despertado. La amenaza es inminente y la guerra contra nuestro universo vuelve a comenzar.<\/p>\n\n\n\n<p>Esta saga se ha convertido en la gran Space Opera del siglo XXI y en el cierre de la historia tiene mucha acci\u00f3n, muchas respuestas satisfactorias y tambi\u00e9n es estupendo ver c\u00f3mo los protagonistas han cambiado desde El despertar del leviat\u00e1n, nueve libros antes, hasta aqu\u00ed. No son los mismos pero su amistad, camarader\u00eda y experiencias juntos les han unido a pesar de todo lo que ha sucedido y de las p\u00e9rdidas de algunas personas que les acompa\u00f1aron por el camino.<\/p>\n\n\n\n<p>Es un cierre m\u00e1s que digno para una gran saga.<\/p>\n\n\n\n<p><\/p>\n\n\n<div class=\"wp-block-image\">\n<figure class=\"aligncenter\"><img decoding=\"async\" src=\"https:\/\/m.media-amazon.com\/images\/I\/818QMDv65zL._AC_UF894,1000_QL80_.jpg\" alt=\"Hermanos de sangre n\u00ba 01\/03 La sombra de los dioses (Fantas\u00eda)\"\/><\/figure><\/div>\n\n\n<p><\/p>\n\n\n\n<h3 class=\"wp-block-heading\">\u201cLa sombra de los dioses\u201d de John Gwynne<\/h3>\n\n\n\n<p>Sinopsis: En esta primera novela de una trilog\u00eda de fantas\u00eda \u00e9pica con inspiraci\u00f3n vikinga, ha pasado un siglo desde que los dioses lucharon y se extinguieron. Ahora solo quedan sus huesos, que prometen un gran poder a aquellos lo suficientemente valientes como para buscarlos. Tres guerreros \u2014una cazadora en una b\u00fasqueda peligrosa, una mujer noble en busca de fama en la batalla y un esclavo vengativo entre los mercenarios conocidos como los Hermanos de Sangre\u2014 dar\u00e1n forma al destino del mundo mientras cae nuevamente bajo la sombra de los dioses.<\/p>\n\n\n\n<p>Me ha gustado mucho la ambientaci\u00f3n vikinga en la que se desarrollan tres historias con personajes muy diferentes y caracteres muy distintos. Consigue dar variedad e inter\u00e9s a las historias. Tambi\u00e9n el libro tiene entidad por si mismo y no es solo una primera parte de la historia que se contar\u00e1 en tres libros.<\/p>\n\n\n\n<p>No hab\u00eda le\u00eddo nada de John Gwynne y ha sido una buena manera de comenzar con este autor.<\/p>\n\n\n<div class=\"wp-block-image\">\n<figure class=\"aligncenter\"><img decoding=\"async\" src=\"https:\/\/www.erein.eus\/media\/portadas\/x\/portada1223.jpg\" alt=\"Piel de topo | Erein\"\/><\/figure><\/div>\n\n\n<p><\/p>\n\n\n\n<h3 class=\"wp-block-heading\">\u201cPiel de topo\u201d de Jon Arretxe<\/h3>\n\n\n\n<p>Sinopsis: La Peque\u00f1a \u00c1frica de San Francisco vuelve a ser el escenario de las andanzas del detective-vidente, Tour\u00e9. De vuelta a Bilbao, Tour\u00e9 recuperar\u00e1 sus relaciones anteriores con la finalidad de recomponer su maltrecha existencia. La dura realidad de los sin papeles en el Para\u00edso so\u00f1ado obliga a una vida clandestina en un m\u00edsero y asfixiante escenario controlado por las autoridades. Tour\u00e9 y sus compa\u00f1eros tratar\u00e1n por todos los medios de liberarse de esta red de chantaje y extorsi\u00f3n en la que est\u00e1n atrapados.<\/p>\n\n\n\n<p>La deriva m\u00e1s seria y oscura de la serie comenz\u00f3 a partir del tercer libro y este solo ahonda en la tragedia.&nbsp; Por si ser inmigrante ilegal en el barrio de San Francisco, en Bilbao, no fuera lo bastante duro, ser chantajeado por un polic\u00eda junto a sus amigos para hacer su voluntad es mucho peor. Se apoyan entre ellos e intentan buscar una soluci\u00f3n pero es dif\u00edcil cuando tu vida depende de las decisiones de ese polic\u00eda corrupto.<\/p>\n\n\n\n<p>Adem\u00e1s, hay un curioso personaje, un ciego vendedor de cupones que aparece en San Francisco, el barrio m\u00e1s marginado de Bilbao. \u00bfQu\u00e9 pinta ah\u00ed?<\/p>\n\n\n\n<p>La novela es corta pero contundente. Me dec\u00eda el autor en la \u00faltima feria del libro, d\u00f3nde fue tan amable de firmarme la s\u00e9ptima novela \u00abDesconf\u00eda\u00bb, que \u00e9l es admirador de Dashiell Hammett y se nota en el estilo de descripci\u00f3n con apenas unos rasgos y la narraci\u00f3n por extracci\u00f3n, dejando solo lo importante. Con este estilo son a\u00fan m\u00e1s impactantes los hechos y las decisiones. Todo cambia, todo sucede r\u00e1pido, de forma definitiva.<\/p>\n\n\n\n<p>Otra fant\u00e1stica novela de la serie.<\/p>\n\n\n<div class=\"wp-block-image\">\n<figure class=\"aligncenter\"><img decoding=\"async\" src=\"https:\/\/m.media-amazon.com\/images\/I\/81TnRSizHaL._AC_UF894,1000_QL80_.jpg\" alt=\"Ortiga y Hueso (FICCION JUVENIL)\"\/><\/figure><\/div>\n\n\n<p><\/p>\n\n\n\n<p><\/p>\n\n\n\n<h3 class=\"wp-block-heading\">\u201cOrtiga y hueso\u201d de T. Kingfisher<\/h3>\n\n\n\n<p>Sinopsis: \u00c9sta no es la clase de cuento de hadas en la que la princesa se casa con un pr\u00edncipe, sino en la que ella lo mata. Despu\u00e9s de ver a sus hermanas sufrir durante a\u00f1os a manos de un pr\u00edncipe maltratador, Marra, la t\u00edmida hermana menor criada en un convento, se da cuenta de que nadie vendr\u00e1 a rescatarlas. Nadie, excepto ella misma. Una poderosa bruja le ofrece a Marra los medios para matar al pr\u00edncipe, si primero es capaz de completar tres tareas imposibles. Pero, como es habitual en los cuentos de pr\u00edncipes, brujas e hijas marginadas, lo imposible es solo el principio, literalmente.<\/p>\n\n\n\n<p>Estos \u00faltimos a\u00f1os est\u00e1n llegando voces nuevas a la fantas\u00eda que, desde una perspectiva alejada de Tolkien o Martin, tienen algo que decir partiendo del folclore y los cuentos cl\u00e1sicos. Es el caso de Naomi Novik con Un cuento oscuro, que Penguin House ha rebautizado como En el oscuro coraz\u00f3n del bosque sin avisar, as\u00ed que tengo dos veces el mismo libro. Tambi\u00e9n el de Nnedi Okorafor que parte de sus ra\u00edces nigerianas para crear fantas\u00eda y ciencia ficci\u00f3n.<\/p>\n\n\n\n<p>En ese estilo Ursula Vernon, nombre real de la autora, crea un cuento de una princesa que utilizar\u00e1 los poderes de un nigromante para intentar matar al rey marido de su hermana. Resucitados, un mercado de las hadas, maldiciones y brujas se dan cita en esta historia que sorprendentemente gan\u00f3 el premio <a href=\"https:\/\/zonadelta.net\/atreides\/?p=1608\">Hugo de ciencia ficci\u00f3n<\/a>. Sorprendentemente pero no por su calidad sino porque es Fantas\u00eda pura, no tiene nada de ciencia ficci\u00f3n.<\/p>\n\n\n\n<p>Disquisiciones sobre g\u00e9neros aparte, la novela es apasionante y bastante sorprendente porque, aunque los mimbres son conocidos, el enfoque y lo que se cuenta son muy novedosos. Hay una perspectiva de g\u00e9nero bastante escondida pero que da un punto diferente al enfoque de la historia, al papel del pr\u00edncipe e incluso al de la Reina madre.<\/p>\n\n\n\n<p>Eso s\u00ed, Obscura Editorial har\u00eda muy bien en revisar sus precios. Yo leo en e-reader y cuesta el e-book 13 \u20ac.&nbsp; La Sombra de los Dioses o La rep\u00fablica de oto\u00f1o cuestan 8,54 y 7,59 \u20ac respectivamente. Con un 25 o 30 % m\u00e1s caros, sus libros con esos precios est\u00e1n completamente fuera de mercado-<\/p>\n\n\n\n<p>No obstante, es una novela magn\u00edfica.<\/p>\n\n\n\n<p><\/p>\n\n\n<div class=\"wp-block-image\">\n<figure class=\"aligncenter\"><img decoding=\"async\" src=\"https:\/\/m.media-amazon.com\/images\/I\/71o-F9ul7lL._AC_UF1000,1000_QL80_.jpg\" alt=\"Juegos De Cloaca: 17 (COSECHA ROJA)\"\/><\/figure><\/div>\n\n\n<p><\/p>\n\n\n\n<h3 class=\"wp-block-heading\">\u00abJuegos de Cloaca\u201d de Jon Arretxe<\/h3>\n\n\n\n<p>Sinopsis: Tour\u00e9, el protagonista, toca fondo y su deseo de venganza lo lleva a cometer acciones por las que ser\u00e1 deportado. Sin embargo, su destino en su \u00c1frica originaria le depara sorpresas y encuentros con personajes hospitalarios. La novela nos sumerge en la cultura africana y sus tradiciones, haci\u00e9ndonos sentir, oler y amar el continente.<\/p>\n\n\n\n<p>Despu\u00e9s de ser detenido, nuestro burkin\u00e9s favorito es deportado pero no a su pa\u00eds. A todos los inmigrantes africanos deportados los dejan en Mal\u00ed y all\u00ed ya se buscar\u00e1n la vida.<\/p>\n\n\n\n<p>Gracias a su amigo Osm\u00e1n, encontrar\u00e1 apoyo en este pa\u00eds de personajes como Alou o Aisha. Sin embargo, poner un continente de distancia con sus problemas ser\u00e1 demasiado poco y en la novela vemos la solidaridad o lo distinta que es la vida respecto a Europa pero tambi\u00e9n la brutalidad m\u00e1s salvaje.<\/p>\n\n\n\n<p>Una novela muy interesante que no cambia de paisaje a Tour\u00e9 de forma gratuita sino que nos lleva a conocer mejor sus ra\u00edces y a comprender la transformaci\u00f3n que est\u00e1 sufriendo.<\/p>\n\n\n\n<p>De las mejores novelas de la serie de Tour\u00e9.<\/p>\n\n\n<div class=\"wp-block-image\">\n<figure class=\"aligncenter\"><img decoding=\"async\" src=\"https:\/\/m.media-amazon.com\/images\/I\/61eb87gak5L._AC_UF894,1000_QL80_.jpg\" alt=\"La rep\u00fablica de oto\u00f1o: 3 (Los magos de la p\u00f3lvora)\"\/><\/figure><\/div>\n\n\n<p><\/p>\n\n\n\n<h3 class=\"wp-block-heading\">\u201cLa Rep\u00fablica de Oto\u00f1o\u201d de Brian McClellan (tercer libro de la serie \u201cLos Magos de la P\u00f3lvora\u201d)<\/h3>\n\n\n\n<p>Sinopsis: El Mariscal de Campo regresa a Adro para encontrar que la capital est\u00e1 dominada por un invasor extranjero. Su hijo ha desaparecido, y Tamas debe reunir fuerzas para vencer a Kez. El ej\u00e9rcito est\u00e1 dividido, y secretos oscuros amenazan la naci\u00f3n. Taniel-Dos-Disparos, el Mago de la P\u00f3lvora, tambi\u00e9n est\u00e1 en peligro.<\/p>\n\n\n\n<p>El final de la trilog\u00eda es tan apote\u00f3sico y apasionante como esperaba. El enfrentamiento entre los dioses que camina entre los mortales es la chispa de todo pero tambi\u00e9n unos personajes tan diferentes y con su propia historia dentro de la principal.<\/p>\n\n\n\n<p>Tan apasionante es el Mariscal de Campo Adro, capaz de cambiar de una monarqu\u00eda a una rep\u00fablica en una noche, un poquillo sangrienta, eso s\u00ed, como Adamat, un detective un poco a la fuerza. Pero los personajes interesantes se multiplican. Incluso una lavandera puede ser uno de los mejeros personajes de la novela que tambi\u00e9n huye de la fantas\u00eda Tolkieana para superar la edad media fant\u00e1stica y avanzar hasta la edad moderna, con ca\u00f1ones, fusileros pero tambi\u00e9n magos de la p\u00f3lvora y otro tipo de seres con poderes.<\/p>\n\n\n\n<p>Hay m\u00e1s ejemplos similares como las maravillosas novelas de Naomi Novik de la saga \u00abTemerario\u00bb, o las del maestro del Grimdark Joe Abercrombie en su saga <a href=\"https:\/\/zonadelta.net\/atreides\/?p=3662\">\u00abLa era de la locura\u00bb<\/a>, tan interesantes como esta misma saga.<\/p>\n\n\n<div class=\"wp-block-image\">\n<figure class=\"aligncenter\"><img decoding=\"async\" src=\"https:\/\/obscura.es\/cdn\/shop\/files\/tamboresFINALTBGD.jpg?v=1684767245&amp;width=1445\" alt=\"Los Tambores del Dios Negro\"\/><\/figure><\/div>\n\n\n<p><\/p>\n\n\n\n<h3 class=\"wp-block-heading\">\u201cLos Tambores del Dios Negro\u201d de P. Dj\u00e8l\u00ed Clark<\/h3>\n\n\n\n<p>Sinopsis: Ambientada en un Nueva Orleans steampunk, la novela sigue a Trepadora, quien busca abandonar las calles de la ciudad. Para lograrlo, debe ganarse la confianza de la capitana de la Ladrona de Medianoche y enfrentarse a una poderosa arma m\u00edtica relacionada con Los Tambores del Dios Negro. La historia fusiona elementos africanos y norteamericanos en un emocionante relato de aventuras.<\/p>\n\n\n\n<p>Soy muy fan del autor. <a href=\"https:\/\/zonadelta.net\/atreides\/?p=4922\">La maldici\u00f3n del tranv\u00eda 015<\/a> y <a href=\"https:\/\/zonadelta.net\/atreides\/?p=5466\">El se\u00f1or de los Djinn<\/a> comparten un interesant\u00edsimo universo de magia oriental que ha cambiado el mundo, convirtiendo a Egipto en una potencia mundial y el d\u00eda a d\u00eda de sus habitantes en algo muy distinto. Muy distinto pero tambi\u00e9n interesante era&nbsp; <a href=\"https:\/\/zonadelta.net\/atreides\/?p=5466\">Ringshout<\/a>, un acercamiento diferente al racismo y al Ku Klux Klan.<\/p>\n\n\n\n<p>Con esta novela corta el autor vuelve a cambiar ahora al cyberpunk en un estilo que me ha recordado a Tim Powers, el autor de Las puertas de Anubis o En costas extra\u00f1as.<\/p>\n\n\n\n<p>La protagonista, para conseguir ser pirata en el barco volador Ladrona de Medianoche\u00bb tiene que buscar a un cient\u00edfico que sabe de los Tampores del Dios Negro. Todo transcurre en Luisiana y junto a la parte cyberpunk est\u00e1 la parte sobrenatural con los Loas, una especie de dioses que viven en parte en sus creyentes otorg\u00e1ndoles ciertos poderes.<\/p>\n\n\n\n<p>Es una historia de aventuras muy entretenida. Estoy deseando que publiquen m\u00e1s libros de este autor.<\/p>\n\n\n\n<p>Hasta aqu\u00ed esta primera tanda. Fantas\u00eda, Ciencia-Ficci\u00f3n y Noir sobre todo.<\/p>\n\n\n\n<p>Saludos fremen<\/p>\n\n\n\n<p><\/p>\n\n\n\n<p><\/p>\n\n\n\n<p><\/p>\n\n\n\n<p><\/p>\n","protected":false},"excerpt":{"rendered":"<p>Empezamos tarde, como es tradicional, la entrada dedicada a los libros le\u00eddos este a\u00f1o. Eso s\u00ed, pinta bien el a\u00f1o. No habr\u00e1 invasi\u00f3n de Brandon Sanderson como el a\u00f1o pasado pero creo que ser\u00e1 un a\u00f1o igual de bueno, se prev\u00e9n novedades interesantes.<\/p>\n","protected":false},"author":2,"featured_media":0,"comment_status":"open","ping_status":"open","sticky":false,"template":"","format":"standard","meta":{"iawp_total_views":31,"footnotes":""},"categories":[80],"tags":[3998,4000,3994,3997,3871,3874,3875,3869,3876,3995,3872,3877,3870,3873,3999],"class_list":["post-5928","post","type-post","status-publish","format-standard","hentry","category-literatura","tag-adrian-tchaikovsky","tag-alexis-etcheverry","tag-blackwater","tag-huerfanos-de-la-tierra","tag-jon-arretxe","tag-juegos-de-cloaca","tag-la-republica-de-otono-brian-mcclellan","tag-la-sombra-de-los-dioses-john-gwynne","tag-los-tambores-del-dios-negro","tag-michael-mcdowell","tag-ortiga-y-hueso","tag-p-djeli-clark","tag-piel-de-topo","tag-t-kingfisher","tag-un-dios-severo"],"_links":{"self":[{"href":"http:\/\/zonadelta.net\/atreides\/index.php?rest_route=\/wp\/v2\/posts\/5928","targetHints":{"allow":["GET"]}}],"collection":[{"href":"http:\/\/zonadelta.net\/atreides\/index.php?rest_route=\/wp\/v2\/posts"}],"about":[{"href":"http:\/\/zonadelta.net\/atreides\/index.php?rest_route=\/wp\/v2\/types\/post"}],"author":[{"embeddable":true,"href":"http:\/\/zonadelta.net\/atreides\/index.php?rest_route=\/wp\/v2\/users\/2"}],"replies":[{"embeddable":true,"href":"http:\/\/zonadelta.net\/atreides\/index.php?rest_route=%2Fwp%2Fv2%2Fcomments&post=5928"}],"version-history":[{"count":17,"href":"http:\/\/zonadelta.net\/atreides\/index.php?rest_route=\/wp\/v2\/posts\/5928\/revisions"}],"predecessor-version":[{"id":6586,"href":"http:\/\/zonadelta.net\/atreides\/index.php?rest_route=\/wp\/v2\/posts\/5928\/revisions\/6586"}],"wp:attachment":[{"href":"http:\/\/zonadelta.net\/atreides\/index.php?rest_route=%2Fwp%2Fv2%2Fmedia&parent=5928"}],"wp:term":[{"taxonomy":"category","embeddable":true,"href":"http:\/\/zonadelta.net\/atreides\/index.php?rest_route=%2Fwp%2Fv2%2Fcategories&post=5928"},{"taxonomy":"post_tag","embeddable":true,"href":"http:\/\/zonadelta.net\/atreides\/index.php?rest_route=%2Fwp%2Fv2%2Ftags&post=5928"}],"curies":[{"name":"wp","href":"https:\/\/api.w.org\/{rel}","templated":true}]}}