{"id":5876,"date":"2024-03-27T12:04:04","date_gmt":"2024-03-27T11:04:04","guid":{"rendered":"http:\/\/zonadelta.net\/atreides\/?p=5876"},"modified":"2024-03-29T23:53:13","modified_gmt":"2024-03-29T22:53:13","slug":"las-nuevas-series-primavera-2024-i","status":"publish","type":"post","link":"http:\/\/zonadelta.net\/atreides\/?p=5876","title":{"rendered":"Las nuevas series Primavera 2024 (I)"},"content":{"rendered":"<p style=\"text-align: justify;\"><a title=\"Portada\" href=\"https:\/\/www.flickr.com\/photos\/193617684@N08\/53614450463\/in\/dateposted-public\/\" target=\"_blank\" rel=\"noopener noreferrer\" data-flickr-embed=\"true\"><img loading=\"lazy\" decoding=\"async\" src=\"https:\/\/live.staticflickr.com\/65535\/53614450463_19dee6a0a5_c.jpg\" alt=\"Portada\" width=\"644\" height=\"800\" \/><\/a><\/p>\n<p style=\"text-align: justify;\">Semana Santa. Con un poco de suerte, algo m\u00e1s de tiempo para disfrutar y aqu\u00ed tenemos una selecci\u00f3n, que he tenido que dividir en dos, de nuevas series, algunas realmente buenas.<\/p>\n<p style=\"text-align: justify;\"><!--more--><\/p>\n<p style=\"text-align: justify;\"><a title=\"Reina_Roja_Serie_de_TV-983415661-large\" href=\"https:\/\/www.flickr.com\/photos\/193617684@N08\/53614692040\/in\/dateposted-public\/\" target=\"_blank\" rel=\"noopener noreferrer\" data-flickr-embed=\"true\"><img loading=\"lazy\" decoding=\"async\" class=\"aligncenter\" src=\"https:\/\/live.staticflickr.com\/65535\/53614692040_7b6a16a757_c.jpg\" alt=\"Reina_Roja_Serie_de_TV-983415661-large\" width=\"539\" height=\"800\" \/><\/a><\/p>\n<h3 style=\"text-align: justify;\">Reina Roja<\/h3>\n<p style=\"text-align: justify;\">La he disfrutado much\u00edsimo. Una adaptaci\u00f3n estupenda de la novela de Juan G\u00f3mez Jurado. El casting es sensacional, con magn\u00edficos actores que encarnan con convicci\u00f3n a los personajes, especialmente los dos protagonistas, Antonia Scott (Vicky Luengo, Antidisturbios) y Jon Guti\u00e9rrez (Hovik Keuchkerian, Antidisturbios) que est\u00e1n realmente soberbios.<\/p>\n<p style=\"text-align: justify;\">El thriller tiene todas las virtudes y defectos de la novela, una historia absorbente, unos personajes con un carisma infinito pero tambi\u00e9n una trama subyacente que no termina en esta miniserie de siete cap\u00edtulos.<\/p>\n<p style=\"text-align: justify;\">Muchas ganas de que adapten tambi\u00e9n Loba Negra, que ya est\u00e1 confirmada.<\/p>\n<p style=\"text-align: justify;\">En Amazon Prime<\/p>\n<p style=\"text-align: justify;\"><a title=\"Obituary_Serie_de_TV-309524024-large\" href=\"https:\/\/www.flickr.com\/photos\/193617684@N08\/53614450443\/in\/dateposted-public\/\" target=\"_blank\" rel=\"noopener noreferrer\" data-flickr-embed=\"true\"><img loading=\"lazy\" decoding=\"async\" class=\"aligncenter\" src=\"https:\/\/live.staticflickr.com\/65535\/53614450443_3cd82aaa2b_c.jpg\" alt=\"Obituary_Serie_de_TV-309524024-large\" width=\"533\" height=\"800\" \/><\/a><\/p>\n<h3 style=\"text-align: justify;\">Obituary<\/h3>\n<p style=\"text-align: justify;\">Curiosa serie brit\u00e1nica en la que una ni\u00f1a bastante morbosa con el paso de los a\u00f1os se convierte en una joven bastante morbosa que consigue el trabajo de sus sue\u00f1os: escribir la secci\u00f3n de necrol\u00f3gicas de un peque\u00f1o diario. Desgraciadamente para el pueblo la precariedad de la prensa los convertir\u00e1 en v\u00edctimas de una esta periodista que cobra por art\u00edculo entregado. Como a veces pasan semanas antes de que mueran pero las facturas hay que pagarlas, tendr\u00e1 que tomar decisiones.<\/p>\n<p style=\"text-align: justify;\">La idea est\u00e1 bien y est\u00e1 bien ejecutada, tiene mucho humor negro. Ahora no s\u00e9 si aguantar\u00e1 m\u00e1s all\u00e1 de un interesante inicio. Recuerda inevitablemente a Dexter pero, en realidad, salvo en la afici\u00f3n de los protagonistas a privar al mundo de gente que lo hace peor, son muy distintas en el tono y en la motivaci\u00f3n. Dir\u00eda que esta es bastante m\u00e1s c\u00ednica.<\/p>\n<p style=\"text-align: justify;\">En AMC.<\/p>\n<p><a title=\"Warrior_Serie_de_TV-913863205-large\" href=\"https:\/\/www.flickr.com\/photos\/193617684@N08\/53614579174\/in\/dateposted-public\/\" target=\"_blank\" rel=\"noopener noreferrer\" data-flickr-embed=\"true\"><img loading=\"lazy\" decoding=\"async\" class=\"aligncenter\" src=\"https:\/\/live.staticflickr.com\/65535\/53614579174_ae3a38b602_c.jpg\" alt=\"Warrior_Serie_de_TV-913863205-large\" width=\"540\" height=\"800\" \/><\/a><\/p>\n<h3 style=\"text-align: justify;\">Warrior<\/h3>\n<p style=\"text-align: justify;\">Fant\u00e1stica serie, idea original de Bruce Lee que en los 70 intent\u00f3 llevar a la pantalla pero que descartaron hacerla por ser demasiado oriental y terminaron haciendo \u00abKung Fu\u00bb con David Carradine.<\/p>\n<p style=\"text-align: justify;\">Recuperada por la hija de Bruce Lee junto al showrunner de Banshee Jonathan Tropper y el director Justin Lee (Fast and Furious), cuenta la historia de Ah Sahm (Andrew Koji, Bullet Train) un inmigrante chino que llega a San Francisco a finales de la d\u00e9cada de 1870 para ser vendido a la Tong Hop Wei. A partir de ah\u00ed se abrir\u00e1 un mundo de violencia contra las otras Tong, contra los irlandeses, contra la polic\u00eda. La serie tiene una ambientaci\u00f3n soberbia, grandes secuencias de acci\u00f3n, personajes muy interesantes y bien interpretados pero tambi\u00e9n una trama interesante que mezcla pol\u00edtica y econom\u00eda junto a violencia y sexo.<\/p>\n<p style=\"text-align: justify;\">El resultado es una serie extraordinaria y adictiva que engancha por diversos motivos.<\/p>\n<p style=\"text-align: justify;\">En HBO y Netflix.<\/p>\n<p><a title=\"True_Detective_Noche_polar_Miniserie_de_TV-714338980-large\" href=\"https:\/\/www.flickr.com\/photos\/193617684@N08\/53614450438\/in\/dateposted-public\/\" target=\"_blank\" rel=\"noopener noreferrer\" data-flickr-embed=\"true\"><img loading=\"lazy\" decoding=\"async\" class=\"aligncenter\" src=\"https:\/\/live.staticflickr.com\/65535\/53614450438_e5c91f2ff7_c.jpg\" alt=\"True_Detective_Noche_polar_Miniserie_de_TV-714338980-large\" width=\"553\" height=\"800\" \/><\/a><\/p>\n<h3 style=\"text-align: justify;\">True Detective Noche Polar<\/h3>\n<p style=\"text-align: justify;\">Despu\u00e9s de varios a\u00f1os vuelve con inter\u00e9s esta serie antol\u00f3gica con historias sin conexi\u00f3n entre ellas. En este caso en una base cient\u00edfica en Alaska, cuando comienza la noche polar, desaparecen seis cient\u00edficos que ser\u00e1n encontrados congelados y desnudos en medio del hielo.<\/p>\n<p style=\"text-align: justify;\">La Jefa de polic\u00eda Liz Danvers (Jodie Foster, El silencio de los corderos) investiga junto a la polic\u00eda local Evangeline Navarro (Kali Reis) lo sucedido.<\/p>\n<p style=\"text-align: justify;\">La historia es absorbente, se desarrolla despacio en los seis cap\u00edtulos mientras vamos conociendo m\u00e1s de la comunidad local, de los mineros, de los cient\u00edficos. Jodie Foster est\u00e1 magn\u00edfica y su compa\u00f1era Kali Reis no le va a la zaga.<\/p>\n<p style=\"text-align: justify;\">Adem\u00e1s, toda la trama est\u00e1 envuelta de una parte sobrenatural. Sin embargo, los hechos son ambiguos, pueden tener explicaci\u00f3n sobrenatural o no, seg\u00fan c\u00f3mo se enfoque.<\/p>\n<p style=\"text-align: justify;\">Merece la pena verla y no tiene mayor importancia si se ha visto alguna temporada anterior o no, lo \u00fanico que comparten las temporadas de esta serie es el nombre pero son historias absolutamente independientes.<\/p>\n<p style=\"text-align: justify;\">En HBO MAX<\/p>\n<p><a title=\"3 cuerpos\" href=\"https:\/\/www.flickr.com\/photos\/193617684@N08\/53614579234\/in\/dateposted-public\/\" target=\"_blank\" rel=\"noopener noreferrer\" data-flickr-embed=\"true\"><img loading=\"lazy\" decoding=\"async\" class=\"aligncenter\" src=\"https:\/\/live.staticflickr.com\/65535\/53614579234_eafe4beb11_c.jpg\" alt=\"3 cuerpos\" width=\"640\" height=\"800\" \/><\/a><\/p>\n<h3 style=\"text-align: justify;\">El problema de los tres cuerpos<\/h3>\n<p style=\"text-align: justify;\">La novela en que se basa la serie, para mi, es la mejor novela de ciencia ficci\u00f3n de este cuarto de siglo. La cantidad de ideas fascinantes y sugerentes, que dejan pensando y que sorprenden por su inteligencia es mayor en una sola novela que en sagas enteras.<\/p>\n<p style=\"text-align: justify;\">La super producci\u00f3n de Netflix adapta con acierto la novela aunque cambiando parte y dando mucha m\u00e1s importancia a la parte occidental de la que tiene en la novela. Afortunadamente Cixin Liu ha estado detr\u00e1s de los cambios supervisando que no se pierda coherencia pero inevitablemente s\u00ed parte de la ambientaci\u00f3n. La china en cambio censuraba\u00a0 la parte m\u00e1s cruda de la \u00e9poca de la revoluci\u00f3n. Creo que no se deber\u00eda haber cambiado ninguna parte, la verdad, en ninguna de las adaptaciones.<\/p>\n<p style=\"text-align: justify;\">Sin embargo, mantiene las buenas ideas de lo que es un curios\u00edsimo primer contacto con una civilizaci\u00f3n extraterrestre.<\/p>\n<p style=\"text-align: justify;\">Buenas actuaciones, buenos efectos al servicio de la historia, historia coral que sucede en distintas \u00e9pocas y que mantiene la intriga de porqu\u00e9 suceden las cosas mientras vamos viendo c\u00f3mo suceden.<\/p>\n<p style=\"text-align: justify;\">Una maravilla que merece mucho la pena.<\/p>\n<p style=\"text-align: justify;\">Est\u00e1 en Netflix.<\/p>\n<p><a title=\"Sand_Land_The_Series_Miniserie_de_TV-927023255-large\" href=\"https:\/\/www.flickr.com\/photos\/193617684@N08\/53614579184\/in\/dateposted-public\/\" target=\"_blank\" rel=\"noopener noreferrer\" data-flickr-embed=\"true\"><img loading=\"lazy\" decoding=\"async\" class=\"aligncenter\" src=\"https:\/\/live.staticflickr.com\/65535\/53614579184_67932d6f2d_c.jpg\" alt=\"Sand_Land_The_Series_Miniserie_de_TV-927023255-large\" width=\"567\" height=\"800\" \/><\/a><\/p>\n<h3 style=\"text-align: justify;\">SandLand<\/h3>\n<p style=\"text-align: justify;\">Apenas unos d\u00edas despu\u00e9s del trist\u00edsimo fallecimiento de Akira Toriyama se ha estrenado el anime que adapta el manga del mismo nombre. Cuenta la historia de un sheriff y un pr\u00edncipe demonio acompa\u00f1ado de un demonio ladr\u00f3n que buscan un lago en medio del desierto en que se ha convertido el planeta.\u00a0 Aunque suene tr\u00e1gico, la serie es muy divertida, la animaci\u00f3n es sensacional y el apartado art\u00edstico clava el estilo de Toriyama.<\/p>\n<p style=\"text-align: justify;\">Hay siete cap\u00edtulos en Netflix, por el momento. Los seis primeros adaptan el manga y los siete siguientes adaptan una historia de Toriyama para esta producci\u00f3n.<\/p>\n<p style=\"text-align: justify;\">Detr\u00e1s de la serie est\u00e1n los estudios Sunrise\u00a0, Kamikaze Douga y Anima.<\/p>\n<p style=\"text-align: justify;\">Est\u00e1 en Disney + pero hay que buscarla porque parece que los de Disney creen que el anime le gusta a la gente pero parece que lo tienen m\u00e1s para que no lo tengan otras plataformas que porque apuesten por \u00e9l.<\/p>\n<p><a title=\"X_Men_97_Serie_de_TV-172646853-large\" href=\"https:\/\/www.flickr.com\/photos\/193617684@N08\/53613371897\/in\/dateposted-public\/\" target=\"_blank\" rel=\"noopener noreferrer\" data-flickr-embed=\"true\"><img loading=\"lazy\" decoding=\"async\" class=\"aligncenter\" src=\"https:\/\/live.staticflickr.com\/65535\/53613371897_dc8b048e76_c.jpg\" alt=\"X_Men_97_Serie_de_TV-172646853-large\" width=\"540\" height=\"800\" \/><\/a><\/p>\n<h3 style=\"text-align: justify;\">X-Men&#8217;97<\/h3>\n<p style=\"text-align: justify;\">En esta era de nostalgia en que vivimos, creo que porque el presente es muy oscuro y el futuro no resulta demasiado esperanzador, la mirada al pasado de Marvel se pos\u00f3 en la serie de los 90 de los X-Men, tambi\u00e9n conocidos en Espa\u00f1a como la Patrulla X.<\/p>\n<p style=\"text-align: justify;\">Por si alguien olvid\u00f3 los 90 o no estuvo all\u00ed, solo mencionar que en muchas cosas estuvieron muy bien pero no en los comics de Super H\u00e9roes. El \u00e9xito incontestable de c\u00f3mics como Batman El regreso del caballero oscuro de Frank Miller y Watchmen de Alan Moore y Dave Gibbons en los 80 cambi\u00f3 el c\u00f3mic de superh\u00e9roes y se empezaron a hacer grandes historias m\u00e1s adultas y complejas. O eso me hubiera gustado pero, en realidad, de estas hubo muy pocas y lo que sucedi\u00f3 fue que se pas\u00f3 a un estilo de super h\u00e9roes hiperviolentos. Era dif\u00edcil distinguir qui\u00e9n era el h\u00e9roe y qui\u00e9n el villano si no mirabas el t\u00edtulo de la portada.<\/p>\n<p style=\"text-align: justify;\">Adem\u00e1s, junto a esto lleg\u00f3 una oleada de nuevos dibujantes forjados en Marvel y DC, entre ellos Jim Lee, Todd McFarlanne, Whilce Portaccio o Rob Liefeld que se quedaron con la idea de dientes apretados, armas muy grandes, mucha violencia, enormes vi\u00f1etas, splash pages y p\u00e1ginas dobles. Empezaron a vender a espuertas y se convirtieron en las estrellas que luego fundaron su propia editorial, Image Comics. No necesitaban guionistas, con dibujos guays era suficiente.<\/p>\n<p style=\"text-align: justify;\">A esto se uni\u00f3 que esa popularidad hizo que le gente pensara que invertir en c\u00f3mics era una buena idea. Los c\u00f3mics empezaron a tener portadas, dobles, triples o cu\u00e1druples, lenticulares, metalizadas o cada c\u00f3mic ten\u00eda varias ediciones simult\u00e1neas cada una con una portada distinta. Adem\u00e1s, sal\u00edan embolsados y no se abr\u00edan, se guardaban para el futuro.<\/p>\n<p style=\"text-align: justify;\">El problema para Marvel es que econ\u00f3micamente no lo iba nada bien. Hab\u00eda sido adquirida por Ron Perelman, un inversor que tuvo varias invesiones que fracasaron y todos esos cambios en los c\u00f3mics fueron acompa\u00f1ados de subidas de precio y, sobre todo, se pinch\u00f3 la burbuja del coleccionismo. \u00bfCu\u00e1nto podr\u00eda valer en un futuro el n\u00famero 1 de X-Men de Claremont y Jim Lee con su portada cu\u00e1druple si vendi\u00f3 m\u00e1s de un mill\u00f3n de unidades?<\/p>\n<p style=\"text-align: justify;\">La huida de las estrellas de Marvel a su propia editorial les dej\u00f3 sin gancho para que la gente siguiera comprando sus c\u00f3mics y las acciones que en 1993 val\u00edan 35 d\u00f3lares, dos a\u00f1os despu\u00e9s apenas val\u00edan 2,30 d\u00f3lares.<\/p>\n<p style=\"text-align: justify;\">As\u00ed que Marvel empez\u00f3 a vender los derechos de sus personajes. Concretamente el de los X-Men fue a parar a Fox y all\u00ed fue d\u00f3nde decidieron hacer una serie de X-Men para Fox Kids, dirigida a un p\u00fablico infantil. Adaptaron los c\u00f3mics y tuvo un \u00e9xito bastante grande en la \u00e9poca hasta que se cancel\u00f3 al finalizar la quinta temporada en 1997. Al a\u00f1o siguiente Fox lanzar\u00eda la primera pel\u00edcula de los X-Men, la que inici\u00f3 la era del cine de super h\u00e9roes.<\/p>\n<p style=\"text-align: justify;\">La nueva serie contin\u00faa d\u00f3nde se qued\u00f3, con buena parte del elenco de voces que participaron en los 90. Sin embargo el tono es menos infantil y aunque la animaci\u00f3n homenajea a la de entonces, la forma de contar la historia es moderna. Solo se han publicado tres cap\u00edtulos hasta hoy y son realmente buenos.<\/p>\n<p style=\"text-align: justify;\">Est\u00e1 en Disney +, como las cinco temporadas de la serie anterior.<\/p>\n<p><a title=\"Los amos del aire\" href=\"https:\/\/www.flickr.com\/photos\/193617684@N08\/53614242501\/in\/dateposted-public\/\" target=\"_blank\" rel=\"noopener noreferrer\" data-flickr-embed=\"true\"><img loading=\"lazy\" decoding=\"async\" class=\"aligncenter\" src=\"https:\/\/live.staticflickr.com\/65535\/53614242501_ab7ea80903_c.jpg\" alt=\"Los amos del aire\" width=\"533\" height=\"800\" \/><\/a><\/p>\n<h3 style=\"text-align: justify;\">Los amos del aire<\/h3>\n<p style=\"text-align: justify;\">Cerrando la trilog\u00eda sobre la Segunda Guerra Mundial que Tom Hanks (Forrest Gump) y Steven Spielberg (En busca del arca perdida) hab\u00edan producido, esta serie se centra en la guerra a\u00e9rea. Concretamente en el 100\u00ba Grupo de Bombarderos de la Octava Fuerza A\u00e9rea de Estados Unidos.<\/p>\n<p style=\"text-align: justify;\">La producci\u00f3n es impresionante, con combates a\u00e9reos que rivalizan con los de las mejores pel\u00edculas y una recreaci\u00f3n de la \u00e9poca extraordinaria.<\/p>\n<p>Me llama la atenci\u00f3n, y no estoy seguro de que me guste o no, esa especie de tono sepia de fondo que impregna toda la serie, como un tono subliminal que nos deja la impresi\u00f3n de que que sucede en el pasado en el que los colores eran m\u00e1s apagados que ahora.<\/p>\n<p style=\"text-align: justify;\">Transmite muy bien las sensaciones de estos aviadores a bordo de un bombardero B-17 Flyng Fortress. Esta parte me resulta especialmente interesante porque est\u00e1 plagada de detallitos como el navegante calculando d\u00f3nde est\u00e1n sin radar ni ning\u00fan tipo de pantalla, las decenas de interruptores de cabina o la mira Norden y como el bombardero queda pilotado por esta cuando se acercan al objetivo.<\/p>\n<p style=\"text-align: justify;\">La historia es bastante coral aunque se centra m\u00e1s en los personajes de los comandantes Bucky Egan (Callum Turner, Guerra y Paz) y Buck Claver (Austin Butler, Elvis), fant\u00e1sticos los dos.<\/p>\n<p style=\"text-align: justify;\">Tambi\u00e9n se muestran las diferencias entre los brit\u00e1nicos, que hac\u00edan bombardeos nocturnos, m\u00e1s seguros para las tripulaciones pero mucho m\u00e1s aleatorios y los bombardeos de precisi\u00f3n de los americanos que se hac\u00edan de d\u00eda sobre objetivos concretos.<\/p>\n<p style=\"text-align: justify;\">Es el d\u00eda a d\u00eda de se grupo de aviadores en la Segunda Guerra Mundial con una perspectiva bastante \u00e9pica pero sin ocultar en ning\u00fan momento los efectos devastadores de la guerra.<\/p>\n<p style=\"text-align: justify;\">Est\u00e1 en Apple TV<\/p>\n<p style=\"text-align: justify;\">Hasta aqu\u00ed la primera selecci\u00f3n de series, en breve la segunda, pero ya con esta series como Warrior, Reina Roja, Los amos del Aire son muy interesantes, m\u00e1s a\u00fan El problema de los tres cuerpos. Que las disfrut\u00e9is.<\/p>\n<p>Saludos fremen<\/p>\n","protected":false},"excerpt":{"rendered":"<p>Semana Santa. Con un poco de suerte, algo m\u00e1s de tiempo para disfrutar y aqu\u00ed tenemos una selecci\u00f3n, que he tenido que dividir en dos, de nuevas series, algunas realmente buenas.<\/p>\n","protected":false},"author":2,"featured_media":0,"comment_status":"open","ping_status":"open","sticky":false,"template":"","format":"standard","meta":{"iawp_total_views":19,"footnotes":""},"categories":[7],"tags":[3773,3769,2396,3561,3771,3770,3772],"class_list":["post-5876","post","type-post","status-publish","format-standard","hentry","category-series-2","tag-los-amos-del-aire","tag-obituary","tag-reina-roja","tag-sandland","tag-true-detective-noche-polar-el-problema-de-los-tres-cuerpos","tag-warrior","tag-x-men97"],"_links":{"self":[{"href":"http:\/\/zonadelta.net\/atreides\/index.php?rest_route=\/wp\/v2\/posts\/5876","targetHints":{"allow":["GET"]}}],"collection":[{"href":"http:\/\/zonadelta.net\/atreides\/index.php?rest_route=\/wp\/v2\/posts"}],"about":[{"href":"http:\/\/zonadelta.net\/atreides\/index.php?rest_route=\/wp\/v2\/types\/post"}],"author":[{"embeddable":true,"href":"http:\/\/zonadelta.net\/atreides\/index.php?rest_route=\/wp\/v2\/users\/2"}],"replies":[{"embeddable":true,"href":"http:\/\/zonadelta.net\/atreides\/index.php?rest_route=%2Fwp%2Fv2%2Fcomments&post=5876"}],"version-history":[{"count":11,"href":"http:\/\/zonadelta.net\/atreides\/index.php?rest_route=\/wp\/v2\/posts\/5876\/revisions"}],"predecessor-version":[{"id":5904,"href":"http:\/\/zonadelta.net\/atreides\/index.php?rest_route=\/wp\/v2\/posts\/5876\/revisions\/5904"}],"wp:attachment":[{"href":"http:\/\/zonadelta.net\/atreides\/index.php?rest_route=%2Fwp%2Fv2%2Fmedia&parent=5876"}],"wp:term":[{"taxonomy":"category","embeddable":true,"href":"http:\/\/zonadelta.net\/atreides\/index.php?rest_route=%2Fwp%2Fv2%2Fcategories&post=5876"},{"taxonomy":"post_tag","embeddable":true,"href":"http:\/\/zonadelta.net\/atreides\/index.php?rest_route=%2Fwp%2Fv2%2Ftags&post=5876"}],"curies":[{"name":"wp","href":"https:\/\/api.w.org\/{rel}","templated":true}]}}