{"id":5717,"date":"2023-11-17T17:55:00","date_gmt":"2023-11-17T16:55:00","guid":{"rendered":"http:\/\/zonadelta.net\/atreides\/?p=5717"},"modified":"2023-11-17T17:55:00","modified_gmt":"2023-11-17T16:55:00","slug":"lecturas-madrid-comic-pop-up-asterix-el-lirio-blanco-y-el-fantasma-de-la-opera","status":"publish","type":"post","link":"http:\/\/zonadelta.net\/atreides\/?p=5717","title":{"rendered":"Lecturas Madrid Comic Pop Up: Asterix el Lirio Blanco y El fantasma de la \u00d3pera"},"content":{"rendered":"<p style=\"text-align: justify;\"><a title=\"Portada\" href=\"https:\/\/www.flickr.com\/photos\/193617684@N08\/53338188249\/in\/dateposted-public\/\" data-flickr-embed=\"true\"><img loading=\"lazy\" decoding=\"async\" src=\"https:\/\/live.staticflickr.com\/65535\/53338188249_01a3a37800_b.jpg\" alt=\"Portada\" width=\"1024\" height=\"718\" \/><\/a><\/p>\n<p style=\"text-align: justify;\">Como contaba <a href=\"https:\/\/zonadelta.net\/atreides\/?p=5711\">aqu\u00ed<\/a>, el sal\u00f3n del c\u00f3mic de Madrid de este a\u00f1o ha sido el peor de todos los tiempos. El que no hubiera ni una sola tienda de c\u00f3mics, por incre\u00edble que parezca, limit\u00f3 mucho las opciones de adquirir c\u00f3mics quedando circunscritas a las publicaciones de las escasas editoriales que acudieron.<\/p>\n<p style=\"text-align: justify;\">As\u00ed, al final fue m\u00e1s el merchandising que los c\u00f3mics pero al menos estas dos obras s\u00ed que las compr\u00e9.<\/p>\n<p><!--more--><\/p>\n<h3><a title=\"El lirio Blanco\" href=\"https:\/\/www.flickr.com\/photos\/193617684@N08\/53338188229\/in\/dateposted-public\/\" target=\"_blank\" rel=\"noopener noreferrer\" data-flickr-embed=\"true\"><img loading=\"lazy\" decoding=\"async\" class=\"aligncenter\" src=\"https:\/\/live.staticflickr.com\/65535\/53338188229_7b9819d790_b.jpg\" alt=\"El lirio Blanco\" width=\"769\" height=\"1000\" \/><\/a><\/h3>\n<h3 style=\"text-align: justify;\">Asterix, el Lirio blanco.<\/h3>\n<p style=\"text-align: justify;\">Asterix ten\u00eda su propio stand en el sal\u00f3n y, aunque no haya aparecido por aqu\u00ed, en esta casa somos muy fans desde que \u00e9ramos ni\u00f1os. Desaparecidos Albert Uderzo (2020) y Ren\u00e9 Goscinny (1977), han seguido public\u00e1ndose \u00e1lbumes de Asterix. Los primeros cinco \u00e1lbumes desde que se retir\u00f3 Uderzo fueron guionizados por Jean-Yves Ferry pero para este cede el testigo a Fabcaro (Fabrice Caro). El dibujo es de Didier Conrad (Los innombrables), un sensacional dibujante con una amplia carrera en la revista Spirou y posteriormnte en solitario. Clava el dibujo de Uderzo lo que da una familiaridad al leer el c\u00f3mic muy de agradecer.<\/p>\n<figure style=\"width: 826px\" class=\"wp-caption aligncenter\"><a title=\"P\u00e1gina Ast\u00e9rix\" href=\"https:\/\/www.flickr.com\/photos\/193617684@N08\/53337883566\/in\/dateposted-public\/\" target=\"_blank\" rel=\"noopener noreferrer\" data-flickr-embed=\"true\"><img loading=\"lazy\" decoding=\"async\" src=\"https:\/\/live.staticflickr.com\/65535\/53337883566_8cea5750c0_b.jpg\" alt=\"P\u00e1gina Ast\u00e9rix\" width=\"826\" height=\"1024\" \/><\/a><figcaption class=\"wp-caption-text\">El dibujo de Didier Conrad capta perfectamente el esp\u00edritu de Uderzo. Como la historia, en realidad<\/figcaption><\/figure>\n<p style=\"text-align: justify;\">El nuevo guionista parece que ven\u00eda con una idea interesante, una vuelta de tuerca a la Ciza\u00f1a, el decimoquinto \u00e1lbum, y est\u00e1 muy bien acompa\u00f1ado por el dibujo.<\/p>\n<p style=\"text-align: justify;\">As\u00ed, la nueva corriente filos\u00f3fica, el Lirio blanco, basada en el pensamiento positivo y las frases de perogrullo, se extiende por el imperio y su principal adalid convence a Julio (C\u00e9sar) de ir a la Galia a acabar con los resistentes galos a trav\u00e9s de la persuasi\u00f3n, en un principio de las guarniciones que rodean la aldea. Pero ser\u00e1 contagioso y las buenas vibraciones impregnar\u00e1n a los galos.<\/p>\n<p style=\"text-align: justify;\">El c\u00f3mic es muy divertido, el punto de vista de destruirlos asfixi\u00e1ndolos con buen rollo contrasta con el de la Ciza\u00f1a que era enfrentando a unos con otros.\u00a0 Adem\u00e1s no solo veremos la Galia o Roma sino tambi\u00e9n Lutecia.<\/p>\n<p style=\"text-align: justify;\">Se me ha escapado m\u00e1s de una carcajada y la sonrisa se ha mantenido durante las 48 p\u00e1ginas del \u00e1lbum.<\/p>\n<p style=\"text-align: justify;\">Impresiona ver la popularidad de Asterix a d\u00eda de hoy, 64 a\u00f1os m\u00e1s tarde, con publicidad en todos los medios y edici\u00f3n del \u00e1lbum en catal\u00e1n, gallego, euskera y bable,<\/p>\n<p style=\"text-align: justify;\">De cualquier manera, merece la pena.<\/p>\n<p><a title=\"El fantasma de la Opera\" href=\"https:\/\/www.flickr.com\/photos\/193617684@N08\/53338313725\/in\/dateposted-public\/\" data-flickr-embed=\"true\"><img loading=\"lazy\" decoding=\"async\" src=\"https:\/\/live.staticflickr.com\/65535\/53338313725_f412700f14_b.jpg\" alt=\"El fantasma de la Opera\" width=\"658\" height=\"1000\" \/><\/a><\/p>\n<h3 style=\"text-align: justify;\">El fantasma de la \u00d3pera<\/h3>\n<p style=\"text-align: justify;\">Este c\u00f3mic no es la adaptaci\u00f3n de la novela original de Gaston Leroux sino de la reinterpretaci\u00f3n que hicieron Andrew Lloyd Webber, Charles Hart y Richard Stilgoe para el celeb\u00e9rrimo musical de 1986.<\/p>\n<p style=\"text-align: justify;\">El guionista Cavan Scott (Doctor Who, Star Wars) elige muy bien lo que se cuenta y los di\u00e1logos, muchos de ellos sacados directamente de las propias canciones. Sin embargo, la parte del le\u00f3n se la lleva Jos\u00e9 Mar\u00eda Beroy (999\/666, Doctor Mabuse) que con una planificaci\u00f3n de p\u00e1gina muy fluida, profusi\u00f3n de detalles y una caracterizaci\u00f3n de los personajes y sus emociones inspirad\u00edsima, consigue transmitir toda la belleza, la fuerza, el drama y el terror de la historia de Christine y su \u00c1ngel de la m\u00fasica.<\/p>\n<figure style=\"width: 1024px\" class=\"wp-caption aligncenter\"><a title=\"P\u00e1gina doble\" href=\"https:\/\/www.flickr.com\/photos\/193617684@N08\/53337004467\/in\/dateposted-public\/\" target=\"_blank\" rel=\"noopener noreferrer\" data-flickr-embed=\"true\"><img loading=\"lazy\" decoding=\"async\" src=\"https:\/\/live.staticflickr.com\/65535\/53337004467_47b1bba5b1_b.jpg\" alt=\"P\u00e1gina doble\" width=\"1024\" height=\"809\" \/><\/a><figcaption class=\"wp-caption-text\">Est\u00e1 publicado en papel mate. Esto va en gustos, yo lo prefiero con brillo<\/figcaption><\/figure>\n<p style=\"text-align: justify;\">Merece la pena o\u00edr de acompa\u00f1amiento el musical. Sin embargo, la primera vez lo le\u00ed sin escucharlo y es inevitable que suene en la cabeza.<\/p>\n<p style=\"text-align: justify;\">Lo compr\u00e9 en el stand de Aleta ediciones y fue una pena que Beroy no estuviera en el sal\u00f3n para que lo pudiera firmar porque es un trabajo excepcional y la edici\u00f3n es de lujo, con extras muy interesantes como bocetos de los personajes, el desarrollo de algunas p\u00e1ginas, p\u00e1ginas del gui\u00f3n o un art\u00edculo sobre la historia del Fantasma de la \u00d3pera.<\/p>\n<p style=\"text-align: justify;\">Fueron los dos c\u00f3mics que me interesaron del Sal\u00f3n y al menos he terminado muy satisfecho con ellos.<\/p>\n<p style=\"text-align: justify;\">Saludos fremen<\/p>\n","protected":false},"excerpt":{"rendered":"<p>Como contaba aqu\u00ed, el sal\u00f3n del c\u00f3mic de Madrid de este a\u00f1o ha sido el peor de todos los tiempos. El que no hubiera ni una sola tienda de c\u00f3mics, por incre\u00edble que parezca, limit\u00f3 mucho las opciones de adquirir c\u00f3mics quedando circunscritas a las publicaciones de las escasas editoriales que acudieron. As\u00ed, al final &hellip; <a href=\"http:\/\/zonadelta.net\/atreides\/?p=5717\" class=\"more-link\">Sigue leyendo <span class=\"screen-reader-text\">Lecturas Madrid Comic Pop Up: Asterix el Lirio Blanco y El fantasma de la \u00d3pera<\/span><\/a><\/p>\n","protected":false},"author":2,"featured_media":0,"comment_status":"open","ping_status":"open","sticky":false,"template":"","format":"standard","meta":{"iawp_total_views":13,"footnotes":""},"categories":[10],"tags":[3675,3672,3670,3671,3676,3673,3663,3674,3669],"class_list":["post-5717","post","type-post","status-publish","format-standard","hentry","category-comic","tag-andrew-lloyd-webber","tag-cavan-scott","tag-didier-conrad","tag-fabcaro","tag-gaston-leroux","tag-goscinny","tag-jose-maria-beroy","tag-la-cizana-de-asterix","tag-uderzo"],"_links":{"self":[{"href":"http:\/\/zonadelta.net\/atreides\/index.php?rest_route=\/wp\/v2\/posts\/5717","targetHints":{"allow":["GET"]}}],"collection":[{"href":"http:\/\/zonadelta.net\/atreides\/index.php?rest_route=\/wp\/v2\/posts"}],"about":[{"href":"http:\/\/zonadelta.net\/atreides\/index.php?rest_route=\/wp\/v2\/types\/post"}],"author":[{"embeddable":true,"href":"http:\/\/zonadelta.net\/atreides\/index.php?rest_route=\/wp\/v2\/users\/2"}],"replies":[{"embeddable":true,"href":"http:\/\/zonadelta.net\/atreides\/index.php?rest_route=%2Fwp%2Fv2%2Fcomments&post=5717"}],"version-history":[{"count":6,"href":"http:\/\/zonadelta.net\/atreides\/index.php?rest_route=\/wp\/v2\/posts\/5717\/revisions"}],"predecessor-version":[{"id":5733,"href":"http:\/\/zonadelta.net\/atreides\/index.php?rest_route=\/wp\/v2\/posts\/5717\/revisions\/5733"}],"wp:attachment":[{"href":"http:\/\/zonadelta.net\/atreides\/index.php?rest_route=%2Fwp%2Fv2%2Fmedia&parent=5717"}],"wp:term":[{"taxonomy":"category","embeddable":true,"href":"http:\/\/zonadelta.net\/atreides\/index.php?rest_route=%2Fwp%2Fv2%2Fcategories&post=5717"},{"taxonomy":"post_tag","embeddable":true,"href":"http:\/\/zonadelta.net\/atreides\/index.php?rest_route=%2Fwp%2Fv2%2Ftags&post=5717"}],"curies":[{"name":"wp","href":"https:\/\/api.w.org\/{rel}","templated":true}]}}