{"id":5711,"date":"2023-11-06T20:01:51","date_gmt":"2023-11-06T19:01:51","guid":{"rendered":"http:\/\/zonadelta.net\/atreides\/?p=5711"},"modified":"2023-11-06T20:10:35","modified_gmt":"2023-11-06T19:10:35","slug":"cronica-de-la-madrid-comic-pop-up-2023","status":"publish","type":"post","link":"http:\/\/zonadelta.net\/atreides\/?p=5711","title":{"rendered":"Cr\u00f3nica de la Madrid C\u00f3mic Pop Up 2023"},"content":{"rendered":"<figure style=\"width: 1024px\" class=\"wp-caption alignnone\"><a title=\"1540558602239\" href=\"https:\/\/www.flickr.com\/photos\/193617684@N08\/53314239113\/in\/dateposted-public\/\" target=\"_blank\" rel=\"noopener noreferrer\" data-flickr-embed=\"true\"><img loading=\"lazy\" decoding=\"async\" src=\"https:\/\/live.staticflickr.com\/65535\/53314239113_48f00efdb8_b.jpg\" alt=\"1540558602239\" width=\"1024\" height=\"576\" \/><\/a><figcaption class=\"wp-caption-text\">El precioso cartel, obra de Aneke<\/figcaption><\/figure>\n<p style=\"text-align: justify;\">Un a\u00f1o m\u00e1s hemos contado en Madrid con un sal\u00f3n del c\u00f3mic. Esto que, de por s\u00ed, es una buena noticia, sin embargo me ha dejado bastante preocupado.<\/p>\n<p style=\"text-align: justify;\">El a\u00f1o pasado dec\u00edamos del<a href=\"https:\/\/zonadelta.net\/atreides\/?p=5284\"> sal\u00f3n de 2022<\/a> que hab\u00eda mejorado en algunas cosas pero hab\u00eda retrocedido en otras.<\/p>\n<p style=\"text-align: justify;\">Este a\u00f1o me temo que se han perdido muchas cosas, tantas que pueden llevar al evento a una situaci\u00f3n cr\u00edtica.<!--more--><\/p>\n<figure style=\"width: 1024px\" class=\"wp-caption aligncenter\"><a title=\"Imagen de WhatsApp 2023-11-04 a las 15.32.29_3a2a7d03\" href=\"https:\/\/www.flickr.com\/photos\/193617684@N08\/53313173582\/in\/dateposted-public\/\" target=\"_blank\" rel=\"noopener noreferrer\" data-flickr-embed=\"true\"><img loading=\"lazy\" decoding=\"async\" src=\"https:\/\/live.staticflickr.com\/65535\/53313173582_0eaf6eb826_b.jpg\" alt=\"Imagen de WhatsApp 2023-11-04 a las 15.32.29_3a2a7d03\" width=\"1024\" height=\"461\" \/><\/a><figcaption class=\"wp-caption-text\">El aspecto desde la entrada. Esto era en el horario de m\u00e1xima audiencia del s\u00e1bado.<\/figcaption><\/figure>\n<h2>La parte preocupante<\/h2>\n<p style=\"text-align: justify;\">En este blog est\u00e1bamos preocupados desde que vimos que en la p\u00e1gina web no se hablaba de los expositores ni hab\u00eda mapa para poder saber qui\u00e9n estaba ni d\u00f3nde.<\/p>\n<p style=\"text-align: justify;\">Adem\u00e1s, el anuncio de los bombazos se iba retrasando y las fechas del sal\u00f3n se aproximaban.<\/p>\n<blockquote><p>Cuando lleg\u00f3 el d\u00eda 3 qued\u00f3 todo claro. No hab\u00eda bombazos. Hab\u00eda algunos autores de nivel pero que ya hab\u00edan estado en el anterior y eran muchos menos que los del pasado sal\u00f3n y, lo peor, ning\u00fan gran autor extranjero.<\/p><\/blockquote>\n<p style=\"text-align: justify;\">As\u00ed, Aneke, Jorge Forn\u00e9s o Caf\u00fa repet\u00edan incorpor\u00e1ndose autores como Jes\u00fas Merino, Isaac S\u00e1nchez o Iban Coello.<\/p>\n<p style=\"text-align: justify;\">Incluso autores anunciados desaparecieron discretamente del listado como Sergio D\u00e1vila.<\/p>\n<p style=\"text-align: justify;\">No por casualidad, tampoco estaban las grandes editoriales. <a href=\"https:\/\/zonadelta.net\/atreides\/?p=5284\">El a\u00f1o pasado<\/a> ECC fue la gran impulsora del evento con autores de fama mundial. Sin embargo este a\u00f1o no ha estado como tampoco Panini o Norma Editorial.<\/p>\n<p style=\"text-align: justify;\">Esto es uno de los puntos que m\u00e1s me preocupan. \u00bfCu\u00e1l es el atractivo de un Sal\u00f3n del C\u00f3mic? \u00bfCu\u00e1l es el gancho para que vengan los aficionados?<\/p>\n<p style=\"text-align: justify;\">Los autores.<\/p>\n<p style=\"text-align: justify;\"><a href=\"https:\/\/zonadelta.net\/atreides\/?p=5284\">El a\u00f1o pasado<\/a>, incluso descontando los que han repetido este a\u00f1o, hubo 14 autores m\u00e1s de primer\u00edsima fila.<\/p>\n<p style=\"text-align: justify;\">Alrededor de ellos las exposiciones y dem\u00e1s eventos.<\/p>\n<figure style=\"width: 640px\" class=\"wp-caption aligncenter\"><a title=\"Imagen de WhatsApp 2023-11-04 a las 15.32.34_42fd30e6\" href=\"https:\/\/www.flickr.com\/photos\/193617684@N08\/53314511310\/in\/dateposted-public\/\" target=\"_blank\" rel=\"noopener noreferrer\" data-flickr-embed=\"true\"><img loading=\"lazy\" decoding=\"async\" src=\"https:\/\/live.staticflickr.com\/65535\/53314511310_9734853e51_z.jpg\" alt=\"Imagen de WhatsApp 2023-11-04 a las 15.32.34_42fd30e6\" width=\"640\" height=\"288\" \/><\/a><figcaption class=\"wp-caption-text\">El mejor stand con much\u00edsima diferencia, el de Nintendo. C\u00f3mo se echa de menos la Madrid Games Week<\/figcaption><\/figure>\n<p>&nbsp;<\/p>\n<p style=\"text-align: justify;\">Pero si no hay autores que sean capaces de hacer madrugar al fan un fin de semana, que est\u00e9 dispuesto a sufrir el infierno de acceder a Ifema en el fin de semana de \u00abLas 1001 Bodas\u00bb y pagar una entrada de 16 \u20ac d\u00eda que ya no incluye c\u00f3mic de regalo o cuaderno con los autores, mapa y sitio para las firmas, peligrar\u00e1 la continuidad del evento.<\/p>\n<blockquote><p>Otro punto que me preocupa y que da la medida exacta del problema que ha tenido esta edici\u00f3n es que no ha habido ni una sola librer\u00eda de c\u00f3mic.<\/p>\n<p>Ni una sola.<\/p><\/blockquote>\n<p style=\"text-align: justify;\">En la feria del libro, d\u00f3nde hay un mont\u00f3n de gente interesada en mil cosas que no son c\u00f3mics, hab\u00eda al menos diez librer\u00edas de c\u00f3mics.<\/p>\n<p style=\"text-align: justify;\">En un evento dedicado a los c\u00f3mics con un p\u00fablico que va con su presupuesto para gast\u00e1rselo en c\u00f3mics, no hab\u00eda librer\u00edas de c\u00f3mics. \u00bfPor qu\u00e9 no les ha interesado estar en el evento m\u00e1s importante sobre c\u00f3mics de Madrid?<\/p>\n<figure style=\"width: 1024px\" class=\"wp-caption aligncenter\"><a title=\"Imagen de WhatsApp 2023-11-04 a las 15.32.35_c19772f9\" href=\"https:\/\/www.flickr.com\/photos\/193617684@N08\/53314282008\/in\/dateposted-public\/\" target=\"_blank\" rel=\"noopener noreferrer\" data-flickr-embed=\"true\"><img loading=\"lazy\" decoding=\"async\" src=\"https:\/\/live.staticflickr.com\/65535\/53314282008_a298732370_b.jpg\" alt=\"Imagen de WhatsApp 2023-11-04 a las 15.32.35_c19772f9\" width=\"1024\" height=\"461\" \/><\/a><figcaption class=\"wp-caption-text\">Los cosplayers daban vida al evento<\/figcaption><\/figure>\n<p style=\"text-align: justify;\">Bien, entonces \u00bfQu\u00e9 nos hemos encontrado en la Madrid C\u00f3mic Pop Up?<\/p>\n<p style=\"text-align: justify;\">Un evento de tres d\u00edas que se celebraba en el pabell\u00f3n cinco. A \u00e9l han acudido peque\u00f1as editoriales como Drakul, Aleta, Serendipia o Albertos Santos Editor. Algunas tiendas especializadas como La flor de Chamber\u00ed, dedicada al merchandising de Tint\u00edn.<\/p>\n<p style=\"text-align: justify;\">Firmas de los autores comentados y otros seguramente menos conocidos.<\/p>\n<p style=\"text-align: justify;\">Charlas y talleres de dibujo.<\/p>\n<figure style=\"width: 640px\" class=\"wp-caption aligncenter\"><a title=\"Imagen de WhatsApp 2023-11-04 a las 15.32.36_be967a73\" href=\"https:\/\/www.flickr.com\/photos\/193617684@N08\/53314036921\/in\/dateposted-public\/\" target=\"_blank\" rel=\"noopener noreferrer\" data-flickr-embed=\"true\"><img loading=\"lazy\" decoding=\"async\" src=\"https:\/\/live.staticflickr.com\/65535\/53314036921_a7cdf360e7_z.jpg\" alt=\"Imagen de WhatsApp 2023-11-04 a las 15.32.36_be967a73\" width=\"640\" height=\"640\" \/><\/a><figcaption class=\"wp-caption-text\">Las exposiciones despertaron muy poco inter\u00e9s<\/figcaption><\/figure>\n<p style=\"text-align: justify;\">Exposiciones, la m\u00e1s interesante dedicada a Aneke.<\/p>\n<p style=\"text-align: justify;\">Como entretenimiento diferente la Orden 66 ofrec\u00eda poder ponerse un casco de soldado de asalto y disparar contra diversas dianas.<\/p>\n<p style=\"text-align: justify;\">Sonoterror ofrec\u00eda un una ficci\u00f3n en sonido 8D \u00abDevolvemos la conexi\u00f3n\u00bb<\/p>\n<p style=\"text-align: justify;\">Hab\u00eda clases de lucha con espadas de luz.<\/p>\n<p style=\"text-align: justify;\">Nintendo hab\u00eda montado un fant\u00e1stico stand que brillaba como la Ciudadela Escarlata del relato de Robert E. Howard para mostrar el fant\u00e1stico Super Mario Wonder.<\/p>\n<figure style=\"width: 640px\" class=\"wp-caption aligncenter\"><a title=\"Imagen de WhatsApp 2023-11-04 a las 15.32.32_6f0dfdb2\" href=\"https:\/\/www.flickr.com\/photos\/193617684@N08\/53314282088\/in\/dateposted-public\/\" target=\"_blank\" rel=\"noopener noreferrer\" data-flickr-embed=\"true\"><img loading=\"lazy\" decoding=\"async\" src=\"https:\/\/live.staticflickr.com\/65535\/53314282088_d0c6c47d51_z.jpg\" alt=\"Imagen de WhatsApp 2023-11-04 a las 15.32.32_6f0dfdb2\" width=\"640\" height=\"288\" \/><\/a><figcaption class=\"wp-caption-text\">Las dos food trucks que hab\u00eda<\/figcaption><\/figure>\n<p>&nbsp;<\/p>\n<p style=\"text-align: justify;\">Hab\u00eda un par de food trucks y un par de puestos de comida.<\/p>\n<p style=\"text-align: justify;\">El artist alley contaba con menos dibujantes que los otros a\u00f1os aunque con gente de mucha calidad como Jordi Tarragona, Rafa Garr\u00e9s o Jennifer Giner.<\/p>\n<p style=\"text-align: justify;\">Y tristemente, poco m\u00e1s.<\/p>\n<figure style=\"width: 544px\" class=\"wp-caption aligncenter\"><a title=\"Imagen de WhatsApp 2023-11-04 a las 15.32.33_bc430f69\" href=\"https:\/\/www.flickr.com\/photos\/193617684@N08\/53314395089\/in\/dateposted-public\/\" target=\"_blank\" rel=\"noopener noreferrer\" data-flickr-embed=\"true\"><img loading=\"lazy\" decoding=\"async\" src=\"https:\/\/live.staticflickr.com\/65535\/53314395089_edc2a46552_z.jpg\" alt=\"Imagen de WhatsApp 2023-11-04 a las 15.32.33_bc430f69\" width=\"544\" height=\"640\" \/><\/a><figcaption class=\"wp-caption-text\">Clases con espadas de luz, un cl\u00e1sico de todos los eventos de Madrid<\/figcaption><\/figure>\n<p style=\"text-align: justify;\">En cuanto a la afluencia, hab\u00eda bastante espacio para moverse el s\u00e1bado aunque hab\u00eda bastante gente. Este domingo estaba bastante menos concurrido.<\/p>\n<p style=\"text-align: justify;\">En cuanto a las colas para las firmas, he sacado la impresi\u00f3n de que eran mucho menores que otros a\u00f1os, imagino que unido a la falta de autores de gran prestigio.<\/p>\n<h2>La parte personal<\/h2>\n<blockquote><p>En cuanto a mi experiencia personal, me lo he pasado bien. He visto a viejos amigos como Chechu que estaba en el stand de Asterix. Me he encontrado en Impact Games con Luis. Con Juanjo Torres he pasado una ma\u00f1ana estupenda hablando de c\u00f3mics y videojuegos. Me he vuelto a encontrar en un evento a El Gatete de los memes.<\/p><\/blockquote>\n<figure style=\"width: 640px\" class=\"wp-caption aligncenter\"><a title=\"Imagen de WhatsApp 2023-11-04 a las 15.32.35_33269d88\" href=\"https:\/\/www.flickr.com\/photos\/193617684@N08\/53314282038\/in\/dateposted-public\/\" target=\"_blank\" rel=\"noopener noreferrer\" data-flickr-embed=\"true\"><img loading=\"lazy\" decoding=\"async\" src=\"https:\/\/live.staticflickr.com\/65535\/53314282038_137d20e678_z.jpg\" alt=\"Imagen de WhatsApp 2023-11-04 a las 15.32.35_33269d88\" width=\"640\" height=\"288\" \/><\/a><figcaption class=\"wp-caption-text\">La flor de Chamber\u00ed ten\u00eda aut\u00e9nticas maravillas de Tint\u00edn<\/figcaption><\/figure>\n<p style=\"text-align: justify;\">El primer d\u00eda estuvimos recorri\u00e9ndolo todo, saludando a gente y haciendo algunas compras. Una camiseta de Tint\u00edn a precio de un original de Herg\u00e9. La tienda de la Flor de Chamber\u00ed est\u00e1 genial pero hay que preparar la cartera.<\/p>\n<p style=\"text-align: justify;\">Una mini figura de Stan Lee que me encanta y el \u00faltimo c\u00f3mic de Asterix, el Lirio Blanco que lo vend\u00edan en su propio stand.<\/p>\n<p style=\"text-align: justify;\">Ya lo he le\u00eddo y tambi\u00e9n tendr\u00e1 en breve rese\u00f1a.<\/p>\n<figure style=\"width: 640px\" class=\"wp-caption aligncenter\"><a title=\"IMG20231104235853\" href=\"https:\/\/www.flickr.com\/photos\/193617684@N08\/53314395189\/in\/dateposted-public\/\" target=\"_blank\" rel=\"noopener noreferrer\" data-flickr-embed=\"true\"><img loading=\"lazy\" decoding=\"async\" src=\"https:\/\/live.staticflickr.com\/65535\/53314395189_3873b6138e_z.jpg\" alt=\"IMG20231104235853\" width=\"640\" height=\"287\" \/><\/a><figcaption class=\"wp-caption-text\">Las compras de este a\u00f1o. Realmente escuetas pero es que, sin librer\u00edas de c\u00f3mics, poco hab\u00eda d\u00f3nde dejar el dinero<\/figcaption><\/figure>\n<p style=\"text-align: justify;\">En este segundo\u00a0 d\u00eda, he tenido la enorme suerte de que Javier Ara, el estupendo autor de Dark Investment haya estado el domingo en el stand de Drakul.<\/p>\n<p style=\"text-align: justify;\">Ha sido estupendo charlar con \u00e9l, saber que su saga tendr\u00e1 siete vol\u00famenes, que el cuarto ya est\u00e1 terminado a falta de colorear algunas p\u00e1ginas, que los derechos se han vendido a ocho pa\u00edses y para redondear ha tenido la gentileza de hacerme un dibujo y una dedicatoria al tercer n\u00famero de la serie, que tendr\u00e1 en breve entrada en el Blog.<\/p>\n<p style=\"text-align: justify;\">Ya el a\u00f1o pasado esperaba que pudiera firmar el segundo volumen pero problemas de salud le impidieron acercarse. Ha sido estupendo encontrarlo\u00a0 recuperado y en tan buena forma.<\/p>\n<figure style=\"width: 640px\" class=\"wp-caption aligncenter\"><a title=\"Daark Investment\" href=\"https:\/\/www.flickr.com\/photos\/193617684@N08\/53314452979\/in\/dateposted-public\/\" target=\"_blank\" rel=\"noopener noreferrer\" data-flickr-embed=\"true\"><img loading=\"lazy\" decoding=\"async\" src=\"https:\/\/live.staticflickr.com\/65535\/53314452979_6d800f7788_z.jpg\" alt=\"Daark Investment\" width=\"640\" height=\"480\" \/><\/a><figcaption class=\"wp-caption-text\">La dedicatoria de Javier Ara. La saga es de lo m\u00e1s divertida y sorprendente<\/figcaption><\/figure>\n<p style=\"text-align: justify;\">Comentaba que me hab\u00eda encontrado con Gatete. Me ha presentado a Jennifer Giner, la famosa J.Giner Ilustraci\u00f3n, fan letal de The Witcher como yo mismo, de la que me he llevado una fant\u00e1stica ilustraci\u00f3n del Lobo Blanco.<\/p>\n<p style=\"text-align: justify;\">Por \u00faltimo, me he pasado por Aleta y he comprado la preciosa edici\u00f3n de El fantasma de la Opera dibujada con todo detalle por Jos\u00e9 Mar\u00eda Beroy.<\/p>\n<blockquote>\n<p style=\"text-align: justify;\">Ya digo, en lo personal lo he disfrutado gracias sobre todo al reencuentro con personas que pr\u00e1cticamente ves solo en estos eventos.<\/p>\n<p>Pero no puede ser que estos eventos los salve la experiencia personal.<\/p><\/blockquote>\n<p style=\"text-align: justify;\">El a\u00f1o pasado ten\u00eda esperanza de que este a\u00f1o fuera mejor. Parec\u00eda que con los n\u00fameros que daba la organizaci\u00f3n, 24.000 visitantes, hab\u00eda sido un \u00e9xito y esperaba que fuera una clara se\u00f1al de mejora.<\/p>\n<p style=\"text-align: justify;\">Sin embargo, y con toda la tristeza he de decir que no solo no ha mejorado sino que, en todas las ediciones del sal\u00f3n del c\u00f3mic recogidas en este blog desde 2014 y en el anterior desde la primera edici\u00f3n, creo que puedo afirmar que ha sido la edici\u00f3n m\u00e1s floja.\u00a0 Incluida la primera edici\u00f3n post pandemia de la <a href=\"https:\/\/zonadelta.net\/atreides\/?p=4812\">Madrid Comic Pop Up<\/a><\/p>\n<figure style=\"width: 403px\" class=\"wp-caption aligncenter\"><a title=\"IMG20231105142403\" href=\"https:\/\/www.flickr.com\/photos\/193617684@N08\/53314399069\/in\/dateposted-public\/\" target=\"_blank\" rel=\"noopener noreferrer\" data-flickr-embed=\"true\"><img loading=\"lazy\" decoding=\"async\" src=\"https:\/\/live.staticflickr.com\/65535\/53314399069_b4521f8ea6_z.jpg\" alt=\"IMG20231105142403\" width=\"403\" height=\"640\" \/><\/a><figcaption class=\"wp-caption-text\">Preciosa ilustraci\u00f3n de J. Giner que adem\u00e1s tuvo el detalle de dedicarla<\/figcaption><\/figure>\n<h2>La parte buena<\/h2>\n<p style=\"text-align: justify;\">A\u00fan as\u00ed, no todo ha sido negativo. El cartel del evento un a\u00f1o m\u00e1s es una aut\u00e9ntica maravilla y, adem\u00e1s, este a\u00f1o venden merchandising como los carteles o tazas. Sin embargo no lo venden en el sal\u00f3n sino que hay que comprarlo en la web y recogerlo all\u00ed. No hay un stand de la organizaci\u00f3n y, de hecho, para mi fue transparente, no los vi nunca.<\/p>\n<p style=\"text-align: justify;\">Tambi\u00e9n una editorial peque\u00f1a, como Drakul, ha terminado satisfecho en cuanto al rendimiento de estos d\u00edas. Me alegra mucho. Lo achacaban a que la gente se ha encontrado por sorpresa que lo que quer\u00edan comprar no han podido, por no estar ni las editoriales grandes ni tiendas de c\u00f3mics, y lo han gastado en los que estaban.<\/p>\n<p style=\"text-align: justify;\">Ya digo que me alegra mucho pero es pan para hoy y hambre para ma\u00f1ana.<\/p>\n<h2>Sugerencias<\/h2>\n<p style=\"text-align: justify;\">Desde mi punto de vista, con toda humildad, no s\u00e9 si tendremos un cuarto Madrid C\u00f3mic Pop Up. Espero que los n\u00fameros den en cuanto a visitantes aunque mi impresi\u00f3n es que han sido muchos menos que el a\u00f1o pasado.<\/p>\n<p style=\"text-align: justify;\">Si dan y est\u00e1n dispuestos a una cuarta sugiero que se convenza a las grandes editoriales a que vuelvan, que traigan, ellos y la organizaci\u00f3n, a grandes autores que nos llenen los ojos y hagan que deseemos ir y que den buenas condiciones a las librer\u00edas de c\u00f3mics, que son el coraz\u00f3n del fandom en Madrid, porque sin ellas no tiene sentido.<\/p>\n<p style=\"text-align: justify;\">Es que cada vez que pienso que si quer\u00eda el \u00faltimo Batman, X-Men o cualquiera de los c\u00f3mics de superh\u00e9roes de los autores espa\u00f1oles que firmaban, no pod\u00eda comprarlo en todo el sal\u00f3n porque no hab\u00eda ni una sola tienda, no me lo puedo creer.<\/p>\n<blockquote><p>Ojal\u00e1 haya un giro de 180\u00ba y se vuelva a tener un buen sal\u00f3n del c\u00f3mic de Madrid. Como an\u00e9cdota, todos los amigos que encontr\u00e9 y que hab\u00edan pagado la entrada coincid\u00edan en que no les hab\u00eda merecido la pena.<\/p><\/blockquote>\n<p style=\"text-align: justify;\">No s\u00e9 si con esta direcci\u00f3n o si no pueden con otra, o volver a la <a href=\"https:\/\/zonadelta.net\/atreides\/?p=3540\">Heroes Comic Con<\/a> y si no se puede, s\u00ed puede servir como espejo al que mirar pero lo que de verdad espero es que no se repita lo de este a\u00f1o.<\/p>\n<p style=\"text-align: justify;\">Saludos fremen<\/p>\n","protected":false},"excerpt":{"rendered":"<p>Un a\u00f1o m\u00e1s hemos contado en Madrid con un sal\u00f3n del c\u00f3mic. Esto que, de por s\u00ed, es una buena noticia, sin embargo me ha dejado bastante preocupado. El a\u00f1o pasado dec\u00edamos del sal\u00f3n de 2022 que hab\u00eda mejorado en algunas cosas pero hab\u00eda retrocedido en otras. Este a\u00f1o me temo que se han perdido &hellip; <a href=\"http:\/\/zonadelta.net\/atreides\/?p=5711\" class=\"more-link\">Sigue leyendo <span class=\"screen-reader-text\">Cr\u00f3nica de la Madrid C\u00f3mic Pop Up 2023<\/span><\/a><\/p>\n","protected":false},"author":2,"featured_media":0,"comment_status":"open","ping_status":"open","sticky":false,"template":"","format":"standard","meta":{"iawp_total_views":7,"footnotes":""},"categories":[10,1697,8],"tags":[3661,3665,1829,1849,3662,3660,3663,3664,27,3659,3394],"class_list":["post-5711","post","type-post","status-publish","format-standard","hentry","category-comic","category-eventos","category-videojuegos","tag-aleta","tag-asterix","tag-drakul","tag-editorial-drakul","tag-j-giner-ilustracion","tag-javier-ara","tag-jose-maria-beroy","tag-la-flor-de-chamberi","tag-stan-lee","tag-super-mario-wonder","tag-tintin"],"_links":{"self":[{"href":"http:\/\/zonadelta.net\/atreides\/index.php?rest_route=\/wp\/v2\/posts\/5711","targetHints":{"allow":["GET"]}}],"collection":[{"href":"http:\/\/zonadelta.net\/atreides\/index.php?rest_route=\/wp\/v2\/posts"}],"about":[{"href":"http:\/\/zonadelta.net\/atreides\/index.php?rest_route=\/wp\/v2\/types\/post"}],"author":[{"embeddable":true,"href":"http:\/\/zonadelta.net\/atreides\/index.php?rest_route=\/wp\/v2\/users\/2"}],"replies":[{"embeddable":true,"href":"http:\/\/zonadelta.net\/atreides\/index.php?rest_route=%2Fwp%2Fv2%2Fcomments&post=5711"}],"version-history":[{"count":5,"href":"http:\/\/zonadelta.net\/atreides\/index.php?rest_route=\/wp\/v2\/posts\/5711\/revisions"}],"predecessor-version":[{"id":5716,"href":"http:\/\/zonadelta.net\/atreides\/index.php?rest_route=\/wp\/v2\/posts\/5711\/revisions\/5716"}],"wp:attachment":[{"href":"http:\/\/zonadelta.net\/atreides\/index.php?rest_route=%2Fwp%2Fv2%2Fmedia&parent=5711"}],"wp:term":[{"taxonomy":"category","embeddable":true,"href":"http:\/\/zonadelta.net\/atreides\/index.php?rest_route=%2Fwp%2Fv2%2Fcategories&post=5711"},{"taxonomy":"post_tag","embeddable":true,"href":"http:\/\/zonadelta.net\/atreides\/index.php?rest_route=%2Fwp%2Fv2%2Ftags&post=5711"}],"curies":[{"name":"wp","href":"https:\/\/api.w.org\/{rel}","templated":true}]}}