{"id":5688,"date":"2023-10-18T11:38:08","date_gmt":"2023-10-18T09:38:08","guid":{"rendered":"http:\/\/zonadelta.net\/atreides\/?p=5688"},"modified":"2023-10-18T11:41:58","modified_gmt":"2023-10-18T09:41:58","slug":"el-peligro-del-edadismo","status":"publish","type":"post","link":"http:\/\/zonadelta.net\/atreides\/?p=5688","title":{"rendered":"El peligro del edadismo"},"content":{"rendered":"<figure style=\"width: 640px\" class=\"wp-caption aligncenter\"><a title=\"Portada\" href=\"https:\/\/www.flickr.com\/photos\/193617684@N08\/53267318254\/in\/dateposted-public\/\" data-flickr-embed=\"true\"><img loading=\"lazy\" decoding=\"async\" src=\"https:\/\/live.staticflickr.com\/65535\/53267318254_bb9af1bda2_z.jpg\" alt=\"Portada\" width=\"640\" height=\"169\" \/><\/a><figcaption class=\"wp-caption-text\">Hideo Kojima, Roberta Williams, Hironobu Sakaguchi, Jane Jensen, Yu Suzuki. Todos boomers<\/figcaption><\/figure>\n<p style=\"text-align: justify;\">Una de las cosas que me sorprenden \u00faltimamente en esta \u00e9poca de lucha porque haya mayor igualdad y un reconocimiento m\u00e1s justo de los derechos de cada uno es el aumento del edadismo convirti\u00e9ndose en algo habitual el querer negar la val\u00eda de cualquier actitud o comentario insult\u00e1ndolo como polla vieja o boomer.<!--more--><\/p>\n<p style=\"text-align: justify;\">Me sorprende y entristece\/cabrea porque lo encuentro en todas partes, incluso en los sitios que sinceramente se muestran como inclusivos y luchan por ello, cuando se encuentran un comentario rancio de un se\u00f1oro no dudan de echarle la culpa a la edad.<\/p>\n<p style=\"text-align: justify;\">Si en estos entornos pasa, que son los m\u00e1s seguros, ya pod\u00e9is imaginar c\u00f3mo es en general, una de las formas m\u00e1s sencilla de negar cualquier opini\u00f3n es atacar la edad del que la escribe y se hace de forma natural y parece que con aceptaci\u00f3n t\u00e1cita.<\/p>\n<p style=\"text-align: justify;\">Me enfada porque es una falacia que cada d\u00eda se demuestra. Hay miles de seres en las redes como, por ejemplo,\u00a0 Sasel o el Xokas que en sus v\u00eddeos se encuentran constantemente actitudes, y comentario machistas, hom\u00f3fobos y act\u00faan como cretinos mayormente que demuestran sin mayor g\u00e9nero de dudas que ser imb\u00e9cil no es cuesti\u00f3n de edad sino de otros factores como la falta de empat\u00eda, no haber aprovechado la educaci\u00f3n, un ego desmedido, la creencia de su superioridad porque mucha gente les r\u00ede los rebuznos m\u00e1s rid\u00edculos y vergonzosos y as\u00ed.<\/p>\n<figure style=\"width: 640px\" class=\"wp-caption alignnone\"><a title=\"Los dos\" href=\"https:\/\/www.flickr.com\/photos\/193617684@N08\/53266085137\/in\/dateposted-public\/\" data-flickr-embed=\"true\"><img loading=\"lazy\" decoding=\"async\" src=\"https:\/\/live.staticflickr.com\/65535\/53266085137_6d225c3c35_z.jpg\" alt=\"Los dos\" width=\"640\" height=\"320\" \/><\/a><figcaption class=\"wp-caption-text\">El \u00bf\u00e9xito? a cualquier precio. Lo cierto es que son conocidos y ganan dinero por ello pero mostrando lo peor de una persona<\/figcaption><\/figure>\n<p style=\"text-align: justify;\">Gente desnortada hay de todas las edades y de todas las creencias u orientaciones.<\/p>\n<p style=\"text-align: justify;\">Sin embargo, polla vieja y boomer se utilizan como si eso lo justificara todo y es un error de dos v\u00edas.<\/p>\n<figure style=\"width: 640px\" class=\"wp-caption aligncenter\"><a title=\"Phil Spencer, Reggie PhilsAimee Shawn Layden\" href=\"https:\/\/www.flickr.com\/photos\/193617684@N08\/53266997396\/in\/dateposted-public\/\" target=\"_blank\" rel=\"noopener noreferrer\" data-flickr-embed=\"true\"><img loading=\"lazy\" decoding=\"async\" src=\"https:\/\/live.staticflickr.com\/65535\/53266997396_e2991d6aed_z.jpg\" alt=\"Phil Spencer, Reggie PhilsAimee Shawn Layden\" width=\"640\" height=\"429\" \/><\/a><figcaption class=\"wp-caption-text\">Hablando de experiencia, algunos de los que han convertido el videojuego en la industria del entretenimiento m\u00e1s grande del mundo<\/figcaption><\/figure>\n<p style=\"text-align: justify;\">Por un lado porque si alguien tiene una pila de a\u00f1os tambi\u00e9n tiene una pila de experiencia. Que haya imb\u00e9ciles como los de un podcast que no cito por no dar publicidad que llevan a unos invitados para, en esencia, re\u00edrse en su cara de su proyecto y que se les acuse de pollas viejas cuando hay otros podcasts que son Ivoox Originals cuya religi\u00f3n es el click bait y cumplen todos los sacramentos de machismo y homofobia en los titulares y no tienen esa edad sus integrantes es caer en el mismo error que se lleva aplicando a las mujeres, el colectivo lgtbi o los inmigrantes.<\/p>\n<blockquote>\n<p style=\"text-align: justify;\">Toda esa gente que tiene una edad, que ha ido aprendiendo con el tiempo,\u00a0 imbricando esas experiencias con la actualidad, atesorando experiencias y recuerdos de momentos importantes que pueden contar de primera mano y en esencia ser correa de distribuci\u00f3n para que los que no han vivido esos tiempos puedan conocerlos y que de ah\u00ed salgan cosas nuevas y mejores se pierde por culpa del edadismo.<\/p>\n<\/blockquote>\n<p style=\"text-align: justify;\">Por otro lado, los colectivos que luchan por la igualdad en tantos \u00e1mbitos, las personas muy j\u00f3venes que tienen mucho que decir y se encuentran que, por edad, se les mira muchas veces con condescendencia en el mejor de los casos o se les echa en cara esa edad, precisamente, no deber\u00edan hacer lo mismo. El mismo respeto al que aspiran es el que hay que mostrar.<\/p>\n<p style=\"text-align: justify;\">Hay que tener cuidado de no cometer los mismos errores que criticamos.<\/p>\n<p style=\"text-align: justify;\">El resultado de no hacerlo es mantener una sociedad injusta e hip\u00f3crita y no tender a una sociedad mejor que creo que es lo que en definitiva todos queremos.<\/p>\n<p style=\"text-align: justify;\">Saludos fremen<\/p>\n","protected":false},"excerpt":{"rendered":"<p>Una de las cosas que me sorprenden \u00faltimamente en esta \u00e9poca de lucha porque haya mayor igualdad y un reconocimiento m\u00e1s justo de los derechos de cada uno es el aumento del edadismo convirti\u00e9ndose en algo habitual el querer negar la val\u00eda de cualquier actitud o comentario insult\u00e1ndolo como polla vieja o boomer.<\/p>\n","protected":false},"author":2,"featured_media":0,"comment_status":"open","ping_status":"open","sticky":false,"template":"","format":"standard","meta":{"iawp_total_views":4,"footnotes":""},"categories":[72,8],"tags":[3656,1644,3449,654,3655,1953,3654,1775],"class_list":["post-5688","post","type-post","status-publish","format-standard","hentry","category-opinion","category-videojuegos","tag-hideo-kojima","tag-hironobu-sakaguchi","tag-jane-jensen","tag-phil-spencer","tag-reggie-fils-aimee","tag-roberta-williams","tag-shawn-layden","tag-yu-suzuki"],"_links":{"self":[{"href":"http:\/\/zonadelta.net\/atreides\/index.php?rest_route=\/wp\/v2\/posts\/5688","targetHints":{"allow":["GET"]}}],"collection":[{"href":"http:\/\/zonadelta.net\/atreides\/index.php?rest_route=\/wp\/v2\/posts"}],"about":[{"href":"http:\/\/zonadelta.net\/atreides\/index.php?rest_route=\/wp\/v2\/types\/post"}],"author":[{"embeddable":true,"href":"http:\/\/zonadelta.net\/atreides\/index.php?rest_route=\/wp\/v2\/users\/2"}],"replies":[{"embeddable":true,"href":"http:\/\/zonadelta.net\/atreides\/index.php?rest_route=%2Fwp%2Fv2%2Fcomments&post=5688"}],"version-history":[{"count":5,"href":"http:\/\/zonadelta.net\/atreides\/index.php?rest_route=\/wp\/v2\/posts\/5688\/revisions"}],"predecessor-version":[{"id":5693,"href":"http:\/\/zonadelta.net\/atreides\/index.php?rest_route=\/wp\/v2\/posts\/5688\/revisions\/5693"}],"wp:attachment":[{"href":"http:\/\/zonadelta.net\/atreides\/index.php?rest_route=%2Fwp%2Fv2%2Fmedia&parent=5688"}],"wp:term":[{"taxonomy":"category","embeddable":true,"href":"http:\/\/zonadelta.net\/atreides\/index.php?rest_route=%2Fwp%2Fv2%2Fcategories&post=5688"},{"taxonomy":"post_tag","embeddable":true,"href":"http:\/\/zonadelta.net\/atreides\/index.php?rest_route=%2Fwp%2Fv2%2Ftags&post=5688"}],"curies":[{"name":"wp","href":"https:\/\/api.w.org\/{rel}","templated":true}]}}