{"id":5582,"date":"2023-07-16T20:27:45","date_gmt":"2023-07-16T18:27:45","guid":{"rendered":"http:\/\/zonadelta.net\/atreides\/?p=5582"},"modified":"2023-07-16T20:27:45","modified_gmt":"2023-07-16T18:27:45","slug":"arrowsmith-tras-las-lineas-enemigas","status":"publish","type":"post","link":"http:\/\/zonadelta.net\/atreides\/?p=5582","title":{"rendered":"Arrowsmith. Tras las l\u00edneas enemigas."},"content":{"rendered":"<p style=\"text-align: justify;\"><a title=\"Documento_2023-07-16_200513\" href=\"https:\/\/www.flickr.com\/photos\/193617684@N08\/53050230326\/in\/dateposted-public\/\" data-flickr-embed=\"true\"><img loading=\"lazy\" decoding=\"async\" class=\"aligncenter\" src=\"https:\/\/live.staticflickr.com\/65535\/53050230326_51c9f73d1c_c.jpg\" alt=\"Documento_2023-07-16_200513\" width=\"535\" height=\"800\" \/><\/a><\/p>\n<p style=\"text-align: justify;\">El \u00faltimo c\u00f3mic dibujado por Carlos Pacheco contin\u00faa la historia de Fletcher Arrowsmith en Europa durante la primera guerra mundial.<\/p>\n<p style=\"text-align: justify;\">Vuelve a contar al teclado con Kurt Busiek lo que es un t\u00e1ndem imbatible.<\/p>\n<p><iframe loading=\"lazy\" title=\"Arrowsmith Tras las l\u00edneas enemigas\" width=\"660\" height=\"371\" src=\"https:\/\/www.youtube.com\/embed\/-D-wnWeZWcw?feature=oembed\" frameborder=\"0\" allow=\"accelerometer; autoplay; clipboard-write; encrypted-media; gyroscope; picture-in-picture; web-share\" referrerpolicy=\"strict-origin-when-cross-origin\" allowfullscreen><\/iframe><\/p>\n<p style=\"text-align: justify;\"><!--more--><\/p>\n<p style=\"text-align: justify;\">Kurt Busiek salt\u00f3 a la fama con la miniserie Marvels, con maravillosas ilustraciones de Alex Ross. Contemplar algunos de los momentos m\u00e1s importantes del Universo Marvel a trav\u00e9s de los ojos de un periodista pero, sobre todo, del hombre de la calle, fue un acierto inmenso y a d\u00eda de hoy sigue siendo uno de los mejores c\u00f3mics de Marvel de todos los tiempos. Despu\u00e9s se consagr\u00f3 con Astro City y su fama continu\u00f3 aumentando con Los Vengadores con l\u00e1pices de George P\u00e9rez o la miniserie Avengers Forever con l\u00e1pices de Carlos Pacheco.<\/p>\n<p style=\"text-align: justify;\">Carlos Pacheco no necesita presentaci\u00f3n para el lector espa\u00f1ol. Comenz\u00f3 como un aficionado que enviaba sus dibujos a F\u00f3rum y de ah\u00ed a hacer posters, portadas, dar el salto a Marvel UK con Dark Guard y de ah\u00ed a USA d\u00f3nde ser\u00eda la primera l\u00ednea de autores espa\u00f1oles para los c\u00f3mics de Superh\u00e9roes junto a Salvador Larroca, Oscar Jim\u00e9nez o Pasqual Ferry.<\/p>\n<p><a title=\"Foto_2023-07-16_200857\" href=\"https:\/\/www.flickr.com\/photos\/193617684@N08\/53050230336\/in\/dateposted-public\/\" target=\"_blank\" rel=\"noopener noreferrer\" data-flickr-embed=\"true\"><img loading=\"lazy\" decoding=\"async\" class=\"aligncenter\" src=\"https:\/\/live.staticflickr.com\/65535\/53050230336_48340f07bd_c.jpg\" alt=\"Foto_2023-07-16_200857\" width=\"507\" height=\"800\" \/><\/a><\/p>\n<p style=\"text-align: justify;\">Su dibujo con reminiscencias de Neal Adams pero con una \u00abpresencia\u00bb muy caracter\u00edstica le hicieron destacar enseguida. Con presencia me refiero a que sus personajes son muy s\u00f3lidos, rotundos, llenan la vi\u00f1eta y consiguen un efecto contundente. Me recuerda a otros dos dibujantes muy distintos pero que tienen esa solidez en sus vi\u00f1etas, Gil Kane y Dave Gibbons.<\/p>\n<p style=\"text-align: justify;\">El \u00e9xito fue incontestable y por sus l\u00e1pices pasaron, sobre todo, grupos de superh\u00e9roes como Los Vengadores, La JLA, Los 4 Fant\u00e1sticos (con Rafa Mar\u00edn de guionista), los X-Men (en una etapa que destaca por su incre\u00edble dibujo) y de las colaboraciones con Kurt Busiek surgi\u00f3 la idea de hacer algo juntos.<\/p>\n<p style=\"text-align: justify;\">Carlos Pacheco siempre dijo que la Primera Gran Guerra era una \u00e9poca que le fascinaba y Kurt Busiek le dio una vueltas porque un c\u00f3mic b\u00e9lico al uso no ten\u00eda mucho mercado.<\/p>\n<p style=\"text-align: justify;\">El resultado fue introducir la magia en la ecuaci\u00f3n, un poco como la Saga de Temerario de Naomi Novik, aunque esta situada en las Guerras Napole\u00f3nicas.<\/p>\n<p style=\"text-align: justify;\">En el primer libro se nos cuentan las aventuras de un novato Fletcher Arrowsmith que queda impresionado por los aviadores cuando llegan a su pueblo.<\/p>\n<p style=\"text-align: justify;\">\u00c9l y su amigo se apuntan para ir a luchar a Europa como aviadores. Eso s\u00ed un aviador no pilota un avi\u00f3n, es un mago limitado que con un conjuro se vincula a un dragonet que le transfiere su capacidad de volar.<\/p>\n<p style=\"text-align: justify;\">En ese primer libro, que en realidad es una miniserie pero ha sido recopilada varias veces y todas para editoriales distintas, toda la sed de Gloria cambia por un sentido del deber y una cierta decepci\u00f3n y tristeza, un poco en la l\u00ednea de Sin Novedad en el Frente.<\/p>\n<p><a title=\"Documento_2023-07-16_201031 (2)\" href=\"https:\/\/www.flickr.com\/photos\/193617684@N08\/53050617830\/in\/dateposted-public\/\" target=\"_blank\" rel=\"noopener noreferrer\" data-flickr-embed=\"true\"><img loading=\"lazy\" decoding=\"async\" class=\"aligncenter\" src=\"https:\/\/live.staticflickr.com\/65535\/53050617830_b75beab78b_c.jpg\" alt=\"Documento_2023-07-16_201031 (2)\" width=\"508\" height=\"800\" \/><\/a><\/p>\n<p style=\"text-align: justify;\">Este tomo retoma la historia de Fletcher Arrowsmith unos meses m\u00e1s tarde. Su relaci\u00f3n amorosa est\u00e1 en un punto nebuloso al estar separados y \u00e9l tendr\u00e1 que infiltrarse tras las l\u00edneas enemigas para contactar con un agente que le permita encontrar a una princesa Elfa que puede estar secuestrada por el enemigo, so pena de desatar la ira de los Elfos que podr\u00edan acabar no con la guerra sino con la humanidad.<\/p>\n<p style=\"text-align: justify;\">La recreaci\u00f3n de la primera guerra mundial es asombrosa y este nivel de asombro aumenta a\u00fan m\u00e1s al ver la incre\u00edble integraci\u00f3n de otras razas como los Trols en la trama. Tambi\u00e9n los dioses o los h\u00e9roes legendarios como Carlomagno. y en el lado m\u00e1s oscuro los vampiros o los lic\u00e1ntropos.<\/p>\n<p style=\"text-align: justify;\">El dibujo es sensacional, nadie dir\u00eda que estuviera enfermo, conserva toda la fuerza. El entintado de Rafa Fonteriz, como siempre, es fant\u00e1stico. En cuanto a la historia se lee con much\u00edsimo inter\u00e9s y ese es el principal problema del c\u00f3mic, que deja con muchas ganas de m\u00e1s porque se corta la historia en medio del viaje de b\u00fasqueda de la princesa. As\u00ed que el problema no est\u00e1 en el c\u00f3mic en s\u00ed sino en que termina sin terminar, no da la impresi\u00f3n del cierre del arco.<\/p>\n<figure style=\"width: 533px\" class=\"wp-caption aligncenter\"><a title=\"2023-07-16_201225 (2)\" href=\"https:\/\/www.flickr.com\/photos\/193617684@N08\/53050424199\/in\/dateposted-public\/\" target=\"_blank\" rel=\"noopener noreferrer\" data-flickr-embed=\"true\"><img loading=\"lazy\" decoding=\"async\" src=\"https:\/\/live.staticflickr.com\/65535\/53050424199_dc4cc0aa6c_c.jpg\" alt=\"2023-07-16_201225 (2)\" width=\"533\" height=\"800\" \/><\/a><figcaption class=\"wp-caption-text\">Una de las portadas alternativas, de Carmen Carnero<\/figcaption><\/figure>\n<p>&nbsp;<\/p>\n<p style=\"text-align: justify;\">En cuanto a la edici\u00f3n, es fant\u00e1stica como pod\u00e9is ver en el v\u00eddeo. El tama\u00f1o es un poco m\u00e1s grande, 28&#215;20 cm mientras que el tomo anterior publicado por ECC med\u00eda 26 x 17 cm. Adem\u00e1s de las portadas incluye una enorme cantidad de portadas alternativas, bocetos, una entrevista a Kurt Busiek, un texto de Rafael Mar\u00edn y una carta del hijo de Carlos Pacheco en la que cuenta que parte de sus cenizas se han mezclado con la tinta de esta edici\u00f3n.<\/p>\n<figure style=\"width: 510px\" class=\"wp-caption aligncenter\"><a title=\"Documento_2023-07-16_201444 (3)\" href=\"https:\/\/www.flickr.com\/photos\/193617684@N08\/53050720633\/in\/dateposted-public\/\" target=\"_blank\" rel=\"noopener noreferrer\" data-flickr-embed=\"true\"><img loading=\"lazy\" decoding=\"async\" src=\"https:\/\/live.staticflickr.com\/65535\/53050720633_1771c57610_c.jpg\" alt=\"Documento_2023-07-16_201444 (3)\" width=\"510\" height=\"800\" \/><\/a><figcaption class=\"wp-caption-text\">El proceso de la portada del n\u00famero 4<\/figcaption><\/figure>\n<p>&nbsp;<\/p>\n<p style=\"text-align: justify;\">Kurt Busiek cuenta que Carlos le pidi\u00f3 que siguiera con las aventuras de Fletcher Arrowsmith.<\/p>\n<p style=\"text-align: justify;\">La \u00faltima obra de Carlos Pacheco es una gran obra que deja con ganas de m\u00e1s y que en cada p\u00e1gina nos recuerda el grand\u00edsimo autor que hemos perdido.<\/p>\n<p style=\"text-align: justify;\">Saludos fremen.<\/p>\n<p style=\"text-align: justify;\">\n","protected":false},"excerpt":{"rendered":"<p>El \u00faltimo c\u00f3mic dibujado por Carlos Pacheco contin\u00faa la historia de Fletcher Arrowsmith en Europa durante la primera guerra mundial. Vuelve a contar al teclado con Kurt Busiek lo que es un t\u00e1ndem imbatible.<\/p>\n","protected":false},"author":2,"featured_media":0,"comment_status":"open","ping_status":"open","sticky":false,"template":"","format":"standard","meta":{"iawp_total_views":4,"footnotes":""},"categories":[3328,10,93],"tags":[2526,3604,2527,3600,3598,49,3603,3605,3602,3601,2867,3599],"class_list":["post-5582","post","type-post","status-publish","format-standard","hentry","category-aventura","category-comic","category-fantasia","tag-dave-gibbons","tag-gil-kane","tag-kurt-busiek","tag-marvels","tag-naomi-novik-saga-temerario","tag-neal-adams","tag-oscar-jimenez","tag-pasqual-ferry","tag-rafa-fonteriz","tag-rafa-marin","tag-salvador-larroca","tag-sin-novedad-en-el-frente"],"_links":{"self":[{"href":"http:\/\/zonadelta.net\/atreides\/index.php?rest_route=\/wp\/v2\/posts\/5582","targetHints":{"allow":["GET"]}}],"collection":[{"href":"http:\/\/zonadelta.net\/atreides\/index.php?rest_route=\/wp\/v2\/posts"}],"about":[{"href":"http:\/\/zonadelta.net\/atreides\/index.php?rest_route=\/wp\/v2\/types\/post"}],"author":[{"embeddable":true,"href":"http:\/\/zonadelta.net\/atreides\/index.php?rest_route=\/wp\/v2\/users\/2"}],"replies":[{"embeddable":true,"href":"http:\/\/zonadelta.net\/atreides\/index.php?rest_route=%2Fwp%2Fv2%2Fcomments&post=5582"}],"version-history":[{"count":3,"href":"http:\/\/zonadelta.net\/atreides\/index.php?rest_route=\/wp\/v2\/posts\/5582\/revisions"}],"predecessor-version":[{"id":5586,"href":"http:\/\/zonadelta.net\/atreides\/index.php?rest_route=\/wp\/v2\/posts\/5582\/revisions\/5586"}],"wp:attachment":[{"href":"http:\/\/zonadelta.net\/atreides\/index.php?rest_route=%2Fwp%2Fv2%2Fmedia&parent=5582"}],"wp:term":[{"taxonomy":"category","embeddable":true,"href":"http:\/\/zonadelta.net\/atreides\/index.php?rest_route=%2Fwp%2Fv2%2Fcategories&post=5582"},{"taxonomy":"post_tag","embeddable":true,"href":"http:\/\/zonadelta.net\/atreides\/index.php?rest_route=%2Fwp%2Fv2%2Ftags&post=5582"}],"curies":[{"name":"wp","href":"https:\/\/api.w.org\/{rel}","templated":true}]}}