{"id":5570,"date":"2023-06-23T19:03:45","date_gmt":"2023-06-23T17:03:45","guid":{"rendered":"http:\/\/zonadelta.net\/atreides\/?p=5570"},"modified":"2023-06-23T19:03:45","modified_gmt":"2023-06-23T17:03:45","slug":"unboxing-y-primeras-impresiones-final-fantasy-xvi-collectors-edition","status":"publish","type":"post","link":"http:\/\/zonadelta.net\/atreides\/?p=5570","title":{"rendered":"Unboxing y primeras impresiones Final Fantasy XVI Collector&#8217;s Edition"},"content":{"rendered":"<p style=\"text-align: justify;\"><a title=\"Portada\" href=\"https:\/\/www.flickr.com\/photos\/193617684@N08\/52994332023\/in\/dateposted-public\/\" data-flickr-embed=\"true\"><img loading=\"lazy\" decoding=\"async\" src=\"https:\/\/live.staticflickr.com\/65535\/52994332023_3cd5b353ae_c.jpg\" alt=\"Portada\" width=\"800\" height=\"587\" \/><\/a><\/p>\n<p style=\"text-align: justify;\">Ayer se estren\u00f3 en todo el mundo Final Fantasy XVI.<\/p>\n<p style=\"text-align: justify;\">Square-Enix comenz\u00f3 en 2016 con el juego y todas las im\u00e1genes, v\u00eddeos y avances que se han ido liberando con los a\u00f1os me fueron llamando cada vez m\u00e1s. Me gusta Final Fantasy y me gusta en general la fantas\u00eda, sobre todo la autores como George R.R. Martin.<\/p>\n<p style=\"text-align: justify;\">Ya el primer trailer mostrado en 2020 era impresionante gr\u00e1ficamente e impactante por la crudeza de lo que mostraba, bastante alejado de lo que\u00a0 \u00a0normalmente ver\u00edas en un Final Fantasy. Me pareci\u00f3 una evoluci\u00f3n de lo m\u00e1s interesante.<\/p>\n<p><iframe loading=\"lazy\" title=\"Unboxing Final Fantasy XVI Collector&#039;s Edition\" width=\"660\" height=\"371\" src=\"https:\/\/www.youtube.com\/embed\/aYQLR1x9Wow?feature=oembed\" frameborder=\"0\" allow=\"accelerometer; autoplay; clipboard-write; encrypted-media; gyroscope; picture-in-picture; web-share\" referrerpolicy=\"strict-origin-when-cross-origin\" allowfullscreen><\/iframe><\/p>\n<p style=\"text-align: justify;\"><!--more--><\/p>\n<p style=\"text-align: justify;\">Cuando anunciaron la edici\u00f3n de coleccionista ni me lo pens\u00e9 a pesar de que su precio era muy elevado. Sin embargo es de lo m\u00e1s completa.<\/p>\n<p style=\"text-align: justify;\"><img decoding=\"async\" src=\"https:\/\/cdn.hobbyconsolas.com\/sites\/navi.axelspringer.es\/public\/media\/image\/2022\/12\/final-fantasy-xvi-edicion-coleccionista-2899440.jpg?tf=3840x\" alt=\"Final Fantasy XVI Edicion coleccionista\" \/><\/p>\n<p style=\"text-align: justify;\">Incluye el juego en formato f\u00edsico en su edici\u00f3n est\u00e1ndar para PS5 (por separado). Me ha sorprendido que la caja del juego normal tenga dos portadas a elegir. Tambi\u00e9n me ha sorprendido el cartel de PEGI 18, no creo que me equivoque si dIgo que es el primer Final Fantasy para mayores de 18 a\u00f1os.<\/p>\n<figure style=\"width: 800px\" class=\"wp-caption aligncenter\"><a title=\"FF\" href=\"https:\/\/www.flickr.com\/photos\/193617684@N08\/52994208105\/in\/dateposted-public\/\" target=\"_blank\" rel=\"noopener noreferrer\" data-flickr-embed=\"true\"><img loading=\"lazy\" decoding=\"async\" src=\"https:\/\/live.staticflickr.com\/65535\/52994208105_7dce54c555_c.jpg\" alt=\"FF\" width=\"800\" height=\"796\" \/><\/a><figcaption class=\"wp-caption-text\">A la izquierda, la portada normal. A la derecha, la alternativa.<\/figcaption><\/figure>\n<p style=\"text-align: justify;\">La caja, la Collector&#8217;s Good Box, es una caja de coleccionista absolutamente espectacular. Las fotos no le hacen justicia a la impresionante ilustraci\u00f3n de Yoshitaka Amano (Chrono Trigger, muchos Final Fantasy, Sandman Los cazadores de sue\u00f1os) ni a los dorados que conforman el fondo d\u00f3nde est\u00e1 pintada.<\/p>\n<figure style=\"width: 589px\" class=\"wp-caption aligncenter\"><a title=\"IMG20230622184047\" href=\"https:\/\/www.flickr.com\/photos\/193617684@N08\/52994210995\/in\/dateposted-public\/\" target=\"_blank\" rel=\"noopener noreferrer\" data-flickr-embed=\"true\"><img loading=\"lazy\" decoding=\"async\" src=\"https:\/\/live.staticflickr.com\/65535\/52994210995_a9c3ddbf1a_c.jpg\" alt=\"IMG20230622184047\" width=\"589\" height=\"800\" \/><\/a><figcaption class=\"wp-caption-text\">La caja de la Collector&#8217;s Edition<\/figcaption><\/figure>\n<p style=\"text-align: justify;\">Es un tr\u00edptico que he puesto en otra imagen para que se aprecie mejor. Seguramente la mejor caja de coleccionista que he tenido.<\/p>\n<figure style=\"width: 800px\" class=\"wp-caption aligncenter\"><a title=\"Caja\" href=\"https:\/\/www.flickr.com\/photos\/193617684@N08\/52993989605\/in\/dateposted-public\/\" target=\"_blank\" rel=\"noopener noreferrer\" data-flickr-embed=\"true\"><img loading=\"lazy\" decoding=\"async\" src=\"https:\/\/live.staticflickr.com\/65535\/52993989605_fffafe88c6_c.jpg\" alt=\"Caja\" width=\"800\" height=\"442\" \/><\/a><figcaption class=\"wp-caption-text\">Los tres lados de la caja con la ilustraci\u00f3n completa de Yoshitaka Amano<\/figcaption><\/figure>\n<p style=\"text-align: justify;\">Incluye como exclusiva de esta edici\u00f3n:<\/p>\n<p style=\"text-align: justify;\">Estatua Premium &#8211; F\u00e9nix vs Ifrit<\/p>\n<p style=\"text-align: justify;\">La estatua representa la batalla que se da en la demo entre el F\u00e9nix de Joshua e Ifrit. Tambi\u00e9n es el s\u00edmbolo del juego dibujado por Yoshitaka Amano. Como pod\u00e9is ver en la imagen la estatua es detallad\u00edsima y representa con much\u00edsima fidelidad los dos Eikons del juego. Sin duda es la joya de la edici\u00f3n. El tama\u00f1o es de 230 mm \u00d7 150 mm \u00d7 270 mm aprox.<\/p>\n<figure style=\"width: 800px\" class=\"wp-caption aligncenter\"><a title=\"Phoenix Vs. Ifrit\" href=\"https:\/\/www.flickr.com\/photos\/193617684@N08\/52994096623\/in\/dateposted-public\/\" target=\"_blank\" rel=\"noopener noreferrer\" data-flickr-embed=\"true\"><img loading=\"lazy\" decoding=\"async\" src=\"https:\/\/live.staticflickr.com\/65535\/52994096623_d8dcbc4074_c.jpg\" alt=\"Phoenix Vs. Ifrit\" width=\"800\" height=\"656\" \/><\/a><figcaption class=\"wp-caption-text\">Aspecto frontal y posterior de la estatua<\/figcaption><\/figure>\n<p style=\"text-align: justify;\">Colecci\u00f3n de pines met\u00e1licos &#8211; Eikon<\/p>\n<p style=\"text-align: justify;\">Son ocho pines detallad\u00edsimos que representan los ocho Eikons del juego.<\/p>\n<figure style=\"width: 800px\" class=\"wp-caption aligncenter\"><a title=\"IMG20230621182501\" href=\"https:\/\/www.flickr.com\/photos\/193617684@N08\/52994099763\/in\/dateposted-public\/\" target=\"_blank\" rel=\"noopener noreferrer\" data-flickr-embed=\"true\"><img loading=\"lazy\" decoding=\"async\" src=\"https:\/\/live.staticflickr.com\/65535\/52994099763_a7236f6390_c.jpg\" alt=\"IMG20230621182501\" width=\"800\" height=\"466\" \/><\/a><figcaption class=\"wp-caption-text\">Los ocho Eikons<\/figcaption><\/figure>\n<p style=\"text-align: justify;\">SteelBook especial de Clive Rosfield<\/p>\n<p style=\"text-align: justify;\">Incluye una steelbook del protagonista y otra adem\u00e1s otra Steelbok por reservar. En la imagen ten\u00e9is las dos por ambos lados.<\/p>\n<figure style=\"width: 605px\" class=\"wp-caption aligncenter\"><a title=\"Sttel Cases\" href=\"https:\/\/www.flickr.com\/photos\/193617684@N08\/52993786519\/in\/dateposted-public\/\" target=\"_blank\" rel=\"noopener noreferrer\" data-flickr-embed=\"true\"><img loading=\"lazy\" decoding=\"async\" src=\"https:\/\/live.staticflickr.com\/65535\/52993786519_e4c5dfd9bf_c.jpg\" alt=\"Sttel Cases\" width=\"605\" height=\"800\" \/><\/a><figcaption class=\"wp-caption-text\">Las dos Steel Case incluidas por ambos lados. Est\u00e1n en cruz, la imagen de arriba a la izquierda se corresponde con la de abajo a la derecha y viceversa<\/figcaption><\/figure>\n<p style=\"text-align: justify;\">Mapa de tela de Valisthea<\/p>\n<p style=\"text-align: justify;\">Este es un poco decepcionante. Por un lado, es muy bonito pero por otro no sirve para nada. No se entiende nada, est\u00e1 escrito con la lengua que supuestamente se utiliza en Valisthea. Una pena que no lo convirtieran en un mapa \u00fatil del continente.<\/p>\n<p style=\"text-align: justify;\"><a title=\"IMG20230621183032\" href=\"https:\/\/www.flickr.com\/photos\/193617684@N08\/52993048477\/in\/dateposted-public\/\" target=\"_blank\" rel=\"noopener noreferrer\" data-flickr-embed=\"true\"><img loading=\"lazy\" decoding=\"async\" class=\"aligncenter\" src=\"https:\/\/live.staticflickr.com\/65535\/52993048477_682b63b7f5_c.jpg\" alt=\"IMG20230621183032\" width=\"800\" height=\"408\" \/><\/a><\/p>\n<p style=\"text-align: justify;\">Por reservar en Square Enix Store, adem\u00e1s incluyeron dos cosas m\u00e1s, una steel case, que pod\u00e9is ver en la imagen de arriba, y:<\/p>\n<p style=\"text-align: justify;\">Estandartes de las naciones de Valisthea (estandartes de tela de 15 cm de altura)<\/p>\n<figure style=\"width: 636px\" class=\"wp-caption aligncenter\"><a title=\"IMG20230621182119\" href=\"https:\/\/www.flickr.com\/photos\/193617684@N08\/52993063722\/in\/dateposted-public\/\" target=\"_blank\" rel=\"noopener noreferrer\" data-flickr-embed=\"true\"><img loading=\"lazy\" decoding=\"async\" src=\"https:\/\/live.staticflickr.com\/65535\/52993063722_5b2fb9c928_c.jpg\" alt=\"IMG20230621182119\" width=\"636\" height=\"800\" \/><\/a><figcaption class=\"wp-caption-text\">Los estandartes de los seis estados. Si os fij\u00e1is, uno ven\u00eda al rev\u00e9s.<\/figcaption><\/figure>\n<p style=\"text-align: justify;\">Adem\u00e1s, la edici\u00f3n incluye varios objetos digitales. Una de las armas es exclusiva de esta edici\u00f3n, la espada sangrienta. Es la Hoja escarlata de Firion, uno de los protagonistas de Final Fantasy II.<\/p>\n<figure style=\"width: 605px\" class=\"wp-caption aligncenter\"><a title=\"Espada hoja sangrienta\" href=\"https:\/\/www.flickr.com\/photos\/193617684@N08\/52994643575\/in\/dateposted-public\/\" target=\"_blank\" rel=\"noopener noreferrer\" data-flickr-embed=\"true\"><img loading=\"lazy\" decoding=\"async\" src=\"https:\/\/live.staticflickr.com\/65535\/52994643575_842c4a3ec7_c.jpg\" alt=\"Espada hoja sangrienta\" width=\"605\" height=\"800\" \/><\/a><figcaption class=\"wp-caption-text\">Espada hoja escarlata u hoja sangrienta<\/figcaption><\/figure>\n<p style=\"text-align: justify;\">Espejuelos de erudito.<br \/>\nSon unas gafas que conceden m\u00e1s puntos de experiencia.<\/p>\n<p style=\"text-align: justify;\">El resto de contenido del juego tambi\u00e9n est\u00e1 en la edici\u00f3n deluxe: Coraz\u00f3n salvaje (arma). Es una de las espadas de los Guerreros de la Luz, los protagonistas de Final Fantasy I.<\/p>\n<figure style=\"width: 749px\" class=\"wp-caption aligncenter\"><a title=\"Espada Coraz\u00f3n Salvaje\" href=\"https:\/\/www.flickr.com\/photos\/193617684@N08\/52994643580\/in\/dateposted-public\/\" target=\"_blank\" rel=\"noopener noreferrer\" data-flickr-embed=\"true\"><img loading=\"lazy\" decoding=\"async\" src=\"https:\/\/live.staticflickr.com\/65535\/52994643580_809f5208a3_c.jpg\" alt=\"Espada Coraz\u00f3n Salvaje\" width=\"749\" height=\"800\" \/><\/a><figcaption class=\"wp-caption-text\">Espada Coraz\u00f3n Salvaje<\/figcaption><\/figure>\n<p style=\"text-align: justify;\">Amuleto de Cait Sith, talism\u00e1n que incrementa el n\u00famero de guiles obtenidos, y un minilibro de arte digital y banda sonora digital.<\/p>\n<p style=\"text-align: justify;\">Estos dos \u00faltimos son pesados de poder mirar o escuchar porque tiene que ser en la PS5 y con el Square Enix Digital Content Viewer.<\/p>\n<figure style=\"width: 800px\" class=\"wp-caption aligncenter\"><a title=\"IMG20230622230221\" href=\"https:\/\/www.flickr.com\/photos\/193617684@N08\/52994289121\/in\/dateposted-public\/\" target=\"_blank\" rel=\"noopener noreferrer\" data-flickr-embed=\"true\"><img loading=\"lazy\" decoding=\"async\" src=\"https:\/\/live.staticflickr.com\/65535\/52994289121_69768dd52d_c.jpg\" alt=\"IMG20230622230221\" width=\"800\" height=\"619\" \/><\/a><figcaption class=\"wp-caption-text\">El libro de arte digital visto a trav\u00e9s de la app de Square-Enix en PS5. No es nada c\u00f3modo<\/figcaption><\/figure>\n<p style=\"text-align: justify;\">El mini libro de arte digital tiene en total 85 p\u00e1ginas. Muchas de las p\u00e1ginas son dise\u00f1os e ilustraciones de Kazuya Takahashi, como este de aqu\u00ed abajo que da buena idea del talento del autor.<\/p>\n<p style=\"text-align: justify;\"><img loading=\"lazy\" decoding=\"async\" class=\"aligncenter\" src=\"https:\/\/pbs.twimg.com\/media\/Fk58fEkagAI65ir?format=jpg&amp;name=large\" alt=\"Imagen\" width=\"2048\" height=\"1085\" \/><\/p>\n<p style=\"text-align: justify;\">Por su lado la mini banda sonora cuenta con 12 temas, diez de ellos compuestos por Masayoshi Soken (Final Fantasy XV) y los otros dos por Takafumi Imamura (Final Fantasy VII Remake).<\/p>\n<p style=\"text-align: justify;\">En definitiva, una edici\u00f3n, como pod\u00e9is ver, de lo m\u00e1s completa.<\/p>\n<figure style=\"width: 800px\" class=\"wp-caption aligncenter\"><a title=\"FINAL FANTASY XVI_20230622011349\" href=\"https:\/\/www.flickr.com\/photos\/193617684@N08\/52994793968\/in\/dateposted-public\/\" target=\"_blank\" rel=\"noopener noreferrer\" data-flickr-embed=\"true\"><img loading=\"lazy\" decoding=\"async\" src=\"https:\/\/live.staticflickr.com\/65535\/52994793968_6edb9ae3f1_c.jpg\" alt=\"FINAL FANTASY XVI_20230622011349\" width=\"800\" height=\"450\" \/><\/a><figcaption class=\"wp-caption-text\">La Guarida, en las tierras estigias. Merece la pena pararse a contemplar los dise\u00f1os<\/figcaption><\/figure>\n<h2 style=\"text-align: justify;\">En cuanto a las primeras impresiones<\/h2>\n<p style=\"text-align: justify;\">He de decir que apenas llevo unas cuatro horas de juego as\u00ed que son impresiones muy iniciales.<\/p>\n<p style=\"text-align: justify;\">Los responsables del juego son Naoki Yoshida (Final Fantasy XIV) como productor del juego con\u00a0 Hiroshi Takai (The last remnant) como director y Riota\u00a0 Suzuki (Devil May Cry V) como director de combates.<\/p>\n<p style=\"text-align: justify;\">Con semejantes autres detr\u00e1s, no sorprende que el comienzo sea potent\u00edsimo, alternando largas secuencias cinem\u00e1ticas que nos dan una idea de el mundo de Valisthea, sobre todo a trav\u00e9s de Clive Rosfield. Por un lado, trata la historia de Clive Rosfield como soldado esclavo en un grupo de asesinos de \u00e9lite. Enseguida se ve un enfrentamiento entre eikons que es impresionante. Adem\u00e1s, las consecuencias de los eikons son similares a las de los elefantes respecto a las hormigas, lo que impacta mucho.<\/p>\n<p style=\"text-align: justify;\"><a style=\"font-weight: bold; background-color: transparent; font-family: 'Noto Sans', sans-serif; text-align: inherit;\" title=\"FINAL FANTASY XVI DEMO_20230613203702\" href=\"https:\/\/www.flickr.com\/photos\/193617684@N08\/52994793938\/in\/dateposted-public\/\" target=\"_blank\" rel=\"noopener noreferrer\" data-flickr-embed=\"true\"><img loading=\"lazy\" decoding=\"async\" src=\"https:\/\/live.staticflickr.com\/65535\/52994793938_4402ddc8ca_c.jpg\" alt=\"FINAL FANTASY XVI DEMO_20230613203702\" width=\"800\" height=\"450\" \/><\/a><\/p>\n<p style=\"text-align: justify;\">Enseguida nos enfrentamos a un Molbol que nos lo podr\u00e1 bastante dif\u00edcil<\/p>\n<p style=\"text-align: justify;\">Pronto tenemos un flashback recordando la juventud de Clive como hijo mayor del archiduque de Rosaria pero no heredero porque su hermano Joshua es el que ha heredado la posibilidad invocar al eikon del F\u00e9nix. En Rosaria tradicionalmente los archiduques son los dominantes del F\u00e9nix.<\/p>\n<p style=\"text-align: justify;\">No quiero spoilear nada, pero las traiciones, las muertes, los romances turbios, la sangre y la violencia justifican claramente el Pegi 18. Aunque lo m\u00e1s importante es que la historia engancha much\u00edsimo, deseando a cada paso saber m\u00e1s sobre lo que est\u00e1 pasando.<\/p>\n<p style=\"text-align: justify;\">Comentaba antes que es una evoluci\u00f3n de Final Fantasy y creo esto porque en los anteriores siempre ha habido drama y humor, sin embargo no se mostraba de una manera tan cruda.<\/p>\n<p style=\"text-align: justify;\">Se buscaba la empat\u00eda con los personajes, generalmente muy interesantes y posteriormente la tragedia pod\u00eda sacudirnos, pero esto era por lo que significaban los acontecimientos que viv\u00edamos.<\/p>\n<p style=\"text-align: justify;\">En este Final Fantasy esto se mantiene, por supuesto, pero cambia la forma de mostr\u00e1rnoslo. Si en Final Fantasy X la p\u00e9rdida del padre tiene importancia en Tidus y su relaci\u00f3n est\u00e1 presente durante todo el juego, en Final Fantasy XVI contemplamos como un ni\u00f1o pierde a su padre siendo decapitado ante sus ojos. La empat\u00eda est\u00e1 ah\u00ed, la tragedia en realidad es la misma, pero ahora la vemos y nos sacude en primera persona.<\/p>\n<p style=\"text-align: justify;\">Otra evoluci\u00f3n es la del combate. El combate es muy divertido, con diversos combos, una esquiva que funciona muy bien, la posibilidad de teleportarse al lado del enemigo, magias provenientes del poder del F\u00e9nix tanto a distancia como para mel\u00e9.<\/p>\n<p style=\"text-align: justify;\">Se pueden potenciar las habilidades con experiencia y mejorar las armas.<\/p>\n<figure style=\"width: 800px\" class=\"wp-caption aligncenter\"><a title=\"FINAL FANTASY XVI_20230622010400\" href=\"https:\/\/www.flickr.com\/photos\/193617684@N08\/52994695320\/in\/dateposted-public\/\" target=\"_blank\" rel=\"noopener noreferrer\" data-flickr-embed=\"true\"><img loading=\"lazy\" decoding=\"async\" src=\"https:\/\/live.staticflickr.com\/65535\/52994695320_24767035c2_c.jpg\" alt=\"FINAL FANTASY XVI_20230622010400\" width=\"800\" height=\"450\" \/><\/a><figcaption class=\"wp-caption-text\">Torgal<\/figcaption><\/figure>\n<p style=\"text-align: justify;\">Adem\u00e1s contamos con Torgal, un precioso perro lobo que adem\u00e1s obedece nuestras \u00f3rdenes de ataque.<\/p>\n<p style=\"text-align: justify;\">Aunque combate en tiempo real ya hemos tenido en Final Fantasy como en el VII Remake o en el XV, este es m\u00e1s directo y espectacular, m\u00e1s pr\u00f3ximo a un Hack&#8217;n Slash como Devil May Cry que a un juego de aventura. Esto no solo no es malo sino que es enormemente divertido y espectacular.<\/p>\n<p style=\"text-align: justify;\">Gr\u00e1ficamente es impresionante. Los dise\u00f1os son incre\u00edbles, los enemigos sobrecogedores, el mundo en s\u00ed es impactante y bell\u00edsimo, por no hablar de los Eikons, que tienen unos dise\u00f1os poderos\u00edsimos.<\/p>\n<figure style=\"width: 800px\" class=\"wp-caption aligncenter\"><a title=\"FINAL FANTASY XVI DEMO_20230613213108\" href=\"https:\/\/www.flickr.com\/photos\/193617684@N08\/52994693355\/in\/dateposted-public\/\" target=\"_blank\" rel=\"noopener noreferrer\" data-flickr-embed=\"true\"><img loading=\"lazy\" decoding=\"async\" src=\"https:\/\/live.staticflickr.com\/65535\/52994693355_302ebf84b9_c.jpg\" alt=\"FINAL FANTASY XVI DEMO_20230613213108\" width=\"800\" height=\"450\" \/><\/a><figcaption class=\"wp-caption-text\">Fenix Vs. Ifrit. Espectacular<\/figcaption><\/figure>\n<p style=\"text-align: justify;\">Las primeras horas son de esas que hacen que des gracias por poder jugar a algo as\u00ed. Creo que no cabe duda de que Final Fantasy ha girado de la fantas\u00eda \u00e9pica al grimdark de Canci\u00f3n de Hielo y fuego o La primera ley de Joe Abercrombie.<\/p>\n<p style=\"text-align: justify;\">Ya os contar\u00e9 la opini\u00f3n definitiva cuando lo haya acabado pero por el momento no puede ser m\u00e1s favorable.<\/p>\n<p style=\"text-align: justify;\">Saludos fremen.<\/p>\n","protected":false},"excerpt":{"rendered":"<p>Ayer se estren\u00f3 en todo el mundo Final Fantasy XVI. Square-Enix comenz\u00f3 en 2016 con el juego y todas las im\u00e1genes, v\u00eddeos y avances que se han ido liberando con los a\u00f1os me fueron llamando cada vez m\u00e1s. Me gusta Final Fantasy y me gusta en general la fantas\u00eda, sobre todo la autores como George &hellip; <a href=\"http:\/\/zonadelta.net\/atreides\/?p=5570\" class=\"more-link\">Sigue leyendo <span class=\"screen-reader-text\">Unboxing y primeras impresiones Final Fantasy XVI Collector&#8217;s Edition<\/span><\/a><\/p>\n","protected":false},"author":2,"featured_media":0,"comment_status":"open","ping_status":"open","sticky":false,"template":"","format":"standard","meta":{"iawp_total_views":22,"footnotes":""},"categories":[3328,93,104,8],"tags":[3578,3589,3580,173,3585,3588,3581,3582,3584,3586,687,3583,3587,3579,1868],"class_list":["post-5570","post","type-post","status-publish","format-standard","hentry","category-aventura","category-fantasia","category-rol","category-videojuegos","tag-clive-rosfield","tag-fenix","tag-firion","tag-george-r-r-martin","tag-hiroshi-takai","tag-ifrit","tag-kazuya-takahashi","tag-masayoshi-soken","tag-naoki-yoshida","tag-riota-suzuki","tag-square-enix","tag-takafumi-imamura","tag-torgal","tag-valisthea","tag-yoshitaka-amano"],"_links":{"self":[{"href":"http:\/\/zonadelta.net\/atreides\/index.php?rest_route=\/wp\/v2\/posts\/5570","targetHints":{"allow":["GET"]}}],"collection":[{"href":"http:\/\/zonadelta.net\/atreides\/index.php?rest_route=\/wp\/v2\/posts"}],"about":[{"href":"http:\/\/zonadelta.net\/atreides\/index.php?rest_route=\/wp\/v2\/types\/post"}],"author":[{"embeddable":true,"href":"http:\/\/zonadelta.net\/atreides\/index.php?rest_route=\/wp\/v2\/users\/2"}],"replies":[{"embeddable":true,"href":"http:\/\/zonadelta.net\/atreides\/index.php?rest_route=%2Fwp%2Fv2%2Fcomments&post=5570"}],"version-history":[{"count":6,"href":"http:\/\/zonadelta.net\/atreides\/index.php?rest_route=\/wp\/v2\/posts\/5570\/revisions"}],"predecessor-version":[{"id":5576,"href":"http:\/\/zonadelta.net\/atreides\/index.php?rest_route=\/wp\/v2\/posts\/5570\/revisions\/5576"}],"wp:attachment":[{"href":"http:\/\/zonadelta.net\/atreides\/index.php?rest_route=%2Fwp%2Fv2%2Fmedia&parent=5570"}],"wp:term":[{"taxonomy":"category","embeddable":true,"href":"http:\/\/zonadelta.net\/atreides\/index.php?rest_route=%2Fwp%2Fv2%2Fcategories&post=5570"},{"taxonomy":"post_tag","embeddable":true,"href":"http:\/\/zonadelta.net\/atreides\/index.php?rest_route=%2Fwp%2Fv2%2Ftags&post=5570"}],"curies":[{"name":"wp","href":"https:\/\/api.w.org\/{rel}","templated":true}]}}