{"id":5502,"date":"2023-04-23T20:37:35","date_gmt":"2023-04-23T18:37:35","guid":{"rendered":"http:\/\/zonadelta.net\/atreides\/?p=5502"},"modified":"2023-04-24T00:39:16","modified_gmt":"2023-04-23T22:39:16","slug":"cronica-toledo-matsuri-2023","status":"publish","type":"post","link":"http:\/\/zonadelta.net\/atreides\/?p=5502","title":{"rendered":"Cr\u00f3nica Toledo Matsuri 2023"},"content":{"rendered":"<p><a title=\"cartel-toledo-matsuri-definitivo\" href=\"https:\/\/www.flickr.com\/photos\/193617684@N08\/52840550165\/in\/dateposted-public\/\" data-flickr-embed=\"true\"><img loading=\"lazy\" decoding=\"async\" src=\"https:\/\/live.staticflickr.com\/65535\/52840550165_e7b649f6d9_c.jpg\" alt=\"cartel-toledo-matsuri-definitivo\" width=\"566\" height=\"800\" \/><\/a><\/p>\n<p style=\"text-align: justify;\">Primer evento dedicado al Manga, el Anime y los Videojuegos en Toledo que sirvi\u00f3 de excusa para que varios de los miembros de El Batall\u00f3n Pluto nos reuni\u00e9ramos all\u00ed.<\/p>\n<p style=\"text-align: justify;\">Un primer evento con bastantes cosas positivas y con algunas que creo que se pueden mejorar para pr\u00f3ximas ocasiones porque, desde ya, adelanto que ha sido un enorme \u00e9xito.<\/p>\n<p><!--more--><\/p>\n<p style=\"text-align: justify;\">Nos reunimos Nuria \u00abNurikops\u00bb, Marta Garc\u00eda Villar y Sergio Tur junto con mi mujer, Gema,\u00a0 para pasar el d\u00eda en el evento.<\/p>\n<p style=\"text-align: justify;\">Aunque algunos \u00edbamos acreditados, no \u00e9ramos todos, as\u00ed que hicimos la cola de espera por solidaridad. Esta era monumental, seguramente de un kil\u00f3metro de largo. La primera sorpresa es que no nos llev\u00f3 demasiado tiempo y eso fue porque hab\u00eda bastante gente revisando las entradas en la puerta, lo que agilizaba mucho el acceso.<\/p>\n<p style=\"text-align: justify;\">Hab\u00eda otra entrada para prensa y tambi\u00e9n fue bastante r\u00e1pido.<\/p>\n<figure style=\"width: 600px\" class=\"wp-caption aligncenter\"><a title=\"IMG_20230422_125913\" href=\"https:\/\/www.flickr.com\/photos\/193617684@N08\/52840555868\/in\/dateposted-public\/\" target=\"_blank\" rel=\"noopener noreferrer\" data-flickr-embed=\"true\"><img loading=\"lazy\" decoding=\"async\" src=\"https:\/\/live.staticflickr.com\/65535\/52840555868_08f6bc1074_c.jpg\" alt=\"IMG_20230422_125913\" width=\"600\" height=\"800\" \/><\/a><figcaption class=\"wp-caption-text\">Proyecto Komorebi, una de las casetas con material original y encantadoras las dise\u00f1adoras<\/figcaption><\/figure>\n<p>&nbsp;<\/p>\n<p style=\"text-align: justify;\">Una vez dentro, lo primero que nos encontramos fue la zona comercial, tres calles de casetas de todo tipo, desde librer\u00edas (pocas) a tiendas de cookies, pasando por espaderos toledanos, tiendas de figuras, de merchandising, incluso de viajes, aunque la persona que estaba all\u00ed no parec\u00eda tener demasiado inter\u00e9s en que le preguntaran por viajes a Jap\u00f3n.<\/p>\n<p style=\"text-align: justify;\">Tambi\u00e9n hab\u00eda una zona de videojuegos y m\u00e1quinas arcades, otra de esgrima con sables l\u00e1ser y otra de talleres varios.<\/p>\n<p style=\"text-align: justify;\">Hay\u00a0 que decir que acompa\u00f1aba el tiempo lo que hizo que fuera muy agradable\u00a0 pasear por las calles de puestos y tambi\u00e9n hizo que el siguiente problema fuera menor.<\/p>\n<figure style=\"width: 600px\" class=\"wp-caption aligncenter\"><a title=\"IMG_20230422_130528\" href=\"https:\/\/www.flickr.com\/photos\/193617684@N08\/52840304904\/in\/dateposted-public\/\" target=\"_blank\" rel=\"noopener noreferrer\" data-flickr-embed=\"true\"><img loading=\"lazy\" decoding=\"async\" src=\"https:\/\/live.staticflickr.com\/65535\/52840304904_a8caf78a32_c.jpg\" alt=\"IMG_20230422_130528\" width=\"600\" height=\"800\" \/><\/a><figcaption class=\"wp-caption-text\">Esgrima con sables laser<\/figcaption><\/figure>\n<p>&nbsp;<\/p>\n<p style=\"text-align: justify;\">La zona del pabell\u00f3n ten\u00eda la planta de abajo dedicada a los artistas y artesanos pero para acceder a \u00e9l hab\u00eda que hacer una cola de cerca de otro kil\u00f3metro. Fue el momento en que empezamos a sospechar muy fuerte que no esperaban que tendr\u00edan esa cantidad de p\u00fablico. Aunque tambi\u00e9n hay que decir que las entradas son nominativas, as\u00ed que ten\u00edan perfectamente controladas cu\u00e1ntas hab\u00edan vendido.<\/p>\n<figure style=\"width: 800px\" class=\"wp-caption aligncenter\"><a title=\"IMG20230422140131\" href=\"https:\/\/www.flickr.com\/photos\/193617684@N08\/52840124796\/in\/dateposted-public\/\" target=\"_blank\" rel=\"noopener noreferrer\" data-flickr-embed=\"true\"><img loading=\"lazy\" decoding=\"async\" src=\"https:\/\/live.staticflickr.com\/65535\/52840124796_bf0e7b0baf_c.jpg\" alt=\"IMG20230422140131\" width=\"800\" height=\"450\" \/><\/a><figcaption class=\"wp-caption-text\">La zona para comer con el escenario al fondo<\/figcaption><\/figure>\n<p>&nbsp;<\/p>\n<p style=\"text-align: justify;\">Renunciamos por el momento y decidimos ir a comer, que estaba al fondo y era la tercera zona. Una zona muy amplia con una parte central de arena con mesas y sillas para poder comer. Alrededor estaban repartidas las Food Trucks\u00a0 y hab\u00eda una cafeter\u00eda central al lado de la arena d\u00f3nde se compraban los tickets para la mayor\u00eda de las furgonetas y para comprar bebidas o caf\u00e9.<\/p>\n<p style=\"text-align: justify;\">La idea podr\u00eda haber sido buena para que cada una de las furgonetas se dedicara solo a cocinar y as\u00ed no dedicar gente para los cobros. Sin embargo, se convirti\u00f3 en un diab\u00f3lico cuello de botella.<\/p>\n<p style=\"text-align: justify;\">Por un clar\u00edsimo error de calculo, d\u00f3nde se vend\u00edan los tickets para las furgonetas s\u00f3lo hab\u00eda una \u00fanica persona cobrando. Una sola persona para miles de visitantes para el evento.<\/p>\n<p style=\"text-align: justify;\">El resultado era una cola inmensa, inabarcable, esperando para poder comprar agua o un refresco y la comida, mientras los puestos de comida estaban casi mano sobre mano porque les iba llegando el pedido de uno en uno.<\/p>\n<p style=\"text-align: justify;\">Hab\u00eda alguna Food Truck que cobraba ella misma pero sus colas tambi\u00e9n eran monumentales.<\/p>\n<p style=\"text-align: justify;\">Esto es una de esas cosas que les ha pasado por ser la primera vez, para la pr\u00f3xima ser\u00e1 f\u00e1cil de corregir con m\u00e1s dat\u00e1fonos para cobrar y dimensionar mejor la cantidad de food trucks que har\u00e1n falta.<\/p>\n<p style=\"text-align: justify;\">En cuanto a la variedad estaba bien pero, primer chasco, no hab\u00eda ninguna furgoneta o puesto con comida japonesa en todo el recinto. No habr\u00e1n querido ir por lo que fuera, pero para un evento dedicado a la cultura japonesa no deja de ser un poco chocante, sobre todo cuando el evento anunciaba la gastronom\u00eda como parte de la oferta cultural.<\/p>\n<p style=\"text-align: justify;\">Algo que estaba muy bien es que esta zona estaba al lado del escenario d\u00f3nde participaban distintos cantantes y amenizaban la espera y la comida, aportando su parte para crear buen ambiente.<\/p>\n<figure style=\"width: 800px\" class=\"wp-caption aligncenter\"><a title=\"IMG20230422130807\" href=\"https:\/\/www.flickr.com\/photos\/193617684@N08\/52840564563\/in\/dateposted-public\/\" target=\"_blank\" rel=\"noopener noreferrer\" data-flickr-embed=\"true\"><img loading=\"lazy\" decoding=\"async\" src=\"https:\/\/live.staticflickr.com\/65535\/52840564563_05b9407916_c.jpg\" alt=\"IMG20230422130807\" width=\"800\" height=\"450\" \/><\/a><figcaption class=\"wp-caption-text\">Los \u00e1ngeles de Pluto, Nuria, Sergio y Marta<\/figcaption><\/figure>\n<p>&nbsp;<\/p>\n<p style=\"text-align: justify;\">En cuanto a los visitantes, se hab\u00eda sugerido que acudieran vestidos con Yukata u otras prendas acordes y vimos una enorme variedad de trajes y cosplays, algunos trabajad\u00edsimos. Como pod\u00e9is ver en la foto, el Batall\u00f3n se distingui\u00f3 por su elegancia al vestir las prendas tradicionales.<\/p>\n<p style=\"text-align: justify;\">Tambi\u00e9n nos quemamos como cangrejos, pero no se puede tener todo.<\/p>\n<p style=\"text-align: justify;\">Despu\u00e9s de comer fuimos a por la cola del pabell\u00f3n y s\u00ed, era muy larga pero se hab\u00eda reducido a la mitad, supongo que por la gente que se hab\u00eda ido a comer, y tardamos relativamente poco en entrar.<\/p>\n<figure style=\"width: 450px\" class=\"wp-caption aligncenter\"><a title=\"IMG20230422135700\" href=\"https:\/\/www.flickr.com\/photos\/193617684@N08\/52840315924\/in\/dateposted-public\/\" target=\"_blank\" rel=\"noopener noreferrer\" data-flickr-embed=\"true\"><img loading=\"lazy\" decoding=\"async\" src=\"https:\/\/live.staticflickr.com\/65535\/52840315924_4f92035ba7_c.jpg\" alt=\"IMG20230422135700\" width=\"450\" height=\"800\" \/><\/a><figcaption class=\"wp-caption-text\">Esta era parte de la cola para entrar al pabell\u00f3n. Afortunadamente, para despu\u00e9s de comer se hab\u00eda reducido bastante<\/figcaption><\/figure>\n<p>&nbsp;<\/p>\n<p style=\"text-align: justify;\">Otra vez por solidaridad, con la acreditaci\u00f3n se pod\u00eda entrar a todas partes sin esperar cola, ten\u00edamos agua y algo para picar as\u00ed como un sitio para escribir las cr\u00f3nicas, en la parte alta del pabell\u00f3n.\u00a0 Pero como lo que nos apetec\u00eda era estar juntos, entramos todos despu\u00e9s de esperar la cola.<\/p>\n<p style=\"text-align: justify;\">Vimos varios voluntarios y Nuria se dio cuenta que en sus chaquetas avisaban que hablaban lenguaje de signos, lo que nos gust\u00f3 mucho.<\/p>\n<figure style=\"width: 800px\" class=\"wp-caption aligncenter\"><a title=\"IMG20230422160955\" href=\"https:\/\/www.flickr.com\/photos\/193617684@N08\/52840124811\/in\/dateposted-public\/\" target=\"_blank\" rel=\"noopener noreferrer\" data-flickr-embed=\"true\"><img loading=\"lazy\" decoding=\"async\" src=\"https:\/\/live.staticflickr.com\/65535\/52840124811_d57942d12c_c.jpg\" alt=\"IMG20230422160955\" width=\"800\" height=\"450\" \/><\/a><figcaption class=\"wp-caption-text\">La exhibici\u00f3n tuvo bastante \u00e9xito<\/figcaption><\/figure>\n<p>&nbsp;<\/p>\n<p style=\"text-align: justify;\">La espera mereci\u00f3 la pena. El pabell\u00f3n se divid\u00eda en una primera parte con un tatami donde hab\u00eda una exhibici\u00f3n de distintas artes marciales.<\/p>\n<p style=\"text-align: justify;\">Hab\u00eda una exposici\u00f3n al fondo de origamis con el detalle de poner un c\u00f3digo QR para que cada uno pudiera hacer el origami que estaba viendo en casa.<\/p>\n<p style=\"text-align: justify;\">La parte central estaba ocupada por artistas y artesanos, como dec\u00eda antes. Para mi la parte m\u00e1s interesante del evento. Dir\u00eda que para todos porque fue d\u00f3nde m\u00e1s tiempo estuvimos, par\u00e1ndonos en cada puesto.<\/p>\n<figure style=\"width: 600px\" class=\"wp-caption aligncenter\"><a title=\"IMG_20230422_161130\" href=\"https:\/\/www.flickr.com\/photos\/193617684@N08\/52840308664\/in\/dateposted-public\/\" target=\"_blank\" rel=\"noopener noreferrer\" data-flickr-embed=\"true\"><img loading=\"lazy\" decoding=\"async\" src=\"https:\/\/live.staticflickr.com\/65535\/52840308664_6b105aeee8_c.jpg\" alt=\"IMG_20230422_161130\" width=\"600\" height=\"800\" \/><\/a><figcaption class=\"wp-caption-text\">Myar Artesan\u00eda hac\u00edan estos terrarios incre\u00edbles. Una aut\u00e9ntica maravilla<\/figcaption><\/figure>\n<p>&nbsp;<\/p>\n<p style=\"text-align: justify;\">Era una gozada ver el inmenso talento que se manifestaba en terrarios con recreaciones de escenas de pel\u00edculas de Ghibli, maravillosas l\u00e1minas como la que compr\u00e9, todo tipo de mu\u00f1ecos, camisetas, figuras y mil cosas m\u00e1s a cada cu\u00e1l mas sorprendente.<\/p>\n<p style=\"text-align: justify;\">Creo que era el punto fuerte porque no son cosas que puedas comprar de manera habitual, pedirlo por AlieExpress o Amazon, sino que son artistas o artesanos con mucho talento que lo hacen bas\u00e1ndose en lo que les gusta de la cultura japonesa.<\/p>\n<p style=\"text-align: justify;\">Por supuesto, ah\u00ed fue d\u00f3nde nos dejamos alegremente los dineros. Tambi\u00e9n nos hicimos regalos sorpresa entre nosotros, participamos en sorteos, nos regalamos l\u00e1minas. Todo transmit\u00eda buenas vibraciones y \u00e9ramos muy parte de eso.<\/p>\n<figure style=\"width: 571px\" class=\"wp-caption aligncenter\"><a title=\"L\u00e1mina\" href=\"https:\/\/www.flickr.com\/photos\/193617684@N08\/52840230136\/in\/dateposted-public\/\" target=\"_blank\" rel=\"noopener noreferrer\" data-flickr-embed=\"true\"><img loading=\"lazy\" decoding=\"async\" src=\"https:\/\/live.staticflickr.com\/65535\/52840230136_87de692318_c.jpg\" alt=\"L\u00e1mina\" width=\"571\" height=\"800\" \/><\/a><figcaption class=\"wp-caption-text\">Preciosa l\u00e1mina que mezcla a Sorolla y Jap\u00f3n, de Byrsa Illustration<\/figcaption><\/figure>\n<p>&nbsp;<\/p>\n<p style=\"text-align: justify;\">Eso s\u00ed, para la pr\u00f3xima vez esperemos que haya un espacio un poco m\u00e1s amplio porque tuvieron mucho \u00e9xito y, a pesar del control de aforo, est\u00e1bamos bastante apretados.<\/p>\n<p style=\"text-align: justify;\">La tercera parte era para las conferencias. Estaba hablando en ese momento Jes\u00fas Marug\u00e1n, de Akira C\u00f3mics, por ejemplo.<\/p>\n<p style=\"text-align: justify;\">Hab\u00eda otra parte para las firmas. Los invitados eran influencers y creadores de contenido como Ruki o El quinto Emperador, entre otros, que, de hecho han tenido mucho que ver para que este evento haya salido adelante y haya sido un \u00e9xito.<\/p>\n<p style=\"text-align: justify;\">En eso s\u00ed que se nota que era la primera vez porque, en realidad, no hab\u00eda ning\u00fan autor de manga invitado ni creadores de anime. Ser\u00eda genial que, a ra\u00edz de este \u00e9xito haya m\u00e1s repercusi\u00f3n y se puedan traer a autores japoneses.<\/p>\n<figure style=\"width: 563px\" class=\"wp-caption aligncenter\"><a title=\"L\u00e1mina Ghibli\" href=\"https:\/\/www.flickr.com\/photos\/193617684@N08\/52840709968\/in\/dateposted-public\/\" target=\"_blank\" rel=\"noopener noreferrer\" data-flickr-embed=\"true\"><img loading=\"lazy\" decoding=\"async\" src=\"https:\/\/live.staticflickr.com\/65535\/52840709968_e88c825355_c.jpg\" alt=\"L\u00e1mina Ghibli\" width=\"563\" height=\"800\" \/><\/a><figcaption class=\"wp-caption-text\">La preciosa l\u00e1mina que nos regal\u00f3 Nuria<\/figcaption><\/figure>\n<p>&nbsp;<\/p>\n<p style=\"text-align: justify;\">A\u00fan as\u00ed, y teniendo en cuenta que hay margen de mejora, ha sido una muy buena experiencia, no solo por vernos los miembros del Batall\u00f3n.<\/p>\n<p style=\"text-align: justify;\">Ya tengo ganas de ver c\u00f3mo ser\u00e1 la Toledo Matsuri de 2024.<\/p>\n<p style=\"text-align: justify;\">Por de pronto, esto sucedi\u00f3 ayer, esta ma\u00f1ana hemos quedado en vivo para grabar el programa de esta semana, lo que ha sido genial, y le hemos dedicado una parte al evento.<\/p>\n<p style=\"text-align: justify;\">Saludos fremen.<\/p>\n<p>P.D. Un diez los aseos.<\/p>\n","protected":false},"excerpt":{"rendered":"<p>Primer evento dedicado al Manga, el Anime y los Videojuegos en Toledo que sirvi\u00f3 de excusa para que varios de los miembros de El Batall\u00f3n Pluto nos reuni\u00e9ramos all\u00ed. Un primer evento con bastantes cosas positivas y con algunas que creo que se pueden mejorar para pr\u00f3ximas ocasiones porque, desde ya, adelanto que ha sido &hellip; <a href=\"http:\/\/zonadelta.net\/atreides\/?p=5502\" class=\"more-link\">Sigue leyendo <span class=\"screen-reader-text\">Cr\u00f3nica Toledo Matsuri 2023<\/span><\/a><\/p>\n","protected":false},"author":2,"featured_media":0,"comment_status":"open","ping_status":"open","sticky":false,"template":"","format":"standard","meta":{"iawp_total_views":14,"footnotes":""},"categories":[76,1697,89,8],"tags":[3541,3537,3542,717,2227,3534,3540,3535,3536,3538],"class_list":["post-5502","post","type-post","status-publish","format-standard","hentry","category-anime","category-eventos","category-manga","category-videojuegos","tag-byrsa-illustration","tag-el-quinto-emperador","tag-fofuchan","tag-ghibli","tag-marta-garcia-villar","tag-myar-artesania","tag-nurikops","tag-proyecto-komorebi","tag-ruki","tag-sergio-tur"],"_links":{"self":[{"href":"http:\/\/zonadelta.net\/atreides\/index.php?rest_route=\/wp\/v2\/posts\/5502","targetHints":{"allow":["GET"]}}],"collection":[{"href":"http:\/\/zonadelta.net\/atreides\/index.php?rest_route=\/wp\/v2\/posts"}],"about":[{"href":"http:\/\/zonadelta.net\/atreides\/index.php?rest_route=\/wp\/v2\/types\/post"}],"author":[{"embeddable":true,"href":"http:\/\/zonadelta.net\/atreides\/index.php?rest_route=\/wp\/v2\/users\/2"}],"replies":[{"embeddable":true,"href":"http:\/\/zonadelta.net\/atreides\/index.php?rest_route=%2Fwp%2Fv2%2Fcomments&post=5502"}],"version-history":[{"count":5,"href":"http:\/\/zonadelta.net\/atreides\/index.php?rest_route=\/wp\/v2\/posts\/5502\/revisions"}],"predecessor-version":[{"id":5507,"href":"http:\/\/zonadelta.net\/atreides\/index.php?rest_route=\/wp\/v2\/posts\/5502\/revisions\/5507"}],"wp:attachment":[{"href":"http:\/\/zonadelta.net\/atreides\/index.php?rest_route=%2Fwp%2Fv2%2Fmedia&parent=5502"}],"wp:term":[{"taxonomy":"category","embeddable":true,"href":"http:\/\/zonadelta.net\/atreides\/index.php?rest_route=%2Fwp%2Fv2%2Fcategories&post=5502"},{"taxonomy":"post_tag","embeddable":true,"href":"http:\/\/zonadelta.net\/atreides\/index.php?rest_route=%2Fwp%2Fv2%2Ftags&post=5502"}],"curies":[{"name":"wp","href":"https:\/\/api.w.org\/{rel}","templated":true}]}}