{"id":5309,"date":"2023-01-05T15:31:26","date_gmt":"2023-01-05T14:31:26","guid":{"rendered":"http:\/\/zonadelta.net\/atreides\/?p=5309"},"modified":"2023-01-05T15:33:18","modified_gmt":"2023-01-05T14:33:18","slug":"akira-edicion-coleccionista-limitada","status":"publish","type":"post","link":"http:\/\/zonadelta.net\/atreides\/?p=5309","title":{"rendered":"Akira Edici\u00f3n Coleccionista Limitada 4K"},"content":{"rendered":"<p style=\"text-align: justify;\"><a title=\"IMG20221201142458\" href=\"https:\/\/www.flickr.com\/photos\/193617684@N08\/52607991197\/in\/dateposted-public\/\" data-flickr-embed=\"true\"><img loading=\"lazy\" decoding=\"async\" src=\"https:\/\/live.staticflickr.com\/65535\/52607991197_20cd12e497_c.jpg\" alt=\"IMG20221201142458\" width=\"680\" height=\"800\" \/><\/a><\/p>\n<p style=\"text-align: justify;\">Han pasado 30 a\u00f1os desde que se estren\u00f3 Akira en Espa\u00f1a y Selecta Vision ha publicado una edici\u00f3n de coleccionista en 4k de la pel\u00edcula. Tres d\u00e9cadas para una pel\u00edcula es una buena prueba de si resiste el paso del tiempo.<\/p>\n<p><iframe loading=\"lazy\" title=\"Unboxing Akira Edici\u00f3n Coleccionista 4K\" width=\"660\" height=\"371\" src=\"https:\/\/www.youtube.com\/embed\/vGYfI3rCbKg?feature=oembed\" frameborder=\"0\" allow=\"accelerometer; autoplay; clipboard-write; encrypted-media; gyroscope; picture-in-picture; web-share\" referrerpolicy=\"strict-origin-when-cross-origin\" allowfullscreen><\/iframe><\/p>\n<p style=\"text-align: justify;\"><!--more--><\/p>\n<p style=\"text-align: justify;\">Creo que la ha superado con nota. Por un lado por su enorme impacto. Como comentaba en el v\u00eddeo, mi afici\u00f3n al anime y al manga se ciment\u00f3 en Akira, cuando la vi en el cine con mi hermano.\u00a0 Me pareci\u00f3 alucinante, un pelicul\u00f3n con la animaci\u00f3n m\u00e1s incre\u00edble que hab\u00eda visto nunca.<\/p>\n<p style=\"text-align: justify;\">As\u00ed me lanc\u00e9 a los tomos del manga cuando salieron, primero en unos tomitos de tama\u00f1o \u00e1lbum, pocas p\u00e1ginas a todo color y tapa blanda que public\u00f3 Ediciones B en Espa\u00f1a. Se public\u00f3 en sentido occidental y coloreado por Steve Oliff (\u00abPatrulla X. Dios Ama, el hombre mata\u00bb, \u00abTwilight\u00bb) por el que gan\u00f3 el premio Eisner pero no me convenc\u00eda mucho un formato tan breve aunque me qued\u00e9 impresionado con el dibujo y el color. Afortunadamente despu\u00e9s lo public\u00f3 Norma en una maravillosa edici\u00f3n de seis enormes tomos tambi\u00e9n en tama\u00f1o \u00e1lbum, formato occidental y color de Oliff y es todo un goce para los sentidos.<\/p>\n<figure style=\"width: 800px\" class=\"wp-caption aligncenter\"><a title=\"Akira\" href=\"https:\/\/www.flickr.com\/photos\/193617684@N08\/52608926015\/in\/dateposted-public\/\" target=\"_blank\" rel=\"noopener noreferrer\" data-flickr-embed=\"true\"><img loading=\"lazy\" decoding=\"async\" src=\"https:\/\/live.staticflickr.com\/65535\/52608926015_b094fcd558_c.jpg\" alt=\"Akira\" width=\"800\" height=\"432\" \/><\/a><figcaption class=\"wp-caption-text\">Los c\u00e1psulas<\/figcaption><\/figure>\n<p style=\"text-align: justify;\">Volviendo a la pel\u00edcula, dec\u00eda que ha pasado la prueba del tiempo. Esto no es f\u00e1cil porque en estos 34 a\u00f1os desde el estreno en Jap\u00f3n su impacto en el cyberpunk en particular y en la ciencia ficci\u00f3n en general ha sido enorme y todo aquello que era enormemente novedoso ha sido fagocitado por los autores posteriores. Es f\u00e1cil ver paralelismos entre Akira y Strangers Things, por ejemplo.\u00a0 Aqu\u00e9l que haya visto la extraordinaria serie de los hermanos Duffer cuando se encuentre con las instalaciones con los ni\u00f1os con poderes psi de Akira no le sorprender\u00e1 como s\u00ed impactaba entonces.<\/p>\n<p style=\"text-align: justify;\">A\u00fan as\u00ed, el conjunto sigue siendo enormemente poderoso. Queda raro ver una pel\u00edcula de ciencia ficci\u00f3n ambientada en 2019 en un nuevo Tokio con las olimpiadas a punto de empezar. Es la deuda que paga el cyberpunk con su visi\u00f3n dist\u00f3pica de la sociedad a apenas unas d\u00e9cadas de cuando se escribe o rueda la historia,\u00a0 pero se queda en an\u00e9cdota en cuanto empieza la persecuci\u00f3n en moto de los C\u00e1psulas con Kaneda a la cabeza en busca de los Payasos, la pandilla rival. Ah\u00ed empieza una historia que incluye las bandas, pero tambi\u00e9n la resistencia a la opresi\u00f3n del gobierno de Jap\u00f3n, una rama secreta del gobierno con sujetos con poderes mentales, la importancia enorme de un secundario como Tetsuo y, por supuesto, Akira.<\/p>\n<p style=\"text-align: justify;\">La historia es poderosa y mantiene un ritmo alto de sucesos que mantiene en vilo toda la pel\u00edcula, a pesar de que puedan no sorprender algunos de los elementos, en conjunto funciona muy bien. Muy probablemente que Katsuhiro Otomo mantuviera el control creativo fue la causa de tan buen resultado.<\/p>\n<figure style=\"width: 800px\" class=\"wp-caption aligncenter\"><a title=\"Akira 2\" href=\"https:\/\/www.flickr.com\/photos\/193617684@N08\/52608506331\/in\/dateposted-public\/\" target=\"_blank\" rel=\"noopener noreferrer\" data-flickr-embed=\"true\"><img loading=\"lazy\" decoding=\"async\" src=\"https:\/\/live.staticflickr.com\/65535\/52608506331_f903f98f6a_c.jpg\" alt=\"Akira 2\" width=\"800\" height=\"432\" \/><\/a><figcaption class=\"wp-caption-text\">Tetsuo y Kaneda<\/figcaption><\/figure>\n<p style=\"text-align: justify;\">La animaci\u00f3n es la que podr\u00eda penalizar a la pel\u00edcula porque podr\u00eda haberse quedado antigua. Sin embargo, cont\u00f3 con un presupuesto muy holgado que hizo que se creara el Akira Committee, una join venture entre varias grandes empresas como Bandai, Kodansha o Toho entre otras para poder reunir el presupuesto de m\u00e1s de mil millones de yenes, siendo considerada la pel\u00edcula de animaci\u00f3n m\u00e1s cara de la historia en ese momento.<\/p>\n<p style=\"text-align: justify;\">Este presupuesto fue muy bien empleado. Se grabaron los di\u00e1logos de la pel\u00edcula antes de hacer los dibujos para que la sincronizaci\u00f3n labial fuera perfecta, se anim\u00f3 toda la cara y no solo la boca como pasaba en la mayor\u00eda de los animes por ahorro de costes, se utilizaron enormes y poderos\u00edsimos ordenadores para muchos de los efectos y se tuvo algunos de los mejores animadores de la industria como la gran Makiko Futaki (Nicky aprendiz de Bruja, La princesa Mononoke o El castillo ambulante de Howl).<\/p>\n<p style=\"text-align: justify;\">Lo que me ha impresionado es la violencia expl\u00edcita. Quiz\u00e1 porque en los \u00faltimos a\u00f1os las pel\u00edculas de acci\u00f3n y ciencia ficci\u00f3n endulzan mucho la violencia, ver el impacto de las balas, los chorros de sangre, el movimiento de las personas al recibirlos, destaca mucho m\u00e1s que hace treinta a\u00f1os.<\/p>\n<figure style=\"width: 800px\" class=\"wp-caption aligncenter\"><a title=\"IMG20221201142431\" href=\"https:\/\/www.flickr.com\/photos\/193617684@N08\/52608990953\/in\/dateposted-public\/\" target=\"_blank\" rel=\"noopener noreferrer\" data-flickr-embed=\"true\"><img loading=\"lazy\" decoding=\"async\" src=\"https:\/\/live.staticflickr.com\/65535\/52608990953_6769db514f_c.jpg\" alt=\"IMG20221201142431\" width=\"800\" height=\"553\" \/><\/a><figcaption class=\"wp-caption-text\">El contenido de la edici\u00f3n de coleccionista<\/figcaption><\/figure>\n<p>&nbsp;<\/p>\n<p style=\"text-align: justify;\">Si a\u00f1adimos que la edici\u00f3n 4K\u00a0 de la pel\u00edcula se ha extra\u00eddo y restaurado del original de 35 mm, la pel\u00edcula se ve como nunca se hab\u00eda visto, incluido el cine y el resultado sigue siendo impactante.<\/p>\n<p style=\"text-align: justify;\">En cuanto al sonido se ha incluido en Japon\u00e9s el nuevo audio Dolby True HD Hypersonic Sound, con un clip sobre este trabajo, que realmente mejora enormemente el sonido que de por s\u00ed est\u00e1 muy bien.<\/p>\n<p style=\"text-align: justify;\">Una somera explicaci\u00f3n: el sonido hipers\u00f3nico produce una aumento de la estimulaci\u00f3n cerebral, causado por la exposici\u00f3n a frecuencias sonoras ultras\u00f3nicas de hasta 100 kHz que son absorbidas por la piel y los tejidos, activando la red neuronal que procesa la belleza, el placer y la emoci\u00f3n.<\/p>\n<p style=\"text-align: justify;\">Ni idea de cu\u00e1nto habr\u00e1 de marketing en esto, pero que se oye de muerte es seguro.<\/p>\n<p style=\"text-align: justify;\">La banda sonora es impresionante y ahora suena mejor que nunca. Me sigue gustando un poquito m\u00e1s la de <a href=\"http:\/\/zonadelta.net\/atreides\/?p=1539\" target=\"_blank\" rel=\"noopener noreferrer\">Ghost in the Shel<\/a>l, pero justo detr\u00e1s est\u00e1 esta.<\/p>\n<p style=\"text-align: justify;\">Adem\u00e1s, han tenido el detalle de mantener la banda sonora en castellano con el doblaje cl\u00e1sico y el nuevo doblaje con sonido DTS-HD. Tambi\u00e9n est\u00e1 doblada al catal\u00e1n y al valenciano.<\/p>\n<p style=\"text-align: justify;\">En cuanto a los extras, incluye un Bluray con el siguiente contenido:<\/p>\n<ul style=\"text-align: justify;\">\n<li>Akira Sound Making 2019 (40 min).<\/li>\n<li>Akira Sound Clip by Geinoh Yamashirogumi (19 min).<\/li>\n<li>End Credits (4 min).<\/li>\n<li>Story Board Collection.<\/li>\n<li>Theatrical Preview-Trailer Collection (5 min).<\/li>\n<\/ul>\n<p style=\"text-align: justify;\">Son curiosos y aportan cierta informaci\u00f3n, pero hubiera preferido extras sobre el desarrollo de la pel\u00edcula, por ejemplo.<\/p>\n<figure style=\"width: 800px\" class=\"wp-caption aligncenter\"><a title=\"IMG20230105144339\" href=\"https:\/\/www.flickr.com\/photos\/193617684@N08\/52607991227\/in\/dateposted-public\/\" target=\"_blank\" rel=\"noopener noreferrer\" data-flickr-embed=\"true\"><img loading=\"lazy\" decoding=\"async\" src=\"https:\/\/live.staticflickr.com\/65535\/52607991227_b1c6b308de_c.jpg\" alt=\"IMG20230105144339\" width=\"800\" height=\"344\" \/><\/a><figcaption class=\"wp-caption-text\">Uno de los contenidos del Booklet<\/figcaption><\/figure>\n<p>&nbsp;<\/p>\n<p style=\"text-align: justify;\">De cualquier manera, tambi\u00e9n incluye un booklet de 36 p\u00e1ginas con contenido interesante como una visi\u00b4\u00b4on de la pel\u00edcula del profesor Ryusuke Hikawa, una explicaci\u00f3n de la m\u00fasica o una entrevista con el reparto y el director de sonido, adem\u00e1s de una cronolog\u00eda de los acontecimientos de Akira.<\/p>\n<p style=\"text-align: justify;\">Adem\u00e1s, la preciosa caja est\u00e1 dise\u00f1ada por Toshiaki Uesugi a partir de ilustraciones de Katsuhiro Otomo.<\/p>\n<p style=\"text-align: justify;\">Tambi\u00e9n incluye la pel\u00edcula en Bluray en su propia caja.<\/p>\n<figure style=\"width: 800px\" class=\"wp-caption aligncenter\"><a title=\"IMG20230105144011\" href=\"https:\/\/www.flickr.com\/photos\/193617684@N08\/52608751539\/in\/dateposted-public\/\" target=\"_blank\" rel=\"noopener noreferrer\" data-flickr-embed=\"true\"><img loading=\"lazy\" decoding=\"async\" src=\"https:\/\/live.staticflickr.com\/65535\/52608751539_21d74c4223_c.jpg\" alt=\"IMG20230105144011\" width=\"800\" height=\"493\" \/><\/a><figcaption class=\"wp-caption-text\">Las dos ediciones<\/figcaption><\/figure>\n<p style=\"text-align: justify;\">De todas formas, son unos extras con un inter\u00e9s relativo y que tristemente palidecen con la edici\u00f3n del 25 aniversario.<\/p>\n<p style=\"text-align: justify;\">Aunque, visto de otro modo, a los fans que ya tenemos la edici\u00f3n del 25 aniversario, \u00e9sta del 30\u00ba aniversario incluya extras que complementan a la anterior y, lo m\u00e1s importante, incluyan la imagen en 4K.<\/p>\n<figure style=\"width: 800px\" class=\"wp-caption alignnone\"><a title=\"IMG20230105144035\" href=\"https:\/\/www.flickr.com\/photos\/193617684@N08\/52608914495\/in\/dateposted-public\/\" target=\"_blank\" rel=\"noopener noreferrer\" data-flickr-embed=\"true\"><img loading=\"lazy\" decoding=\"async\" src=\"https:\/\/live.staticflickr.com\/65535\/52608914495_39902d1e44_c.jpg\" alt=\"IMG20230105144035\" width=\"800\" height=\"506\" \/><\/a><figcaption class=\"wp-caption-text\">Los contenidos. La del 25 aniversario gana por goleada<\/figcaption><\/figure>\n<p style=\"text-align: justify;\">A\u00fan as\u00ed, juzgado vosotros mismos. La del 25 aniversario incluye la banda sonora compuesta por Shoji Yamashiro en CD,\u00a0 el booklet sobre la producci\u00f3n de la pel\u00edcula incluyendo una entrevista a Katsuhiro Otomo y m\u00e1s de 90 minutos de extras con un reportaje sobre la producci\u00f3n, archivos sobre la animaci\u00f3n o una galer\u00eda con el artwork de la pel\u00edcula.<\/p>\n<figure style=\"width: 800px\" class=\"wp-caption aligncenter\"><a title=\"IMG20230105144200\" href=\"https:\/\/www.flickr.com\/photos\/193617684@N08\/52608751489\/in\/dateposted-public\/\" target=\"_blank\" rel=\"noopener noreferrer\" data-flickr-embed=\"true\"><img loading=\"lazy\" decoding=\"async\" src=\"https:\/\/live.staticflickr.com\/65535\/52608751489_4323609d26_c.jpg\" alt=\"IMG20230105144200\" width=\"800\" height=\"345\" \/><\/a><figcaption class=\"wp-caption-text\">Uno de los contenidos del Booklet<\/figcaption><\/figure>\n<p>&nbsp;<\/p>\n<p style=\"text-align: justify;\">En lo \u00fanico que mejora la edici\u00f3n de coleccionista es que la caja me gusta m\u00e1s siendo las dos muy buenas y sobre todo en la calidad de imagen porque ya inclu\u00eda todas las mejoras de sonido.<\/p>\n<figure style=\"width: 800px\" class=\"wp-caption aligncenter\"><a title=\"IMG20230105144120\" href=\"https:\/\/www.flickr.com\/photos\/193617684@N08\/52608989203\/in\/dateposted-public\/\" target=\"_blank\" rel=\"noopener noreferrer\" data-flickr-embed=\"true\"><img loading=\"lazy\" decoding=\"async\" src=\"https:\/\/live.staticflickr.com\/65535\/52608989203_c01ca6f3db_c.jpg\" alt=\"IMG20230105144120\" width=\"800\" height=\"451\" \/><\/a><figcaption class=\"wp-caption-text\">La caja de la pel\u00edcula y el Booklet<\/figcaption><\/figure>\n<p>&nbsp;<\/p>\n<p style=\"text-align: justify;\">En definitiva, un cl\u00e1sico que se sigue viendo moderno e interesante y una de las pocas adaptaciones que mantienen el estilo del manga o del c\u00f3mic en la animaci\u00f3n.<\/p>\n<p style=\"text-align: justify;\">Ojal\u00e1 a Warner Bros. Animation le importara algo m\u00e1s la animaci\u00f3n y mantener el estilo de la obra original. Ver La Broma Asesina, A\u00f1o Uno o El regreso del Se\u00f1or de la Noche y que todas se vean igual demuestra una dejadez enorme y es muy decepcionante.<\/p>\n<p style=\"text-align: justify;\">Con Akira esto no sucede y consigue que 30 a\u00f1os despu\u00e9s se disfrute tanto como entonces solo que con una edici\u00f3n para ver en casa a la altura de la calidad de la pel\u00edcula.<\/p>\n<p style=\"text-align: justify;\">Saludos fremen<\/p>\n<p style=\"text-align: justify;\">\n","protected":false},"excerpt":{"rendered":"<p>Han pasado 30 a\u00f1os desde que se estren\u00f3 Akira en Espa\u00f1a y Selecta Vision ha publicado una edici\u00f3n de coleccionista en 4k de la pel\u00edcula. Tres d\u00e9cadas para una pel\u00edcula es una buena prueba de si resiste el paso del tiempo.<\/p>\n","protected":false},"author":2,"featured_media":0,"comment_status":"open","ping_status":"open","sticky":false,"template":"","format":"standard","meta":{"iawp_total_views":28,"footnotes":""},"categories":[76,48],"tags":[3448,3445,3443,3444,3447,3446],"class_list":["post-5309","post","type-post","status-publish","format-standard","hentry","category-anime","category-ciencia-ficcion-2","tag-akira-committee","tag-kaneda","tag-katsuhiro-otomo","tag-shoji-yamashiro","tag-steve-oliffe","tag-tetsuo"],"_links":{"self":[{"href":"http:\/\/zonadelta.net\/atreides\/index.php?rest_route=\/wp\/v2\/posts\/5309","targetHints":{"allow":["GET"]}}],"collection":[{"href":"http:\/\/zonadelta.net\/atreides\/index.php?rest_route=\/wp\/v2\/posts"}],"about":[{"href":"http:\/\/zonadelta.net\/atreides\/index.php?rest_route=\/wp\/v2\/types\/post"}],"author":[{"embeddable":true,"href":"http:\/\/zonadelta.net\/atreides\/index.php?rest_route=\/wp\/v2\/users\/2"}],"replies":[{"embeddable":true,"href":"http:\/\/zonadelta.net\/atreides\/index.php?rest_route=%2Fwp%2Fv2%2Fcomments&post=5309"}],"version-history":[{"count":10,"href":"http:\/\/zonadelta.net\/atreides\/index.php?rest_route=\/wp\/v2\/posts\/5309\/revisions"}],"predecessor-version":[{"id":5353,"href":"http:\/\/zonadelta.net\/atreides\/index.php?rest_route=\/wp\/v2\/posts\/5309\/revisions\/5353"}],"wp:attachment":[{"href":"http:\/\/zonadelta.net\/atreides\/index.php?rest_route=%2Fwp%2Fv2%2Fmedia&parent=5309"}],"wp:term":[{"taxonomy":"category","embeddable":true,"href":"http:\/\/zonadelta.net\/atreides\/index.php?rest_route=%2Fwp%2Fv2%2Fcategories&post=5309"},{"taxonomy":"post_tag","embeddable":true,"href":"http:\/\/zonadelta.net\/atreides\/index.php?rest_route=%2Fwp%2Fv2%2Ftags&post=5309"}],"curies":[{"name":"wp","href":"https:\/\/api.w.org\/{rel}","templated":true}]}}