{"id":5265,"date":"2022-11-03T11:29:43","date_gmt":"2022-11-03T10:29:43","guid":{"rendered":"http:\/\/zonadelta.net\/atreides\/?p=5265"},"modified":"2022-11-03T11:29:43","modified_gmt":"2022-11-03T10:29:43","slug":"herge-the-exhibition","status":"publish","type":"post","link":"http:\/\/zonadelta.net\/atreides\/?p=5265","title":{"rendered":"Herg\u00e9. The Exhibition"},"content":{"rendered":"<p style=\"text-align: justify;\"><img decoding=\"async\" src=\"https:\/\/img2.rtve.es\/imagenes\/cartel-herge-the-exhibition\/1656408977976.jpg\" alt=\"Herg\u00e9. The Exhibition', la mayor exposici\u00f3n sobre el creador de Tint\u00edn llegar\u00e1 a Espa\u00f1a en octubre\" \/><\/p>\n<p style=\"text-align: justify;\">Es para preguntarse porqu\u00e9 un nombre tan tonto y fuera de lugar para un autor belga que public\u00f3 en franc\u00e9s y cuya obra se ha convertido en universal. Menos mal que eso es lo peor que puedo criticar, aparte del precio salvaje de la entrada.<\/p>\n<p style=\"text-align: justify;\">Sin embargo, la exposici\u00f3n es fant\u00e1stica.<!--more--><\/p>\n<figure style=\"width: 600px\" class=\"wp-caption aligncenter\"><a title=\"IMG_20221029_132801\" href=\"https:\/\/www.flickr.com\/photos\/193617684@N08\/52473505992\/in\/dateposted-public\/\" target=\"_blank\" rel=\"noopener noreferrer\" data-flickr-embed=\"true\"><img loading=\"lazy\" decoding=\"async\" src=\"https:\/\/live.staticflickr.com\/65535\/52473505992_b05cb5b7b7_c.jpg\" alt=\"IMG_20221029_132801\" width=\"600\" height=\"800\" \/><\/a><figcaption class=\"wp-caption-text\">La exposici\u00f3n est\u00e1 en el C\u00edrculo de Bellas Artes<\/figcaption><\/figure>\n<p style=\"text-align: justify;\">\n<p style=\"text-align: justify;\">Comienza con las influencias de Herg\u00e9 y algunas de sus obras pict\u00f3ricas. Influencia de autores como Picasso o Mir\u00f3\u00a0 que se ven en los cuadros. Tambi\u00e9n se puede ver la relevancia que adquiri\u00f3 en vida, con cuadro de Andy Warhol o varios bustos en bronce de prestigiosos escultores sin necesidad de ver m\u00e1s.<\/p>\n<figure style=\"width: 600px\" class=\"wp-caption aligncenter\"><a title=\"IMG_20221029_121125\" href=\"https:\/\/www.flickr.com\/photos\/193617684@N08\/52474565358\/in\/dateposted-public\/\" target=\"_blank\" rel=\"noopener noreferrer\" data-flickr-embed=\"true\"><img loading=\"lazy\" decoding=\"async\" src=\"https:\/\/live.staticflickr.com\/65535\/52474565358_a693f5a56a_c.jpg\" alt=\"IMG_20221029_121125\" width=\"600\" height=\"800\" \/><\/a><figcaption class=\"wp-caption-text\">Herg\u00e9 por Andy Warhol<\/figcaption><\/figure>\n<p style=\"text-align: justify;\">\n<p style=\"text-align: justify;\">Otra parte interesante de la exposici\u00f3n son los elementos con los que se documentaba para los distintos \u00e1lbumes.\u00a0 Georges Remi, Herg\u00e9, como contaba en una de sus entrevistas en 1955, comenz\u00f3 dibujando muy mal, despu\u00e9s sigui\u00f3 dibujando mal y, con mucho trabajo, ya no lo hac\u00eda tan mal.<\/p>\n<figure style=\"width: 450px\" class=\"wp-caption aligncenter\"><a title=\"IMG20221029121603\" href=\"https:\/\/www.flickr.com\/photos\/193617684@N08\/52474006246\/in\/dateposted-public\/\" target=\"_blank\" rel=\"noopener noreferrer\" data-flickr-embed=\"true\"><img loading=\"lazy\" decoding=\"async\" src=\"https:\/\/live.staticflickr.com\/65535\/52474006246_dd3d951171_c.jpg\" alt=\"IMG20221029121603\" width=\"450\" height=\"800\" \/><\/a><figcaption class=\"wp-caption-text\">El \u00eddolo Arumbaya de La oreja rota (en realidad una escultura de la civilizaci\u00f3n Chim\u00fa, tambi\u00e9n de Per\u00fa)<\/figcaption><\/figure>\n<p style=\"text-align: justify;\">\n<p style=\"text-align: justify;\">Es muy interesante como se mencionan a sus ayudantes, gente como Bob de Moor o Edgar Pierre Jacobs (Blake and Mortimer) e incluso hay un documental en que se cuenta c\u00f3mo trabajaban y se muestra el estudio con quienes dibujan los muebles y fondos, en este caso Bob De Moor (Barelli) y otras colaboradoras coloreando el c\u00f3mic. Hay que decir que, aunque Herg\u00e9 hablaba del proceso creativo y de c\u00f3mo interven\u00edan sus colaboradores con mucho detalle, en los \u00e1lbumes no aparec\u00eda m\u00e1s que \u00e9l mismo acreditado.<\/p>\n<figure style=\"width: 616px\" class=\"wp-caption aligncenter\"><a title=\"IMG20221029130353\" href=\"https:\/\/www.flickr.com\/photos\/193617684@N08\/52474021786\/in\/dateposted-public\/\" target=\"_blank\" rel=\"noopener noreferrer\" data-flickr-embed=\"true\"><img loading=\"lazy\" decoding=\"async\" src=\"https:\/\/live.staticflickr.com\/65535\/52474021786_d7dff3c813_c.jpg\" alt=\"IMG20221029130353\" width=\"616\" height=\"800\" \/><\/a><figcaption class=\"wp-caption-text\">Tint\u00edn en el Pa\u00eds de los soviets, aqu\u00ed empez\u00f3 todo<\/figcaption><\/figure>\n<p style=\"text-align: justify;\">\n<p style=\"text-align: justify;\">En la exposici\u00f3n vemos sus comienzos con Totor el Boy Scout, sus trabajos anteriores como publicista y su evoluci\u00f3n desde Tintin y los soviets a los espl\u00e9ndidos la Isla Negra, el Tesoro de Rackham el rojo o Tint\u00edn en la luna, entre muchos otros. Ver las p\u00e1ginas originales, las planchas con la separaci\u00f3n de colores o los bocetos es muy interesante.<\/p>\n<p style=\"text-align: justify;\">Tambi\u00e9n descubrir su faceta como publicista.<\/p>\n<figure style=\"width: 590px\" class=\"wp-caption aligncenter\"><a title=\"IMG20221029125232\" href=\"https:\/\/www.flickr.com\/photos\/193617684@N08\/52474566448\/in\/dateposted-public\/\" target=\"_blank\" rel=\"noopener noreferrer\" data-flickr-embed=\"true\"><img loading=\"lazy\" decoding=\"async\" src=\"https:\/\/live.staticflickr.com\/65535\/52474566448_64d9e208eb_c.jpg\" alt=\"IMG20221029125232\" width=\"590\" height=\"800\" \/><\/a><figcaption class=\"wp-caption-text\">Uno de los anuncios de la etapa de publicista de Herg\u00e9<\/figcaption><\/figure>\n<p style=\"text-align: justify;\">\n<p style=\"text-align: justify;\">Una parte muy interesante para m\u00ed ha sido ver c\u00f3mo las aventuras de Tint\u00edn, que en un primer momento se publicaron en Le petit vingtieme luego fueron redibujados en varias ocasiones para su edici\u00f3n en \u00e1lbumes con Casterman.<\/p>\n<p style=\"text-align: justify;\">La exposici\u00f3n tambi\u00e9n tiene en cuenta sus creaciones anteriores como Jo, Zette y Jocko o Quique y Flupi.<\/p>\n<figure style=\"width: 800px\" class=\"wp-caption aligncenter\"><a title=\"IMG_20221029_125750\" href=\"https:\/\/www.flickr.com\/photos\/193617684@N08\/52474470685\/in\/dateposted-public\/\" target=\"_blank\" rel=\"noopener noreferrer\" data-flickr-embed=\"true\"><img loading=\"lazy\" decoding=\"async\" src=\"https:\/\/live.staticflickr.com\/65535\/52474470685_db26dfca25_c.jpg\" alt=\"IMG_20221029_125750\" width=\"800\" height=\"600\" \/><\/a><figcaption class=\"wp-caption-text\">EL loto azul, la maravillosa ilustraci\u00f3n de la portada<\/figcaption><\/figure>\n<p style=\"text-align: justify;\">\n<p style=\"text-align: justify;\">En cuanto a sus influencias, dedican una parte importante de la exposici\u00f3n al arte oriental, manifestando la importancia que tuvo conocer a Zhang Chongren que luego se reflejar\u00eda en el Loto Azul. Tambi\u00e9n provoc\u00f3 que se implicara en una documentaci\u00f3n m\u00e1s completa para sus posteriores \u00e1lbumes.<\/p>\n<figure style=\"width: 800px\" class=\"wp-caption aligncenter\"><a title=\"Boceto y P\u00e1gina publicada\" href=\"https:\/\/www.flickr.com\/photos\/193617684@N08\/52474300079\/in\/dateposted-public\/\" data-flickr-embed=\"true\"><img loading=\"lazy\" decoding=\"async\" src=\"https:\/\/live.staticflickr.com\/65535\/52474300079_9641281420_c.jpg\" alt=\"Boceto y P\u00e1gina publicada\" width=\"800\" height=\"546\" \/><\/a><figcaption class=\"wp-caption-text\">Boceto y p\u00e1gina de Las joyas de la Castafiore, perfecto ejemplo de la l\u00ednea clara y especialmente de la expresividad de las caras<\/figcaption><\/figure>\n<p style=\"text-align: justify;\">\n<p style=\"text-align: justify;\">Tint\u00edn seguramente es el m\u00e1ximo exponente de la l\u00ednea clara y de hecho en una exposici\u00f3n en 1976 dedicada a Herg\u00e9 se empieza a denominar as\u00ed. Se podr\u00eda definir como<\/p>\n<blockquote><p>\u00abUn tipo de dibujo con un contorno sistem\u00e1tico, con un trazo negro de espesor relativamente regular. Con los fondos lisos ya en color, esta t\u00e9cnica rechaza los sombreados y degradados. Si el trazo es ordenado, el relato tambi\u00e9n: Un inicio, un desarrollo y un final. Una historia lineal apoyada en paisajes muy realistas\u00bb<\/p><\/blockquote>\n<figure style=\"width: 546px\" class=\"wp-caption aligncenter\"><a title=\"IMG20221029130944\" href=\"https:\/\/www.flickr.com\/photos\/193617684@N08\/52474020791\/in\/dateposted-public\/\" target=\"_blank\" rel=\"noopener noreferrer\" data-flickr-embed=\"true\"><img loading=\"lazy\" decoding=\"async\" src=\"https:\/\/live.staticflickr.com\/65535\/52474020791_2bcb05ca10_c.jpg\" alt=\"IMG20221029130944\" width=\"546\" height=\"800\" \/><\/a><figcaption class=\"wp-caption-text\">P\u00e1gina dedicada por el propio Saint-Ogan a Herg\u00e9<\/figcaption><\/figure>\n<p style=\"text-align: justify;\">\n<p style=\"text-align: justify;\">Las influencias iniciales en su estilo que le llevar\u00edan a la l\u00ednea clara , entre otras, fueron autores como Benjamin Rabier (La vaca que r\u00ede) o Alain Saint-Ogan. Hay en la exposici\u00f3n una curiosa p\u00e1gina de este \u00faltimo de Zig et Puce que le dedica en 1930 a Herg\u00e9.<\/p>\n<figure style=\"width: 800px\" class=\"wp-caption aligncenter\"><a title=\"IMG20221029125911\" href=\"https:\/\/www.flickr.com\/photos\/193617684@N08\/52474565828\/in\/dateposted-public\/\" target=\"_blank\" rel=\"noopener noreferrer\" data-flickr-embed=\"true\"><img loading=\"lazy\" decoding=\"async\" src=\"https:\/\/live.staticflickr.com\/65535\/52474565828_99107bea54_c.jpg\" alt=\"IMG20221029125911\" width=\"800\" height=\"450\" \/><\/a><figcaption class=\"wp-caption-text\">Pared dedicada a las portadas de Herg\u00e9 para Le Petite Vingti\u00e8me<\/figcaption><\/figure>\n<p style=\"text-align: justify;\">\n<p style=\"text-align: justify;\">Podr\u00eda seguir, pero creo que estas pinceladas sirven para hacerse una idea de lo completa y variada que es la exposici\u00f3n. Merece mucho la pena y es un estupendo aperitivo para plantearse el viaje a Bruselas, con el museo de la Bande Dessin\u00e9e en un precioso edificio Modernista, y el viaje a la cercana Lovaina la Nueva para ver el museo de Tint\u00edn. Ambos museos son impresionantes y merecen much\u00edsimo el viaje.<\/p>\n<p style=\"text-align: justify;\">Saludos fremen<\/p>\n","protected":false},"excerpt":{"rendered":"<p>Es para preguntarse porqu\u00e9 un nombre tan tonto y fuera de lugar para un autor belga que public\u00f3 en franc\u00e9s y cuya obra se ha convertido en universal. Menos mal que eso es lo peor que puedo criticar, aparte del precio salvaje de la entrada. Sin embargo, la exposici\u00f3n es fant\u00e1stica.<\/p>\n","protected":false},"author":2,"featured_media":0,"comment_status":"open","ping_status":"open","sticky":false,"template":"","format":"standard","meta":{"iawp_total_views":3,"footnotes":""},"categories":[10],"tags":[3398,3400,3399,777,3397,3394,3395,3396,3401],"class_list":["post-5265","post","type-post","status-publish","format-standard","hentry","category-comic","tag-benjamin-rabier","tag-bob-de-moor","tag-edgar-p-jacobs","tag-linea-clara","tag-saint-ogan","tag-tintin","tag-totor","tag-warhol","tag-yarumba"],"_links":{"self":[{"href":"http:\/\/zonadelta.net\/atreides\/index.php?rest_route=\/wp\/v2\/posts\/5265","targetHints":{"allow":["GET"]}}],"collection":[{"href":"http:\/\/zonadelta.net\/atreides\/index.php?rest_route=\/wp\/v2\/posts"}],"about":[{"href":"http:\/\/zonadelta.net\/atreides\/index.php?rest_route=\/wp\/v2\/types\/post"}],"author":[{"embeddable":true,"href":"http:\/\/zonadelta.net\/atreides\/index.php?rest_route=\/wp\/v2\/users\/2"}],"replies":[{"embeddable":true,"href":"http:\/\/zonadelta.net\/atreides\/index.php?rest_route=%2Fwp%2Fv2%2Fcomments&post=5265"}],"version-history":[{"count":3,"href":"http:\/\/zonadelta.net\/atreides\/index.php?rest_route=\/wp\/v2\/posts\/5265\/revisions"}],"predecessor-version":[{"id":5281,"href":"http:\/\/zonadelta.net\/atreides\/index.php?rest_route=\/wp\/v2\/posts\/5265\/revisions\/5281"}],"wp:attachment":[{"href":"http:\/\/zonadelta.net\/atreides\/index.php?rest_route=%2Fwp%2Fv2%2Fmedia&parent=5265"}],"wp:term":[{"taxonomy":"category","embeddable":true,"href":"http:\/\/zonadelta.net\/atreides\/index.php?rest_route=%2Fwp%2Fv2%2Fcategories&post=5265"},{"taxonomy":"post_tag","embeddable":true,"href":"http:\/\/zonadelta.net\/atreides\/index.php?rest_route=%2Fwp%2Fv2%2Ftags&post=5265"}],"curies":[{"name":"wp","href":"https:\/\/api.w.org\/{rel}","templated":true}]}}