{"id":5237,"date":"2022-10-10T14:40:38","date_gmt":"2022-10-10T12:40:38","guid":{"rendered":"http:\/\/zonadelta.net\/atreides\/?p=5237"},"modified":"2022-10-10T14:40:38","modified_gmt":"2022-10-10T12:40:38","slug":"werewolf-by-night","status":"publish","type":"post","link":"http:\/\/zonadelta.net\/atreides\/?p=5237","title":{"rendered":"Werewolf by night"},"content":{"rendered":"<p><a title=\"werewolf_by_night-462049574-large\" href=\"https:\/\/www.flickr.com\/photos\/193617684@N08\/52417546771\/in\/dateposted-public\/\" target=\"_blank\" rel=\"noopener noreferrer\" data-flickr-embed=\"true\"><img loading=\"lazy\" decoding=\"async\" class=\"aligncenter\" src=\"https:\/\/live.staticflickr.com\/65535\/52417546771_48d1eb90ae_b.jpg\" alt=\"werewolf_by_night-462049574-large\" width=\"691\" height=\"1024\" \/><\/a><\/p>\n<p>O, como la han traducido en Espa\u00f1a, La maldici\u00f3n del Hombre Lobo.<\/p>\n<p>Estos \u00faltimos a\u00f1os la celebraci\u00f3n de Halloween se ha alargado durante todo el mes de Octubre, el mes spooky, en lugar de una sola noche. Una de las cosas buenas que tiene es que nos lleguen antes sorpresas como esta pel\u00edcula en lugar de tenerlo que concentrar todo en un d\u00eda.<\/p>\n<p>Parece claro que Disney en general y Marvel en particular no son muy dados al terror m\u00e1s all\u00e1 de los episodios que toquen por estas fechas.<!--more--><\/p>\n<figure style=\"width: 548px\" class=\"wp-caption aligncenter\"><a title=\"Marvel Spotlight 002 - 10 - El Hombre Lobo\" href=\"https:\/\/www.flickr.com\/photos\/193617684@N08\/52417993475\/in\/dateposted-public\/\" target=\"_blank\" rel=\"noopener noreferrer\" data-flickr-embed=\"true\"><img loading=\"lazy\" decoding=\"async\" class=\"\" src=\"https:\/\/live.staticflickr.com\/65535\/52417993475_c21b4b59cf_b.jpg\" alt=\"Marvel Spotlight 002 - 10 - El Hombre Lobo\" width=\"548\" height=\"808\" \/><\/a><figcaption class=\"wp-caption-text\">La primera aparici\u00f3n de El hombre Lobo. Posteriormente ser\u00eda a\u00fan mejor, pero Mike Ploog ya demostraba una fluidez en el dibujo de la que se beneficiar\u00eda la colecci\u00f3n<\/figcaption><\/figure>\n<p>&nbsp;<\/p>\n<p>Sin embargo, en los 70 las cosas eran muy diferentes en la editorial Marvel. Consolidada como editorial de superh\u00e9roes y liderando las ventas con c\u00f3mics como Spiderman, Los Vengadores o Los 4 Fant\u00e1sticos desde la d\u00e9cada anterior, no quer\u00edan perder el inter\u00e9s de los j\u00f3venes y buscaron otros tipos de c\u00f3mics que complementaran su exitosa l\u00ednea.<\/p>\n<p>Apostaron por las artes marciales dado el \u00e9xito de Bruce Lee con colecciones como Shang-Chi, Deadly Hands of Kung-Fu, Iron Fist o El tigre blanco. Tambi\u00e9n optaron por la fantas\u00eda de Espada y Brujer\u00eda con Conan o Kull.<\/p>\n<figure style=\"width: 493px\" class=\"wp-caption aligncenter\"><a title=\"Werewolf By Night #032 - 01\" href=\"https:\/\/www.flickr.com\/photos\/193617684@N08\/52417560661\/in\/dateposted-public\/\" target=\"_blank\" rel=\"noopener noreferrer\" data-flickr-embed=\"true\"><img loading=\"lazy\" decoding=\"async\" src=\"https:\/\/live.staticflickr.com\/65535\/52417560661_9a8c81844b_b.jpg\" alt=\"Werewolf By Night #032 - 01\" width=\"493\" height=\"728\" \/><\/a><figcaption class=\"wp-caption-text\">La primera aparici\u00f3n del Caballero Luna<\/figcaption><\/figure>\n<p>&nbsp;<\/p>\n<p>Otra l\u00ednea que fue muy importante y que es la que nos ata\u00f1e es la del terror y lo sobrenatural. No quer\u00edan ser la nueva E.C. C\u00f3mics con c\u00f3mics de terror y horror, pero s\u00ed que crearon c\u00f3mics basados en personajes cl\u00e1sicos de mucha calidad como La Tumba de Dr\u00e1cula (de Marv Wolfman y el genial Gene Colan), Adventure into fear con el Hombre Cosa o Werewolf by night.<\/p>\n<p>En esta \u00faltima Gerry Conway y Mike Ploog contaban la historia de Jack Russell, heredero de la maldici\u00f3n del hombre lobo de los Russoff, y que tendr\u00e1 que huir en muchas ocasiones por su maldici\u00f3n perseguido entre otros por el Comit\u00e9, una organizaci\u00f3n criminal interesada en capturarle. De hecho, en el n\u00famero 32 de Werewolf by night el Comit\u00e9 contratar\u00e1 al mercenario Steven Grant, le proporcionar\u00e1n el traje y las armas necesarias para poder capturar al Hombre Lobo. Ese fue el nacimiento de El Caballero Luna.<\/p>\n<p>Por supuesto, Grant terminar\u00e1 d\u00e1ndose cuenta de qui\u00e9n es el villano realmente y dejar\u00e1 escapar a al Hombre Lobo, aunque este antes acabar\u00e1 con gran parte de los miembros del Comit\u00e9.<\/p>\n<p><a title=\"Captura\" href=\"https:\/\/www.flickr.com\/photos\/193617684@N08\/52417033877\/in\/dateposted-public\/\" target=\"_blank\" rel=\"noopener noreferrer\" data-flickr-embed=\"true\"><img loading=\"lazy\" decoding=\"async\" class=\"aligncenter\" src=\"https:\/\/live.staticflickr.com\/65535\/52417033877_a7ed4812c9_b.jpg\" alt=\"Captura\" width=\"1024\" height=\"431\" \/><\/a><\/p>\n<p>El especial de Marvel, porque no se le puede llamar pel\u00edcula, s\u00f3lo dura 55 minutos, obvia todos los antecedentes y presenta a Jack (Gael Garc\u00eda Bernal, Amores Perros) como un celebrado cazador de monstruos que acude a la ceremonia de entrega al nuevo elegido de la piedra de sangre al haber fallecido Ulysses Bloodstone.<\/p>\n<p>Varios cazadores m\u00e1s y la hija de Ulysses, Elsa Bloodstone (Laura Donnelly, Nevers) est\u00e1n all\u00ed y la piedra la heredar\u00e1 qui\u00e9n consiga cazar al monstruo encerrado en los jardines de la mansi\u00f3n.<\/p>\n<p>Pronto se ve que el monstruo es bastante menos monstruo que los cazadores y es nada menos que SPOILER<\/p>\n<p>&nbsp;<\/p>\n<p><span style=\"color: #212121;\">el Hombre Cosa, un bioqu\u00edmico, Ted Sallis, trabajaba en los everglades como parte de un equipo que buscaba la recreaci\u00f3n del suero del Super Soldado. Atacado por IMA que buscaban el suero, termina inyect\u00e1ndoselo y cayendo al pantano, d\u00f3nde se convertir\u00e1 en un monstruo vegetal emp\u00e1tico que deshace a qui\u00e9nes tienen emociones negativas con el \u00e1cido que exudan sus manos.<\/span><\/p>\n<p>&nbsp;<\/p>\n<p>Fin SPOILER<\/p>\n<p>&nbsp;<\/p>\n<p>Jack y Elsa tendr\u00e1n que actuar juntos, uno para salvar al monstruo y la otra para conseguir la piedra de sangre.<\/p>\n<p>Michael Giacchino, el compositor ganador del Oscar por la m\u00fasica de Up, dirige su primera pel\u00edcula y lo hace con muy buen ritmo e inter\u00e9s creciente.<\/p>\n<p>El especial est\u00e1 rodado en blanco y negro salvo el final y con una est\u00e9tica que recuerda a las pel\u00edculas de serie B de los a\u00f1os 30 y 40 como El hombre Lobo de Lon Chaney, La mujer y el monstruo, El malvado Zaroff o las pel\u00edculas de serie B de la RKO. Incluso tiene su momento de homenaje a Tales from the crypt con la aparici\u00f3n post mortem del due\u00f1o de la piedra.<\/p>\n<p><a title=\"5\" href=\"https:\/\/www.flickr.com\/photos\/193617684@N08\/52417546646\/in\/dateposted-public\/\" target=\"_blank\" rel=\"noopener noreferrer\" data-flickr-embed=\"true\"><img loading=\"lazy\" decoding=\"async\" class=\"aligncenter\" src=\"https:\/\/live.staticflickr.com\/65535\/52417546646_5048a3790c_b.jpg\" alt=\"5\" width=\"1024\" height=\"441\" \/><\/a><\/p>\n<p>Con esta elecci\u00f3n creo que el director busca sobre todo la creaci\u00f3n de una atm\u00f3sfera de terror cl\u00e1sica dejando aparte el gore. Las secuencias de muertes son mucho menos realistas en blanco y negro que en color y as\u00ed se puede permitir unas cuantas y algunos desmembramientos.<\/p>\n<p>Tambi\u00e9n tiene su alivio c\u00f3mico a las secuencias m\u00e1s intensas gracias al propio monstruo con momentos bastante divertidos.<\/p>\n<p><a title=\"4\" href=\"https:\/\/www.flickr.com\/photos\/193617684@N08\/52417546701\/in\/dateposted-public\/\" target=\"_blank\" rel=\"noopener noreferrer\" data-flickr-embed=\"true\"><img loading=\"lazy\" decoding=\"async\" class=\"aligncenter\" src=\"https:\/\/live.staticflickr.com\/65535\/52417546701_7519d2482f_b.jpg\" alt=\"4\" width=\"1024\" height=\"431\" \/><\/a><\/p>\n<p>Utiliza tambi\u00e9n la elipsis como homenaje a esas pel\u00edculas que antes mencion\u00e1bamos al contar la transformaci\u00f3n de Jack en el hombre lobo fuera de escena.<\/p>\n<p><a title=\"3\" href=\"https:\/\/www.flickr.com\/photos\/193617684@N08\/52417829189\/in\/dateposted-public\/\" target=\"_blank\" rel=\"noopener noreferrer\" data-flickr-embed=\"true\"><img loading=\"lazy\" decoding=\"async\" class=\"aligncenter\" src=\"https:\/\/live.staticflickr.com\/65535\/52417829189_0f652f6284_b.jpg\" alt=\"3\" width=\"1024\" height=\"434\" \/><\/a><\/p>\n<p>Todos los int\u00e9rpretes est\u00e1n muy bien y el resultado es un especial de lo m\u00e1s entretenido, que no aterroriza pero s\u00ed recrea parte de lo bueno de las pel\u00edculas de terror antiguas.<\/p>\n<p>Digo en parte porque\u00a0 entre tanto homenaje se pierde un poco la intensidad y que haya algo m\u00e1s de miedo o angustia.<\/p>\n<p>Merece la pena, un buen inicio para un director novel.<\/p>\n<p>Saludos fremen<\/p>\n","protected":false},"excerpt":{"rendered":"<p>O, como la han traducido en Espa\u00f1a, La maldici\u00f3n del Hombre Lobo. Estos \u00faltimos a\u00f1os la celebraci\u00f3n de Halloween se ha alargado durante todo el mes de Octubre, el mes spooky, en lugar de una sola noche. Una de las cosas buenas que tiene es que nos lleguen antes sorpresas como esta pel\u00edcula en lugar &hellip; <a href=\"http:\/\/zonadelta.net\/atreides\/?p=5237\" class=\"more-link\">Sigue leyendo <span class=\"screen-reader-text\">Werewolf by night<\/span><\/a><\/p>\n","protected":false},"author":2,"featured_media":0,"comment_status":"open","ping_status":"open","sticky":false,"template":"","format":"standard","meta":{"iawp_total_views":5,"footnotes":""},"categories":[88,20,10,92,87],"tags":[1083,3378,3377,3376,3375],"class_list":["post-5237","post","type-post","status-publish","format-standard","hentry","category-accion","category-cine","category-comic","category-superheroes","category-terror-2","tag-gael-garcia-bernal","tag-gerry-conway","tag-laura-donnelly","tag-michael-giacchino","tag-mike-ploog"],"_links":{"self":[{"href":"http:\/\/zonadelta.net\/atreides\/index.php?rest_route=\/wp\/v2\/posts\/5237","targetHints":{"allow":["GET"]}}],"collection":[{"href":"http:\/\/zonadelta.net\/atreides\/index.php?rest_route=\/wp\/v2\/posts"}],"about":[{"href":"http:\/\/zonadelta.net\/atreides\/index.php?rest_route=\/wp\/v2\/types\/post"}],"author":[{"embeddable":true,"href":"http:\/\/zonadelta.net\/atreides\/index.php?rest_route=\/wp\/v2\/users\/2"}],"replies":[{"embeddable":true,"href":"http:\/\/zonadelta.net\/atreides\/index.php?rest_route=%2Fwp%2Fv2%2Fcomments&post=5237"}],"version-history":[{"count":5,"href":"http:\/\/zonadelta.net\/atreides\/index.php?rest_route=\/wp\/v2\/posts\/5237\/revisions"}],"predecessor-version":[{"id":5242,"href":"http:\/\/zonadelta.net\/atreides\/index.php?rest_route=\/wp\/v2\/posts\/5237\/revisions\/5242"}],"wp:attachment":[{"href":"http:\/\/zonadelta.net\/atreides\/index.php?rest_route=%2Fwp%2Fv2%2Fmedia&parent=5237"}],"wp:term":[{"taxonomy":"category","embeddable":true,"href":"http:\/\/zonadelta.net\/atreides\/index.php?rest_route=%2Fwp%2Fv2%2Fcategories&post=5237"},{"taxonomy":"post_tag","embeddable":true,"href":"http:\/\/zonadelta.net\/atreides\/index.php?rest_route=%2Fwp%2Fv2%2Ftags&post=5237"}],"curies":[{"name":"wp","href":"https:\/\/api.w.org\/{rel}","templated":true}]}}