{"id":5180,"date":"2022-08-16T11:29:37","date_gmt":"2022-08-16T09:29:37","guid":{"rendered":"http:\/\/zonadelta.net\/atreides\/?p=5180"},"modified":"2022-08-18T10:35:53","modified_gmt":"2022-08-18T08:35:53","slug":"exposicion-comics-suenos-e-historia","status":"publish","type":"post","link":"http:\/\/zonadelta.net\/atreides\/?p=5180","title":{"rendered":"Exposici\u00f3n Comics. Sue\u00f1os e Historia"},"content":{"rendered":"<figure style=\"width: 635px\" class=\"wp-caption aligncenter\"><img loading=\"lazy\" decoding=\"async\" src=\"https:\/\/caixaforum.org\/documents\/307142\/29742759\/Comic_cartell_desktop_es.jpg\/13bf65e0-eb95-90e2-5a21-0437864e0113?version=1.0&amp;t=1649068039053\" alt=\"C\u00f3mic. Sue\u00f1os e historia\" width=\"635\" height=\"800\" \/><figcaption class=\"wp-caption-text\">Ilustraci\u00f3n Ana Galva\u00f1<\/figcaption><\/figure>\n<p style=\"text-align: justify;\">El s\u00e1bado pasado pude por fin acercarme a la exposici\u00f3n que da t\u00edtulo a esta entrada y que se exhibe en el Caixaforum del Paseo del Prado en Madrid.<\/p>\n<p style=\"text-align: justify;\">Sinceramente, no he visto una exposici\u00f3n sobre c\u00f3mic mejor que esta. No me refiero a museos, he estado en el museo de Tint\u00edn o en el Mus\u00e9e de la Bande Dessin\u00e9e y son sensacionales. Me refiero a una exposici\u00f3n temporal como es esta, que de hecho solo dura en madrid hasta el 28 de Agosto, y que es impresionante desde todo punto de vista.<!--more--><\/p>\n<p><a title=\"IMG_20220806_200701\" href=\"https:\/\/www.flickr.com\/photos\/193617684@N08\/52282998261\/in\/dateposted-public\/\" data-flickr-embed=\"true\"><img loading=\"lazy\" decoding=\"async\" src=\"https:\/\/live.staticflickr.com\/65535\/52282998261_8a62cd64f6_z.jpg\" alt=\"IMG_20220806_200701\" width=\"640\" height=\"480\" \/><\/a><\/p>\n<p style=\"text-align: justify;\">Lo primero, al llegar al CaixaForum impresiona much\u00edsimo el jard\u00edn vertical. Cuando lo inauguraron, bueno, era original pero no impactaba. A d\u00eda de hoy es espectacular y merece la pena echarle un buen vistazo.<\/p>\n<figure style=\"width: 592px\" class=\"wp-caption aligncenter\"><a title=\"IMG_20220806_181949\" href=\"https:\/\/www.flickr.com\/photos\/193617684@N08\/52283502545\/in\/dateposted-public\/\" target=\"_blank\" rel=\"noopener noreferrer\" data-flickr-embed=\"true\"><img loading=\"lazy\" decoding=\"async\" src=\"https:\/\/live.staticflickr.com\/65535\/52283502545_826871c1d8_b.jpg\" alt=\"IMG_20220806_181949\" width=\"592\" height=\"1024\" \/><\/a><figcaption class=\"wp-caption-text\">Little Nemo in Slumberland de Winsor McCay<\/figcaption><\/figure>\n<p>&nbsp;<\/p>\n<p style=\"text-align: justify;\">A partir de ah\u00ed accedimos (fui con mi mujer, mi hermano y su mujer) a la exposici\u00f3n y ya el comienzo es sensacional. Esta primera sala trata del origen del c\u00f3mic occidental y poder ver originales de Topfer o de Krazy Kat ya ser\u00eda un sue\u00f1o pero es que, al lado de una recreaci\u00f3n de su habitaci\u00f3n, estaban los originales de Little Nemo in Slumberland de Winsor McCay de una calidad comparable con los mejores de cualquier otra \u00e9poca por su virtuosismo t\u00e9cnico, por supuesto, pero sobre todo por su infinita imaginaci\u00f3n.<\/p>\n<figure style=\"width: 748px\" class=\"wp-caption aligncenter\"><a title=\"IMG_20220806_183226\" href=\"https:\/\/www.flickr.com\/photos\/193617684@N08\/52283289809\/in\/dateposted-public\/\" target=\"_blank\" rel=\"noopener noreferrer\" data-flickr-embed=\"true\"><img loading=\"lazy\" decoding=\"async\" src=\"https:\/\/live.staticflickr.com\/65535\/52283289809_52802b3306_b.jpg\" alt=\"IMG_20220806_183226\" width=\"748\" height=\"1024\" \/><\/a><figcaption class=\"wp-caption-text\">Tarz\u00e1n de Hal Foster<\/figcaption><\/figure>\n<p>&nbsp;<\/p>\n<p style=\"text-align: justify;\">A partir de aqu\u00ed todo fue a\u00fan mejor. Pasamos a una sala con los cl\u00e1sicos de las tiras de prensa. Ah\u00ed estaban, unos al lado de los otros, desde Betty Boop, Dick Tracy o Felix the Cat hasta algunos c\u00f3mics legendarios, muchos de ellos los le\u00ed de ni\u00f1os. Estaba Mandrake y The Phantom de Lee Falk, estaban, uno al lado del otro, dos originales de Tarz\u00e1n para poder comparar el estilo majestuoso de Hal Foster y el din\u00e1mico de Burne Hogarth.<\/p>\n<figure style=\"width: 618px\" class=\"wp-caption aligncenter\"><a title=\"IMG_20220806_183301\" href=\"https:\/\/www.flickr.com\/photos\/193617684@N08\/52283034078\/in\/dateposted-public\/\" target=\"_blank\" rel=\"noopener noreferrer\" data-flickr-embed=\"true\"><img loading=\"lazy\" decoding=\"async\" src=\"https:\/\/live.staticflickr.com\/65535\/52283034078_b6d367959b_b.jpg\" alt=\"IMG_20220806_183301\" width=\"618\" height=\"1024\" \/><\/a><figcaption class=\"wp-caption-text\">Tarz\u00e1n de Burne Hogarth<\/figcaption><\/figure>\n<p>&nbsp;<\/p>\n<p style=\"text-align: justify;\">Pero si estos me emocionaron, ver los originales de Flash Gordon de Alex Raymond y del Pr\u00edncipe Valiente de Hal Foster ya fue el momento cumbre.<\/p>\n<figure style=\"width: 680px\" class=\"wp-caption aligncenter\"><a title=\"IMG_20220806_183401\" href=\"https:\/\/www.flickr.com\/photos\/193617684@N08\/52283036263\/in\/dateposted-public\/\" target=\"_blank\" rel=\"noopener noreferrer\" data-flickr-embed=\"true\"><img loading=\"lazy\" decoding=\"async\" src=\"https:\/\/live.staticflickr.com\/65535\/52283036263_de2bc2c5ea_b.jpg\" alt=\"IMG_20220806_183401\" width=\"680\" height=\"1024\" \/><\/a><figcaption class=\"wp-caption-text\">Flash Gordon de Alex Raymond<\/figcaption><\/figure>\n<p>&nbsp;<\/p>\n<p style=\"text-align: justify;\">Hab\u00eda muchos m\u00e1s, como Jim de la Jungla, otra sala inolvidable que a\u00fan ten\u00eda otros c\u00f3mics inolvidables como Terry y los piratas de Milton Caniff, el gran maestro de las sombras.<\/p>\n<figure style=\"width: 692px\" class=\"wp-caption aligncenter\"><a title=\"IMG_20220806_183711b\" href=\"https:\/\/www.flickr.com\/photos\/193617684@N08\/52283044633\/in\/dateposted-public\/\" target=\"_blank\" rel=\"noopener noreferrer\" data-flickr-embed=\"true\"><img loading=\"lazy\" decoding=\"async\" src=\"https:\/\/live.staticflickr.com\/65535\/52283044633_88015bc106_b.jpg\" alt=\"IMG_20220806_183711b\" width=\"692\" height=\"1024\" \/><\/a><figcaption class=\"wp-caption-text\">El pr\u00edncipe Valiente de Hal Foster<\/figcaption><\/figure>\n<p>&nbsp;<\/p>\n<p style=\"text-align: justify;\">Continuamos y no quiero hacer la entrada un cat\u00e1logo de todos los que vimos solo mencionar que la exposici\u00f3n tiene salas tem\u00e1ticas en un recorrido por el c\u00f3mic occidental y dedica salas al c\u00f3mic franco-belga, con Tint\u00edn, Asterix, Los P\u00eetufos pero tambi\u00e9n a XIII, El incal, Jeremiah o Blueberry.<\/p>\n<figure style=\"width: 1415px\" class=\"wp-caption aligncenter\"><a title=\"IMG_20220806_194813b\" href=\"https:\/\/www.flickr.com\/photos\/193617684@N08\/52283311589\/in\/dateposted-public\/\" target=\"_blank\" rel=\"noopener noreferrer\" data-flickr-embed=\"true\"><img loading=\"lazy\" decoding=\"async\" src=\"https:\/\/live.staticflickr.com\/65535\/52283311589_038225e592_k.jpg\" alt=\"IMG_20220806_194813b\" width=\"1415\" height=\"2048\" \/><\/a><figcaption class=\"wp-caption-text\">El Incal de Moebius<\/figcaption><\/figure>\n<p>&nbsp;<\/p>\n<p style=\"text-align: justify;\">Al c\u00f3mic espa\u00f1ol, con El guerrero del Antifaz, el Jabato o el Capit\u00e1n Trueno pero tambi\u00e9n con Makoki, el Mercenario o Torpedo 1936<\/p>\n<figure style=\"width: 1024px\" class=\"wp-caption aligncenter\"><a title=\"IMG_20220806_191048\" href=\"https:\/\/www.flickr.com\/photos\/193617684@N08\/52282080167\/in\/dateposted-public\/\" target=\"_blank\" rel=\"noopener noreferrer\" data-flickr-embed=\"true\"><img loading=\"lazy\" decoding=\"async\" src=\"https:\/\/live.staticflickr.com\/65535\/52282080167_c1945b8135_k.jpg\" alt=\"IMG_20220806_191048\" width=\"1024\" height=\"2048\" \/><\/a><figcaption class=\"wp-caption-text\">El Mercenario de Vicente Segrelles<\/figcaption><\/figure>\n<p>&nbsp;<\/p>\n<p style=\"text-align: justify;\">Al c\u00f3mic argentino e italiano con Rank Xerox, El gaucho de Manara, Druuna, Vacaciones fatales o Corto Malt\u00e9s.<\/p>\n<figure style=\"width: 2048px\" class=\"wp-caption aligncenter\"><a title=\"IMG_20220806_193843\" href=\"https:\/\/www.flickr.com\/photos\/193617684@N08\/52283062291\/in\/dateposted-public\/\" target=\"_blank\" rel=\"noopener noreferrer\" data-flickr-embed=\"true\"><img loading=\"lazy\" decoding=\"async\" src=\"https:\/\/live.staticflickr.com\/65535\/52283062291_1f2cb44bd6_k.jpg\" alt=\"IMG_20220806_193843\" width=\"2048\" height=\"1024\" \/><\/a><figcaption class=\"wp-caption-text\">Lo mejor de dos mundos, Milo Manara homenajeando a Corto Malt\u00e9s de Hugo Pratt<\/figcaption><\/figure>\n<p>&nbsp;<\/p>\n<p style=\"text-align: justify;\">Al c\u00f3mic independiente americano con autores tan dispares como Bill Watterson y su maravilloso Calvin y Hobbes a Frank Miller con Sin City o 300, pasando por Robert Crumb y su Mr. Natural o Daniel Clowes entre muchos otros.<\/p>\n<figure style=\"width: 2048px\" class=\"wp-caption aligncenter\"><a title=\"IMG_20220806_195239\" href=\"https:\/\/www.flickr.com\/photos\/193617684@N08\/52283064151\/in\/dateposted-public\/\" target=\"_blank\" rel=\"noopener noreferrer\" data-flickr-embed=\"true\"><img loading=\"lazy\" decoding=\"async\" src=\"https:\/\/live.staticflickr.com\/65535\/52283064151_78a2e52eb6_k.jpg\" alt=\"IMG_20220806_195239\" width=\"2048\" height=\"1024\" \/><\/a><figcaption class=\"wp-caption-text\">El maravilloso Calvin and Hobbes de Bill Watterson<\/figcaption><\/figure>\n<p>&nbsp;<\/p>\n<p style=\"text-align: justify;\">Menci\u00f3n especial merece la sala del c\u00f3mic de superh\u00e9roes para bien y para mal. Yo soy hijo del c\u00f3mic de superh\u00e9roes. Mis primeros recuerdos son en la guarder\u00eda con cinco a\u00f1os preguntando qu\u00e9 era el mu\u00f1eco que ten\u00eda otro de los ni\u00f1os y este contest\u00e1ndome \u00abEs Batman\u00bb. Desde entonces, mi personaje favorito. Mi otro recuerdo es ver en casa de unos vecinos un c\u00f3mic con namor y la antorcha humana en blanco y negro. Entonces no sab\u00eda leer pero se me quedaron los personajes y muchos a\u00f1os despu\u00e9s descubr\u00ed que eran Los invasores de Marvel.<\/p>\n<figure style=\"width: 2048px\" class=\"wp-caption aligncenter\"><a title=\"IMG_20220806_192601\" href=\"https:\/\/www.flickr.com\/photos\/193617684@N08\/52283548325\/in\/dateposted-public\/\" target=\"_blank\" rel=\"noopener noreferrer\" data-flickr-embed=\"true\"><img loading=\"lazy\" decoding=\"async\" src=\"https:\/\/live.staticflickr.com\/65535\/52283548325_e47ea847b6_k.jpg\" alt=\"IMG_20220806_192601\" width=\"2048\" height=\"1024\" \/><\/a><figcaption class=\"wp-caption-text\">Blueberry de Jean Giraud (Moebius)<\/figcaption><\/figure>\n<p>&nbsp;<\/p>\n<p style=\"text-align: justify;\">Por supuesto, el lector puede poner completamente en cuarentena estas afirmaciones, son recuerdos con muchas d\u00e9cadas de antig\u00fcedad y es posible que no sucedieran as\u00b4i.<\/p>\n<p style=\"text-align: justify;\">Sin embargo, s\u00ed que me marcaron y, aunque leo todo tipo de c\u00f3mics como se puede ver en el blog, los superh\u00e9roes me marcaron, sobre todo porque cuando empec\u00e9 a comprarlos en serio fue en los a\u00f1os 80 y coincidi\u00f3 esto con la revoluci\u00f3n de estos en DC. Para un reci\u00e9n adolescente empezar a leer El Regreso del Se\u00f1or de la Noche, Crisis en Tierras Infinitas, The Man of Steel de John Byrne y Watchmen me enganch\u00f3 para siempre. Adem\u00e1s, fue una apoteosis de talento y grandes historias en esa \u00e9poca que tambi\u00e9n ten\u00edan en Marvel grandes c\u00f3mics, sobre todo X-Men, pero tambi\u00e9n otros como el Thor de Simonson o los 4 Fant\u00e1sticos de Byrne.<\/p>\n<figure style=\"width: 2048px\" class=\"wp-caption aligncenter\"><a title=\"IMG_20220806_195346\" href=\"https:\/\/www.flickr.com\/photos\/193617684@N08\/52283076073\/in\/dateposted-public\/\" target=\"_blank\" rel=\"noopener noreferrer\" data-flickr-embed=\"true\"><img loading=\"lazy\" decoding=\"async\" src=\"https:\/\/live.staticflickr.com\/65535\/52283076073_36500ba474_k.jpg\" alt=\"IMG_20220806_195346\" width=\"2048\" height=\"1024\" \/><\/a><figcaption class=\"wp-caption-text\">Sin City de Frank Miller<\/figcaption><\/figure>\n<p>&nbsp;<\/p>\n<p style=\"text-align: justify;\">As\u00ed que ten\u00eda especial inter\u00e9s en esa sala. La \u00fanica pega que le pongo es que nos prohibieron hacer fotos en ella. Se puede fotografiar, como pod\u00e9is ver, toda la exposici\u00f3n. Sin embargo esta parte no.<\/p>\n<p style=\"text-align: justify;\">Dejando esto aparte, fue muy emocionante ver varias portadas del gran Neal Adams para Batman, los 4 Fant\u00e1sticos de Jack Kirby, Spiderman de Steve Ditko, Elektra Asesina de Sienkiewicz y no estaba el Daredevil de Miller pero s\u00ed una portada suya de Spiderman. El broche de oro era el \u00faltimo original de la exposici\u00f3n, una p\u00e1gina de Watchmen de Dave Gibbons.<\/p>\n<p style=\"text-align: justify;\">No era muy extensa pero s\u00ed impresionante.<\/p>\n<figure style=\"width: 1024px\" class=\"wp-caption alignnone\"><a title=\"IMG_20220806_194608\" href=\"https:\/\/www.flickr.com\/photos\/193617684@N08\/52283549820\/in\/dateposted-public\/\" target=\"_blank\" rel=\"noopener noreferrer\" data-flickr-embed=\"true\"><img loading=\"lazy\" decoding=\"async\" src=\"https:\/\/live.staticflickr.com\/65535\/52283549820_44d654b426_k.jpg\" alt=\"IMG_20220806_194608\" width=\"1024\" height=\"2048\" \/><\/a><figcaption class=\"wp-caption-text\">Tambi\u00e9n ten\u00edan originales de Frank Frazetta<\/figcaption><\/figure>\n<p>De hecho la exposici\u00f3n incluye cerca de 300 originales, una cifra enorme pero que, si te paras a pensar, recuerdas c\u00f3mics que tendr\u00edan que estar ah\u00ed. Es el ejemplo perfecto del aforismo \u00abNo est\u00e1n todos los que son, pero son todos los que est\u00e1n\u00bb. De hecho, me dejo por mencionar decenas de maestros que est\u00e1n ah\u00ed como Will Eisner, Hern\u00e1ndez Palacios, John Buscema, John Romita, Carl Barks, Floyd Gottfredson, Juan Gim\u00e9nez, Bernie Wrightson, Frank Frazetta, Esteban Maroto, Crisse, Max o Richard Corben, que me vengan a la cabeza.<\/p>\n<figure style=\"width: 1024px\" class=\"wp-caption aligncenter\"><a title=\"IMG_20220806_194253\" href=\"https:\/\/www.flickr.com\/photos\/193617684@N08\/52283062441\/in\/dateposted-public\/\" target=\"_blank\" rel=\"noopener noreferrer\" data-flickr-embed=\"true\"><img loading=\"lazy\" decoding=\"async\" src=\"https:\/\/live.staticflickr.com\/65535\/52283062441_b4b452972a_k.jpg\" alt=\"IMG_20220806_194253\" width=\"1024\" height=\"2048\" \/><\/a><figcaption class=\"wp-caption-text\">La mil y una noches de Richard Corben<\/figcaption><\/figure>\n<p style=\"text-align: justify;\">Me gustaron tambi\u00e9n los paneles explicativos bastante claros y que contextualizaban muy bien cada sala.<\/p>\n<figure style=\"width: 1409px\" class=\"wp-caption aligncenter\"><a title=\"IMG_20220806_191819\" href=\"https:\/\/www.flickr.com\/photos\/193617684@N08\/52283056441\/in\/dateposted-public\/\" target=\"_blank\" rel=\"noopener noreferrer\" data-flickr-embed=\"true\"><img loading=\"lazy\" decoding=\"async\" src=\"https:\/\/live.staticflickr.com\/65535\/52283056441_55c548b435_k.jpg\" alt=\"IMG_20220806_191819\" width=\"1409\" height=\"2048\" \/><\/a><figcaption class=\"wp-caption-text\">Tint\u00edn Viaje a la Luna de Herg\u00e9<\/figcaption><\/figure>\n<p>&nbsp;<\/p>\n<p style=\"text-align: justify;\">Otros detalles que me gustaron mucho fueron los elementos decorativos para las salas. Hab\u00eda un Spitfire en la sala de Caniff, la cama que mencionaba antes de Little Nemo, un precioso diorama dise\u00f1ado por Paco Roca con los autores espa\u00f1oles, una recreaci\u00f3n del edificio de 13 Rue del Percebe de Francisco Ib\u00e1\u00f1ez o una recreaci\u00f3n de la aldea gala de Asterix, Obelix e Ideafix<\/p>\n<figure style=\"width: 2048px\" class=\"wp-caption aligncenter\"><a title=\"IMG_20220806_193545\" href=\"https:\/\/www.flickr.com\/photos\/193617684@N08\/52282081917\/in\/dateposted-public\/\" target=\"_blank\" rel=\"noopener noreferrer\" data-flickr-embed=\"true\"><img loading=\"lazy\" decoding=\"async\" src=\"https:\/\/live.staticflickr.com\/65535\/52282081917_abc595a655_k.jpg\" alt=\"IMG_20220806_193545\" width=\"2048\" height=\"1024\" \/><\/a><figcaption class=\"wp-caption-text\">Mafalda de Quino<\/figcaption><\/figure>\n<p>&nbsp;<\/p>\n<p style=\"text-align: justify;\">En cuanto a la duraci\u00f3n de la exposici\u00f3n, nosotros la vimos en dos horas y nos fue justito.<\/p>\n<p style=\"text-align: justify;\">La exposici\u00f3n termina a finales de Agosto en Madrid y es una gran manera de pasar una tarde de calor, fresquitos y viendo la exposici\u00f3n. A partir de entonces recorrer\u00e1 los otros Caixaforum que hay repartidos por el pa\u00eds, as\u00ed que merece la pena estar atentos para cuando llegue a vuestra ciudad.<\/p>\n<figure style=\"width: 1364px\" class=\"wp-caption aligncenter\"><a title=\"IMG_20220806_194350\" href=\"https:\/\/www.flickr.com\/photos\/193617684@N08\/52283074168\/in\/dateposted-public\/\" target=\"_blank\" rel=\"noopener noreferrer\" data-flickr-embed=\"true\"><img loading=\"lazy\" decoding=\"async\" src=\"https:\/\/live.staticflickr.com\/65535\/52283074168_888094b258_k.jpg\" alt=\"IMG_20220806_194350\" width=\"1364\" height=\"2048\" \/><\/a><figcaption class=\"wp-caption-text\">Partida de Caza de Pierre Christin y Enki Bilal<\/figcaption><\/figure>\n<p>&nbsp;<\/p>\n<p style=\"text-align: justify;\">La exposici\u00f3n cuesta seis euros pero es gratis para los clientes de CaixaBank.<\/p>\n<p style=\"text-align: justify;\">La exposici\u00f3n se ha podido realizar gracias a uno de los mayores coleccionistas del mundo y comisario de la exposici\u00f3n, Bernard Mah\u00e9, Iv\u00e1n Pintor como guionista y asesor, junto a m\u00faltiples pr\u00e9stamos de otros coleccionistas e instituciones. Todo mi agradecimiento, hemos disfrutado enormemente de una exposici\u00f3n que ejemplifica sin duda por qu\u00e9 el c\u00f3mic es el 9\u00ba Arte.<\/p>\n<p>Despu\u00e9s de Madrid viajar\u00e1 a las siguientes ciudades:<\/p>\n<p>Barcelona Septiembre 2022 a Enero 2023<br \/>\nSevilla de Febrero a Junio de 2023<br \/>\nValencia de Julio a Octubre de 2023<br \/>\nZaragoza de Noviembre de 2023 a Marzo de 2024<br \/>\nLleida de Abril a Julio de 2024<br \/>\nGirona de Octubre de 2024 a Febrero de 2025<br \/>\nPalma de Marzo a Agosto de 2025<br \/>\nTarragona de Septiembre de 2025 a Febrero de 2026<\/p>\n<p style=\"text-align: justify;\">Saludos fremen<\/p>\n","protected":false},"excerpt":{"rendered":"<p>El s\u00e1bado pasado pude por fin acercarme a la exposici\u00f3n que da t\u00edtulo a esta entrada y que se exhibe en el Caixaforum del Paseo del Prado en Madrid. Sinceramente, no he visto una exposici\u00f3n sobre c\u00f3mic mejor que esta. No me refiero a museos, he estado en el museo de Tint\u00edn o en el &hellip; <a href=\"http:\/\/zonadelta.net\/atreides\/?p=5180\" class=\"more-link\">Sigue leyendo <span class=\"screen-reader-text\">Exposici\u00f3n Comics. Sue\u00f1os e Historia<\/span><\/a><\/p>\n","protected":false},"author":2,"featured_media":0,"comment_status":"open","ping_status":"open","sticky":false,"template":"","format":"standard","meta":{"iawp_total_views":12,"footnotes":""},"categories":[10],"tags":[1940,3345,3342,3337,3332,3343,3339,156,3338,1941,3340,3344,3333,3336,3334,3341,3335,3331],"class_list":["post-5180","post","type-post","status-publish","format-standard","hentry","category-comic","tag-alex-raymond","tag-bernard-mahe","tag-bilal","tag-bill-watterson","tag-burne-hoggarth","tag-caixaforum","tag-corben","tag-frank-miller","tag-frazetta","tag-hal-foster","tag-herge","tag-ivan-pintor","tag-jack-kirby","tag-manara","tag-moebius","tag-quino","tag-segrelles","tag-winsor-mccay"],"_links":{"self":[{"href":"http:\/\/zonadelta.net\/atreides\/index.php?rest_route=\/wp\/v2\/posts\/5180","targetHints":{"allow":["GET"]}}],"collection":[{"href":"http:\/\/zonadelta.net\/atreides\/index.php?rest_route=\/wp\/v2\/posts"}],"about":[{"href":"http:\/\/zonadelta.net\/atreides\/index.php?rest_route=\/wp\/v2\/types\/post"}],"author":[{"embeddable":true,"href":"http:\/\/zonadelta.net\/atreides\/index.php?rest_route=\/wp\/v2\/users\/2"}],"replies":[{"embeddable":true,"href":"http:\/\/zonadelta.net\/atreides\/index.php?rest_route=%2Fwp%2Fv2%2Fcomments&post=5180"}],"version-history":[{"count":5,"href":"http:\/\/zonadelta.net\/atreides\/index.php?rest_route=\/wp\/v2\/posts\/5180\/revisions"}],"predecessor-version":[{"id":5188,"href":"http:\/\/zonadelta.net\/atreides\/index.php?rest_route=\/wp\/v2\/posts\/5180\/revisions\/5188"}],"wp:attachment":[{"href":"http:\/\/zonadelta.net\/atreides\/index.php?rest_route=%2Fwp%2Fv2%2Fmedia&parent=5180"}],"wp:term":[{"taxonomy":"category","embeddable":true,"href":"http:\/\/zonadelta.net\/atreides\/index.php?rest_route=%2Fwp%2Fv2%2Fcategories&post=5180"},{"taxonomy":"post_tag","embeddable":true,"href":"http:\/\/zonadelta.net\/atreides\/index.php?rest_route=%2Fwp%2Fv2%2Ftags&post=5180"}],"curies":[{"name":"wp","href":"https:\/\/api.w.org\/{rel}","templated":true}]}}