{"id":4812,"date":"2021-12-08T01:19:23","date_gmt":"2021-12-08T00:19:23","guid":{"rendered":"http:\/\/zonadelta.net\/atreides\/?p=4812"},"modified":"2022-10-13T20:13:13","modified_gmt":"2022-10-13T18:13:13","slug":"cronica-de-madrid-comic-pop-up-2021","status":"publish","type":"post","link":"http:\/\/zonadelta.net\/atreides\/?p=4812","title":{"rendered":"Cr\u00f3nica de Madrid Comic Pop Up 2021"},"content":{"rendered":"<figure style=\"width: 1911px\" class=\"wp-caption aligncenter\"><a title=\"Portada\" href=\"https:\/\/www.flickr.com\/photos\/193617684@N08\/51732827465\/in\/dateposted-public\/\" target=\"_blank\" rel=\"noopener noreferrer\" data-flickr-embed=\"true\"><img loading=\"lazy\" decoding=\"async\" src=\"https:\/\/live.staticflickr.com\/65535\/51732827465_9916cb49a3_o.jpg\" alt=\"Portada\" width=\"1911\" height=\"1075\" \/><\/a><figcaption class=\"wp-caption-text\">Cartel de Nacho<\/figcaption><\/figure>\n<p style=\"text-align: justify;\">Se termin\u00f3 el evento con el que se volv\u00eda a celebrar un Sal\u00f3n del C\u00f3mic en Madrid despu\u00e9s de la suspensi\u00f3n del a\u00f1o pasado. Echemos un breve vistazo a lo m\u00e1s destacado.<\/p>\n<p style=\"text-align: justify;\"><!--more--><\/p>\n<figure style=\"width: 4000px\" class=\"wp-caption aligncenter\"><a title=\"IMG_20211204_163351\" href=\"https:\/\/www.flickr.com\/photos\/193617684@N08\/51732196533\/in\/dateposted-public\/\" target=\"_blank\" rel=\"noopener noreferrer\" data-flickr-embed=\"true\"><img loading=\"lazy\" decoding=\"async\" src=\"https:\/\/live.staticflickr.com\/65535\/51732196533_18c94d6649_o.jpg\" alt=\"IMG_20211204_163351\" width=\"4000\" height=\"3000\" \/><\/a><figcaption class=\"wp-caption-text\">El aspecto era bastante desangelado<\/figcaption><\/figure>\n<p style=\"text-align: justify;\">Hay que tener en cuenta que seguimos en pandemia, que los casos en este fin de semana en Madrid estaban en 245 por 100.000 habitantes y que est\u00e1 el puente de la Constituci\u00f3n que es el m\u00e1s largo del a\u00f1o.<\/p>\n<p style=\"text-align: justify;\">Supongo que todo esto habr\u00e1 hecho mucho m\u00e1s dif\u00edcil la vuelta de un sal\u00f3n. Por ejemplo, la Heroes Comic Con se celebr\u00f3 en 2019 y no ha vuelto.<\/p>\n<p style=\"text-align: justify;\">Digo todo esto porque son razones que en parte explican que haya sido un evento a escala de lo que han sido los otros a\u00f1os.<\/p>\n<p style=\"text-align: justify;\">Se ha celebrado en el pabell\u00f3n 6 de Ifema, utilizando solo una parte del pabell\u00f3n porque hab\u00eda tan pocos expositores que no se necesitaba m\u00e1s. Realmente, ver el sal\u00f3n no llevaba m\u00e1s de media hora o tres cuartos de hora.<\/p>\n<figure style=\"width: 4000px\" class=\"wp-caption aligncenter\"><a title=\"IMG_20211204_163807\" href=\"https:\/\/www.flickr.com\/photos\/193617684@N08\/51732607479\/in\/dateposted-public\/\" target=\"_blank\" rel=\"noopener noreferrer\" data-flickr-embed=\"true\"><img loading=\"lazy\" decoding=\"async\" src=\"https:\/\/live.staticflickr.com\/65535\/51732607479_b5dd77ab7c_o.jpg\" alt=\"IMG_20211204_163807\" width=\"4000\" height=\"3000\" \/><\/a><figcaption class=\"wp-caption-text\">El Artist Alley<\/figcaption><\/figure>\n<p style=\"text-align: justify;\">Pero s\u00ed ten\u00eda distintas actividades. Una selecci\u00f3n de m\u00e1quinas recreativas que, aunque no eran muchas, estaban muy bien y que eran recreaciones de m\u00e1quinas como la de Space Invaders o la Egret II de Taito muy bien restauradas.<\/p>\n<figure style=\"width: 4000px\" class=\"wp-caption aligncenter\"><a title=\"IMG_20211205_121326\" href=\"https:\/\/www.flickr.com\/photos\/193617684@N08\/51731951411\/in\/dateposted-public\/\" data-flickr-embed=\"true\"><img loading=\"lazy\" decoding=\"async\" src=\"https:\/\/live.staticflickr.com\/65535\/51731951411_8e89297ddc_o.jpg\" alt=\"IMG_20211205_121326\" width=\"4000\" height=\"2000\" \/><\/a><figcaption class=\"wp-caption-text\">En 2021 poder jugar a Space Invaders en una m\u00e1quina con los vinilos de la original est\u00e1 muy bien<\/figcaption><\/figure>\n<p style=\"text-align: justify;\">Tambi\u00e9n hab\u00eda espect\u00e1culo de lucha libre. Es el uno de los dos momentos en que hab\u00eda aglomeraciones, pero ya hablaremos de ello.<\/p>\n<p style=\"text-align: justify;\">La academia ESDIP realizaba distintos talleres de dibujo.<\/p>\n<figure style=\"width: 4000px\" class=\"wp-caption aligncenter\"><a title=\"IMG_20211204_165701\" href=\"https:\/\/www.flickr.com\/photos\/193617684@N08\/51731988146\/in\/dateposted-public\/\" target=\"_blank\" rel=\"noopener noreferrer\" data-flickr-embed=\"true\"><img loading=\"lazy\" decoding=\"async\" src=\"https:\/\/live.staticflickr.com\/65535\/51731988146_5e1f303f56_o.jpg\" alt=\"IMG_20211204_165701\" width=\"4000\" height=\"2000\" \/><\/a><figcaption class=\"wp-caption-text\">La exposici\u00f3n de Goomer<\/figcaption><\/figure>\n<p style=\"text-align: justify;\">Hab\u00eda tres mini exposiciones dedicadas a Goomer, a Jorge Forn\u00e9s y al TMEO, eso s\u00ed, sin originales.<\/p>\n<p style=\"text-align: justify;\">Hab\u00eda un artist alley peque\u00f1ito con autores con puestos.<\/p>\n<p style=\"text-align: justify;\">Un stand de Netflix con The Witcher.<\/p>\n<p style=\"text-align: justify;\">De editoriales que yo recuerde solo estaban La c\u00fapula, Dolmen, Norma y Drakul.<\/p>\n<p style=\"text-align: justify;\">De tiendas especializadas solo Generaci\u00f3n X. De Segunda mano Mundo Fantas\u00eda. Apenas una de venta de camisetas, dos de venta de Funkos, Impact Game de videojuegos, una tienda de comida japonesa, tres o cuatro puestos de comida.<\/p>\n<p style=\"text-align: justify;\">Los dos escenarios que eran peque\u00f1as salas para hacer charlas y coloquios.<\/p>\n<figure style=\"width: 4000px\" class=\"wp-caption aligncenter\"><a title=\"IMG_20211204_171331\" href=\"https:\/\/www.flickr.com\/photos\/193617684@N08\/51731955901\/in\/dateposted-public\/\" target=\"_blank\" rel=\"noopener noreferrer\" data-flickr-embed=\"true\"><img loading=\"lazy\" decoding=\"async\" src=\"https:\/\/live.staticflickr.com\/65535\/51731955901_3c2e7de1d6_o.jpg\" alt=\"IMG_20211204_171331\" width=\"4000\" height=\"2000\" \/><\/a><figcaption class=\"wp-caption-text\">Coloquio con Aeneke, Fernando Dagnino y Sergio D\u00e1vila sobre el dibujante en pandemia. Solo pude estar unos minutos para poder ir a hacer cola para las firmas de ellos mismos<\/figcaption><\/figure>\n<p style=\"text-align: justify;\">Sinceramente, lo mejor de este primer evento es que se haya celebrado y poder ver a gente que hac\u00eda mucho que no pod\u00edas ver, alegrarte que est\u00e9n bien. Gente como Juanjo, Alejandro o \u00c1ngel que solo nos vemos en estos saraos.<\/p>\n<p style=\"text-align: justify;\">Volver a ver a Florencia Sofen, adem\u00e1s con el impresionante cosplay que llevaba de Sylvie de la serie Loki, fue un alegr\u00f3n.<\/p>\n<figure style=\"width: 4000px\" class=\"wp-caption aligncenter\"><a title=\"IMG_20211205_124454\" href=\"https:\/\/www.flickr.com\/photos\/193617684@N08\/51732843265\/in\/dateposted-public\/\" data-flickr-embed=\"true\"><img loading=\"lazy\" decoding=\"async\" src=\"https:\/\/live.staticflickr.com\/65535\/51732843265_8b51da194c_o.jpg\" alt=\"IMG_20211205_124454\" width=\"4000\" height=\"2000\" \/><\/a><figcaption class=\"wp-caption-text\">Como siempre, Florencia Sofen estaba espectacular como Sylvie. El cosplay que llevaba era a\u00fan m\u00e1s impresionante de cerca<\/figcaption><\/figure>\n<p style=\"text-align: justify;\">Encontrarme de nuevo con Chechu al que no ve\u00eda desde que cerr\u00f3 Enigma Comics fue de lo mejor sin duda alguna.<\/p>\n<p style=\"text-align: justify;\">La otra parte interesante son los invitados y aqu\u00ed luces y sombras. Luces porque inteligentemente decidieron traer buenos autores espa\u00f1oles. Teniendo en cuenta la inmensa cantidad de talento en los c\u00f3mics y que much\u00edsimos de ellos son primer\u00edsimas estrellas tanto en Europa como en USA y otros en Espa\u00f1a, era una manera magn\u00edfica de poder tener un sal\u00f3n con invitados de primer nivel.<\/p>\n<figure style=\"width: 3000px\" class=\"wp-caption aligncenter\"><a title=\"Dagnino dibujando\" href=\"https:\/\/www.flickr.com\/photos\/193617684@N08\/51732840500\/in\/dateposted-public\/\" target=\"_blank\" rel=\"noopener noreferrer\" data-flickr-embed=\"true\"><img loading=\"lazy\" decoding=\"async\" src=\"https:\/\/live.staticflickr.com\/65535\/51732840500_f78b346f21_o.jpg\" alt=\"Dagnino dibujando\" width=\"3000\" height=\"4000\" \/><\/a><figcaption class=\"wp-caption-text\">Fernando Dagnino en su sesi\u00f3n de firmas. Muy amable e interesante<\/figcaption><\/figure>\n<p style=\"text-align: justify;\">Es cierto que los ha habido. Daniel Acu\u00f1a, Jorge Forn\u00e9s, Fernando Dagnino, o Sergio D\u00e1vila junto a Carlos Pacheco, que es una leyenda del c\u00f3mic, estuvieron all\u00ed.<\/p>\n<figure style=\"width: 3742px\" class=\"wp-caption aligncenter\"><a title=\"Blade Runner Dagnino\" href=\"https:\/\/www.flickr.com\/photos\/193617684@N08\/51732583294\/in\/dateposted-public\/\" target=\"_blank\" rel=\"noopener noreferrer\" data-flickr-embed=\"true\"><img loading=\"lazy\" decoding=\"async\" src=\"https:\/\/live.staticflickr.com\/65535\/51732583294_0e835506b9_o.jpg\" alt=\"Blade Runner Dagnino\" width=\"3742\" height=\"1948\" \/><\/a><figcaption class=\"wp-caption-text\">Espectacular Rick Deckard de Fernando Dagnino<\/figcaption><\/figure>\n<p style=\"text-align: justify;\">De hecho, Fernando Dagnino me hizo un dibujo espectacular de Rick Deckard y Sergio D\u00e1vila me firm\u00f3 Conan Asesino y adem\u00e1s me llev\u00e9 un boceto de una de las p\u00e1ginas del c\u00f3mic firmada.<\/p>\n<figure style=\"width: 5178px\" class=\"wp-caption aligncenter\"><a title=\"Conan Asesino\" href=\"https:\/\/www.flickr.com\/photos\/193617684@N08\/51732174893\/in\/dateposted-public\/\" data-flickr-embed=\"true\"><img loading=\"lazy\" decoding=\"async\" src=\"https:\/\/live.staticflickr.com\/65535\/51732174893_c8bcfc26e0_o.jpg\" alt=\"Conan Asesino\" width=\"5178\" height=\"4022\" \/><\/a><figcaption class=\"wp-caption-text\">Boceto de Sergio D\u00e1vila junto a la p\u00e1gina de Conan Asesino a la que corresponde<\/figcaption><\/figure>\n<p style=\"text-align: justify;\">Pero fueron muy pocos autores. Por ejemplo, apenas hace unas semanas estaban firmando Juanjo Guarnido y Juan D\u00edaz Canales en la Fnac de Madrid por el sexto \u00e1lbum de Blacksad. Aqu\u00ed no han estado.<\/p>\n<p style=\"text-align: justify;\">Tenemos decenas de autores de talla mundial de m\u00faltiples generaciones y apenas han podido estar a cinco o seis. As\u00ed que bien por traerlos, pero una l\u00e1stima traer tan pocos autores de renombre.<\/p>\n<p style=\"text-align: justify;\">Sin embargo, lo que no puedo entender es lo de la colas y la comprensi\u00f3n de la organizaci\u00f3n sobre el COVID.<\/p>\n<p style=\"text-align: justify;\">Sinceramente, creo que si no hay ning\u00fan brote ser\u00e1 sobre todo porque ha asistido muy poca gente, pero han habido momentos y lugares en que la organizaci\u00f3n podr\u00eda haber dado una mayor seguridad.<\/p>\n<p style=\"text-align: justify;\">Es cierto que a la entrada de IFEMA te toman la temperatura y hay gel hidroalcoh\u00f3lico. Tambi\u00e9n hay a la entrada del pabell\u00f3n.<\/p>\n<figure style=\"width: 4000px\" class=\"wp-caption aligncenter\"><a title=\"IMG_20211204_164307\" href=\"https:\/\/www.flickr.com\/photos\/193617684@N08\/51732196628\/in\/dateposted-public\/\" target=\"_blank\" rel=\"noopener noreferrer\" data-flickr-embed=\"true\"><img loading=\"lazy\" decoding=\"async\" src=\"https:\/\/live.staticflickr.com\/65535\/51732196628_d04a658482_o.jpg\" alt=\"IMG_20211204_164307\" width=\"4000\" height=\"2000\" \/><\/a><figcaption class=\"wp-caption-text\">El Wrestling antes de empezar. Se junt\u00f3 much\u00edsima gente en cuanto arrancaron<\/figcaption><\/figure>\n<p style=\"text-align: justify;\">Sin embargo, la organizaci\u00f3n no se preocup\u00f3 porque la gente no se amontonara en la zona de Wrestling.<\/p>\n<p style=\"text-align: justify;\">M\u00e1s preocupantes eran las colas que estaban en un lugar mucho m\u00e1s peque\u00f1o y con poca ventilaci\u00f3n.<\/p>\n<p style=\"text-align: justify;\">Lo de las colas en los salones es un mal end\u00e9mico que se repite siempre. Sin embargo, la vuelta de la pandemia trajo sentido com\u00fan y en las \u00faltimas firmas que organizaron en Omega Center y en FNAC hab\u00eda que inscribirse por email y si ten\u00edas la suerte de ser de los primeros, ten\u00edas dibujo y si no, ten\u00edas firma, hasta completar el n\u00famero de firmas.<\/p>\n<p style=\"text-align: justify;\">Es una l\u00e1stima que no se haya previsto de esa forma, aqu\u00ed los aficionados han tenido que esperar en las colas rodeados por los dem\u00e1s aficionados sin saber si tendr\u00edan dibujo o no y firmando los autores durante una \u00fanica hora. Tambi\u00e9n han coincidido los dibujantes de m\u00e1s renombre en la misma hora, por lo que hab\u00eda que elegir.<\/p>\n<figure style=\"width: 3000px\" class=\"wp-caption aligncenter\"><a title=\"D\u00e1vila firmando\" href=\"https:\/\/www.flickr.com\/photos\/193617684@N08\/51731131997\/in\/dateposted\/\" target=\"_blank\" rel=\"noopener noreferrer\" data-flickr-embed=\"true\"><img loading=\"lazy\" decoding=\"async\" src=\"https:\/\/live.staticflickr.com\/65535\/51731131997_44e87a7f9b_o.jpg\" alt=\"D\u00e1vila firmando\" width=\"3000\" height=\"4000\" \/><\/a><figcaption class=\"wp-caption-text\">Sergio D\u00e1vila firmando, al lado Fernando Dagnino y m\u00e1s atr\u00e1s Aneke<\/figcaption><\/figure>\n<p style=\"text-align: justify;\">Creo que se podr\u00eda haber hecho un poco mejor porque hab\u00eda sitio suficiente para que la gente no estuviera pegada y quiz\u00e1 la organizaci\u00f3n pod\u00eda haber puesto m\u00e1s de su parte para que no estuvi\u00e9ramos tan juntos.<\/p>\n<p style=\"text-align: justify;\">Lo bueno es que todo el mundo llevaba su mascarilla por iniciativa propia.<\/p>\n<p style=\"text-align: justify;\">Aparte de eso, he echado de menos la tradici\u00f3n de salones anteriores. Entiendo que con la pandemia, dar un folleto siquiera con las actividades no era buena idea. Esperemos que para los futuros salones lo recuperen.<\/p>\n<p style=\"text-align: justify;\">En cuanto a las tiendas, alguna como Generaci\u00f3n X s\u00ed hac\u00edan un 5% de descuento pero editoriales como Norma, que se llevaban el beneficio que normalmente tendr\u00eda la tienda, no hac\u00edan nada. Otras como Drakul te hac\u00edan todo tipo de regalos desde colgantes con Yggdrasil a comics en grapa. Pero no hab\u00eda un descuento ya que quien no va acreditado paga una entrada de 15,20 \u20ac gastos de gesti\u00f3n incluidos (?)<\/p>\n<p style=\"text-align: justify;\">As\u00ed que, si lo miramos objetivamente ha sido un sal\u00f3n muy menor, pero si tenemos en cuenta las enormes dificultades para sacar adelante un sal\u00f3n y que, al final, lo he disfrutado bastante con todas las cosas buenas que ha tenido y la gente que he vuelto a ver, esperemos que el a\u00f1o que viene se puedan superar las limitaciones de hacerlo en pandemia y que a partir de aqu\u00ed mejore con m\u00e1s y mejores invitados, mejores exposiciones, m\u00e1s actividades, aparte de que est\u00e9n las editoriales que han faltado como ECC, Astiberri, Planeta o Panini entre las grandes.<\/p>\n<p style=\"text-align: justify;\">Esperemos que el a\u00f1o que viene estemos mejor y el sal\u00f3n, con el segundo Madrid Comic Pop Up, sea de verdad el sal\u00f3n que los aficionados nos merecemos.<\/p>\n<p style=\"text-align: justify;\">Saludos fremen<\/p>\n<p style=\"text-align: justify;\">\n","protected":false},"excerpt":{"rendered":"<p>Se termin\u00f3 el evento con el que se volv\u00eda a celebrar un Sal\u00f3n del C\u00f3mic en Madrid despu\u00e9s de la suspensi\u00f3n del a\u00f1o pasado. Echemos un breve vistazo a lo m\u00e1s destacado.<\/p>\n","protected":false},"author":2,"featured_media":0,"comment_status":"open","ping_status":"open","sticky":false,"template":"","format":"standard","meta":{"iawp_total_views":5,"footnotes":""},"categories":[10,8],"tags":[2084,3110,1829,1830,3108,3112,3113,3109,3111],"class_list":["post-4812","post","type-post","status-publish","format-standard","hentry","category-comic","category-videojuegos","tag-dagnino","tag-davila","tag-drakul","tag-florencia-sofen","tag-fornes","tag-generacion-x","tag-norma","tag-pacheco","tag-space-invaders"],"_links":{"self":[{"href":"http:\/\/zonadelta.net\/atreides\/index.php?rest_route=\/wp\/v2\/posts\/4812","targetHints":{"allow":["GET"]}}],"collection":[{"href":"http:\/\/zonadelta.net\/atreides\/index.php?rest_route=\/wp\/v2\/posts"}],"about":[{"href":"http:\/\/zonadelta.net\/atreides\/index.php?rest_route=\/wp\/v2\/types\/post"}],"author":[{"embeddable":true,"href":"http:\/\/zonadelta.net\/atreides\/index.php?rest_route=\/wp\/v2\/users\/2"}],"replies":[{"embeddable":true,"href":"http:\/\/zonadelta.net\/atreides\/index.php?rest_route=%2Fwp%2Fv2%2Fcomments&post=4812"}],"version-history":[{"count":7,"href":"http:\/\/zonadelta.net\/atreides\/index.php?rest_route=\/wp\/v2\/posts\/4812\/revisions"}],"predecessor-version":[{"id":5246,"href":"http:\/\/zonadelta.net\/atreides\/index.php?rest_route=\/wp\/v2\/posts\/4812\/revisions\/5246"}],"wp:attachment":[{"href":"http:\/\/zonadelta.net\/atreides\/index.php?rest_route=%2Fwp%2Fv2%2Fmedia&parent=4812"}],"wp:term":[{"taxonomy":"category","embeddable":true,"href":"http:\/\/zonadelta.net\/atreides\/index.php?rest_route=%2Fwp%2Fv2%2Fcategories&post=4812"},{"taxonomy":"post_tag","embeddable":true,"href":"http:\/\/zonadelta.net\/atreides\/index.php?rest_route=%2Fwp%2Fv2%2Ftags&post=4812"}],"curies":[{"name":"wp","href":"https:\/\/api.w.org\/{rel}","templated":true}]}}