{"id":4793,"date":"2021-11-18T19:39:50","date_gmt":"2021-11-18T18:39:50","guid":{"rendered":"http:\/\/zonadelta.net\/atreides\/?p=4793"},"modified":"2021-11-18T19:43:54","modified_gmt":"2021-11-18T18:43:54","slug":"the-witcher-la-pesadilla-del-lobo","status":"publish","type":"post","link":"http:\/\/zonadelta.net\/atreides\/?p=4793","title":{"rendered":"The Witcher La pesadilla del lobo"},"content":{"rendered":"<p style=\"text-align: justify;\"><img decoding=\"async\" src=\"https:\/\/www.joblo.com\/wp-content\/uploads\/2021\/07\/The-Witcher-NOTW_Teaser_Vertical_RGB_PRE_EN-US.jpg\" alt=\"Nightmare of the Wolf trailer teases The Witcher animated feature\" \/><\/p>\n<p style=\"text-align: justify;\">Creo que puedo afirmar que soy muy fan de Geralt de Rivia. De los <a href=\"http:\/\/zonadelta.net\/atreides\/?p=712\">libros primero<\/a> y <a href=\"https:\/\/gamefilia.com\/atreidesxxi\/2012\/08\/01\/juegos-terminados-y-la-falta-de-tiempo-iii\/\">de los juegos<\/a> despu\u00e9s. Hace dos a\u00f1os lleg\u00f3 la serie que tambi\u00e9n me gust\u00f3 mucho. De hecho, para mi fue la <a href=\"http:\/\/zonadelta.net\/atreides\/?p=3562\">mejor serie de 2019<\/a>.<\/p>\n<p style=\"text-align: justify;\">Con la pandemia se ha retrasado todo bastante y Netflix decidi\u00f3 sacar una pel\u00edcula antes para hacer m\u00e1s llevadera la espera para mi enorme alegr\u00eda.<\/p>\n<p style=\"text-align: justify;\">Supongo que su idea original ser\u00eda haberla estrenado antes pero al final no llega a cuatro meses la diferencia entre ambos estrenos.<\/p>\n<p style=\"text-align: justify;\"><!--more--><\/p>\n<p><iframe loading=\"lazy\" title=\"The Witcher: La pesadilla del lobo (EN ESPA\u00d1OL) | Tr\u00e1iler oficial | Netflix\" width=\"660\" height=\"371\" src=\"https:\/\/www.youtube.com\/embed\/aVp5HluqhVg?feature=oembed\" frameborder=\"0\" allow=\"accelerometer; autoplay; clipboard-write; encrypted-media; gyroscope; picture-in-picture; web-share\" referrerpolicy=\"strict-origin-when-cross-origin\" allowfullscreen><\/iframe><\/p>\n<p style=\"text-align: justify;\">Normalmente las precuelas no me suelen interesar demasiado pero como dec\u00eda antes soy muy fan de la saga de Geralt de Rivia y, aunque la le\u00ed hace muchos a\u00f1os, creo que nunca se ha tratado en profundidad qu\u00e9 sucedi\u00f3 con los Brujos, porqu\u00e9 hay tan pocos y c\u00f3mo fue la ca\u00edda de Kaer Morhen.<\/p>\n<p style=\"text-align: justify;\">No quise saber nada de la pel\u00edcula m\u00e1s all\u00e1 de que el protagonista era Vesemir, el l\u00edder de los brujos en la \u00e9poca de Geralt de Rivia, as\u00ed que la fui dejando hasta encontrar un hueco en que poder disfrutarla bien.<\/p>\n<p style=\"text-align: justify;\">Ha merecido la pena. La respuesta a todas esas cuestiones que mencionaba antes est\u00e1n en la historia, con una visi\u00f3n de los brujos y la situaci\u00f3n del mundo muy distinta a como es en la \u00e9poca de Geralt.<\/p>\n<p style=\"text-align: justify;\">Ver a un joven y bastante engre\u00eddo Vesemir es bastante curioso y su transformaci\u00f3n muy interesante. Estos cazadores de monstruos despiertan una enorme desconfianza, y en muchos casos odio. entre ciertos grupos de Kaedwen liderados por Tetra, una hechicera.<\/p>\n<p style=\"text-align: justify;\">La sangre y el gore est\u00e1n tan presentes como las intrigas palaciegas en la historia.<\/p>\n<p style=\"text-align: justify;\">Sin embargo, la animaci\u00f3n es justita, se queda lej\u00edsimos de los \u00faltimos logros en animaci\u00f3n como han sido las series de <a href=\"http:\/\/zonadelta.net\/atreides\/?p=4568\">What If!<\/a> o la reci\u00e9n estrenada Arcane, siendo mejor pero demasiado cerca de la animaci\u00f3n para salir del paso de pel\u00edculas como <a href=\"http:\/\/zonadelta.net\/atreides\/?p=4728\">Injustice<\/a> de DC\/Warner.<\/p>\n<p style=\"text-align: justify;\">Cada vez que veo animadores coreanos en los cr\u00e9ditos de las series o pel\u00edculas me echo a temblar visto que todas las pel\u00edculas de DC, o Marvel con series como Guardianes de la Galaxia, delegan la mayor parte del trabajo de animaci\u00f3n a estudios coreanos y cada vez estoy m\u00e1s convencido de que es una subcontrata econ\u00f3mica y r\u00e1pida lo que prima en darles encargos por encima de su calidad.<\/p>\n<p style=\"text-align: justify;\">Tanto What If! cuya animaci\u00f3n la ha realizado Blue Spirit Productions como Arcane cuya animaci\u00f3n la ha realizado Fortiche Production, son dos estudios franceses y ambos siguen caminos muy distintos entre s\u00ed y respecto a la animaci\u00f3n habitual en superh\u00e9roes y fantas\u00eda.<\/p>\n<p>Desgraciadamente, no es el caso de The Witcher y su animaci\u00f3n ha sido realizada nuevamente en Corea con resultados eficaces pero absolutamente planos.<\/p>\n<p style=\"text-align: justify;\">Sin embargo, lo relevante de la historia, lo interesante de los personajes y lo entretenida que es la pel\u00edcula con sus dosis de acci\u00f3n, sangre y traiciones, la hacen muy recomendable a fans de The Witcher en particular y de la fantas\u00eda en general. Est\u00e1 en Netflix.<\/p>\n<p style=\"text-align: justify;\">Saludos fremen.<\/p>\n","protected":false},"excerpt":{"rendered":"<p>Creo que puedo afirmar que soy muy fan de Geralt de Rivia. De los libros primero y de los juegos despu\u00e9s. Hace dos a\u00f1os lleg\u00f3 la serie que tambi\u00e9n me gust\u00f3 mucho. De hecho, para mi fue la mejor serie de 2019. Con la pandemia se ha retrasado todo bastante y Netflix decidi\u00f3 sacar una &hellip; <a href=\"http:\/\/zonadelta.net\/atreides\/?p=4793\" class=\"more-link\">Sigue leyendo <span class=\"screen-reader-text\">The Witcher La pesadilla del lobo<\/span><\/a><\/p>\n","protected":false},"author":2,"featured_media":0,"comment_status":"open","ping_status":"open","sticky":false,"template":"","format":"standard","meta":{"iawp_total_views":14,"footnotes":""},"categories":[9,93,80],"tags":[3095,165,3096,149,252],"class_list":["post-4793","post","type-post","status-publish","format-standard","hentry","category-animacion","category-fantasia","category-literatura","tag-andrzej-sapkowski","tag-geralt-de-rivia","tag-kaer-morhen","tag-netflix","tag-vesemir"],"_links":{"self":[{"href":"http:\/\/zonadelta.net\/atreides\/index.php?rest_route=\/wp\/v2\/posts\/4793","targetHints":{"allow":["GET"]}}],"collection":[{"href":"http:\/\/zonadelta.net\/atreides\/index.php?rest_route=\/wp\/v2\/posts"}],"about":[{"href":"http:\/\/zonadelta.net\/atreides\/index.php?rest_route=\/wp\/v2\/types\/post"}],"author":[{"embeddable":true,"href":"http:\/\/zonadelta.net\/atreides\/index.php?rest_route=\/wp\/v2\/users\/2"}],"replies":[{"embeddable":true,"href":"http:\/\/zonadelta.net\/atreides\/index.php?rest_route=%2Fwp%2Fv2%2Fcomments&post=4793"}],"version-history":[{"count":5,"href":"http:\/\/zonadelta.net\/atreides\/index.php?rest_route=\/wp\/v2\/posts\/4793\/revisions"}],"predecessor-version":[{"id":4798,"href":"http:\/\/zonadelta.net\/atreides\/index.php?rest_route=\/wp\/v2\/posts\/4793\/revisions\/4798"}],"wp:attachment":[{"href":"http:\/\/zonadelta.net\/atreides\/index.php?rest_route=%2Fwp%2Fv2%2Fmedia&parent=4793"}],"wp:term":[{"taxonomy":"category","embeddable":true,"href":"http:\/\/zonadelta.net\/atreides\/index.php?rest_route=%2Fwp%2Fv2%2Fcategories&post=4793"},{"taxonomy":"post_tag","embeddable":true,"href":"http:\/\/zonadelta.net\/atreides\/index.php?rest_route=%2Fwp%2Fv2%2Ftags&post=4793"}],"curies":[{"name":"wp","href":"https:\/\/api.w.org\/{rel}","templated":true}]}}