{"id":4679,"date":"2021-09-12T13:54:54","date_gmt":"2021-09-12T11:54:54","guid":{"rendered":"http:\/\/zonadelta.net\/atreides\/?p=4679"},"modified":"2021-09-12T13:54:54","modified_gmt":"2021-09-12T11:54:54","slug":"spiderman-toda-una-vida","status":"publish","type":"post","link":"http:\/\/zonadelta.net\/atreides\/?p=4679","title":{"rendered":"Spiderman Toda una Vida"},"content":{"rendered":"<p><a title=\"Portada\" href=\"https:\/\/www.flickr.com\/photos\/193617684@N08\/51454450031\/in\/dateposted-public\/\" target=\"_blank\" rel=\"noopener noreferrer\" data-flickr-embed=\"true\"><img loading=\"lazy\" decoding=\"async\" class=\"aligncenter\" src=\"https:\/\/live.staticflickr.com\/65535\/51454450031_c9bc9024bd_o.jpg\" alt=\"Portada\" width=\"1200\" height=\"1831\" \/><\/a><\/p>\n<p>Es curioso c\u00f3mo he llegado a este t\u00edtulo. Ya hab\u00eda le\u00eddo que estaba bien pero no le hice mucho caso.<\/p>\n<p>El caso es que en la \u00faltima <a href=\"http:\/\/zonadelta.net\/atreides\/?p=3540\">H\u00e9roes Comic Con<\/a>,\u00a0 Francisco Calder\u00f3n, Director editorial de ECC C\u00f3mics, la editorial que publica DC en Espa\u00f1a, me coment\u00f3 que iban a abrir una librer\u00eda en X Madrid, un nuevo centro comercial dedicado al ocio. Me lo apunt\u00e9 para ir pero lleg\u00f3 el Covid, el confinamiento y no fue posible.<\/p>\n<p>La semana pasada por fin fuimos a verla y, aparte de estar muy bien y mantener muy bien las medidas de seguridad, le ped\u00ed consejo sobre alg\u00fan c\u00f3mic reciente. Despu\u00e9s de preguntarme mis gustos y un poco lo que hab\u00eda le\u00eddo, me recomendaron no un c\u00f3mic de DC sino Spiderman Toda una vida.<\/p>\n<p><!--more--><\/p>\n<figure style=\"width: 4000px\" class=\"wp-caption aligncenter\"><a title=\"IMG_20210907_125712\" href=\"https:\/\/www.flickr.com\/photos\/193617684@N08\/51453715802\/in\/dateposted-public\/\" target=\"_blank\" rel=\"noopener noreferrer\" data-flickr-embed=\"true\"><img loading=\"lazy\" decoding=\"async\" src=\"https:\/\/live.staticflickr.com\/65535\/51453715802_951f53876f_o.jpg\" alt=\"IMG_20210907_125712\" width=\"4000\" height=\"2000\" \/><\/a><figcaption class=\"wp-caption-text\">La tienda de ECC en X-Madrid<\/figcaption><\/figure>\n<p>Dec\u00eda que lo hab\u00eda dejado pasar hac\u00eda tiempo porque de Chip Zdarsky (Daredevil, Sex Criminals) hab\u00eda le\u00eddo pocas cosas y m\u00e1s como dibujante as\u00ed que no lo ten\u00eda en el radar y, aunque Mark Bagley (New Warriors, Ultimate Spiderman, Thunderbolt) es un dibujante que me parece bueno, no es de los que me mueven a comprar el c\u00f3mic solo porque dibuje \u00e9l.<\/p>\n<p>A\u00fan as\u00ed, hice caso de la recomendaci\u00f3n.<\/p>\n<p>La idea es que el tiempo para Spiderman transcurre como en la vida real y dado que empieza su carrera en los 60, para la d\u00e9cada de 2010 tendr\u00e1 50 a\u00f1os m\u00e1s.<\/p>\n<p>Una idea curiosa que podr\u00eda salir muy mal y sin embargo es todo lo contrario.<\/p>\n<p>El tomo que ha publicado Panini incluye los seis n\u00fameros de la miniserie.<\/p>\n<p>Cada uno de esos n\u00fameros sucede en una d\u00e9cada. Cada uno de ellos trata lo que sucedi\u00f3 en esa \u00e9poca con mucha habilidad e integr\u00e1ndolo muy bien en la historia general que, en esencia, es su vida. Adem\u00e1s, en esa vida hay casi una obsesi\u00f3n\u00a0 m\u00e1s que un objetivo que gu\u00eda toda la vida de Peter Parker, ayudar a los dem\u00e1s y el sentimiento de culpabilidad.<\/p>\n<figure style=\"width: 3970px\" class=\"wp-caption aligncenter\"><a title=\"070-071\" href=\"https:\/\/www.flickr.com\/photos\/193617684@N08\/51454450096\/in\/dateposted-public\/\" target=\"_blank\" rel=\"noopener noreferrer\" data-flickr-embed=\"true\"><img loading=\"lazy\" decoding=\"async\" src=\"https:\/\/live.staticflickr.com\/65535\/51454450096_5fc8fb5401_o.jpg\" alt=\"070-071\" width=\"3970\" height=\"3080\" \/><\/a><figcaption class=\"wp-caption-text\">Las Secret Wars<\/figcaption><\/figure>\n<p>As\u00ed, se plantear\u00e1 la Guerra de Vietnam y si deber\u00eda o no ir, a\u00fan m\u00e1s cuando su amigo Flash s\u00ed que va. Tambi\u00e9n en un momento dado ver\u00e1 las Secret Wars, ver\u00e1 la guerra Civil pero tambi\u00e9n su faceta como Peter Parker y otros superh\u00e9roes que van cambiando conforme pasan los a\u00f1os y han tomado distintas decisiones, como es el caso de Tony Stark o de Reed Richards. Es muy curioso c\u00f3mo los tres ven la vida y las consecuencias que tiene para ellos y para el mundo ese punto de vista tan distinto.<\/p>\n<p>El resultado es una obra redonda, extraordinaria y absorbente que sin saber nada del personaje es genial, pero que, para el que lleva una vida leyendo a Spiderman en particular y Marvel en general, adem\u00e1s apreciar\u00e1 el porqu\u00e9 de las historias que sirven de base.<\/p>\n<p>As\u00ed, adecuadas para la historia general est\u00e1n el Duende verde, la saga del Clon, las secret wars con el nuevo traje, la \u00faltima cacer\u00eda de Kraven, veneno, civil wars, Morlun o Superior Spiderman entre otras.<\/p>\n<p>Todas ellas tratadas con una habilidad que se convierten todas en parte de la misma historia de forma natural y con consecuencias en la vida de Peter y de Spiderman muy l\u00f3gicas y bien llevadas. Eso s\u00ed, muchas de ellas eran grandes historias y que duren tan poco te deja con ganas de que el guionista profundizase un poco m\u00e1s, aunque probablemente sea mejor as\u00ed porque funcionan y si no podr\u00eda dispersarse demasiado la historia. Para profundizar ya est\u00e1n las historias originales.<\/p>\n<figure style=\"width: 1985px\" class=\"wp-caption alignnone\"><a title=\"141\" href=\"https:\/\/www.flickr.com\/photos\/193617684@N08\/51453684647\/in\/dateposted-public\/\" data-flickr-embed=\"true\"><img loading=\"lazy\" decoding=\"async\" src=\"https:\/\/live.staticflickr.com\/65535\/51453684647_c7f091c278_o.jpg\" alt=\"141\" width=\"1985\" height=\"3080\" \/><\/a><figcaption class=\"wp-caption-text\">Mark Bagley mostrando que no solo hace bien escenas de acci\u00f3n<\/figcaption><\/figure>\n<p>El dibujo de Mark Bagley es tan din\u00e1mico como siempre y su habilidad para la narraci\u00f3n trabaja en favor de la comprensi\u00f3n de la historia. Adem\u00e1s, aunque no sea su fuerte, consigue hacer de forma bastante adecuada el cambio de los personajes a trav\u00e9s del tiempo. Tambi\u00e9n las expresiones faciales y corporales las resuelve de forma bastante acertada. No es Kevin Maguire pero funciona.<\/p>\n<p>El resultado es una obra maestra, posiblemente el mejor c\u00f3mic de Spiderman que he le\u00eddo en a\u00f1os, aprovecha una premisa sencilla para recontar la historia de Spiderman yendo mucho m\u00e1s all\u00e1 del material que ten\u00eda para contarlo y quedando un c\u00f3mic apasionante de la primera a la \u00faltima p\u00e1gina. Una evoluci\u00f3n del maravilloso Marvels de Kurt Busiek (Astro City) y Alex Ross (Kingdom Come) cambiando un testigo de lo que sucedi\u00f3, por la vida del protagonista de los hechos a trav\u00e9s de los a\u00f1os como hilo conductor.<\/p>\n<p>Desde luego, ahora buscar\u00e9 los c\u00f3mics de Chip Zdarsky, parece un escritor con mucho que decir.<\/p>\n<p><a title=\"004\" href=\"https:\/\/www.flickr.com\/photos\/193617684@N08\/51454693043\/in\/dateposted-public\/\" target=\"_blank\" rel=\"noopener noreferrer\" data-flickr-embed=\"true\"><img loading=\"lazy\" decoding=\"async\" class=\"aligncenter\" src=\"https:\/\/live.staticflickr.com\/65535\/51454693043_973b6960fc_o.jpg\" alt=\"004\" width=\"1985\" height=\"3080\" \/><\/a><\/p>\n<p>Lo publica Panini en un tomo de tapa dura, con una introducci\u00f3n, la descripci\u00f3n de los autores y varias portadas alternativas a las originales de los c\u00f3mics, que son de Chip Zdarsky y est\u00e1n muy bien.<\/p>\n<p>Recomendado para cualquiera que le gusten los buenos c\u00f3mics.<\/p>\n<p>&nbsp;<\/p>\n","protected":false},"excerpt":{"rendered":"<p>Es curioso c\u00f3mo he llegado a este t\u00edtulo. Ya hab\u00eda le\u00eddo que estaba bien pero no le hice mucho caso. El caso es que en la \u00faltima H\u00e9roes Comic Con,\u00a0 Francisco Calder\u00f3n, Director editorial de ECC C\u00f3mics, la editorial que publica DC en Espa\u00f1a, me coment\u00f3 que iban a abrir una librer\u00eda en X Madrid, &hellip; <a href=\"http:\/\/zonadelta.net\/atreides\/?p=4679\" class=\"more-link\">Sigue leyendo <span class=\"screen-reader-text\">Spiderman Toda una Vida<\/span><\/a><\/p>\n","protected":false},"author":2,"featured_media":0,"comment_status":"open","ping_status":"open","sticky":false,"template":"","format":"standard","meta":{"iawp_total_views":7,"footnotes":""},"categories":[88,10,92],"tags":[3003,208,2997,3001,213,2998,2326,3000,1819,728,2999,3002],"class_list":["post-4679","post","type-post","status-publish","format-standard","hentry","category-accion","category-comic","category-superheroes","tag-ben-reilly","tag-capitan-america","tag-chip-zdarsky","tag-gwen-stacy","tag-iron-man","tag-kraven","tag-mark-bagley","tag-mary-jane","tag-miles-morales","tag-reed-richards","tag-tony-stark","tag-venom"],"_links":{"self":[{"href":"http:\/\/zonadelta.net\/atreides\/index.php?rest_route=\/wp\/v2\/posts\/4679","targetHints":{"allow":["GET"]}}],"collection":[{"href":"http:\/\/zonadelta.net\/atreides\/index.php?rest_route=\/wp\/v2\/posts"}],"about":[{"href":"http:\/\/zonadelta.net\/atreides\/index.php?rest_route=\/wp\/v2\/types\/post"}],"author":[{"embeddable":true,"href":"http:\/\/zonadelta.net\/atreides\/index.php?rest_route=\/wp\/v2\/users\/2"}],"replies":[{"embeddable":true,"href":"http:\/\/zonadelta.net\/atreides\/index.php?rest_route=%2Fwp%2Fv2%2Fcomments&post=4679"}],"version-history":[{"count":3,"href":"http:\/\/zonadelta.net\/atreides\/index.php?rest_route=\/wp\/v2\/posts\/4679\/revisions"}],"predecessor-version":[{"id":4682,"href":"http:\/\/zonadelta.net\/atreides\/index.php?rest_route=\/wp\/v2\/posts\/4679\/revisions\/4682"}],"wp:attachment":[{"href":"http:\/\/zonadelta.net\/atreides\/index.php?rest_route=%2Fwp%2Fv2%2Fmedia&parent=4679"}],"wp:term":[{"taxonomy":"category","embeddable":true,"href":"http:\/\/zonadelta.net\/atreides\/index.php?rest_route=%2Fwp%2Fv2%2Fcategories&post=4679"},{"taxonomy":"post_tag","embeddable":true,"href":"http:\/\/zonadelta.net\/atreides\/index.php?rest_route=%2Fwp%2Fv2%2Ftags&post=4679"}],"curies":[{"name":"wp","href":"https:\/\/api.w.org\/{rel}","templated":true}]}}