{"id":4662,"date":"2021-09-06T11:25:48","date_gmt":"2021-09-06T09:25:48","guid":{"rendered":"http:\/\/zonadelta.net\/atreides\/?p=4662"},"modified":"2021-09-06T11:38:54","modified_gmt":"2021-09-06T09:38:54","slug":"moby-dick-de-bill-sienkiewicz-y-d-g-chichester","status":"publish","type":"post","link":"http:\/\/zonadelta.net\/atreides\/?p=4662","title":{"rendered":"Moby Dick de Bill Sienkiewicz y Dan Chichester"},"content":{"rendered":"<p><a title=\"Moby Dick.1\" href=\"https:\/\/www.flickr.com\/photos\/193617684@N08\/51429226096\/in\/dateposted-public\/\" target=\"_blank\" rel=\"noopener noreferrer\" data-flickr-embed=\"true\"><img loading=\"lazy\" decoding=\"async\" class=\"aligncenter\" src=\"https:\/\/live.staticflickr.com\/65535\/51429226096_9cea22085c_o.jpg\" alt=\"Moby Dick.1\" width=\"1552\" height=\"2338\" \/><\/a><\/p>\n<p style=\"text-align: justify;\"><em>\u00abLlamadme Ismael\u00bb<\/em><\/p>\n<p style=\"text-align: justify;\">Recuerdo haber o\u00eddo esa frase cuando era ni\u00f1o en un cap\u00edtulo del Coche Fant\u00e1stico y la aclaraci\u00f3n de que era el comienzo de Moby Dick. Se me qued\u00f3 grabado y despert\u00f3 mis ganas de saber m\u00e1s.<\/p>\n<p style=\"text-align: justify;\">Poco despu\u00e9s la le\u00ed en una preciosa colecci\u00f3n de llamada Obras Maestras de la Aventura del C\u00edrculo de lectores que me regal\u00f3 mi padre y se convirti\u00f3 en una de mis novelas de aventuras favoritas.<\/p>\n<p style=\"text-align: justify;\">En este Agosto hemos recorrido Navarra y, entre otros recuerdos como un Eguzki Lore o un Lauburu, me he tra\u00eddo la adaptaci\u00f3n al c\u00f3mic que hicieron Sienkiewicz y Chichester de esta obra maestra.<\/p>\n<p><!--more--><\/p>\n<p><a title=\"Moby Dick.2\" href=\"https:\/\/www.flickr.com\/photos\/193617684@N08\/51429969804\/in\/dateposted-public\/\" target=\"_blank\" rel=\"noopener noreferrer\" data-flickr-embed=\"true\"><img loading=\"lazy\" decoding=\"async\" class=\"aligncenter\" src=\"https:\/\/live.staticflickr.com\/65535\/51429969804_56816d2be1_o.jpg\" alt=\"Moby Dick.2\" width=\"1458\" height=\"2291\" \/><\/a><\/p>\n<p style=\"text-align: justify;\">Bill Sienkiewicz es uno de mis dibujantes favoritos. Un dibujante tan bueno como Neal Adams, sin duda el disc\u00edpulo m\u00e1s aventajado que tuvo, como se ve en el Caballero Luna, pero que no se qued\u00f3 ah\u00ed y trabaj\u00f3 su dibujo hasta evolucionar a un expresionismo propio que comienza y se consolida en Los Nuevos Mutantes de Chris Claremont. A partir de ah\u00ed ya no para de innovar utilizando pintura, collages y todo lo que cree necesario para expresar lo que quiere por muy arriesgado que sea, siendo algo no visto antes en el c\u00f3mic de superh\u00e9roes, primero con esos Nuevos Mutantes pero tambi\u00e9n con Elektra Asesina, con gui\u00f3n de Frank Miller.<\/p>\n<p style=\"text-align: justify;\">Curiosamente, en la preciosa portada del c\u00f3mic, Astiberri se cuida muy mucho de poner al otro autor que realiza el c\u00f3mic. Tanto defender el c\u00f3mic de autor y luego ocultar al guionista, me parece feo. De hecho, no aparece ni en la contraportada, hay que ir a las p\u00e1ginas interiores para verlo.<\/p>\n<p style=\"text-align: justify;\">El guionista es Dan Chichester, uno de esos guionistas que surgieron en los a\u00f1os 90 al socaire del \u00e9xito que hab\u00edan tenido Watchmen y El regreso del caballero oscuro. Fue uno de los que convirtieron a los h\u00e9roes en antih\u00e9roes y las historias en una sucesi\u00f3n vac\u00eda de rechinar de dientes, posturitas a doble p\u00e1gina y violencia sin sentido. Chichester perge\u00f1\u00f3 una de las etapas m\u00e1s aburridas y absurdas de Daredevil y luego sigui\u00f3 en esa d\u00e9cada con Hijos de la Media Noche, Elektra o Nightstalkers en c\u00f3mics realmente malos. Al final de la d\u00e9cada desapareci\u00f3 del mundo del c\u00f3mic como un mal sue\u00f1o.<\/p>\n<p style=\"text-align: justify;\">Para mi desgracia, a pesar de tener el mejor material del mundo, en Moby Dick muestra toda su mediocridad.<\/p>\n<p>\u00a0<a title=\"Moby Dick.3\" href=\"https:\/\/www.flickr.com\/photos\/193617684@N08\/51428465942\/in\/dateposted-public\/\" target=\"_blank\" rel=\"noopener noreferrer\" data-flickr-embed=\"true\"><img loading=\"lazy\" decoding=\"async\" class=\"aligncenter\" src=\"https:\/\/live.staticflickr.com\/65535\/51428465942_2f9ae8ceff_o.jpg\" alt=\"Moby Dick.3\" width=\"1494\" height=\"2307\" \/><\/a><\/p>\n<p style=\"text-align: justify;\">Un c\u00f3mic es una conjunci\u00f3n de im\u00e1genes y texto.<\/p>\n<p style=\"text-align: justify;\">Esto lo digo porque aqu\u00ed la conjunci\u00f3n se cumple pocas veces. Las ilustraciones de Sienkiewicz son incre\u00edbles, arriesgadas, expresan mil cosas al tiempo y son dignas de detenerse en ellas porque cada ilustraci\u00f3n tiene multitud de detalles. Incluso el estilo de la ilustraci\u00f3n tiene una raz\u00f3n de ser. Es una aut\u00e9ntica gozada con el autor en uno de los mejores momentos de su carrera.<\/p>\n<p style=\"text-align: justify;\">Sin embargo, los textos son otra cosa. Una enorme cantidad de texto va pegado en cartuchos encima de las ilustraciones. La mayor parte del tiempo describe lo que se ve en la imagen, como una explicaci\u00f3n redundante. En otros momentos pega unos saltos bruscos y pasajes importantes se ventilan de un plumazo.<\/p>\n<p style=\"text-align: justify;\">Ya de por s\u00ed es una tarea incre\u00edblemente dif\u00edcil adaptar Moby Dick porque tiene cerca de 700 p\u00e1ginas y trasladarlo a 48 p\u00e1ginas es una temeridad que, nunca mejor dicho, naufraga claramente.<\/p>\n<p style=\"text-align: justify;\">Sinceramente, si se hubiera editado la novela con 48 ilustraciones de Sienkiewicz hubiera sido mucho mejor.<\/p>\n<p style=\"text-align: justify;\">El c\u00f3mic como tal es pesado y no consigue ir m\u00e1s all\u00e1 del inter\u00e9s de la caza de la ballena blanca, pero todo lo dem\u00e1s, la profundidad de los personajes, la obsesi\u00f3n de Ahab, todo se pierde por ese recortable de textos que han usado para contar la historia.<\/p>\n<p style=\"text-align: justify;\">Solo lo recomiendo para fans de Sienkiewicz que hace un trabajo portentoso, pero como c\u00f3mic y como adaptaci\u00f3n, es muy pobre.<\/p>\n<p style=\"text-align: justify;\">Saludos fremen.<\/p>\n","protected":false},"excerpt":{"rendered":"<p>\u00abLlamadme Ismael\u00bb Recuerdo haber o\u00eddo esa frase cuando era ni\u00f1o en un cap\u00edtulo del Coche Fant\u00e1stico y la aclaraci\u00f3n de que era el comienzo de Moby Dick. Se me qued\u00f3 grabado y despert\u00f3 mis ganas de saber m\u00e1s. Poco despu\u00e9s la le\u00ed en una preciosa colecci\u00f3n de llamada Obras Maestras de la Aventura del C\u00edrculo &hellip; <a href=\"http:\/\/zonadelta.net\/atreides\/?p=4662\" class=\"more-link\">Sigue leyendo <span class=\"screen-reader-text\">Moby Dick de Bill Sienkiewicz y Dan Chichester<\/span><\/a><\/p>\n","protected":false},"author":2,"featured_media":0,"comment_status":"open","ping_status":"open","sticky":false,"template":"","format":"standard","meta":{"iawp_total_views":4,"footnotes":""},"categories":[10],"tags":[2282,714,2990],"class_list":["post-4662","post","type-post","status-publish","format-standard","hentry","category-comic","tag-astiberri","tag-aventura","tag-herman-melville"],"_links":{"self":[{"href":"http:\/\/zonadelta.net\/atreides\/index.php?rest_route=\/wp\/v2\/posts\/4662","targetHints":{"allow":["GET"]}}],"collection":[{"href":"http:\/\/zonadelta.net\/atreides\/index.php?rest_route=\/wp\/v2\/posts"}],"about":[{"href":"http:\/\/zonadelta.net\/atreides\/index.php?rest_route=\/wp\/v2\/types\/post"}],"author":[{"embeddable":true,"href":"http:\/\/zonadelta.net\/atreides\/index.php?rest_route=\/wp\/v2\/users\/2"}],"replies":[{"embeddable":true,"href":"http:\/\/zonadelta.net\/atreides\/index.php?rest_route=%2Fwp%2Fv2%2Fcomments&post=4662"}],"version-history":[{"count":5,"href":"http:\/\/zonadelta.net\/atreides\/index.php?rest_route=\/wp\/v2\/posts\/4662\/revisions"}],"predecessor-version":[{"id":4667,"href":"http:\/\/zonadelta.net\/atreides\/index.php?rest_route=\/wp\/v2\/posts\/4662\/revisions\/4667"}],"wp:attachment":[{"href":"http:\/\/zonadelta.net\/atreides\/index.php?rest_route=%2Fwp%2Fv2%2Fmedia&parent=4662"}],"wp:term":[{"taxonomy":"category","embeddable":true,"href":"http:\/\/zonadelta.net\/atreides\/index.php?rest_route=%2Fwp%2Fv2%2Fcategories&post=4662"},{"taxonomy":"post_tag","embeddable":true,"href":"http:\/\/zonadelta.net\/atreides\/index.php?rest_route=%2Fwp%2Fv2%2Ftags&post=4662"}],"curies":[{"name":"wp","href":"https:\/\/api.w.org\/{rel}","templated":true}]}}