{"id":4543,"date":"2021-07-02T00:55:05","date_gmt":"2021-07-01T22:55:05","guid":{"rendered":"http:\/\/zonadelta.net\/atreides\/?p=4543"},"modified":"2021-07-02T12:26:49","modified_gmt":"2021-07-02T10:26:49","slug":"pauta-completa","status":"publish","type":"post","link":"http:\/\/zonadelta.net\/atreides\/?p=4543","title":{"rendered":"Pauta completa"},"content":{"rendered":"<p><img decoding=\"async\" src=\"https:\/\/arc-anglerfish-eu-central-1-prod-prisa.s3.amazonaws.com\/public\/SJ4RCVBAZHRNOPHGEKRQ53GXQI.jpg\" alt=\"Hospital de La Princesa en EL PA\u00cdS\" \/><\/p>\n<p style=\"text-align: justify;\">Hoy, uno de Julio de 2021 me han puesto la segunda dosis de la vacuna de Pfizer contra el Coronavirus.<\/p>\n<p style=\"text-align: justify;\">Es un momento muy emocionante y es que hubo momentos en que no tuve demasiado claro que llegara hasta aqu\u00ed. Realmente todo fue m\u00e1s llevadero porque estaba mi mujer y lo afrontamos todo juntos.<\/p>\n<p style=\"text-align: justify;\"><!--more--><\/p>\n<p style=\"text-align: justify;\">Echando la vista atr\u00e1s recuerdo el miedo al principio de la pandemia cuando no se sab\u00eda nada, los hospitales se llenaban de gente y los muertos se acumulaban. Recuerdo la escasez de mascarillas y guantes, las im\u00e1genes de sanitarios apenas protegidos atendiendo a los enfermos, las jornadas interminables, el miedo en los ojos de los pol\u00edticos que nos intentaban tranquilizar.<\/p>\n<p style=\"text-align: justify;\">Recuerdo los aplausos a las 8 de la tarde para apoyar a todos aquellos que estaban en primera l\u00ednea jug\u00e1ndose el tipo.<\/p>\n<p style=\"text-align: justify;\">En lo personal, recuerdo el confinamiento y como nos juramentamos los miembros de El batall\u00f3n Pluto para que la gente, si quer\u00eda, tuviera nuestros programas para olvidarse un poco de la distop\u00eda de terror en la que se hab\u00eda trocado la vida. Por mi parte multipliqu\u00e9 esfuerzos para que el blog tambi\u00e9n siguiera saliendo de manera regular con esa misma intenci\u00f3n.<\/p>\n<p style=\"text-align: justify;\">Recuerdo planificar las salidas de casa para ir a comprar a primer\u00edsima hora o a medio d\u00eda, cuando menos gente me encontrara, el empezar a utilizar FFP2 desde el principio para cualquier espacio cerrado, el fabricar el desinfectante para limpiar lo que compr\u00e1bamos. Ya entonces tuve muy claro que la \u00fanica forma de mantenerse informado era por medios oficiales o de credibilidad contrastada y con esa informaci\u00f3n establecer en casa los protocolos de entrada y salida, de la compra, del trabajo. Informaci\u00f3n fiable y sentido com\u00fan contra los bandazos informativos y pol\u00edticos y a\u00fan as\u00ed era dif\u00edcil.<\/p>\n<figure style=\"width: 2400px\" class=\"wp-caption aligncenter\"><img loading=\"lazy\" decoding=\"async\" src=\"https:\/\/lh3.googleusercontent.com\/wvqMWsAVWwO5oPhEc1DdWYO5Mg3TyfjEDHL_r8ZyzCmdVb5r0kIOZ6Q5WvY3NKOLtKJ_Xnr97xVjHW0mJ0Z7_7i6CvrBRdXb4azrk2vM9UpPl9HagSYEZDShX8mrA5pYU-9MnyxBMw=w2400\" alt=\"\" width=\"2400\" height=\"3207\" \/><figcaption class=\"wp-caption-text\">Ese arbolillo con p\u00e1jaros, normalmente mirlos y gorriones, es lo que suelo ver mientras teletrabajo. Lo que se ve entre las ramas es un Mirlo<\/figcaption><\/figure>\n<p style=\"text-align: justify;\">Recuerdo el primer d\u00eda de salir a dar un paseo con mi mujer y la sensaci\u00f3n agridulce porque se me empa\u00f1aban las gafas. Por cierto, una de las cosas que me han ayudado ha sido descubrir un l\u00edquido para que las gafas no se empa\u00f1en. La calidad de vida aument\u00f3 exponencialmente.<\/p>\n<p style=\"text-align: justify;\">Recuerdo como todo el mundo puso de su parte. Las empresas de videojuegos, las editoriales, los autores. Todos ellos proporcionando juegos, c\u00f3mics o libros gratuitos para que los que est\u00e1bamos confinados tuvi\u00e9ramos con qu\u00e9 entretenernos.<\/p>\n<p style=\"text-align: justify;\">Tambi\u00e9n recuerdo c\u00f3mo me enfad\u00f3 cuando, despu\u00e9s de la primera ola, el sentido com\u00fan y el intento de salir de este monumental l\u00edo cambi\u00f3 y se pas\u00f3 a utilizar la pandemia como arma pol\u00edtica. Los ciudadanos y nuestra salud dejamos de ser el centro de atenci\u00f3n y lo de salir juntos y reforzados pas\u00f3 a lo de siempre, los pol\u00edticos a lo suyo y que los ciudadanos lo hici\u00e9ramos lo mejor posible porque en cada comunidad se bailaba al son del pol\u00edtico que estuviera.<\/p>\n<p style=\"text-align: justify;\">En Madrid fue un desastre, decenas de a\u00f1os debilitando la sanidad p\u00fablica no evit\u00f3 que cuando hizo falta se exprimiera pero que a\u00fan as\u00ed no se potenciara.<\/p>\n<p style=\"text-align: justify;\">Las promesas de rastreadores, las promesas de m\u00e1s m\u00e9dicos, todo fue mentira.<\/p>\n<p style=\"text-align: justify;\">Los cierres perimetrales de zonas sanitarias, una milonga que no se aplicaba de hecho.<\/p>\n<p style=\"text-align: justify;\">Las medidas eran absolutamente laxas y siempre tuvimos m\u00e1s contagios y m\u00e1s muertos. Qui\u00e9n defend\u00eda esta forma de actuar que provocaba tantos muertos aduc\u00eda que la econom\u00eda ten\u00eda que recuperarse.<\/p>\n<p style=\"text-align: justify;\">Sin embargo, ni una ayuda dio la comunidad durante la pandemia y en cambio mantuvo abiertos con restricciones los bares que apenas ganaron nada por el miedo de la gente y el poco aforo.<\/p>\n<p style=\"text-align: justify;\">El resultado, populismo que cost\u00f3 muchas vidas y que no dio nada de apoyo a los empresarios de Madrid.<\/p>\n<p style=\"text-align: justify;\">En lo personal, no me puedo quejar porque la empresa pudo salir adelante e incluso contratamos gente pero no fue gracias a la comunidad sino a las ayudas del gobierno como los cr\u00e9ditos ICO y las l\u00edneas de cr\u00e9dito. Sin embargo, son ayudas envenenadas porque en realidad lo que se consigue con eso es que la gente se endeude porque luego hay que devolver esos cr\u00e9ditos cuando ves una situaci\u00f3n complicad\u00edsima.<\/p>\n<p style=\"text-align: justify;\">Las cosas se fueron volviendo m\u00e1s ego\u00edstas y tristes. Ese apoyo, ese tirar para adelante se fue diluyendo aunque hubo quienes hicieron cosas bien.<\/p>\n<figure style=\"width: 2000px\" class=\"wp-caption alignnone\"><a href=\"https:\/\/lh3.googleusercontent.com\/TGsVR_cpcxdcJojpxbRFUaOZMKDQa1CAeRtQb5noGUXtdF4_6mv6B6JAx___wM9IXH93rJc9lvWKaRAjYFKjN5sXV4MXR_Q3UBq76kd5eY7dOx2xia8JmpWkDP45YuiiAPiFLyMfgw=w2400\"><img loading=\"lazy\" decoding=\"async\" class=\"size-medium\" src=\"https:\/\/lh3.googleusercontent.com\/TGsVR_cpcxdcJojpxbRFUaOZMKDQa1CAeRtQb5noGUXtdF4_6mv6B6JAx___wM9IXH93rJc9lvWKaRAjYFKjN5sXV4MXR_Q3UBq76kd5eY7dOx2xia8JmpWkDP45YuiiAPiFLyMfgw=w2400\" width=\"2000\" height=\"4000\" \/><\/a><figcaption class=\"wp-caption-text\">La primera visita que hice fue a la tienda de c\u00f3mics cuando se termin\u00f3 el estado de alarma<\/figcaption><\/figure>\n<p style=\"text-align: justify;\">Sin embargo, la obsesi\u00f3n de salvar el verano nos llev\u00f3 a una nueva ola. Tantas ganas de que los turistas volvieran a cualquier precio consigui\u00f3 que, por un lado, no vinieran demasiados y que, por otro, la desescalada sin control aument\u00f3 los contagios.<\/p>\n<p style=\"text-align: justify;\">Nosotros en casa nos dedicamos a viajar a las provincias alrededor de Madrid bas\u00e1ndonos en tres par\u00e1metros: que esos lugares no estuvieran a m\u00e1s de 2\/3 horas, que fueran sitios bonitos y, sobre todo, que el nivel de Coronavirus fuera muy bajo.<\/p>\n<p style=\"text-align: justify;\">Conocimos sitios de Madrid en los que no hab\u00edamos estado como Rascafr\u00eda, Buitrago de Lozoya, Torrelaguna, Patones o el Monasterio del Paular. En el mismo Madrid volvimos a Faunia y conocimos Safari Park.<\/p>\n<p style=\"text-align: justify;\">Fuera, estuvimos recorriendo la Alcarria visitando Brihuega o Pastrana. Tambi\u00e9n fuimos a Talavera de la Reina y cambiamos la visita a Coca, en pleno brote, por Belmonte que fue realmente genial. Una forma distinta de pasar las vacaciones pero conseguimos disfrutarlas casi como antes de la pandemia.<\/p>\n<figure style=\"width: 2400px\" class=\"wp-caption alignnone\"><a href=\"https:\/\/lh3.googleusercontent.com\/uUOxKs-_RimIWhRerWmDpXIKIK2U-W-hKFSMLZixGUmCfWvHZqL5qxzHYg11QaQE8_RskPCX9I9EGnqaHIT7tio9PSH1K913gbGSCMEV17UWM9euMxyO2da3dJX1VZ2vcGdSGo8vlg=w2400\"><img loading=\"lazy\" decoding=\"async\" class=\"size-medium\" src=\"https:\/\/lh3.googleusercontent.com\/uUOxKs-_RimIWhRerWmDpXIKIK2U-W-hKFSMLZixGUmCfWvHZqL5qxzHYg11QaQE8_RskPCX9I9EGnqaHIT7tio9PSH1K913gbGSCMEV17UWM9euMxyO2da3dJX1VZ2vcGdSGo8vlg=w2400\" width=\"2400\" height=\"1200\" \/><\/a><figcaption class=\"wp-caption-text\">El espectacular castillo de Belmonte<\/figcaption><\/figure>\n<p style=\"text-align: justify;\">Los gobiernos y las farmac\u00e9uticas hicieron inversiones inmensas para intentar desarrollar una vacuna para una enfermedad desconocida en un tiempo r\u00e9cord. Un hito incre\u00edble que es para sentirse orgulloso como especie, la verdad.\u00a0 D\u00eda a d\u00eda fuimos siguiendo el desarrollo de los an\u00e1lisis, las fechas en que se cre\u00eda que habr\u00eda alguna vacuna, el paso atr\u00e1s de AstraZeneca al fallecer uno de los voluntarios de la vacuna y finalmente, en Diciembre de 2020, ya se aprobaba para Europa Cominarty, la vacuna de Pfizer\/Biontech.<\/p>\n<p style=\"text-align: justify;\">Era algo revolucionario, una vacuna de ciencia ficci\u00f3n para una situaci\u00f3n de ciencia ficci\u00f3n. No era el virus debilitado como la mayor\u00eda de las vacunas sino que utilizaba ARN mensajero por primera vez. Los resultados eran muy buenos con un 95% de eficacia contra el Coronavirus. Moderna poco despu\u00e9s tambi\u00e9n ser\u00eda aprobada con una tecnolog\u00eda y una eficacia muy similares.<\/p>\n<p style=\"text-align: justify;\">Tambi\u00e9n se uni\u00f3 Astrazeneca y la \u00faltima Janssen. Estas utilizan el virus debilitado y su eficacia es menor aunque la suficiente para que se aprobaran y se hayan utilizado.<\/p>\n<p style=\"text-align: justify;\">Un movimiento muy inteligente por parte de todos los pa\u00edses de la Uni\u00f3n Europea fue la de comprar las vacunas a trav\u00e9s de esta de forma conjunta garantizando que todos los ciudadanos de Europa pudieran acceder a la vacunas.<\/p>\n<p style=\"text-align: justify;\">Mientras pasaban los meses se iba viendo como actuaba cada compa\u00f1\u00eda, llegando a ser demandada Astrazeneca por no cumplir el contrato y derivar vacunas de Europa a otros pa\u00edses de fuera.<\/p>\n<figure style=\"width: 2400px\" class=\"wp-caption alignnone\"><a href=\"https:\/\/lh3.googleusercontent.com\/L5oLj6JktNyKMnE2OnZImF-MG9WdFFNXBpuLhE7WFR4vTg0kKZHkJXlwNu2l1c2u2PlkJLl1lZbPAwInOiGOR76NKHuf91bg-mc5uYCEWKDzghQwLweoz-3ZHparCqEx7E8NzWysqg=w2400\"><img loading=\"lazy\" decoding=\"async\" class=\"size-medium\" src=\"https:\/\/lh3.googleusercontent.com\/L5oLj6JktNyKMnE2OnZImF-MG9WdFFNXBpuLhE7WFR4vTg0kKZHkJXlwNu2l1c2u2PlkJLl1lZbPAwInOiGOR76NKHuf91bg-mc5uYCEWKDzghQwLweoz-3ZHparCqEx7E8NzWysqg=w2400\" width=\"2400\" height=\"1200\" \/><\/a><figcaption class=\"wp-caption-text\">Ruffled Milk Cake, Tarta griega que hice un par de veces con mucho \u00e9xito<\/figcaption><\/figure>\n<p style=\"text-align: justify;\">El estar m\u00e1s en casa y las ganas de probar cosas nuevas hizo que probara platos distintos que no hab\u00eda hecho antes. Por ejemplo, cosas b\u00e1sicas como el pollo asado, que no hac\u00eda porque tenemos un asador estupendo al lado de casa y ahora podr\u00eda ganarme la vida asando pollos, a lentejas que tampoco porque mi madre o mi suegra las hab\u00edan hecho siempre. Por supuesto, tambi\u00e9n bizcochos e incluso pan en una de estas veces que no nos quedaba y no hab\u00eda en las tiendas. Pero tambi\u00e9n flan y alguna tarta especialmente rica.<\/p>\n<p><a href=\"https:\/\/lh3.googleusercontent.com\/fFk_9a2jJMJaG7tnlsaOQpWdMmDBq_6KDQfmW66KldGq0_jxxUToVHbjZnXkxbNZP2sWeJmtwhOAGCe9U6XTxzR6ROI8qdX-QC1zt9D_YjvuQw64w7IxE6nFDPEPOUrXbcDb1Lklxw=w2400\"><img loading=\"lazy\" decoding=\"async\" class=\"aligncenter size-medium\" src=\"https:\/\/lh3.googleusercontent.com\/fFk_9a2jJMJaG7tnlsaOQpWdMmDBq_6KDQfmW66KldGq0_jxxUToVHbjZnXkxbNZP2sWeJmtwhOAGCe9U6XTxzR6ROI8qdX-QC1zt9D_YjvuQw64w7IxE6nFDPEPOUrXbcDb1Lklxw=w2400\" width=\"2000\" height=\"4000\" \/><\/a><\/p>\n<p style=\"text-align: justify;\">Sin embargo, de lo que m\u00e1s orgulloso estoy es el Rosbif marinado con soja y\u00a0 miel que hice para Navidades cuando vinieron mis suegros a casa o el Solomillo Wellington que sali\u00f3 bien gracias a un monitor de temperatura de la carne que compr\u00e9 y que es la mejor adquisici\u00f3n culinaria desde el invento del fuego. Lo del Cachopo como cena de Nochevieja no es que fuera dif\u00edcil pero es que con Idiaz\u00e1bal y pimientos del piquillo estaba muy bueno.<\/p>\n<figure style=\"width: 2000px\" class=\"wp-caption alignnone\"><a href=\"https:\/\/lh3.googleusercontent.com\/9dMIQv77EnO5xfeRulR_gKMMHvr8K_I6LpUdioX8QhUnkm3nH6K6PenAmOnlOWDvbn-ZEY2kCKCUag3KSKoA1vBwIGYpKwnuKeec1_pbqkbHu2mVA8R2IxLvRbPXwJkkrZ8YG85Q3A=w2400\"><img loading=\"lazy\" decoding=\"async\" class=\"size-medium\" src=\"https:\/\/lh3.googleusercontent.com\/9dMIQv77EnO5xfeRulR_gKMMHvr8K_I6LpUdioX8QhUnkm3nH6K6PenAmOnlOWDvbn-ZEY2kCKCUag3KSKoA1vBwIGYpKwnuKeec1_pbqkbHu2mVA8R2IxLvRbPXwJkkrZ8YG85Q3A=w2400\" width=\"2000\" height=\"4000\" \/><\/a><figcaption class=\"wp-caption-text\">No era una consola Next Gen, pero la Astro City Mini es una preciosidad<\/figcaption><\/figure>\n<p style=\"text-align: justify;\">Mientras tanto, cambiamos el televisor por una tele 4k 55&#8243; y 120hz de LG, la 55Nano906NA pensando en las nuevas consolas que estaban al caer. Luego no cayeron porque se lanzaron sin juegos y por la escasez de unidades. Sin embargo Oculus revolucion\u00f3 en Noviembre la Realidad Virtual con sus Oculus Quest 2 y pensamos que era una muy buena idea poder estar en distintos sitios si nos volv\u00edamos a quedar encerrados. Hubo varios momentos que estuvieron muy cerca y, aunque no sucedi\u00f3, las gafas de VR son la aut\u00e9ntica nueva generaci\u00f3n, especialmente con juegos como Half Life Alyx.<\/p>\n<p style=\"text-align: justify;\">A\u00fan as\u00ed ya era cuesti\u00f3n de tiempo y de aguantar, de seguir teniendo cuidado, de teletrabajar todo lo posible y reducir las visitas a la gente al m\u00ednimo.<\/p>\n<p style=\"text-align: justify;\">Por si fuera poco con la pandemia, lleg\u00f3 Filomena, el peor temporal de nieve que haya visto nunca en Madrid. Lo cubri\u00f3 todo y destroz\u00f3 una enorme cantidad de \u00e1rboles. Apenas fueron tres d\u00edas de nieve pero se tard\u00f3 semanas en terminar de despejar las calles.<\/p>\n<figure style=\"width: 2400px\" class=\"wp-caption aligncenter\"><a href=\"https:\/\/lh3.googleusercontent.com\/5wXyNO_Rrxn3cYAhNvwf4fD_aKcgWAvwhOA1k-n8MesNDOdhhF8iQoTYOZYi8RIugAAH6X2c5N1RQNNFffl2_dkf71AT4mrZp12rQ5WRk41_QJZOAJuyEixOy0uK1KGqaU_fzu2wBA=w2400\"><img loading=\"lazy\" decoding=\"async\" class=\"size-medium\" src=\"https:\/\/lh3.googleusercontent.com\/5wXyNO_Rrxn3cYAhNvwf4fD_aKcgWAvwhOA1k-n8MesNDOdhhF8iQoTYOZYi8RIugAAH6X2c5N1RQNNFffl2_dkf71AT4mrZp12rQ5WRk41_QJZOAJuyEixOy0uK1KGqaU_fzu2wBA=w2400\" width=\"2400\" height=\"1200\" \/><\/a><figcaption class=\"wp-caption-text\">As\u00ed dej\u00f3 el barrio el temporal Filomena<\/figcaption><\/figure>\n<p style=\"text-align: justify;\">En cuanto a las vacunas, al principio el ritmo fue muy lento, llegaban pocas vacunas y algunas comunidades al principio se organizaron mal pero fueron pasando los meses y le cogieron el tranquillo al asunto.<\/p>\n<p style=\"text-align: justify;\">El car\u00edsimo, cada d\u00eda m\u00e1s, Hospital de pandemias Isabel Zendal por fin sirvi\u00f3 para algo.<\/p>\n<p style=\"text-align: justify;\">Lo de este hospital es curioso, se realiz\u00f3 en un tiempo r\u00e9cord pero no se dot\u00f3 de personal propio sino que sali\u00f3 de los otros hospitales. Se cre\u00f3 para fortalecer el n\u00famero de camas cuando hab\u00eda alas cerradas en otros hospitales de Madrid y se otorg\u00f3 su adjudicaci\u00f3n a dedo por la urgencia cuando lo que hac\u00edan falta eran m\u00e9dicos y rastreadores.<\/p>\n<p style=\"text-align: justify;\">El caso es que se ha convertido en uno de los tres vacun\u00f3dromos junto al precioso campo del Atl\u00e9tico de Madrid y el Wizink Center. Estos tres sitios junto a los hospitales y los centros de salud empezaron a vacunar a destajo. Empec\u00e9 a creerme que lo mismo este a\u00f1o terminaban vacun\u00e1ndome y s\u00ed, el 10 de Junio me pusieron la primera dosis y hoy la segunda, a mi mujer lo mismo pero un d\u00eda antes. El final de esta distop\u00eda parece que ya ha llegado.<\/p>\n<p style=\"text-align: justify;\">Hemos conseguido que no sea un a\u00f1o y medio perdido, seguir haciendo cosas, trabajando, leyendo, jugando, escribiendo, grabando e incluso viajando un poco pero echamos mucho de menos salir y viajar con seguridad, retomar en vivo las amistades que mantenemos por dispositivos electr\u00f3nicos.<\/p>\n<figure style=\"width: 2000px\" class=\"wp-caption alignnone\"><a href=\"https:\/\/lh3.googleusercontent.com\/GdmnDyWY4TMyzqRb86RinrthAJH6DXn3Gh-FvSLzyFthwJnagwfc1w9bETwANXWUzckeLP_Oreaf8te0mpnYdeGelQuzctKx1TlLPZgYlWj_42JSzsDVkfWMMVeacrp8i78tMbOD_w=w2400\"><img loading=\"lazy\" decoding=\"async\" class=\"size-medium\" src=\"https:\/\/lh3.googleusercontent.com\/GdmnDyWY4TMyzqRb86RinrthAJH6DXn3Gh-FvSLzyFthwJnagwfc1w9bETwANXWUzckeLP_Oreaf8te0mpnYdeGelQuzctKx1TlLPZgYlWj_42JSzsDVkfWMMVeacrp8i78tMbOD_w=w2400\" width=\"2000\" height=\"4000\" \/><\/a><figcaption class=\"wp-caption-text\">La nueva cafetera es lo que consigue que arranquemos por la ma\u00f1ana<\/figcaption><\/figure>\n<p style=\"text-align: justify;\">De esta pandemia las principales conclusiones que saco son:<\/p>\n<p style=\"text-align: justify;\">Este pa\u00eds depende demasiado del turismo y seguimos teniendo un tejido empresarial muy d\u00e9bil. Esta debilidad se vio en la crisis del ladrillo pero no se hizo nada al respecto y as\u00ed estamos de nuevo.<\/p>\n<p style=\"text-align: justify;\">Debilitar la sanidad p\u00fablica es pegarse un tiro en el pie. En Madrid es una verg\u00fcenza el tiempo de espera para cualquier cosa. Tuve que acudir al oculista y al dermat\u00f3logo. Por la privada, al d\u00eda siguiente. Por la p\u00fablica, diez d\u00edas para tener cita con el m\u00e9dico y luego meses para que me viera el especialista. Es completamente inasumible. Desgraciadamente esto va a peor.<\/p>\n<p style=\"text-align: justify;\">Hay que invertir en I+D+i. La vacuna espa\u00f1ola, que tiene buena pinta y parece que ser\u00e1 intranasal, a\u00fan no est\u00e1 ni en la fase de ensayos con humanos. Podemos tener cient\u00edficos muy buenos pero sin medios no sirve de nada. Yo hoy estoy vacunado gracias a la comuni\u00f3n del talento y la inversi\u00f3n. Sin los mejores cient\u00edficos con los mejores medios, a\u00fan estar\u00edan con pruebas y mucha gente estar\u00eda muriendo.<\/p>\n<p style=\"text-align: justify;\">Los pol\u00edticos de este pa\u00eds dan un asco infinito y me da igual el partido, todos han actuado anteponiendo sus intereses pol\u00edticos al bienestar de los espa\u00f1oles a partir de salir del confinamiento. Alguno incluso antes. Esto me ense\u00f1a que m\u00e1s vale buscarse la vida e intentar hacer las cosas por tu cuenta procurando que la pol\u00edtica te fastidie lo menos posible.<\/p>\n<p style=\"text-align: justify;\">La \u00faltima, este pa\u00eds tiene una cantidad enorme de h\u00e9roes y no est\u00e1n ante las c\u00e1maras.<\/p>\n<p style=\"text-align: justify;\">Por supuesto, los primeros los sanitarios como mi amigo Tama o mi vecina Bea que estaban al pie del ca\u00f1\u00f3n y que, por supuesto, se contagiaron.<\/p>\n<p style=\"text-align: justify;\">Al menos les han vacunado, pero los otros h\u00e9roes, los camioneros, los profesores, los de las farmacias, gasolineras o supermercados as\u00ed como los cuerpos de seguridad de Estado que lo dieron todo y a los que se les trat\u00f3 como ciudadanos de segunda en Catalu\u00f1a.<\/p>\n<p style=\"text-align: justify;\">Gente que en los malos momentos fueron designados como esenciales y despu\u00e9s se les abandon\u00f3 a su suerte. Muy grandes todos ellos y muy peque\u00f1os esos pol\u00edticos que no han estado a la altura de sus ciudadanos.<\/p>\n<figure style=\"width: 2400px\" class=\"wp-caption alignnone\"><a href=\"https:\/\/lh3.googleusercontent.com\/eenvhM7L80XIUt-6HoBKQX1TdxHiExP0arz5FH3ZlQ8sd3nV9WGCKJ0f30HBcErDYDmaU58vilT32fUbs0tDvEDXST6McKDbKyIuah1Ik8yLac04YATfCrdatGhlkgR0kdtzI8X5PA=w2400\"><img loading=\"lazy\" decoding=\"async\" class=\"size-medium\" src=\"https:\/\/lh3.googleusercontent.com\/eenvhM7L80XIUt-6HoBKQX1TdxHiExP0arz5FH3ZlQ8sd3nV9WGCKJ0f30HBcErDYDmaU58vilT32fUbs0tDvEDXST6McKDbKyIuah1Ik8yLac04YATfCrdatGhlkgR0kdtzI8X5PA=w2400\" width=\"2400\" height=\"1200\" \/><\/a><figcaption class=\"wp-caption-text\">Buitrago de Lozoya, uno de los pueblos m\u00e1s bonitos de Espa\u00f1a. Qu\u00e9 ganas de volver en mejores circunstancias<\/figcaption><\/figure>\n<p style=\"text-align: justify;\">Esperemos que acabe pronto cuando todos estemos vacunados, porque queda el mel\u00f3n por abrir de qu\u00e9 pasa en el resto del mundo, si podemos mirar a otro lado mientras las vacunas se quedan en el primer mundo y hacen fant\u00e1sticamente ricas a las farmac\u00e9uticas. Total, si no se vacuna todo el mundo y salen nuevas variantes que hagan a las vacunas ineficaces, con vender nuevas vacunas modificadas, resuelto y m\u00e1s beneficios. Mientras, millones muriendo. La liberaci\u00f3n de las patentes, aunque sea durante un per\u00edodo de tiempo, es imprescindible para acabar con la pandemia a nivel mundial. Es tan simple como que, si no se vacuna el mundo entero el virus pervivir\u00e1 y volver\u00e1 de distintas formas. Volver a una vida normal no ser\u00e1 posible a menos que el virus desaparezca.<\/p>\n<p style=\"text-align: justify;\">Ojal\u00e1 que estas conclusiones las compartan qui\u00e9nes toman las decisiones de en qu\u00e9 emplear nuestros impuestos.<\/p>\n<p>Pd. Al final s\u00ed que termin\u00e9 consiguiendo las consolas, pero esa es historia para otras entradas.<\/p>\n<p style=\"text-align: justify;\">Saludos fremen<\/p>\n","protected":false},"excerpt":{"rendered":"<p>Hoy, uno de Julio de 2021 me han puesto la segunda dosis de la vacuna de Pfizer contra el Coronavirus. Es un momento muy emocionante y es que hubo momentos en que no tuve demasiado claro que llegara hasta aqu\u00ed. Realmente todo fue m\u00e1s llevadero porque estaba mi mujer y lo afrontamos todo juntos.<\/p>\n","protected":false},"author":2,"featured_media":0,"comment_status":"open","ping_status":"open","sticky":false,"template":"","format":"standard","meta":{"iawp_total_views":5,"footnotes":""},"categories":[72],"tags":[2920,2923,2922,2500,2039,2917,2691,2916,2915,2918,2921,2919],"class_list":["post-4543","post","type-post","status-publish","format-standard","hentry","category-opinion","tag-astro-city-mini","tag-belmonte","tag-buitrago-de-lozoya","tag-coronavirus","tag-el-batallon-pluto","tag-filomena","tag-half-life-alyx","tag-mirlos","tag-pfizer","tag-ruffled-milk-cake","tag-saeco-lirika","tag-solomillo-wellington"],"_links":{"self":[{"href":"http:\/\/zonadelta.net\/atreides\/index.php?rest_route=\/wp\/v2\/posts\/4543","targetHints":{"allow":["GET"]}}],"collection":[{"href":"http:\/\/zonadelta.net\/atreides\/index.php?rest_route=\/wp\/v2\/posts"}],"about":[{"href":"http:\/\/zonadelta.net\/atreides\/index.php?rest_route=\/wp\/v2\/types\/post"}],"author":[{"embeddable":true,"href":"http:\/\/zonadelta.net\/atreides\/index.php?rest_route=\/wp\/v2\/users\/2"}],"replies":[{"embeddable":true,"href":"http:\/\/zonadelta.net\/atreides\/index.php?rest_route=%2Fwp%2Fv2%2Fcomments&post=4543"}],"version-history":[{"count":13,"href":"http:\/\/zonadelta.net\/atreides\/index.php?rest_route=\/wp\/v2\/posts\/4543\/revisions"}],"predecessor-version":[{"id":4556,"href":"http:\/\/zonadelta.net\/atreides\/index.php?rest_route=\/wp\/v2\/posts\/4543\/revisions\/4556"}],"wp:attachment":[{"href":"http:\/\/zonadelta.net\/atreides\/index.php?rest_route=%2Fwp%2Fv2%2Fmedia&parent=4543"}],"wp:term":[{"taxonomy":"category","embeddable":true,"href":"http:\/\/zonadelta.net\/atreides\/index.php?rest_route=%2Fwp%2Fv2%2Fcategories&post=4543"},{"taxonomy":"post_tag","embeddable":true,"href":"http:\/\/zonadelta.net\/atreides\/index.php?rest_route=%2Fwp%2Fv2%2Ftags&post=4543"}],"curies":[{"name":"wp","href":"https:\/\/api.w.org\/{rel}","templated":true}]}}