{"id":4528,"date":"2021-06-24T20:26:12","date_gmt":"2021-06-24T18:26:12","guid":{"rendered":"http:\/\/zonadelta.net\/atreides\/?p=4528"},"modified":"2021-06-24T20:26:12","modified_gmt":"2021-06-24T18:26:12","slug":"lezo-de-angel-miranda-guillermo-mogorron-ramon-vega-y-miguel-angel-abad","status":"publish","type":"post","link":"http:\/\/zonadelta.net\/atreides\/?p=4528","title":{"rendered":"Lezo de Angel Miranda, Guillermo Mogorr\u00f3n, Ram\u00f3n Vega y Miguel \u00c1ngel Abad"},"content":{"rendered":"<p><img decoding=\"async\" src=\"https:\/\/img.europapress.es\/fotoweb\/fotonoticia_20200701164057_1200.jpg\" alt=\"Llega a las librer\u00edas la primera parte de &amp;#39;Lezo&amp;#39;, c\u00f3mic que narra la  batalla de Cartagena de Indias\" \/><\/p>\n<p style=\"text-align: justify;\">Mucho autor para un t\u00edtulo de c\u00f3mic tan corto. El c\u00f3mic sobre la defensa de Cartagena de Indias en 1741 del ataque brit\u00e1nico con una fuerza superior de 10 a uno y la actuaci\u00f3n de Blas de Lezo luchando contra el enemigo mientras intentaba que el Virrey entrara en raz\u00f3n parece muy interesante en un principio.<\/p>\n<p><iframe loading=\"lazy\" title=\"Lezo, el c\u00f3mic -trailer-\" width=\"660\" height=\"371\" src=\"https:\/\/www.youtube.com\/embed\/QFW89RMhfao?feature=oembed\" frameborder=\"0\" allow=\"accelerometer; autoplay; clipboard-write; encrypted-media; gyroscope; picture-in-picture; web-share\" referrerpolicy=\"strict-origin-when-cross-origin\" allowfullscreen><\/iframe><\/p>\n<p><!--more--><\/p>\n<p style=\"text-align: justify;\">La figura de Blas de Lezo no la conoc\u00ed por la historia que se da en las aulas. No s\u00e9 los dem\u00e1s, pero no recuerdo para nada haber o\u00eddo hablar de \u00e9l y eso que la \u00e9poca del Imperio Espa\u00f1ol era la que m\u00e1s me interesaba cuando estaba en el colegio y el Instituto.<\/p>\n<figure style=\"width: 557px\" class=\"wp-caption aligncenter\"><img loading=\"lazy\" decoding=\"async\" src=\"https:\/\/farm2.staticflickr.com\/1808\/28551644447_b49d30dd70_c.jpg\" alt=\"\" width=\"557\" height=\"799\" \/><figcaption class=\"wp-caption-text\">P\u00e1gina de El ministerio del Tiempo, Mi tiempo se agota con Blas de Lezo<\/figcaption><\/figure>\n<p style=\"text-align: justify;\">No fue ah\u00ed, sino gracias a El ministerio del Tiempo, esa serie de Javier y Pablo Olivares empe\u00f1ada en rescatar personajes de la historia enterrados por el tiempo. En este caso no fue en la serie sino en el c\u00f3mic <a href=\"http:\/\/zonadelta.net\/atreides\/?p=2687\">El ministerio del Tiempo &#8211; Mi tiempo se agota<\/a> y ah\u00ed conoc\u00ed la incre\u00edble historia de este gran estratega y el castigo por destacar que han pagado y pagan muchos compatriotas por culpa de la mayor enfermedad que tiene este pa\u00eds, la envidia.<\/p>\n<p style=\"text-align: justify;\">Este era un vistazo muy bien contado pero corto y el c\u00f3mic del que hablo ahora es una visi\u00f3n mucho m\u00e1s acotada y pormenorizada de la batalla de Cartagena de Indias.<\/p>\n<figure style=\"width: 915px\" class=\"wp-caption aligncenter\"><a title=\"Captura\" href=\"https:\/\/www.flickr.com\/photos\/181630001@N05\/51269365345\/in\/dateposted-public\/\" target=\"_blank\" rel=\"noopener noreferrer\" data-flickr-embed=\"true\"><img loading=\"lazy\" decoding=\"async\" src=\"https:\/\/live.staticflickr.com\/65535\/51269365345_d60fd84223_o.png\" alt=\"Captura\" width=\"915\" height=\"1306\" \/><\/a><figcaption class=\"wp-caption-text\">La medicina de le \u00e9poca fielmente retratada<\/figcaption><\/figure>\n<p>&nbsp;<\/p>\n<p style=\"text-align: justify;\">Lo primero que hay que hacer es reconocerle a los autores haber conseguido un c\u00f3mic \u00e1gil de leer y disfrutar. Todo el trabajo del historiador Ram\u00f3n Vega de documentaci\u00f3n e investigaci\u00f3n que han volcado en el c\u00f3mic permite sustentar la historia pero han conseguido que no se convierta en un freno, sino que es parte de la ambientaci\u00f3n y vertebra lo que se cuenta pero siempre a trav\u00e9s del lenguaje del c\u00f3mic.<\/p>\n<figure style=\"width: 572px\" class=\"wp-caption aligncenter\"><img loading=\"lazy\" decoding=\"async\" class=\"\" src=\"https:\/\/4.bp.blogspot.com\/-shlSr7WuUtc\/W8DlxlnPuDI\/AAAAAAAAMlw\/hsmHqDKSDK4JAAsosy3u6nPYOBZCNe_lgCLcBGAs\/s1600\/El%2Bprimer%2Bviaje%2Bde%2BColon%2B024.jpg\" alt=\"El primer viaje de Col\u00f3n. Una candela lejana - Antonio Hern\u00e1ndez Palacios -  comic, 85 p\u00e1ginas | Miradas M\u00faltiples\" width=\"572\" height=\"788\" \/><figcaption class=\"wp-caption-text\">P\u00e1gina de El primer Viaje de Col\u00f3n, de Hern\u00e1ndez Palacios.<\/figcaption><\/figure>\n<p style=\"text-align: justify;\">Por ejemplo, uno de mis dibujantes favoritos de todos los tiempos es Antonio Hern\u00e1ndez Palacios. Sus cuatro tomos del Cid, Roncesvalles, Gorka Gudari, los que hizo sobre la conquista de Am\u00e9rica y varios m\u00e1s los tengo en gran estima. Sin embargo, reconozco que algunos de ellos se hacen farragosos de leer al meter una cantidad ingente de informaci\u00f3n en cartuchos y otras formas.<\/p>\n<p style=\"text-align: justify;\">Me gusta mucho m\u00e1s esta forma de narrar la historia y a\u00f1adir al final bastantes p\u00e1ginas de documentaci\u00f3n muy interesantes. En mi caso disfrut\u00e9 la historia y como me qued\u00e9 con ganas de saber m\u00e1s esas p\u00e1ginas me vinieron muy bien.<\/p>\n<p style=\"text-align: justify;\">En cuanto a la historia contada por el guionista \u00c1ngel Miranda me ha gustado, se me ha hecho muy corta y que est\u00e9 dividida en dos partes es una pena porque se queda justo en lo mejor. La historia se detiene en la Batalla y la ser un tiempo corto puede profundizar en los distintos aspectos y personajes d\u00e1ndole m\u00e1s inter\u00e9s que el del simple enfrentamiento.<\/p>\n<figure style=\"width: 505px\" class=\"wp-caption aligncenter\"><img loading=\"lazy\" decoding=\"async\" src=\"https:\/\/www.milcomics.com\/fotos\/236202020133666352.jpg\" alt=\"Comprar comic Espadas del Fin del Mundo Lezo - Mil Comics: Tienda de c\u00f3mics y figuras Marvel, DC Comics, Star Wars, Tint\u00edn\" width=\"505\" height=\"780\" \/><figcaption class=\"wp-caption-text\">Blas de Lezo<\/figcaption><\/figure>\n<p style=\"text-align: justify;\">La caracterizaci\u00f3n de los personajes con ese car\u00e1cter seco de Blas de Lezo, el adaptable de Denoux, el incre\u00edblemente egoc\u00e9ntrico del Virrey, cosa que comparte con el almirante brit\u00e1nico Vernon, est\u00e1n bien retratados.<\/p>\n<figure style=\"width: 880px\" class=\"wp-caption alignnone\"><img loading=\"lazy\" decoding=\"async\" src=\"https:\/\/estaticos-cdn.prensaiberica.es\/clip\/d9c1280b-47f3-4fbc-a59d-66ed50393039_16-9-aspect-ratio_default_0.jpg\" alt=\"Blas de Lezo, al c\u00f3mic - El D\u00eda\" width=\"880\" height=\"495\" \/><figcaption class=\"wp-caption-text\">Una de las espectaculares im\u00e1genes del c\u00f3mic<\/figcaption><\/figure>\n<p style=\"text-align: justify;\">El dibujo de Guillermo Mogorr\u00f3n ayuda mucho. Reconozco que, aunque no es el estilo de dibujo que m\u00e1s me gusta para el c\u00f3mic hist\u00f3rico (soy muy fan de <a href=\"http:\/\/zonadelta.net\/atreides\/?p=3477\">Bourgeon<\/a> y me parece perfecto para ese tipo de historias), tambi\u00e9n creo que hay un gran trabajo detr\u00e1s con un estilo un tanto sucio pero muy detallado y con algunas ilustraciones realmente espectaculares. Adem\u00e1s, todo, incluidas esas ilustraciones espectaculares, est\u00e1n al servicio de la historia. La narrativa es muy clara y permite seguir una historia compleja con bastantes personajes sin problema.<\/p>\n<p style=\"text-align: justify;\">En cuanto a la edici\u00f3n, es muy buena en tapa dura con p\u00e1ginas de 20 x 27 cent\u00edmetros, lo que ayuda a disfrutar de las im\u00e1genes, buen papel y buena impresi\u00f3n. Curiosamente, la impresi\u00f3n de las p\u00e1ginas en blanco d\u00f3nde van los t\u00edtulos y cr\u00e9ditos no est\u00e1n bien impresas estando estos un poco desva\u00eddos. Sin embargo los colores de Miguel \u00c1ngel Abad se muestran vibrantes y perfectamente reproducidos.<\/p>\n<p style=\"text-align: justify;\">A la historia se le a\u00f1aden bastantes p\u00e1ginas de documentaci\u00f3n que permiten hacerse una idea m\u00e1s precisa, tanto de lo que ocurri\u00f3 en la batalla, como del trabajo que se ha llevado a cabo para realizar el c\u00f3mic.<\/p>\n<p style=\"text-align: justify;\">Solo de pasada mencionar\u00e9 que este c\u00f3mic sali\u00f3 adelante gracias a un crowfunding en Verkami. Se ped\u00edan 19.000 \u20ac y se recaudaron finalmente 68.887 \u20ac siendo el crowfunding m\u00e1s exitoso en Espa\u00f1a para un c\u00f3mic.<\/p>\n<p style=\"text-align: justify;\">Adem\u00e1s, recientemente ha ganado El premio popular a la mejor obra del Sal\u00f3n del C\u00f3mic. Fue eso lo que me llev\u00f3 a comprarlo cuando lo vi el otro d\u00eda en la Casa del Libro y no solo no me arrepiento sino que estoy deseando que salga la segunda parte.<\/p>\n<p style=\"text-align: justify;\">Lo edita el sello Espadas del fin del mundo y cuesta 19 \u20ac.<\/p>\n<p style=\"text-align: justify;\">Saludos fremen.<\/p>\n","protected":false},"excerpt":{"rendered":"<p>Mucho autor para un t\u00edtulo de c\u00f3mic tan corto. El c\u00f3mic sobre la defensa de Cartagena de Indias en 1741 del ataque brit\u00e1nico con una fuerza superior de 10 a uno y la actuaci\u00f3n de Blas de Lezo luchando contra el enemigo mientras intentaba que el Virrey entrara en raz\u00f3n parece muy interesante en un &hellip; <a href=\"http:\/\/zonadelta.net\/atreides\/?p=4528\" class=\"more-link\">Sigue leyendo <span class=\"screen-reader-text\">Lezo de Angel Miranda, Guillermo Mogorr\u00f3n, Ram\u00f3n Vega y Miguel \u00c1ngel Abad<\/span><\/a><\/p>\n","protected":false},"author":2,"featured_media":0,"comment_status":"open","ping_status":"open","sticky":false,"template":"","format":"standard","meta":{"iawp_total_views":6,"footnotes":""},"categories":[10,2250],"tags":[2906,1475,1785,2909,2907,938,2908,2910],"class_list":["post-4528","post","type-post","status-publish","format-standard","hentry","category-comic","category-historica","tag-angel-miranda","tag-antonio-hernandez-palacios","tag-blas-de-lezo","tag-el-minsterio-del-tiempo","tag-guillermo-mogorron","tag-javier-olivares","tag-ramon-vega-y-miguel-angel-abad","tag-salon-del-comic-de-barcelona"],"_links":{"self":[{"href":"http:\/\/zonadelta.net\/atreides\/index.php?rest_route=\/wp\/v2\/posts\/4528","targetHints":{"allow":["GET"]}}],"collection":[{"href":"http:\/\/zonadelta.net\/atreides\/index.php?rest_route=\/wp\/v2\/posts"}],"about":[{"href":"http:\/\/zonadelta.net\/atreides\/index.php?rest_route=\/wp\/v2\/types\/post"}],"author":[{"embeddable":true,"href":"http:\/\/zonadelta.net\/atreides\/index.php?rest_route=\/wp\/v2\/users\/2"}],"replies":[{"embeddable":true,"href":"http:\/\/zonadelta.net\/atreides\/index.php?rest_route=%2Fwp%2Fv2%2Fcomments&post=4528"}],"version-history":[{"count":1,"href":"http:\/\/zonadelta.net\/atreides\/index.php?rest_route=\/wp\/v2\/posts\/4528\/revisions"}],"predecessor-version":[{"id":4529,"href":"http:\/\/zonadelta.net\/atreides\/index.php?rest_route=\/wp\/v2\/posts\/4528\/revisions\/4529"}],"wp:attachment":[{"href":"http:\/\/zonadelta.net\/atreides\/index.php?rest_route=%2Fwp%2Fv2%2Fmedia&parent=4528"}],"wp:term":[{"taxonomy":"category","embeddable":true,"href":"http:\/\/zonadelta.net\/atreides\/index.php?rest_route=%2Fwp%2Fv2%2Fcategories&post=4528"},{"taxonomy":"post_tag","embeddable":true,"href":"http:\/\/zonadelta.net\/atreides\/index.php?rest_route=%2Fwp%2Fv2%2Ftags&post=4528"}],"curies":[{"name":"wp","href":"https:\/\/api.w.org\/{rel}","templated":true}]}}