{"id":4496,"date":"2021-06-03T18:56:19","date_gmt":"2021-06-03T16:56:19","guid":{"rendered":"http:\/\/zonadelta.net\/atreides\/?p=4496"},"modified":"2021-06-03T18:56:19","modified_gmt":"2021-06-03T16:56:19","slug":"sobre-el-gran-premio-comic-barcelona-2021","status":"publish","type":"post","link":"http:\/\/zonadelta.net\/atreides\/?p=4496","title":{"rendered":"Sobre el Gran Premio C\u00f3mic Barcelona 2021"},"content":{"rendered":"<p style=\"text-align: justify;\"><a title=\"39-comic-barcelona-con-fechas-400dpi\" href=\"https:\/\/www.flickr.com\/photos\/181630001@N05\/51223424949\/in\/dateposted-public\/\" data-flickr-embed=\"true\"><img loading=\"lazy\" decoding=\"async\" src=\"https:\/\/live.staticflickr.com\/65535\/51223424949_4137da89b8_o.jpg\" alt=\"39-comic-barcelona-con-fechas-400dpi\" width=\"4677\" height=\"6614\" \/><\/a><\/p>\n<p style=\"text-align: justify;\">El otro d\u00eda envi\u00e9 mi apoyo al manifiesto Otro Comunicado sobre Gran Premio C\u00f3mic Barcelona 2021, mostrando mi desacuerdo porque el gran premio para un autor vaya a parar a un divulgador y editor por muy importante que haya sido.<\/p>\n<p style=\"text-align: justify;\"><!--more--><\/p>\n<p style=\"text-align: justify;\">\n<h3>El comunicado<\/h3>\n<p style=\"text-align: justify;\">El texto lo ten\u00e9is en la imagen:<\/p>\n<p style=\"text-align: justify;\"><a href=\"http:\/\/blog.adlo.es\/wp-content\/uploads\/2021\/06\/comunicADLO.jpg\"><img loading=\"lazy\" decoding=\"async\" class=\"aligncenter size-medium\" src=\"http:\/\/blog.adlo.es\/wp-content\/uploads\/2021\/06\/comunicADLO.jpg\" width=\"742\" height=\"1139\" \/><\/a><\/p>\n<p style=\"text-align: justify;\">\n<p style=\"text-align: justify;\">\n<h3 style=\"text-align: justify;\">Vamos a poner un m\u00ednimo contexto.<\/h3>\n<p style=\"text-align: justify;\">El gran premio del Sal\u00f3n se concede en reconocimiento a la trayectoria profesional de un autor o autora espa\u00f1ol\/a con un m\u00ednimo de 25 a\u00f1os de trabajo publicado. Para optar a este premio el autor o autora debe estar vivo y no puede haber ganado este galard\u00f3n previamente.<\/p>\n<p style=\"text-align: justify;\">La cosa se ha montado porque Antonio Mart\u00edn ha sido el ganador de este a\u00f1o y hay un problema con esto.<\/p>\n<p style=\"text-align: justify;\">Hay algunos que ven dos, pero el aut\u00e9ntico es que Antonio Mart\u00edn ha sido un grand\u00edsimo editor, revolucion\u00f3 la edici\u00f3n de los c\u00f3mics Marvel en Espa\u00f1a a trav\u00e9s de C\u00f3mics F\u00f3rum, incluy\u00f3 los correos y fue haciendo muchos y muy buenos cambios. Tambi\u00e9n de cabeza, bajo su direcci\u00f3n se cre\u00f3 el sello Laberinto para autores espa\u00f1oles, empez\u00f3 a publicar Manga en Espa\u00f1a y de hecho se trajo Dragon Ball, los c\u00f3mics cl\u00e1sicos de Marvel empezarona publicarse con mucha dignidad. En fin, bajo su direcci\u00f3n se hicieron muchas cosas muy buenas, unas por iniciativa propia, otras porque la competencia, concretamente Ediciones Zinco, introdujo cambios que \u00e9l tuvo la visi\u00f3n de creer que tambi\u00e9n los necesitaban sus publicaciones.<\/p>\n<p style=\"text-align: justify;\">Esto respecto a Antonio Mart\u00edn en cuanto a lo que yo he conocido de \u00e9l. Luego tiene una gran labor de cr\u00edtica y estudios sobre c\u00f3mic pero reconozco humildemente que no la he seguido, salvo alguna publicaci\u00f3n como U el hijo de Urich.<\/p>\n<figure style=\"width: 513px\" class=\"wp-caption aligncenter\"><img loading=\"lazy\" decoding=\"async\" class=\"\" src=\"https:\/\/i1.wp.com\/comicbookinvest.com\/wp-content\/uploads\/2015\/08\/ART-F817-865-529-897.jpg?w=426&amp;h=586&amp;ssl=1\" width=\"513\" height=\"706\" \/><figcaption class=\"wp-caption-text\">Portada de Carlos Pacheco para Cl\u00e1sicos Marvel de F\u00f3rum en sus inicios. \u00c9l es uno de los grandes autores que a\u00fan no ha recibido el Gran premio a una trayectoria<\/figcaption><\/figure>\n<h3>La vergonzosa demanda, pero legal<\/h3>\n<p style=\"text-align: justify;\">Toda esta trayectoria tiene un borr\u00f3n para muchos que es la demanda que interpuso contra el dibujante David Ram\u00edrez por una p\u00e1gina publicada en Dolmen por la que se sinti\u00f3 insultado y demand\u00f3 tanto al dibujante como a la revista. Perdi\u00f3 el primer juicio y gan\u00f3 el recurso.<\/p>\n<p style=\"text-align: justify;\">Estos son los hechos pero algunos creemos que no ha sido correcto darle el premio a Antonio Mart\u00edn.<\/p>\n<p style=\"text-align: justify;\">Mucha gente alega que utilizar su posici\u00f3n de poder para perseguir a un autor que hac\u00eda un chiste y demandarlo por 30.000 \u20ac fue una barbaridad y que con unas disculpas, que de hecho se produjeron en la revista, y que se hicieron directamente a \u00e9l, tendr\u00eda que haber sido m\u00e1s que suficiente y no perseguir ese menoscabo econ\u00f3mico en el dibujante y en la editorial. Esto lo comparto plenamente y da una imagen de Antonio Mart\u00edn bastante ruin.<\/p>\n<p style=\"text-align: justify;\">Sin embargo hay dos hechos, que cuando uno se siente insultado tiene todo el derecho a defenderse en los tribunales y que estos le dieron la raz\u00f3n.<\/p>\n<p style=\"text-align: justify;\">Nos guste o no, esto es as\u00ed y ser\u00eda absurdo que fuera una raz\u00f3n para no darle el premio por algo que los tribunales le dieron la raz\u00f3n. Personalmente, me parece una cacicada y una canallada, como poco, pero por ese lado, no tengo nada que alegar, es legal y le dieron la raz\u00f3n.<\/p>\n<p style=\"text-align: justify;\"><img loading=\"lazy\" decoding=\"async\" class=\"aligncenter\" src=\"http:\/\/2.bp.blogspot.com\/_uxVrTbS4d0k\/S81fRIa-NNI\/AAAAAAAAAKM\/2jLZXte_UWM\/s1600\/articulo+20.jpg\" width=\"513\" height=\"782\" \/><\/p>\n<p style=\"text-align: justify;\">Afortunadamente el mundo del c\u00f3mic apoy\u00f3 a David Ram\u00edrez y se public\u00f3 un c\u00f3mic solidario, Art\u00edculo 20. Nada menos que 56 autores participaron en ese c\u00f3mic que todav\u00eda conservo. La verdad, no s\u00e9 si fue suficiente para que los 4.000 \u20ac que finalmente tuvo que pagar se vieran cubiertos con el c\u00f3mic, pero al menos la intenci\u00f3n fue muy buena.<\/p>\n<h3>Porqu\u00e9 no se le debi\u00f3 dar el premio a un te\u00f3rico del c\u00f3mic<\/h3>\n<p style=\"text-align: justify;\">Volviendo al asunto, por lo que no comparto que se le d\u00e9 el c\u00f3mic es por una raz\u00f3n que me parece de caj\u00f3n. Antonio Mart\u00edn no hace c\u00f3mics. No los dibuja, no los entinta, no los escribe y este es un premio de reconocimiento a una trayectoria para un autor de c\u00f3mics.<\/p>\n<p style=\"text-align: justify;\">Tan sencillo como esto y tan complicado como intentar buscar artima\u00f1as para saltarse la literalidad y el esp\u00edritu de las bases para poder dar el premio a un historiador del c\u00f3mic, no a un historietista.<\/p>\n<figure style=\"width: 858px\" class=\"wp-caption aligncenter\"><a title=\"Bases y premiados\" href=\"https:\/\/www.flickr.com\/photos\/181630001@N05\/51222643581\/in\/dateposted-public\/\" data-flickr-embed=\"true\"><img loading=\"lazy\" decoding=\"async\" src=\"https:\/\/live.staticflickr.com\/65535\/51222643581_b4fce385f6_o.png\" alt=\"Bases y premiados\" width=\"858\" height=\"256\" \/><\/a><figcaption class=\"wp-caption-text\">Bases y ganadores del Gran Premio<\/figcaption><\/figure>\n<p style=\"text-align: justify;\">Si vemos el texto, en la misma frase de las bases no pone autor o autora \u00abde c\u00f3mic\u00bb, pero se dan dos circunstancias y una obviedad.<\/p>\n<p style=\"text-align: justify;\">Las dos circunstancias est\u00e1n en el listado de autores premiados desde 1988 hasta 2019. Como pod\u00e9is ver en el listado, todos y cada uno de ellos son autores de c\u00f3mic, gente que escribe o dibuja c\u00f3mics. No est\u00e1n ni Rom\u00e1n Gubern, ni Jes\u00fas Cuadrado, ni Javier Coma, ni Luis Gasca, por ejemplo. Pero s\u00ed Jordi Bernet, Ambr\u00f3s, V\u00edctor Mora, Max, Jos\u00e9 Ortiz o Carlos Gim\u00e9nez, todos y cada uno de ellos grandes autores de c\u00f3mics.<\/p>\n<p style=\"text-align: justify;\">Por otro lado, las bases del gran Premio del Sal\u00f3n es de un evento que se llama ahora C\u00f3mic Barcelona por lo que queda impl\u00edcito que el gran premio es a un autor de c\u00f3mic.<\/p>\n<p style=\"text-align: justify;\">En cuanto a la obviedad, es que tiene que ser autor de c\u00f3mic porque si no podr\u00eda optar a \u00e9l, por ejemplo, Fernando Trueba, porque es un autor que lleva m\u00e1s de 25 a\u00f1os de trayectoria y est\u00e1 vivo. No es un autor de c\u00f3mics, pero seg\u00fan la teor\u00eda del sal\u00f3n, no dice nada de que tenga ser un autor de c\u00f3mics sino que debe ser sobre c\u00f3mics, y por eso se lo dan a un divulgador.<\/p>\n<figure style=\"width: 900px\" class=\"wp-caption aligncenter\"><a href=\"https:\/\/img2.rtve.es\/im\/4558879\/?w=900\"><img loading=\"lazy\" decoding=\"async\" class=\"size-medium\" src=\"https:\/\/img2.rtve.es\/im\/4558879\/?w=900\" width=\"900\" height=\"563\" \/><\/a><figcaption class=\"wp-caption-text\">La balada de la Diosa Roja, de Esteban Maroto, uno de nuestros grandes autores a\u00fan sin el Gran Premio<\/figcaption><\/figure>\n<p style=\"text-align: justify;\">Ha sido muy sorprendente y creo que hay dos causas para que estoy haya pasado.<\/p>\n<p style=\"text-align: justify;\">La primera, los divulgadores, los historiadores y los cr\u00edticos de los c\u00f3mics, tenemos una importancia en que los c\u00f3mics en Espa\u00f1a sean conocidos y que la historia de los mismos no se pierda. Un c\u00f3mic sale y en un mes como mucho ha desaparecido y puede no volver a saberse nada de \u00e9l nunca m\u00e1s. Esa funci\u00f3n de dar a conocer el trabajo incre\u00edble que hacen los autores es muy importante. Sin embargo, no tiene un reconocimiento en el C\u00f3mic Barcelona.<\/p>\n<p style=\"text-align: justify;\">Por otro lado, el jurado de este premio me da la impresi\u00f3n, absolutamente personal, de que es especialmente sensible a la labor divulgativa del c\u00f3mic. De los 8 jurados cinco de ellos hacen una labor cr\u00edtica y de divulgaci\u00f3n aunque alguno de ellos tambi\u00e9n sea autor.<\/p>\n<p style=\"text-align: justify;\">Estas dos circunstancias me hacen presumir que fueron las razones por las que se cambi\u00f3 otorgar el\u00a0 premio a un autor por entregarlo a un editor y estudioso.<\/p>\n<p style=\"text-align: justify;\">Creo que ser\u00eda necesario un premio como el que ya hubo en el Sal\u00f3 del C\u00f2mic que premiaba la divulgaci\u00f3n pues es una labor muy importante.<\/p>\n<p style=\"text-align: justify;\">Sin embargo, porque no haya ahora mismo ese premio no se pueden tergiversar las normas para darle el premio a la trayectoria de un autor de c\u00f3mics a alguien que no es un autor de c\u00f3mics.<\/p>\n<p style=\"text-align: justify;\">Ah\u00ed tenemos grand\u00edsimos autores que a\u00fan no lo tienen como Esteban Maroto, Manuel Sanjuli\u00e1n o los m\u00e1s recientes Carlos Pacheco, Paco Roca, Juanjo Guarnido o Salvador Larroca, entre muchos otros,\u00a0 que llevan decenas y decenas de p\u00e1ginas haciendo que el c\u00f3mic hecho por autores espa\u00f1oles sea conocido en todo el mundo.<\/p>\n<figure style=\"width: 513px\" class=\"wp-caption aligncenter\"><a href=\"https:\/\/dyn1.heritagestatic.com\/lf?set=path%5B1%2F3%2F2%2F6%2F9%2F13269359%5D&amp;call=url%5Bfile%3Aproduct.chain%5D\"><img loading=\"lazy\" decoding=\"async\" class=\"\" src=\"https:\/\/dyn1.heritagestatic.com\/lf?set=path%5B1%2F3%2F2%2F6%2F9%2F13269359%5D&amp;call=url%5Bfile%3Aproduct.chain%5D\" width=\"513\" height=\"696\" \/><\/a><figcaption class=\"wp-caption-text\">Uno de nuestros primeros grandes autores en USA, Manuel Sanjuli\u00e1n, que a\u00fan no tiene el reconocimiento a su trayectoria por C\u00f3mic Barcelona<\/figcaption><\/figure>\n<p style=\"text-align: justify;\">Una cantidad enorme de autores, casi 300 han publicado un comunicado por el que no comparten que el premio al mejor autor se d\u00e9 a un te\u00f3rico y no a un autor. Casi 300, es una cantidad enorme y, adem\u00e1s, no de aficionados, sino de profesionales del c\u00f3mic, de autores precisamente. No creo que se deba ignorar a toda esa gente que precisamente son los que hacen los c\u00f3mics por los que existen este y todos los salones del c\u00f3mic.<\/p>\n<p style=\"text-align: justify;\">Fic\u00f3mic ha emitido un comunicado que, en esencia lo que dice es que el jurado ha sido soberano para decidir y que ellos no han entrado en ello y que el resultado es legal seg\u00fan su visi\u00f3n de las bases.<\/p>\n<h3>Conclusiones \u00bfQu\u00e9 se deber\u00eda hacer seg\u00fan mi opini\u00f3n?<\/h3>\n<p style=\"text-align: justify;\">Creo que el premio deber\u00eda rectificarse y otorgarse a alguno de los grand\u00edsimos autores que se lo han ganado a lo largo de su trayectoria y a Antonio Mart\u00edn hacerle un reconocimiento por la labor de una vida de aportaci\u00f3n al c\u00f3mic, sin duda.<\/p>\n<p style=\"text-align: justify;\">Esto para ahora, y para el a\u00f1o que viene crear una categor\u00eda para los estudiosos, cr\u00edticos y divulgadores del c\u00f3mic porque es una labor fundamental y creo que debe ser reconocida.<\/p>\n<p style=\"text-align: justify;\">Por el momento la situaci\u00f3n est\u00e1 enrocada, el Gran premio de C\u00f3mic Barcelona es para el editor Antonio Mart\u00edn y el mundo del c\u00f3mic est\u00e1 dividido. Espero que se acerquen posturas y se reconduzca la situaci\u00f3n.<\/p>\n<p style=\"text-align: justify;\">Saludos fremen.<\/p>\n<p style=\"text-align: justify;\">\n","protected":false},"excerpt":{"rendered":"<p>El otro d\u00eda envi\u00e9 mi apoyo al manifiesto Otro Comunicado sobre Gran Premio C\u00f3mic Barcelona 2021, mostrando mi desacuerdo porque el gran premio para un autor vaya a parar a un divulgador y editor por muy importante que haya sido.<\/p>\n","protected":false},"author":2,"featured_media":0,"comment_status":"open","ping_status":"open","sticky":false,"template":"","format":"standard","meta":{"iawp_total_views":7,"footnotes":""},"categories":[10,72],"tags":[2861,2863,1022,2862,2865,2866,2868,2864,2869,2867],"class_list":["post-4496","post","type-post","status-publish","format-standard","hentry","category-comic","category-opinion","tag-antonio-martin","tag-articulo-20","tag-carlos-pacheco","tag-david-ramirez","tag-estaban-maroto","tag-ficomic","tag-javier-coma","tag-manuel-sanjulian","tag-roman-gubern","tag-salvador-larroca"],"_links":{"self":[{"href":"http:\/\/zonadelta.net\/atreides\/index.php?rest_route=\/wp\/v2\/posts\/4496","targetHints":{"allow":["GET"]}}],"collection":[{"href":"http:\/\/zonadelta.net\/atreides\/index.php?rest_route=\/wp\/v2\/posts"}],"about":[{"href":"http:\/\/zonadelta.net\/atreides\/index.php?rest_route=\/wp\/v2\/types\/post"}],"author":[{"embeddable":true,"href":"http:\/\/zonadelta.net\/atreides\/index.php?rest_route=\/wp\/v2\/users\/2"}],"replies":[{"embeddable":true,"href":"http:\/\/zonadelta.net\/atreides\/index.php?rest_route=%2Fwp%2Fv2%2Fcomments&post=4496"}],"version-history":[{"count":1,"href":"http:\/\/zonadelta.net\/atreides\/index.php?rest_route=\/wp\/v2\/posts\/4496\/revisions"}],"predecessor-version":[{"id":4497,"href":"http:\/\/zonadelta.net\/atreides\/index.php?rest_route=\/wp\/v2\/posts\/4496\/revisions\/4497"}],"wp:attachment":[{"href":"http:\/\/zonadelta.net\/atreides\/index.php?rest_route=%2Fwp%2Fv2%2Fmedia&parent=4496"}],"wp:term":[{"taxonomy":"category","embeddable":true,"href":"http:\/\/zonadelta.net\/atreides\/index.php?rest_route=%2Fwp%2Fv2%2Fcategories&post=4496"},{"taxonomy":"post_tag","embeddable":true,"href":"http:\/\/zonadelta.net\/atreides\/index.php?rest_route=%2Fwp%2Fv2%2Ftags&post=4496"}],"curies":[{"name":"wp","href":"https:\/\/api.w.org\/{rel}","templated":true}]}}