{"id":4391,"date":"2021-03-21T18:05:36","date_gmt":"2021-03-21T17:05:36","guid":{"rendered":"http:\/\/zonadelta.net\/atreides\/?p=4391"},"modified":"2021-03-21T18:05:36","modified_gmt":"2021-03-21T17:05:36","slug":"liga-de-la-justicia-de-zack-snyder","status":"publish","type":"post","link":"http:\/\/zonadelta.net\/atreides\/?p=4391","title":{"rendered":"Liga de la Justicia de Zack Snyder"},"content":{"rendered":"<p style=\"text-align: justify;\"><a title=\"Snyder_Cut_Poster-600x889\" href=\"https:\/\/www.flickr.com\/photos\/181630001@N05\/51059012072\/in\/dateposted-public\/\" target=\"_blank\" rel=\"noopener noreferrer\" data-flickr-embed=\"true\"><img loading=\"lazy\" decoding=\"async\" class=\"aligncenter\" src=\"https:\/\/live.staticflickr.com\/65535\/51059012072_41e8c83d39_o.jpg\" alt=\"Snyder_Cut_Poster-600x889\" width=\"600\" height=\"889\" \/><\/a><script async src=\"\/\/embedr.flickr.com\/assets\/client-code.js\" charset=\"utf-8\"><\/script><br \/>\nMucho revuelo se ha armado con esta versi\u00f3n. Un grupo de fans de Zack Snyder exigieron que se estrenara su versi\u00f3n. Con el paso del tiempo no solo fue eso sino que se lleg\u00f3 a hacer una serie y despu\u00e9s una versi\u00f3n de la pel\u00edcula, que ya comentamos <a href=\"http:\/\/zonadelta.net\/atreides\/?p=2506\">aqu\u00ed<\/a>, con casi dos horas de material nuevo a\u00f1adido. \u00bfEl resultado? Veamos.<\/p>\n<p>Ojo! Hay bastantes spoilers. Mejor que solo lo le\u00e1is si la hab\u00e9is visto o si apreci\u00e1is vuestro tiempo y ya hab\u00e9is decidido no verla.<\/p>\n<p>https:\/\/youtu.be\/vM-Bja2Gy04<\/p>\n<p><!--more--><\/p>\n<p style=\"text-align: justify;\">No voy a comparar con la de Joss Whedon, quiz\u00e1 me anime a hacer una comparativa punto por punto m\u00e1s adelante, pero ahora creo que es mejor juzgarla por sus propios m\u00e9ritos. No obstante, al final estamos hablando de la misma historia y vaya por delante que esto no ha cambiado.<\/p>\n<figure style=\"width: 547px\" class=\"wp-caption aligncenter\"><a title=\"e7432a7beffda7fa397debd636809f27\" href=\"https:\/\/www.flickr.com\/photos\/181630001@N05\/51059012107\/in\/dateposted-public\/\" target=\"_blank\" rel=\"noopener noreferrer\" data-flickr-embed=\"true\"><img loading=\"lazy\" decoding=\"async\" src=\"https:\/\/live.staticflickr.com\/65535\/51059012107_038231cbaf_o.jpg\" alt=\"e7432a7beffda7fa397debd636809f27\" width=\"547\" height=\"811\" \/><\/a><figcaption class=\"wp-caption-text\">Poster de la Liga de la Justicia de Joss Whedon<\/figcaption><\/figure>\n<p>&nbsp;<\/p>\n<p style=\"text-align: justify;\">La historia cuenta la llegada de Steppenwolf a la Tierra para recuperar tres Cajas Madre que permitan crear la Unidad y convertir ese mundo en un mundo esclavizado. Para evitarlo luchar\u00e1n contra \u00e9l los h\u00e9roes reclutados por Batman y Wonder Woman: Flash, Aquaman y Cyborg.<\/p>\n<p style=\"text-align: justify;\">En el transcurso del asunto Steppenwolf descubrir\u00e1 que la ecuaci\u00f3n de la antivida est\u00e1 en la Tierra y se lo cuenta primero a Desaad y este le pasa la llamada a Darkseid.<\/p>\n<p style=\"text-align: justify;\">Este se emociona mucho porque lleva clamando por esa ecuaci\u00f3n desde que le fue arrebatada en el planeta desaparecido que, por la raz\u00f3n que fuere, se hab\u00edan olvidado que era la Tierra y eso que le dieron pero bien para el pelo.<\/p>\n<p style=\"text-align: justify;\">Entonces, en lugar de ir a buscarla, su agenda no se lo permite o tiene el Boom t\u00fanel en el taller, as\u00ed que le encarga Steppenwolf que termine de crear la Unidad y le abra camino para llegar. Tambi\u00e9n puede ser que le pirren las buenas entradas en plan desfile triunfal, a saber.<\/p>\n<figure style=\"width: 2560px\" class=\"wp-caption alignnone\"><a title=\"Desktop Screenshot 2021.03.21 - 14.58.30.86\" href=\"https:\/\/www.flickr.com\/photos\/181630001@N05\/51058283773\/in\/dateposted-public\/\" target=\"_blank\" rel=\"noopener noreferrer\" data-flickr-embed=\"true\"><img loading=\"lazy\" decoding=\"async\" src=\"https:\/\/live.staticflickr.com\/65535\/51058283773_846c433c7b_o.png\" alt=\"Desktop Screenshot 2021.03.21 - 14.58.30.86\" width=\"2560\" height=\"1440\" \/><\/a><figcaption class=\"wp-caption-text\">Los reyes de los hombres, reunidos para enterrar la Caja Madre<\/figcaption><\/figure>\n<p style=\"text-align: justify;\">Me gust\u00f3 el detalle de homenaje al Se\u00f1or de los anillos en el que las tres cajas se reparten, una para los hombres, otra para los atlantes y otra para las amazonas.<\/p>\n<p style=\"text-align: justify;\">El caso es que en paralelo, tenemos a Lois Lane echa polvo pero el Detective Marciano se transmuta en Martha, <a href=\"http:\/\/zonadelta.net\/atreides\/?p=1206\">la legendaria Martha madre de Superman<\/a>, para decirle a Lois que viva. Que como sabe el Detective Marciano todo esto, o cu\u00e1ndo conoci\u00f3 a Lois o a Clark, no se cuenta, pero supondremos que al ser tel\u00e9pata lo habr\u00e1 contado. Eso s\u00ed, su papel ah\u00ed acaba, tampoco va a ir a pegarse con Steppenwolf aunque tenga casi la misma fuerza que Superman. \u00c9l va m\u00e1s para asesor emocional.<\/p>\n<figure style=\"width: 2552px\" class=\"wp-caption alignnone\"><a title=\"Desktop Screenshot 2021.03.21 - 15.00.25.36\" href=\"https:\/\/www.flickr.com\/photos\/181630001@N05\/51059004731\/in\/dateposted-public\/\" target=\"_blank\" rel=\"noopener noreferrer\" data-flickr-embed=\"true\"><img loading=\"lazy\" decoding=\"async\" src=\"https:\/\/live.staticflickr.com\/65535\/51059004731_113f97dfd8_o.jpg\" alt=\"Desktop Screenshot 2021.03.21 - 15.00.25.36\" width=\"2552\" height=\"1363\" \/><\/a><figcaption class=\"wp-caption-text\">Este es el temible villano, Steppenwolf, un segund\u00f3n que se convierte en el gran villano<\/figcaption><\/figure>\n<p>&nbsp;<\/p>\n<p style=\"text-align: justify;\">Mientras tanto, nuestros h\u00e9roes se han pegado much\u00edsimo con el enviado de Darkseid y llegan a la conclusi\u00f3n que con un uso creativo de la Caja Madre que a\u00fan poseen, pueden revivir a Superman. Esta parte es de lo que mejor est\u00e1 hecho pues tiene un planteamiento y desarrollo bastante coherente y original. La \u00fanica pega es la de siempre, Superman estaba muerto pero nadie se lo cre\u00eda, tirarte casi tres horas de pel\u00edcula para resucitarlo y que luego venga a salvar la papeleta reduce la pel\u00edcula a hacer cosas y estar entretenidos hasta que llegue Superman. Si en lugar de intentar que Steppenwolf no consiga las cajas madre empiezan por resucitar a Superman, en veinte minutos se hab\u00eda acabado esto.<\/p>\n<p style=\"text-align: justify;\">Y ese es gran parte del problema, que lo que cuenta es un bluff porque cuando aparece Superman y termina con Steppenwolf en cinco minutos, mientras los colegas consiguen separar las tres cajas para que no sean la unidad, Darkseid se queda ah\u00ed mirando y entonces se cierra el Boom T\u00fanel.<\/p>\n<p style=\"text-align: justify;\">No hay gran villano.<\/p>\n<p style=\"text-align: justify;\">El gran villano anunciado solo posa para las c\u00e1maras y lo mismo vuelve si hay segunda parte.<\/p>\n<figure style=\"width: 2560px\" class=\"wp-caption alignnone\"><a title=\"Desktop Screenshot 2021.03.21 - 14.57.12.98\" href=\"https:\/\/www.flickr.com\/photos\/181630001@N05\/51059092527\/in\/dateposted-public\/\" target=\"_blank\" rel=\"noopener noreferrer\" data-flickr-embed=\"true\"><img loading=\"lazy\" decoding=\"async\" src=\"https:\/\/live.staticflickr.com\/65535\/51059092527_a6608b84aa_o.png\" alt=\"Desktop Screenshot 2021.03.21 - 14.57.12.98\" width=\"2560\" height=\"1440\" \/><\/a><figcaption class=\"wp-caption-text\">Darkseid haciendo un cameo en un flashback. Al final, se queda en un mero espectador<\/figcaption><\/figure>\n<p style=\"text-align: justify;\">La pel\u00edcula vuelve a contar lo que ya hab\u00eda contado Whedon antes y en la mitad de tiempo. Aunque es justo reconocerle que es mejor y m\u00e1s coherente esta pero le pesa la exagerad\u00edsima duraci\u00f3n.<\/p>\n<p style=\"text-align: justify;\">Lo que es de traca es el ep\u00edlogo final que es un sue\u00f1o de Bruce Wayne que parece que haya cenado fabada justo antes de irse a dormir y termina so\u00f1ando un mundo de lo m\u00e1s parecido a Injustice con un Superman malvado y un grupito de rebeldes encabezados por Batman y acompa\u00f1ado por un Flash con armadura, Deathstroke, Cyborg, Mera y el Joker. Esto da sentido al momento en que dicen que la llave de todo es Lois Lane, m\u00e1s all\u00e1 de calmar al reci\u00e9n resucitado Superman.<\/p>\n<figure style=\"width: 2560px\" class=\"wp-caption alignnone\"><a title=\"Desktop Screenshot 2021.03.21 - 15.01.08.30\" href=\"https:\/\/www.flickr.com\/photos\/181630001@N05\/51059004776\/in\/dateposted-public\/\" target=\"_blank\" rel=\"noopener noreferrer\" data-flickr-embed=\"true\"><img loading=\"lazy\" decoding=\"async\" src=\"https:\/\/live.staticflickr.com\/65535\/51059004776_718106dc39_o.png\" alt=\"Desktop Screenshot 2021.03.21 - 15.01.08.30\" width=\"2560\" height=\"1440\" \/><\/a><figcaption class=\"wp-caption-text\">Superman a lo Injustice<\/figcaption><\/figure>\n<p style=\"text-align: justify;\">En Injustice, el asesinato de Lois Lane por culpa de El Joker hizo que Superman cambiara y decidiera impartir su justicia implacablemente, sin piedad, convirti\u00e9ndose en el amo del mundo. Sinceramente me interesan m\u00e1s estos diez minutos y sus posibilidades que toda la pel\u00edcula.<\/p>\n<p style=\"text-align: justify;\">Como parece que es una especie de propuesta de ideas por si a Warner le mola y le da alguna m\u00e1s para que siga destrozando personajes de DC, tambi\u00e9n tenemos a Deathstroke aceptando un contrato de Lex Luthor para que mate a Batman y le dice qui\u00e9n es realmente.<\/p>\n<p style=\"text-align: justify;\">De paso el Detective Marciano se pasa por la casa de Bruce Wayne y le dice qui\u00e9n es y que est\u00e1 por all\u00ed por si hace falta para algo en una escena bastante fuera de toda la narraci\u00f3n.<\/p>\n<figure style=\"width: 2560px\" class=\"wp-caption alignnone\"><a title=\"Desktop Screenshot 2021.03.21 - 15.00.39.62\" href=\"https:\/\/www.flickr.com\/photos\/181630001@N05\/51059092647\/in\/dateposted-public\/\" target=\"_blank\" rel=\"noopener noreferrer\" data-flickr-embed=\"true\"><img loading=\"lazy\" decoding=\"async\" src=\"https:\/\/live.staticflickr.com\/65535\/51059092647_6dbd4408bb_o.png\" alt=\"Desktop Screenshot 2021.03.21 - 15.00.39.62\" width=\"2560\" height=\"1440\" \/><\/a><figcaption class=\"wp-caption-text\">Los 4:3, muy pol\u00e9micos por esas bandas a los lados<\/figcaption><\/figure>\n<p style=\"text-align: justify;\">Supongo que habr\u00e1 que mencionar tambi\u00e9n que la pel\u00edcula es m\u00e1s oscura, y no le sienta nada mal, pero que tambi\u00e9n se emite en 4:3 para no traicionar la visi\u00f3n creativa del director.<\/p>\n<p style=\"text-align: justify;\">Primero no entend\u00eda porqu\u00e9 iba a traicionar la visi\u00f3n creativa del director hacer una pel\u00edcula de superh\u00e9roes hasta el culo de efectos en formato panor\u00e1mico que fue como se estren\u00f3 la anterior y me atrever\u00eda a decir que todas las pel\u00edculas de superh\u00e9roes desde Superman en 1978.<\/p>\n<p style=\"text-align: justify;\">Sin embargo resulta que s\u00ed. Snyder decidi\u00f3 rodar la Liga de la Justicia en formato IMAX que es un formato similar al 4:3 por lo que han decidido sacarla en ese formato.<\/p>\n<p style=\"text-align: justify;\">Lo que me lleva a preguntarme porqu\u00e9 el genio incomprendido del director decidi\u00f3 sacarlo en este formato as\u00ed que decid\u00ed buscar cuantas salas IMAX hay en el mundo y resulta que en 2016 ascend\u00edan a 1.102 en 69 pa\u00edses.<\/p>\n<p style=\"text-align: justify;\">Solo en Espa\u00f1a hay 3.593 salas de cine. En China, el pa\u00eds con m\u00e1s salas de cine, ten\u00eda en 2016 la friolera de 40.917.<\/p>\n<p style=\"text-align: justify;\">Sin contar con que los televisores de todo el mundo son panor\u00e1micos desde hace veinte a\u00f1os.<\/p>\n<p style=\"text-align: justify;\">As\u00ed que, un blockbuster de superh\u00e9roes que cuenta la historia de c\u00f3mo se pegan contra un villano que quiere invadir la tierra decide hacer la pel\u00edcula en un formato minoritario\u00a0 y menos espectacular, m\u00e1s intimista. Pues vale.<\/p>\n<p style=\"text-align: justify;\">No me sorprende que en 2018 la pel\u00edcula la sacaran en formato panor\u00e1mico. Que ahora lo saquen en 4:3 como lo concibi\u00f3 el director me parece bien.<\/p>\n<p style=\"text-align: justify;\">Lo que me sorprende es la visi\u00f3n creativa por la cu\u00e1l lo hizo y que no entiendo. Aunque tampoco es que moleste, no es el problema de la pel\u00edcula, ni la mejora ni la empeora. Creo que es menos espectacular, es verdad, porque no lo veo en una sala IMAX, pero tampoco le veo demasiado problema.<\/p>\n<p style=\"text-align: justify;\">El problema es que son 4 horas que cuentan lo mismo que ya hab\u00edan contado pero ampliando much\u00edsimo la resurrecci\u00f3n de Superman, que el gran villano realmente no aparece y lo que parece un pr\u00f3logo al gran enfrentamiento como es la lucha contra el lugarteniente en realidad es la pel\u00edcula, creando un anticlimax y, encim,a se permite hacer una especie de cat\u00e1logo\/propuesta de empleo para nuevas pel\u00edculas en la \u00faltima media hora.<\/p>\n<figure style=\"width: 2560px\" class=\"wp-caption alignnone\"><a title=\"Desktop Screenshot 2021.03.21 - 14.56.00.96\" href=\"https:\/\/www.flickr.com\/photos\/181630001@N05\/51058283923\/in\/dateposted-public\/\" target=\"_blank\" rel=\"noopener noreferrer\" data-flickr-embed=\"true\"><img loading=\"lazy\" decoding=\"async\" src=\"https:\/\/live.staticflickr.com\/65535\/51058283923_07139da4ed_o.jpg\" alt=\"Desktop Screenshot 2021.03.21 - 14.56.00.96\" width=\"2560\" height=\"1391\" \/><\/a><figcaption class=\"wp-caption-text\">No es Hal Jordan, pero hay cameo de un Green Lantern<\/figcaption><\/figure>\n<p>&nbsp;<\/p>\n<p style=\"text-align: justify;\">\u00bfEs mejor que la anterior?<\/p>\n<p style=\"text-align: justify;\">M\u00e1s o menos. Hablando desde la distancia que da el tiempo, porque no la he vuelto a ver, me ha dejado mejor impresi\u00f3n y me ha parecido m\u00e1s coherente a pesar de las incoherencias que he comentado. Pero le pesan tanto las cuatro horas que al final est\u00e1n as\u00ed, as\u00ed.<\/p>\n<p style=\"text-align: justify;\">\u00bfEs una buena pel\u00edcula? Pues tiene sus momentos, me parece enormemente larga para lo que cuenta, la parte de las amazonas est\u00e1 bien y tambi\u00e9n la resurrecci\u00f3n de Superman. En general la he seguido con inter\u00e9s pero tambi\u00e9n se me ha hecho largu\u00edsima y me reafirma en la idea que a una pel\u00edcula mediocre no la arregla a\u00f1adirle dos horas m\u00e1s. As\u00ed que no, creo que se deja ver pero no creo que sea una buena pel\u00edcula. De hecho, no volver\u00eda a verla.<\/p>\n<p>En cuanto a Zack Snyder, espero que dirija otras pel\u00edculas, pero no de superh\u00e9roes, por favor, porque no hace una que no sea, como mucho, mediocre y encima ahora necesita que sean largu\u00edsimas para contar historias de lo m\u00e1s simples.<\/p>\n<p>Saludos fremen.<\/p>\n<p style=\"text-align: justify;\">\n","protected":false},"excerpt":{"rendered":"<p>Mucho revuelo se ha armado con esta versi\u00f3n. Un grupo de fans de Zack Snyder exigieron que se estrenara su versi\u00f3n. Con el paso del tiempo no solo fue eso sino que se lleg\u00f3 a hacer una serie y despu\u00e9s una versi\u00f3n de la pel\u00edcula, que ya comentamos aqu\u00ed, con casi dos horas de material &hellip; <a href=\"http:\/\/zonadelta.net\/atreides\/?p=4391\" class=\"more-link\">Sigue leyendo <span class=\"screen-reader-text\">Liga de la Justicia de Zack Snyder<\/span><\/a><\/p>\n","protected":false},"author":2,"featured_media":0,"comment_status":"open","ping_status":"open","sticky":false,"template":"","format":"standard","meta":{"iawp_total_views":15,"footnotes":""},"categories":[88,48,20,93,92],"tags":[2357,445,1677,2559,1014,2806,247,14,1674,2807,1676,243,1678],"class_list":["post-4391","post","type-post","status-publish","format-standard","hentry","category-accion","category-ciencia-ficcion-2","category-cine","category-fantasia","category-superheroes","tag-aquaman","tag-batman","tag-cyborg","tag-darkseid","tag-deathstroke","tag-desaad","tag-flash","tag-joker","tag-joss-whedon","tag-mera","tag-steppenwolf","tag-superman","tag-wonder-woman"],"_links":{"self":[{"href":"http:\/\/zonadelta.net\/atreides\/index.php?rest_route=\/wp\/v2\/posts\/4391","targetHints":{"allow":["GET"]}}],"collection":[{"href":"http:\/\/zonadelta.net\/atreides\/index.php?rest_route=\/wp\/v2\/posts"}],"about":[{"href":"http:\/\/zonadelta.net\/atreides\/index.php?rest_route=\/wp\/v2\/types\/post"}],"author":[{"embeddable":true,"href":"http:\/\/zonadelta.net\/atreides\/index.php?rest_route=\/wp\/v2\/users\/2"}],"replies":[{"embeddable":true,"href":"http:\/\/zonadelta.net\/atreides\/index.php?rest_route=%2Fwp%2Fv2%2Fcomments&post=4391"}],"version-history":[{"count":5,"href":"http:\/\/zonadelta.net\/atreides\/index.php?rest_route=\/wp\/v2\/posts\/4391\/revisions"}],"predecessor-version":[{"id":4396,"href":"http:\/\/zonadelta.net\/atreides\/index.php?rest_route=\/wp\/v2\/posts\/4391\/revisions\/4396"}],"wp:attachment":[{"href":"http:\/\/zonadelta.net\/atreides\/index.php?rest_route=%2Fwp%2Fv2%2Fmedia&parent=4391"}],"wp:term":[{"taxonomy":"category","embeddable":true,"href":"http:\/\/zonadelta.net\/atreides\/index.php?rest_route=%2Fwp%2Fv2%2Fcategories&post=4391"},{"taxonomy":"post_tag","embeddable":true,"href":"http:\/\/zonadelta.net\/atreides\/index.php?rest_route=%2Fwp%2Fv2%2Ftags&post=4391"}],"curies":[{"name":"wp","href":"https:\/\/api.w.org\/{rel}","templated":true}]}}