{"id":4343,"date":"2021-02-23T18:50:00","date_gmt":"2021-02-23T17:50:00","guid":{"rendered":"http:\/\/zonadelta.net\/atreides\/?p=4343"},"modified":"2021-02-23T18:51:22","modified_gmt":"2021-02-23T17:51:22","slug":"hoy-podriamos-vivir-en-un-mundo-muy-distinto","status":"publish","type":"post","link":"http:\/\/zonadelta.net\/atreides\/?p=4343","title":{"rendered":"Hoy podr\u00edamos vivir en un mundo muy distinto"},"content":{"rendered":"<p><a title=\"Snapshot 2021-02-23 18.32.21\" href=\"https:\/\/www.flickr.com\/photos\/181630001@N05\/50973677512\/in\/dateposted-public\/\" data-flickr-embed=\"true\"><img loading=\"lazy\" decoding=\"async\" src=\"https:\/\/live.staticflickr.com\/65535\/50973677512_9944392094_o.png\" alt=\"Snapshot 2021-02-23 18.32.21\" width=\"2560\" height=\"1440\" \/><\/a><\/p>\n<p>No recuerdo todos los detalles. Apenas ten\u00eda nueve a\u00f1os y algunas cosas se me escapan pero s\u00ed recuerdo que era por la tarde. Mi casa daba a un parque rodeado por edificios y en la parte baja de uno de ellos estaba la librer\u00eda d\u00f3nde compr\u00e1bamos los libros para el cole. Esa tarde estaba all\u00ed a comprar un cuaderno o algo as\u00ed y ten\u00edan la radio puesta.<\/p>\n<p>La siguiente imagen soy yo subiendo a casa corriendo dici\u00e9ndole a mi madre que hab\u00edan dado un golpe de estado.<\/p>\n<p><!--more--><\/p>\n<p><img loading=\"lazy\" decoding=\"async\" class=\"alignnone size-large\" src=\"https:\/\/okdiario.com\/img\/2020\/02\/22\/23-febrero-antonio-tejero-655x368.jpg\" width=\"655\" height=\"368\" \/><\/p>\n<p>En aquella \u00e9poca, en mi casa \u00e9ramos muy de Su\u00e1rez. Mi madre dec\u00eda que era muy guapo, m\u00e1s que Felipe, y fue un impacto ver por televisi\u00f3n lo que estaba pasando.<\/p>\n<p>He visto tantas veces las im\u00e1genes de Tejero entrando en el congreso, de Su\u00e1rez y Fraga plant\u00e1ndole cara, del decisivo discurso del Rey que a veces dudo de si lo vi en ese momento o despu\u00e9s.<\/p>\n<figure style=\"width: 1382px\" class=\"wp-caption alignnone\"><img loading=\"lazy\" decoding=\"async\" class=\"size-large\" src=\"https:\/\/blogs.elpais.com\/.a\/6a00d8341bfb1653ef017c370cfa24970b-pi\" width=\"1382\" height=\"974\" \/><figcaption class=\"wp-caption-text\">Tanques en Valencia<\/figcaption><\/figure>\n<p>Recuerdo que no fuimos a clase al d\u00eda siguiente, recuerdo las flores en la tele mientras pon\u00edan m\u00fasica cl\u00e1sica. Recuerdo o\u00edr que los tanques estaban por las calles de Valencia.<\/p>\n<p>Muchos a\u00f1os despu\u00e9s estudi\u00e9 derecho y tuve la suerte de tener a Manuel Jim\u00e9nez de Parga, diputado constituyente por UCD y presidente del Tribunal Constitucional, como profesor de derecho constitucional. Ah\u00ed aprend\u00ed a darme cuenta del papel brillante y asombroso que tuvieron Adolfo Su\u00e1rez y Juan Carlos I en conseguir que una dictadura terminara siendo una democracia.<\/p>\n<p>Ese 23 de Febrero de 1981 estuvimos a punto de perderlo todo, de tener una democracia de apenas cuatro a\u00f1os. Sin embargo, ni Adolfo Su\u00e1rez se dobleg\u00f3 teniendo a un golpista con una pistola delante de \u00e9l, ni el rey Juan Carlos I se uni\u00f3 al golpe que hab\u00edan dado para ponerle al mando de una dictadura como quer\u00eda Franco en su testamento.<\/p>\n<figure style=\"width: 669px\" class=\"wp-caption alignnone\"><img loading=\"lazy\" decoding=\"async\" src=\"https:\/\/lh3.googleusercontent.com\/proxy\/1fusUQCEIZPkDjhmnY-MmGYk_O56wIqsR8Ay5banRAIm8VII98nzFueSv9nUPCi1i79vdQU02LhEY1pY8YPCN2-srFKAWREIvEKCXW97Ya_4TbhpCWyBRjFRJAtp0tBkkK4oULswhYCNHncOx37eztmmtTxHhZWqVT8TCQFV2nPpyQ-hdasGevVHW5T60WSDgozSw7PzBQ\" alt=\"\" width=\"669\" height=\"485\" \/><figcaption class=\"wp-caption-text\">La cara de terror del Rey, pero se mantuvo firme en su discurso<\/figcaption><\/figure>\n<p>Lo dec\u00eda antes, ese discurso del rey acab\u00f3 con el golpe de estado.<\/p>\n<p>Todo lo dem\u00e1s no me parece relevante. \u00bfQue tentaran al rey con el poder absoluto, con que el pa\u00eds fuera suyo como lo hab\u00eda sido durante siglos de otros reyes, como lo hab\u00eda sido durante cuarenta a\u00f1os de Franco? Estoy seguro de que s\u00ed, y de que se lo pensar\u00eda pero eso no es lo importante. La intrahistoria es interesante pero al final anecd\u00f3tica.<\/p>\n<p>Lo importante es que se mantuvo fiel a la Constituci\u00f3n y a su cargo como garante de la Constituci\u00f3n otorgado por todos los espa\u00f1oles apenas hac\u00eda tres a\u00f1os. Hizo que el Golpe fracasara y que lo que parec\u00eda que iba a ser otro par\u00e9ntesis constitucional como la Pepa o la Rep\u00fablica de 1931.<\/p>\n<p>Sin esa decisi\u00f3n en ese momento de nuestra historia, hoy podr\u00edamos haber pasado una segunda guerra civil, haber tenido una monarqu\u00eda absolutista, no haber entrado en la CEE, permanecer aislados del resto del mundo bajo un r\u00e9gimen fascista-cat\u00f3lico sin libertad de expresi\u00f3n ni los dem\u00e1s derechos fundamentales que garantizan nuestra Constituci\u00f3n. El destino de nuestro pa\u00eds hubiera sido mantenerse en un pa\u00eds en v\u00edas de desarrollo para siempre.<\/p>\n<figure style=\"width: 768px\" class=\"wp-caption alignnone\"><img loading=\"lazy\" decoding=\"async\" class=\"size-large\" src=\"https:\/\/imagenes.elpais.com\/resizer\/RY8CP2TYNzRvw9Q2uQqjkoxnORA=\/768x0\/arc-anglerfish-eu-central-1-prod-prisa.s3.amazonaws.com\/public\/FLHPYVDPA7IKR7XBWK7UE22HUE.jpg\" width=\"768\" height=\"310\" \/><figcaption class=\"wp-caption-text\">La reacci\u00f3n al intento del Golpe de Estado el 27 de Febrero<\/figcaption><\/figure>\n<p>A d\u00eda de hoy tenemos muchos problemas, indudablemente, entre ellos que ese rey que salv\u00f3 al pa\u00eds entonces tiene toda la pinta de ser muy corrupto, pero ese d\u00eda podr\u00edamos haber bajado al infierno directamente. Una cosa no excluye la otra, por supuesto, pero cuando tuvo que estar a la altura lo estuvo. Si luego ha robado, que pague por ello como cualquier otro ciudadano.<\/p>\n<p>40 a\u00f1os despu\u00e9s estamos aqu\u00ed, con todos los problemas de un pa\u00eds europeo pero en Democracia, aunque con la necesidad de mejorarla.<\/p>\n<p>Saludos fremen<\/p>\n","protected":false},"excerpt":{"rendered":"<p>No recuerdo todos los detalles. Apenas ten\u00eda nueve a\u00f1os y algunas cosas se me escapan pero s\u00ed recuerdo que era por la tarde. Mi casa daba a un parque rodeado por edificios y en la parte baja de uno de ellos estaba la librer\u00eda d\u00f3nde compr\u00e1bamos los libros para el cole. Esa tarde estaba all\u00ed &hellip; <a href=\"http:\/\/zonadelta.net\/atreides\/?p=4343\" class=\"more-link\">Sigue leyendo <span class=\"screen-reader-text\">Hoy podr\u00edamos vivir en un mundo muy distinto<\/span><\/a><\/p>\n","protected":false},"author":2,"featured_media":0,"comment_status":"open","ping_status":"open","sticky":false,"template":"","format":"standard","meta":{"iawp_total_views":6,"footnotes":""},"categories":[72],"tags":[2785,1906,2787,1907,2786],"class_list":["post-4343","post","type-post","status-publish","format-standard","hentry","category-opinion","tag-40-aniversario-golpe-de-estado","tag-adolfo-suarez","tag-jimenez-de-parga","tag-juan-carlos-i","tag-tejero"],"_links":{"self":[{"href":"http:\/\/zonadelta.net\/atreides\/index.php?rest_route=\/wp\/v2\/posts\/4343","targetHints":{"allow":["GET"]}}],"collection":[{"href":"http:\/\/zonadelta.net\/atreides\/index.php?rest_route=\/wp\/v2\/posts"}],"about":[{"href":"http:\/\/zonadelta.net\/atreides\/index.php?rest_route=\/wp\/v2\/types\/post"}],"author":[{"embeddable":true,"href":"http:\/\/zonadelta.net\/atreides\/index.php?rest_route=\/wp\/v2\/users\/2"}],"replies":[{"embeddable":true,"href":"http:\/\/zonadelta.net\/atreides\/index.php?rest_route=%2Fwp%2Fv2%2Fcomments&post=4343"}],"version-history":[{"count":2,"href":"http:\/\/zonadelta.net\/atreides\/index.php?rest_route=\/wp\/v2\/posts\/4343\/revisions"}],"predecessor-version":[{"id":4345,"href":"http:\/\/zonadelta.net\/atreides\/index.php?rest_route=\/wp\/v2\/posts\/4343\/revisions\/4345"}],"wp:attachment":[{"href":"http:\/\/zonadelta.net\/atreides\/index.php?rest_route=%2Fwp%2Fv2%2Fmedia&parent=4343"}],"wp:term":[{"taxonomy":"category","embeddable":true,"href":"http:\/\/zonadelta.net\/atreides\/index.php?rest_route=%2Fwp%2Fv2%2Fcategories&post=4343"},{"taxonomy":"post_tag","embeddable":true,"href":"http:\/\/zonadelta.net\/atreides\/index.php?rest_route=%2Fwp%2Fv2%2Ftags&post=4343"}],"curies":[{"name":"wp","href":"https:\/\/api.w.org\/{rel}","templated":true}]}}