{"id":426,"date":"2015-03-04T11:21:21","date_gmt":"2015-03-04T11:21:21","guid":{"rendered":"http:\/\/zonadelta.net\/atreides\/?p=426"},"modified":"2016-03-01T17:29:47","modified_gmt":"2016-03-01T16:29:47","slug":"las-nuevas-series-el-ministerio-del-tiempo","status":"publish","type":"post","link":"http:\/\/zonadelta.net\/atreides\/?p=426","title":{"rendered":"Las nuevas series: El ministerio del tiempo"},"content":{"rendered":"<p style=\"text-align: justify;\"><a href=\"http:\/\/zonadelta.net\/atreides\/wp-content\/uploads\/2015\/03\/el-ministerio-del-tiempo.jpg\"><img loading=\"lazy\" decoding=\"async\" class=\"aligncenter wp-image-427 size-full\" src=\"http:\/\/zonadelta.net\/atreides\/wp-content\/uploads\/2015\/03\/el-ministerio-del-tiempo.jpg\" alt=\"el ministerio del tiempo\" width=\"980\" height=\"551\" srcset=\"http:\/\/zonadelta.net\/atreides\/wp-content\/uploads\/2015\/03\/el-ministerio-del-tiempo.jpg 980w, http:\/\/zonadelta.net\/atreides\/wp-content\/uploads\/2015\/03\/el-ministerio-del-tiempo-300x169.jpg 300w\" sizes=\"auto, (max-width: 980px) 100vw, 980px\" \/><\/a><\/p>\n<p style=\"text-align: justify;\">Creo que es la primera entrada que escribo sobre una serie espa\u00f1ola. Tambi\u00e9n es verdad que generalmente las series que suelo reflejar aqu\u00ed tienen una tem\u00e1tica fant\u00e1stica, de ciencia ficci\u00f3n, terror, aventuras\u00a0o polic\u00edaco, que va m\u00e1s en la l\u00ednea con el blog.<\/p>\n<p><iframe loading=\"lazy\" src=\"https:\/\/www.youtube.com\/embed\/Ok6Sa9is54M\" width=\"560\" height=\"315\" frameborder=\"0\" allowfullscreen=\"allowfullscreen\"><\/iframe><\/p>\n<p style=\"text-align: justify;\"><!--more--><\/p>\n<figure style=\"width: 980px\" class=\"wp-caption alignnone\"><img loading=\"lazy\" decoding=\"async\" src=\"http:\/\/cuatrostatic-a.akamaihd.net\/21-dias\/gym_MDSIMA20141215_0345_9.jpg\" alt=\"\" width=\"980\" height=\"549\" \/><figcaption class=\"wp-caption-text\">Ficci\u00f3n t\u00edpica de calidad Mediaset<\/figcaption><\/figure>\n<p style=\"text-align: justify;\">Adem\u00e1s, la ficci\u00f3n espa\u00f1ola en general no me motiva demasiado y no son muchas series las que sigo.\u00a0 Por un lado me encuentro con que los argumentos me abochornan, con cosas como \u00abA\u00edda\u00bb, \u00abAqu\u00ed no hay quien viva\u00bb, \u00abEl chiringuito de Pepe\u00bb, \u00abLos Serrano\u00bb, \u00abGym Tony\u00bb y as\u00ed una larga, larga, larga lista de series. Se suponen que son comedias costumbristas, pero como reflejo de la sociedad espa\u00f1ola me asustar\u00eda mucho vivir en Espa\u00f1a, porque ser\u00eda un pis de seres obtusos y gritones que se mueven por la vida como pollos sin cabeza. AL menos se parece muy poco a m\u00ed realidad,\u00a0a la gente que trato diariamente, ni siquiera a la forma de hablar. Como encima son tan chabacanas que ni tienen un \u00e1pice de inteligencia e el sentido del humor, pues huyo de ellas.<\/p>\n<p style=\"text-align: justify;\">Por otro lado, la factura t\u00e9cnica es muy triste, con decorados que se nota que lo son, filtros imitando cine que se notan y quedan muy cutres y en general la falta de medios se manifiesta en ellas.<\/p>\n<p style=\"text-align: justify;\">Los biopics que se marcan las cadenas son otras de las que huyo como la peste. Alguno hay digno pero en general se hacen con dos duros y recreaciones bastante tristes de los hechos.<\/p>\n<figure style=\"width: 2048px\" class=\"wp-caption alignnone\"><img loading=\"lazy\" decoding=\"async\" src=\"http:\/\/fbcdn-sphotos-c-a.akamaihd.net\/hphotos-ak-xpa1\/t31.0-8\/1932708_10152963722207904_940952060292586906_o.jpg\" alt=\"\" width=\"2048\" height=\"1296\" \/><figcaption class=\"wp-caption-text\">El Capit\u00e1n Alatriste, tan mala como buenas son las novelas<\/figcaption><\/figure>\n<p style=\"text-align: justify;\">No todo es malo, las adaptaciones literarias suelen hacerse con cuidado y calidad. No precisamente \u00abEl capit\u00e1n Alatriste\u00bb, con el Siglo de Oro m\u00e1s limpio y brillante que se haya visto, con esos pobres tan cuidadosos con sus ropas, tan nuevecitas, con ese lenguaje del siglo XXI que se carga todo el de las novelas y con esas interpretaciones para llorar por lo que pudo ser y no fue. Pero Televisi\u00f3n Espa\u00f1ola s\u00ed pon\u00eda dinero y talento para llevarlas a cabo, aunque \u00faltimamente ha tomado otros derroteros.<\/p>\n<p style=\"text-align: justify;\">En las series de g\u00e9nero hay algunas que son mucho m\u00e1s dignas y en general realizadas por RTVE, aunque ha habido buenos intentos por las privadas, algunos muy buenos pero con poco \u00e9xito, como Punta Escarlata.<\/p>\n<figure style=\"width: 470px\" class=\"wp-caption alignnone\"><img loading=\"lazy\" decoding=\"async\" src=\"http:\/\/www.ojotele.com\/images\/2008\/07\/internado21.jpg\" alt=\"\" width=\"470\" height=\"314\" \/><figcaption class=\"wp-caption-text\">El internado, de 9 a 99 a\u00f1os<\/figcaption><\/figure>\n<p style=\"text-align: justify;\">Otras han tenido mucho \u00e9xito como El internado o El barco, pero la ficci\u00f3n espa\u00f1ola tiene dos h\u00e1ndicaps muy complicados de resolver.<\/p>\n<p style=\"text-align: justify;\">Por un lado la exagerada duraci\u00f3n de las series, acerc\u00e1ndose a las dos horas cada cap\u00edtulo. Es decir a pel\u00edcula por episodio, lo que en muchos casos hace que la historia se tenga que estirar para cubrir el cap\u00edtulo completo.<\/p>\n<p style=\"text-align: justify;\">La otra, que tiene que gustar desde el ni\u00f1o hasta el abuelo. Esto hace que tengas un batiburrillo de personajes que van desde ni\u00f1os a abuelos y que lo que es una historia de intrigas o de ciencia ficci\u00f3n tenga la parte de romance adolescente, de juegos de los ni\u00f1os, de drama terrible de adultos y todo bien mezclado, dando un producto poco consistente y bastante intragable en general.<\/p>\n<p style=\"text-align: justify;\">Incluso una serie que se deja ver y est\u00e1 por encima de la media como es El pr\u00edncipe pasa de la trama con muchas influencias con The Shield (ya quisieran, pero copiar, copian) a de repente estar en un culebr\u00f3n venezolano ambientado en las mil y una noches. Aparte del bonito mensaje de que todo el que es \u00e1rabe es un terrorista. Compl\u00e9tese con un cat\u00e1logo de modelos para la serie que contrastan bastante con los actores que trabajan en la misma y, a\u00fan as\u00ed, como dec\u00eda antes, est\u00e1 por encima de la media.<\/p>\n<p style=\"text-align: justify;\">En ese aspecto TVE tiene bastante ventaja. Es cierto que al no tener anuncios no compite con las audiencias como los dem\u00e1s y tiene en la casa grandes profesionales. Esto le da mayor libertad para hacer cosas que no hace nadie y hacerlas mejor. As\u00ed, al pirado que se le ocurri\u00f3 poner un Ninja en la Espa\u00f1a de Felipe IV es para hac\u00e9rselo mirar. Pero lo hizo y TVE la emiti\u00f3 con el monumental \u00e9xito que es. Mucha gente no comulga con \u00c1guila Roja y tiene muchos defectos, cierto, pero tiene una factura t\u00e9cnica impecable, buenas interpretaciones y secuencias de acci\u00f3n maravillosamente coreografiadas. Los guiones podr\u00edan ser m\u00e1s s\u00f3lidos y no quedarse en que si te tragas lo del ninja\u00a0 ya te tragas cualquier cosa, que algunas veces parece eso.<\/p>\n<figure style=\"width: 800px\" class=\"wp-caption alignnone\"><img loading=\"lazy\" decoding=\"async\" src=\"http:\/\/teleprograma.fotogramas.es\/var\/plan_site\/storage\/images\/tele-corazon\/2014\/julio\/megan-montaner-sin-identidad-segunda-temporada\/megan-montaner-victor-ros\/7906550-1-esl-ES\/megan-montaner-victor-ros_ampliacion.jpg\" alt=\"\" width=\"800\" height=\"490\" \/><figcaption class=\"wp-caption-text\">Victor Ros, magn\u00edfica serie<\/figcaption><\/figure>\n<p style=\"text-align: justify;\">Otra, muy reciente, es Victor Ros un policiaco de finales del Siglo XiX que nada tiene que envidiar a Copper, otro similar de la BBC America de hace unos a\u00f1os. Muy buena recreaci\u00f3n de la \u00e9poca, muy entretenida, buenos personajes. Una magn\u00edfica serie que aspiraba a entretener y lo consigue con mucha dignidad.<\/p>\n<p style=\"text-align: justify;\">Es decir, se puede hacer buena ficci\u00f3n en Espa\u00f1a\u00a0y hay excepciones que lo confirman. Pero, en general, creo que nuestras series todav\u00eda est\u00e1n muy lejos de la calidad de las series americanas o inglesas.<\/p>\n<p style=\"text-align: justify;\">Creo que nuestras series de g\u00e9nero, cuando intentan ser hechas a la manera americana fracasan porque quedan \u00abraras\u00bb.\u00a0 Es decir, no somos americanos y nos presentan series que investigan y se cmportan como si fueramos americanos, pero r\u00e1pidamente se salen de eso porque no pega, luego vuelven&#8230;, quedan raras, ya digo.<\/p>\n<figure style=\"width: 980px\" class=\"wp-caption alignnone\"><img loading=\"lazy\" decoding=\"async\" src=\"http:\/\/img.irtve.es\/v\/2965771\/\" alt=\"\" width=\"980\" height=\"552\" \/><figcaption class=\"wp-caption-text\">El elenco principal de El ministerio del tiempo<\/figcaption><\/figure>\n<p style=\"text-align: justify;\">El ministerio del tiempo es una de las escasas series de ciencia ficci\u00f3n que se han hecho en Espa\u00f1a. En cuanto lees la sinopsis, un param\u00e9dico del 2015 (Rodolfo Sancho, Isabel), una estudiante universitaria del S XIX (Aura Garrido, Alatriste)y un soldado de los tercios de Flandes del S XVI (Nacho Fresneda, V\u00edctor Ros) viajan en el tiempo a resolver conflictos temporales, piensas autom\u00e1ticamente en Doctor Who o en A trav\u00e9s del tiempo.<\/p>\n<p style=\"text-align: justify;\">La buen\u00edsima noticia es que no, no es eso. Comparte los viajes en el tiempo pero no es una serie a la manera inglesa o americana. Es una serie que se plantea como ser\u00eda un ministerio aqu\u00ed que, en lugar de llevar medioambiente, por ejemplo, lleva el tiempo.<\/p>\n<figure style=\"width: 597px\" class=\"wp-caption alignnone\"><img loading=\"lazy\" decoding=\"async\" src=\"http:\/\/seriesonday.com\/wp-content\/uploads\/2015\/03\/212604-944-6301-597x264.jpg\" alt=\"\" width=\"597\" height=\"264\" \/><figcaption class=\"wp-caption-text\">De viaje a 1588 por Lisboa<\/figcaption><\/figure>\n<p style=\"text-align: justify;\">Tiene unos personajes magn\u00edficos, cada uno de ellos herederos del tiempo en el que vienen, reclutados por el ministerio como patrulleros para ir a resolver los distintos conflictos, pero con mucho sentido del humor y mucha de la idiosincrasia espa\u00f1ola, en el buen sentido. Es decir, en una serie americana, el efecto mariposa les aterroriza y hay que cumplir las normas a rajatabla o, en una decisi\u00f3n heroica, muy trascendente y sabiendo muy bien lo que arriesgan despu\u00e9s de tener un plan milim\u00e9tricamente calculado, posiblemente con el sacrificio de alguien, se saltar\u00e1n la norma.<\/p>\n<p style=\"text-align: justify;\">Aqu\u00ed no, aqu\u00ed son peque\u00f1as cosas, las prevendas de trabajar en el ministerio como desayunar con naranjas de una huerta murciana de 1800, llevarse una novela de P\u00e9rez Reverte\u00a0al S. XVI para leerla, llamar a su mujer muerta\u00a0al a\u00f1o 2012, en esencia\u00a0hacerse peque\u00f1os favores entre compa\u00f1eros, como si de un ministerio normal se tratara y, ante la disyuntiva de echar una mano al compa\u00f1ero o la posibilidad de cambiar la historia, que la historia se las arregle como pueda.<\/p>\n<p style=\"text-align: justify;\">Todo esto, con un gran sentido del humor, de hecho\u00a0tiene tanto de aventuras como de comedia, con momento hilarantes de verdad y con un bonito homenaje de Rodolfo Sancho a su padre, Sancho Gracia.<\/p>\n<p style=\"text-align: justify;\">Las historias est\u00e1n muy bien, aparte de los personajes hist\u00f3ricos que aparecen, las tramas son muy entretenidas.<\/p>\n<p style=\"text-align: justify;\">Por otro lado, la ambientaci\u00f3n es magn\u00edfica, en las distintas \u00e9pocas, sea la guerra de la independiencia, sea la de la Armada Invencible, no canta y queda muy bien.<\/p>\n<p style=\"text-align: justify;\">Los secundarios son de lujo con el gran Jaime Blanch como el ministro, Cayetana Guill\u00e9n Cuervo como una alta funcionaria o Natalia Mill\u00e1n en el papel de mala, todos muy bien en sus papeles.<\/p>\n<p style=\"text-align: justify;\">La serie no es perfecta, muy a la espa\u00f1ola no les importa mucho como funciona el asunto este del tiempo y m\u00e1s vale porque si te paras a pensarlo, tienen mucho que explicar.\u00a0 Ya no como funciona, ni las consecuencias de los actos, ni si cambia en esa l\u00ednea temporal, que parece que es esta teor\u00eda la escogida, \u00a0o si crea nuevas l\u00edneas temporales, sino c\u00f3mo usan m\u00f3viles, fax o port\u00e1tiles a trav\u00e9s del tiempo. As\u00ed, tiene casi m\u00e1s de fantas\u00eda que de ciencia ficci\u00f3n, pero no son m\u00e1s que detalles.<\/p>\n<p style=\"text-align: justify;\">As\u00ed, si aceptas esto, que no son m\u00e1s que detalles de algo que, en realidad es imposible, que por tanto nadie puede afirmar que tendr\u00e1 que ser de una o de otra manera, y como est\u00e1 muy bien hecha la suspensi\u00f3n de la incredulidad funciona, nos encontramos con una serie ampliamente disfrutable, divertida, entretenida e interesante, y espa\u00f1ola, por los cuatro costados. Ojo, nada de espa\u00f1olada, esta si que tiene reflejos de c\u00f3mo somos los espa\u00f1oles, para bien y para mal y sirve de reflejo mucho mejor que las supuestas comedias costumbristas que son poco m\u00e1s que astracanadas.<\/p>\n<p style=\"text-align: justify;\">Por finalizar, solo son dos cap\u00edtulos y puede perder fuelle, pero por el momento es una magn\u00edfica serie, muy recomendable y que inaugura la aparici\u00f3n de series espa\u00f1olas aqu\u00ed. Ojal\u00e1 que no sea la \u00faltima.<\/p>\n<p style=\"text-align: justify;\">Saludos fremen.<\/p>\n","protected":false},"excerpt":{"rendered":"<p>Creo que es la primera entrada que escribo sobre una serie espa\u00f1ola. Tambi\u00e9n es verdad que generalmente las series que suelo reflejar aqu\u00ed tienen una tem\u00e1tica fant\u00e1stica, de ciencia ficci\u00f3n, terror, aventuras\u00a0o polic\u00edaco, que va m\u00e1s en la l\u00ednea con el blog.<\/p>\n","protected":false},"author":2,"featured_media":427,"comment_status":"open","ping_status":"open","sticky":false,"template":"","format":"standard","meta":{"iawp_total_views":5,"footnotes":""},"categories":[48,91,7],"tags":[110],"class_list":["post-426","post","type-post","status-publish","format-standard","has-post-thumbnail","hentry","category-ciencia-ficcion-2","category-comedia","category-series-2","tag-historia"],"_links":{"self":[{"href":"http:\/\/zonadelta.net\/atreides\/index.php?rest_route=\/wp\/v2\/posts\/426","targetHints":{"allow":["GET"]}}],"collection":[{"href":"http:\/\/zonadelta.net\/atreides\/index.php?rest_route=\/wp\/v2\/posts"}],"about":[{"href":"http:\/\/zonadelta.net\/atreides\/index.php?rest_route=\/wp\/v2\/types\/post"}],"author":[{"embeddable":true,"href":"http:\/\/zonadelta.net\/atreides\/index.php?rest_route=\/wp\/v2\/users\/2"}],"replies":[{"embeddable":true,"href":"http:\/\/zonadelta.net\/atreides\/index.php?rest_route=%2Fwp%2Fv2%2Fcomments&post=426"}],"version-history":[{"count":4,"href":"http:\/\/zonadelta.net\/atreides\/index.php?rest_route=\/wp\/v2\/posts\/426\/revisions"}],"predecessor-version":[{"id":1114,"href":"http:\/\/zonadelta.net\/atreides\/index.php?rest_route=\/wp\/v2\/posts\/426\/revisions\/1114"}],"wp:featuredmedia":[{"embeddable":true,"href":"http:\/\/zonadelta.net\/atreides\/index.php?rest_route=\/wp\/v2\/media\/427"}],"wp:attachment":[{"href":"http:\/\/zonadelta.net\/atreides\/index.php?rest_route=%2Fwp%2Fv2%2Fmedia&parent=426"}],"wp:term":[{"taxonomy":"category","embeddable":true,"href":"http:\/\/zonadelta.net\/atreides\/index.php?rest_route=%2Fwp%2Fv2%2Fcategories&post=426"},{"taxonomy":"post_tag","embeddable":true,"href":"http:\/\/zonadelta.net\/atreides\/index.php?rest_route=%2Fwp%2Fv2%2Ftags&post=426"}],"curies":[{"name":"wp","href":"https:\/\/api.w.org\/{rel}","templated":true}]}}