{"id":420,"date":"2015-03-02T13:15:40","date_gmt":"2015-03-02T13:15:40","guid":{"rendered":"http:\/\/zonadelta.net\/atreides\/?p=420"},"modified":"2015-03-02T13:15:40","modified_gmt":"2015-03-02T13:15:40","slug":"darth-vader-1","status":"publish","type":"post","link":"http:\/\/zonadelta.net\/atreides\/?p=420","title":{"rendered":"Darth Vader 1"},"content":{"rendered":"<p style=\"text-align: justify;\">\n<p style=\"text-align: justify;\"><a href=\"http:\/\/i1347.photobucket.com\/albums\/p706\/AtreidesXXI\/Darth%20Vader%20001-000_zpsfrn5njna.jpg\"><img loading=\"lazy\" decoding=\"async\" class=\"alignnone\" src=\"http:\/\/i1347.photobucket.com\/albums\/p706\/AtreidesXXI\/Darth%20Vader%20001-000_zpsfrn5njna.jpg\" alt=\"\" width=\"666\" height=\"1024\" \/><\/a><\/p>\n<p style=\"text-align: justify;\">Contin\u00faa el re-lanzamiento del universo Star Wars con la serie del personaje m\u00e1s importante, el aut\u00e9ntico icono de la franquicia.<\/p>\n<p style=\"text-align: justify;\">Hay que recordar que en este relanzamiento solo es v\u00e1lido lo contado en las 6 pel\u00edculas (s\u00ed, Jar-Jar Binks es can\u00f3nico) y\u00a0 Las guerras Clon.<\/p>\n<p style=\"text-align: justify;\">Despu\u00e9s de los dos n\u00fameros editados de la serie Star Wars comienza la colecci\u00f3n de Darth Vader en al que este ha de afrontar su fracaso por la reciente destrucci\u00f3n de la Estrella de la muerte.<\/p>\n<p style=\"text-align: justify;\"><!--more--><\/p>\n<p style=\"text-align: justify;\">Marvel ha escogido grandes autores para estos relanzamientos previos a la llegada de la s\u00e9ptima pel\u00edcula de la saga, que se estrena el 18 de Diciembre.<\/p>\n<p style=\"text-align: justify;\">As\u00ed, el dibujante escogido es el gran Salvador Larroca, el segundo gran autor espa\u00f1ol que desembarc\u00f3 en USA junto a Carlos Pacheco por los a\u00f1os 90 y que ha trabajado en las principales colecciones americanas, incluyendo los mutantes y siendo recientemente reconocido por su trabajo junto a Matt Fraction con un Eisner gracias a la extraordinaria etapa de Iron Man.<\/p>\n<figure style=\"width: 666px\" class=\"wp-caption alignnone\"><a href=\"http:\/\/i1347.photobucket.com\/albums\/p706\/AtreidesXXI\/Darth%20Vader%20001-029_zpso12vu8xj.jpg\"><img loading=\"lazy\" decoding=\"async\" src=\"http:\/\/i1347.photobucket.com\/albums\/p706\/AtreidesXXI\/Darth%20Vader%20001-029_zpso12vu8xj.jpg\" alt=\"\" width=\"666\" height=\"1024\" \/><\/a><figcaption class=\"wp-caption-text\">Bobba Fett y amiguito<\/figcaption><\/figure>\n<p style=\"text-align: justify;\">Su trabajo est\u00e1 a la altura de las circunstancias con un Darth Vader que destila fuerza y poder. Todos los personajes de las pel\u00edculas que aparecen en el comic como el emperador, Jabba El Hutt, mercenarios, asistentes \u00a0o Bobba Fett est\u00e1n extraordinariamente bien caracterizados, sin esa rigidez que casi siempre tienen\u00a0los personajes\u00a0importados de la imagen real a la vi\u00f1etas. La composici\u00f3n de p\u00e1gina, como siempre clara y de pocas vi\u00f1etas que permiten seguir la por otro lado sencilla historia con facilidad y mostrando al tiempo\u00a0el buen dibujo del c\u00f3mic.<\/p>\n<p style=\"text-align: justify;\">El guionista es Kieron Gillen, el cual sustituy\u00f3 a Matt Fraction en X-Men, cuya etapa me result\u00f3 absolutamente anodina y que ten\u00eda la esperanza de que hubiera mejorado desde que lo perd\u00ed de vista.<\/p>\n<p style=\"text-align: justify;\">La verdad es que esta no es una colecci\u00f3n para poder lucirse demasiado. Primero porque el fan service parece una imposici\u00f3n editorial y es necesario que salgan el m\u00e1ximo n\u00famero de personajes conocidos de las pel\u00edculas para regocijo de los fans, sean o no necesarios para la historia.<\/p>\n<p style=\"text-align: justify;\">Despu\u00e9s porque los hechos acontecen entre el episodio IV y el V, por lo que a lo m\u00e1s que podemos aspirar es a conocer nuevos detalles de lo que sucedi\u00f3 pero no hechos fundamentales ya que esos suceden despu\u00e9s en El Imperio contrataca y El retorno del Jedi, con lo que queda poco margen de maniobra.<\/p>\n<figure style=\"width: 666px\" class=\"wp-caption alignnone\"><a href=\"http:\/\/i1347.photobucket.com\/albums\/p706\/AtreidesXXI\/Darth%20Vader%20001-026_zpsbh3npju8.jpg\"><img loading=\"lazy\" decoding=\"async\" src=\"http:\/\/i1347.photobucket.com\/albums\/p706\/AtreidesXXI\/Darth%20Vader%20001-026_zpsbh3npju8.jpg\" alt=\"\" width=\"666\" height=\"1024\" \/><\/a><figcaption class=\"wp-caption-text\">Para tener tan mal car\u00e1cter, parece que no se lo ha tomado muy mal<\/figcaption><\/figure>\n<p style=\"text-align: justify;\">As\u00ed, en este primer n\u00famero asistimos a las consecuencias del fracaso de Darth Vader por la destrucci\u00f3n de la estrella de la muerte y el ataque de los rebeldes en la base de Cymoon 1 que son esencialmente ninguna rese\u00f1able, que le ponen un jefe nuevo.<\/p>\n<p style=\"text-align: justify;\">Hay escenas de Darth Vader carg\u00e1ndose gente muy bien resueltas pero el n\u00famero en s\u00ed sabe a muy poco.<\/p>\n<figure style=\"width: 1024px\" class=\"wp-caption alignnone\"><a href=\"http:\/\/i1347.photobucket.com\/albums\/p706\/AtreidesXXI\/Darth%20Vader%20001-031_zpsgnfmn8bx.jpg\"><img loading=\"lazy\" decoding=\"async\" src=\"http:\/\/i1347.photobucket.com\/albums\/p706\/AtreidesXXI\/Darth%20Vader%20001-031_zpsgnfmn8bx.jpg\" alt=\"\" width=\"1024\" height=\"787\" \/><\/a><figcaption class=\"wp-caption-text\">De lo poco importante que sucede en el comic<\/figcaption><\/figure>\n<p style=\"text-align: justify;\">Los comics en la actualidad se editan pensando en tomos completos y analizar el primer n\u00famero es muy parecido a analizar el pr\u00f3logo de un libro, as\u00ed que esperar\u00e9 a terminar el primer ciclo tanto de este como el de Star Wars a ver si tienen algo m\u00e1s de chicha que ver comics decentemente escritos y bien dibujados pero que apenas cuentan nada de inter\u00e9s y que no suene a ya visto en las pel\u00edculas.<\/p>\n<p style=\"text-align: justify;\">Saludos fremen<\/p>\n<p>&nbsp;<\/p>\n","protected":false},"excerpt":{"rendered":"<p>Contin\u00faa el re-lanzamiento del universo Star Wars con la serie del personaje m\u00e1s importante, el aut\u00e9ntico icono de la franquicia. Hay que recordar que en este relanzamiento solo es v\u00e1lido lo contado en las 6 pel\u00edculas (s\u00ed, Jar-Jar Binks es can\u00f3nico) y\u00a0 Las guerras Clon. Despu\u00e9s de los dos n\u00fameros editados de la serie Star &hellip; <a href=\"http:\/\/zonadelta.net\/atreides\/?p=420\" class=\"more-link\">Sigue leyendo <span class=\"screen-reader-text\">Darth Vader 1<\/span><\/a><\/p>\n","protected":false},"author":2,"featured_media":421,"comment_status":"open","ping_status":"open","sticky":false,"template":"","format":"standard","meta":{"iawp_total_views":6,"footnotes":""},"categories":[48,10],"tags":[109,108],"class_list":["post-420","post","type-post","status-publish","format-standard","has-post-thumbnail","hentry","category-ciencia-ficcion-2","category-comic","tag-darth-vader","tag-star-wars"],"_links":{"self":[{"href":"http:\/\/zonadelta.net\/atreides\/index.php?rest_route=\/wp\/v2\/posts\/420","targetHints":{"allow":["GET"]}}],"collection":[{"href":"http:\/\/zonadelta.net\/atreides\/index.php?rest_route=\/wp\/v2\/posts"}],"about":[{"href":"http:\/\/zonadelta.net\/atreides\/index.php?rest_route=\/wp\/v2\/types\/post"}],"author":[{"embeddable":true,"href":"http:\/\/zonadelta.net\/atreides\/index.php?rest_route=\/wp\/v2\/users\/2"}],"replies":[{"embeddable":true,"href":"http:\/\/zonadelta.net\/atreides\/index.php?rest_route=%2Fwp%2Fv2%2Fcomments&post=420"}],"version-history":[{"count":1,"href":"http:\/\/zonadelta.net\/atreides\/index.php?rest_route=\/wp\/v2\/posts\/420\/revisions"}],"predecessor-version":[{"id":422,"href":"http:\/\/zonadelta.net\/atreides\/index.php?rest_route=\/wp\/v2\/posts\/420\/revisions\/422"}],"wp:featuredmedia":[{"embeddable":true,"href":"http:\/\/zonadelta.net\/atreides\/index.php?rest_route=\/wp\/v2\/media\/421"}],"wp:attachment":[{"href":"http:\/\/zonadelta.net\/atreides\/index.php?rest_route=%2Fwp%2Fv2%2Fmedia&parent=420"}],"wp:term":[{"taxonomy":"category","embeddable":true,"href":"http:\/\/zonadelta.net\/atreides\/index.php?rest_route=%2Fwp%2Fv2%2Fcategories&post=420"},{"taxonomy":"post_tag","embeddable":true,"href":"http:\/\/zonadelta.net\/atreides\/index.php?rest_route=%2Fwp%2Fv2%2Ftags&post=420"}],"curies":[{"name":"wp","href":"https:\/\/api.w.org\/{rel}","templated":true}]}}