{"id":3896,"date":"2020-06-13T15:32:09","date_gmt":"2020-06-13T13:32:09","guid":{"rendered":"http:\/\/zonadelta.net\/atreides\/?p=3896"},"modified":"2020-06-13T17:34:25","modified_gmt":"2020-06-13T15:34:25","slug":"dialogos-de-comic-de-david-macho-e-invitados","status":"publish","type":"post","link":"http:\/\/zonadelta.net\/atreides\/?p=3896","title":{"rendered":"Di\u00e1logos de C\u00f3mic, el mejor canal de Youtube sobre c\u00f3mic"},"content":{"rendered":"<p style=\"text-align: justify;\"><a title=\"EWK04MxWAAMeewk\" href=\"https:\/\/www.flickr.com\/photos\/181630001@N05\/50000814048\/in\/dateposted-public\/\" data-flickr-embed=\"true\"><img loading=\"lazy\" decoding=\"async\" class=\"aligncenter\" src=\"https:\/\/live.staticflickr.com\/65535\/50000814048_4fbcbe1ca9_o.jpg\" alt=\"EWK04MxWAAMeewk\" width=\"445\" height=\"400\"><\/a>&nbsp;<\/p>\n<p style=\"text-align: justify;\">Los que le\u00e9is habitualmente el blog sab\u00e9is que nunca hablo sobre canales de Youtube pero hoy voy a hacer una excepci\u00f3n.&nbsp;<\/p>\n<p style=\"text-align: justify;\">Voy a hacer una excepci\u00f3n porque seguramente sea el canal sobre c\u00f3mic m\u00e1s excepcional que se haya dado nunca.&nbsp;<\/p>\n<p style=\"text-align: justify;\">\u00bfQu\u00e9 exagero? Aunque quisiera no podr\u00eda exagerar, porque supera de lejos todas mis expectativas.<!--more--><\/p>\n<p style=\"text-align: justify;\"><img loading=\"lazy\" decoding=\"async\" class=\"alignnone \" src=\"https:\/\/comicvine1.cbsistatic.com\/uploads\/scale_medium\/6\/66303\/2720159-dave_macho_3_2_576.jpeg\" width=\"327\" height=\"468\"><\/p>\n<p style=\"text-align: justify;\">En cuanto a su autor, David Macho, son much\u00edsimos a\u00f1os oyendo hablar de \u00e9l, sabiendo que representaba autores en USA, que estaba relacionado con los invitados que ven\u00edan a Expoc\u00f3mic o a la Heroes Comic Con pero como era una parte del c\u00f3mic que no me afectaba directamente tampoco hice mucho caso hasta que por Twitter empec\u00e9 a seguirle hace unos a\u00f1os a ra\u00edz de la primera y sensacional <a href=\"http:\/\/zonadelta.net\/atreides\/?p=2239\">Heroes Comic Con de 2017<\/a>.<\/p>\n<p style=\"text-align: justify;\">Aparte de leer sus tweets e interactuar de vez en cuando con los temas que me parec\u00edan interesantes, el 19 de Abril David Macho se lanz\u00f3 con este proyecto, <a href=\"https:\/\/www.youtube.com\/channel\/UC_pyXTJ4_BNPa1SrErVJaRg\/videos\">Di\u00e1logos de C\u00f3mic<\/a>.<\/p>\n<p style=\"text-align: justify;\">\u00bfCu\u00e1l es la idea de esta canal de Youtube? Seg\u00fan me contaba es m\u00e1s una charla con sus amigos m\u00e1s que una entrevista, que la gente conozca a la persona m\u00e1s all\u00e1 del autor.<\/p>\n<p style=\"text-align: justify;\">Fruto de toda una vida de trabajar con los autores, la cantidad de amigos en este sector que se han prestado a charlar con \u00e9l es enorme pero, adem\u00e1s, la grand\u00edsima mayor\u00eda son estrellas consagradas y algunos de ellos incluso leyendas del c\u00f3mic, pero todos ellos son grandes autores de c\u00f3mic. Adem\u00e1s, grandes autores americanos pero tambi\u00e9n grandes autores espa\u00f1oles.<\/p>\n<figure style=\"width: 478px\" class=\"wp-caption aligncenter\"><a title=\"Dune\" href=\"https:\/\/www.flickr.com\/photos\/181630001@N05\/50001657717\/in\/dateposted-public\/\" target=\"_blank\" rel=\"noopener noreferrer\" data-flickr-embed=\"true\"><img loading=\"lazy\" decoding=\"async\" class=\"\" src=\"https:\/\/live.staticflickr.com\/65535\/50001657717_cbf7554487_o.jpg\" alt=\"Dune\" width=\"478\" height=\"754\"><\/a><figcaption class=\"wp-caption-text\">Paul Atreides por Bill Sienkiewicz<\/figcaption><\/figure>\n<p style=\"text-align: justify;\">&nbsp;<\/p>\n<p style=\"text-align: justify;\">Cuando digo que merece la pena poner el foco sobre <a href=\"https:\/\/www.youtube.com\/channel\/UC_pyXTJ4_BNPa1SrErVJaRg\/videos\">Di\u00e1logos de C\u00f3mic<\/a> es por dos razones principales.<\/p>\n<p style=\"text-align: justify;\">Por un lado, porque el elenco de invitados es el sue\u00f1o m\u00e1s ambicioso y desquiciado de cualquier aficionado al c\u00f3mic. Poder participar en las charlas en directo de colosos como Howard Chaykin, Marv Wolfman, Mark Waid, Eduardo Risso, Bill Sienkiewicz, Jim Starlin, Chris Claremont, Dave Gibbons, Kurt Busiek, Mark Millar, Denys Cowan o Dave McKean, entre muchos otros.<\/p>\n<figure style=\"width: 1655px\" class=\"wp-caption aligncenter\"><a title=\"Blacksad\" href=\"https:\/\/www.flickr.com\/photos\/181630001@N05\/50001686357\/in\/dateposted-public\/\" target=\"_blank\" rel=\"noopener noreferrer\" data-flickr-embed=\"true\"><img loading=\"lazy\" decoding=\"async\" src=\"https:\/\/live.staticflickr.com\/65535\/50001686357_4a4381dde0_o.jpg\" alt=\"Blacksad\" width=\"1655\" height=\"1024\"><\/a><figcaption class=\"wp-caption-text\">Blacksad por Juanjo Guarnido<\/figcaption><\/figure>\n<p style=\"text-align: justify;\">Que tambi\u00e9n est\u00e9n autores espa\u00f1oles del mismo calibre como Carlos Pacheco, Daniel Pellejero, Caf\u00fa, Daniel Acu\u00f1a, Carmen Carnero, Paco Roca o Juanjo Guarnido \u00bfD\u00f3nde se puede ver eso?<\/p>\n<p style=\"text-align: justify;\">Es una gran iniciativa, pero entrevistas a autores se pueden encontrar en revistas o en v\u00eddeos \u00bfd\u00f3nde est\u00e1 la aut\u00e9ntica fuerza de esto?<\/p>\n<p style=\"text-align: justify;\">Pues que va mucho m\u00e1s all\u00e1 de la entrevista. Las charlas quedan guardadas en el canal, pero lo poderoso de este formato es que es una charla grabada en directo en al que los espectadores podemos comentar en el chat de youtube, por un lado.<\/p>\n<figure style=\"width: 498px\" class=\"wp-caption aligncenter\"><a title=\"Black Kiss\" href=\"https:\/\/www.flickr.com\/photos\/181630001@N05\/50000882773\/in\/dateposted-public\/\" target=\"_blank\" rel=\"noopener noreferrer\" data-flickr-embed=\"true\"><img loading=\"lazy\" decoding=\"async\" src=\"https:\/\/live.staticflickr.com\/65535\/50000882773_50a06242f6_o.jpg\" alt=\"Black Kiss\" width=\"498\" height=\"723\"><\/a><figcaption class=\"wp-caption-text\">Black Kiss por Howard Chaykin<\/figcaption><\/figure>\n<p style=\"text-align: justify;\">Por otro lado, y creo que lo m\u00e1s meritorio, es la complicidad , la confianza que genera David Macho con los autores, conseguir que se sientan c\u00f3modos, que realmente la consideren una charla de amigos, es lo que hace que se vea no solo al gran autor sino a la persona y eso s\u00ed que no se encuentra en ninguna parte.<\/p>\n<p style=\"text-align: justify;\">Hay otro aspecto muy destacable y es la constancia y la periodicidad porque David Macho tiene una entrevista a un autor cada d\u00eda, generalmente a las 17.00 horas salvo excepciones para ajustar la agenda con el autor.&nbsp; As\u00ed, ahora mismo hay 40 programas&nbsp;<\/p>\n<p style=\"text-align: justify;\">Otra cosa estupenda para los que tenemos un o\u00eddo terrible para los idiomas, como yo, es que unas horas despu\u00e9s de la charla se a\u00f1aden los subt\u00edtulos en el v\u00eddeo de Youtube lo que facilita, a mi y a muchos,&nbsp; su disfrute.<\/p>\n<p style=\"text-align: justify;\">Adem\u00e1s, la iniciativa sigue con el mismo nivel. Mirad la imagen de abajo, los invitados para la semana del 15 de Junio son inigualables.<\/p>\n<p style=\"text-align: justify;\"><a title=\"rfLrCGys\" href=\"https:\/\/www.flickr.com\/photos\/181630001@N05\/50001588472\/in\/dateposted-public\/\" target=\"_blank\" rel=\"noopener noreferrer\" data-flickr-embed=\"true\"><img loading=\"lazy\" decoding=\"async\" class=\"alignnone\" src=\"https:\/\/live.staticflickr.com\/65535\/50001588472_de631bfa98_o.jpg\" alt=\"rfLrCGys\" width=\"709\" height=\"405\"><\/a>&nbsp;<\/p>\n<p style=\"text-align: justify;\">Para abrir boca, el guionista m\u00e1s importante de la \u00faltima d\u00e9cada, <strong>Brian Michael Bendis<\/strong>, una estrella que cambi\u00f3 todo Marvel con sus Vengadores, con su fant\u00e1stica etapa de Daredevil, con el mejor Spiderman que se ha hecho en eones, el Ultimate Spiderman, y que luego se ha ido a DC a hacer lo mismo. Pero, por si parec\u00eda poco, el otro invitado es nada menos que <strong>&nbsp;Garth Ennis<\/strong>. Si Predicador, Hellblazer o Punisher lo hicieron muy famoso por su irreverencia y su brutalidad, est\u00e1 de plena actualidad por <a href=\"http:\/\/zonadelta.net\/atreides\/?p=3323\">The Boys<\/a>, la desmitificadora serie sobre los superh\u00e9roes de Amazon Prime cuyo c\u00f3mic va mucho m\u00e1s all\u00e1 de lo que puede llegar esta, a pesar de la cartela que inicia cada cap\u00edtulo avisando de lenguaje malsonante, desnudos, violencia gratuita y mil cosas m\u00e1s que pueden molestar a los ofendiditos. Como m\u00ednimo, Ennis desayuna ofendiditos desde los a\u00f1os 90.<\/p>\n<p style=\"text-align: justify;\">Juntar al guionista m\u00e1s importante del c\u00f3mic de superh\u00e9roes y al mayor desmitificador del mismo, como m\u00ednimo, va a ser interesante.<\/p>\n<figure style=\"width: 480px\" class=\"wp-caption aligncenter\"><a title=\"El superpoder m\u00e1s importante\" href=\"https:\/\/www.flickr.com\/photos\/181630001@N05\/50001406026\/in\/dateposted-public\/\" target=\"_blank\" rel=\"noopener noreferrer\" data-flickr-embed=\"true\"><img loading=\"lazy\" decoding=\"async\" src=\"https:\/\/live.staticflickr.com\/65535\/50001406026_89cd753d60_o.png\" alt=\"El superpoder m\u00e1s importante\" width=\"480\" height=\"731\"><\/a><figcaption class=\"wp-caption-text\">Superman por David Rub\u00edn<\/figcaption><\/figure>\n<p style=\"text-align: justify;\">Sin descuidar a los grandes autores espa\u00f1oles, el martes tenemos a <strong>David Rub\u00edn<\/strong>, un fant\u00e1stico autor con un estilo muy particular y \u00abpoco normativo\u00bb que ha conseguido encandilar y triunfar en USA gracias a su fant\u00e1stica narrativa y manejo del color. As\u00ed, Ether o Black Hammer con Jeff Lemire son comics de los m\u00e1s interesantes, adem\u00e1s es uno de los autores que ha triunfado tambi\u00e9n en Espa\u00f1a con obras como El H\u00e9roe, Gran Hotel Abismo. Adem\u00e1s, ha sido piedra angular de la iniciativa de ECC para volver a las librer\u00edas con la preciosa historia de Superman El mejor poder es la empat\u00eda junto a las l\u00e1minas de Paco Roca y de Jes\u00fas Merino. Ser\u00e1 muy interesante porque habla muy bien y muy claro.<\/p>\n<p style=\"text-align: justify;\">Adem\u00e1s, poder disfrutar en la misma charla de <strong>David Balde\u00f3n<\/strong> va a ser genial conocer su experiencia con X-Men, Gweenpool y m\u00e1s personajes Marvel.<\/p>\n<p style=\"text-align: justify;\">Tambi\u00e9n va a ser genial tener a <strong>El Torres<\/strong> el jueves. Es un autor que, para mi, ha ido mejorando much\u00edsimo con el paso de los a\u00f1os hasta convertirse en el mejor guionista espa\u00f1ol actual, con c\u00f3mics tan fant\u00e1sticos como El esp\u00edritu de Gaud\u00ed, hasta obras de encargo con una calidad inmensa como Tiempo al tiempo, de El ministerio del tiempo. Pero es que su carrera desde el fanzine Seneeze Gang hasta aqu\u00ed ha sido apasionante y contar con su antiguo compinche <strong>Hern\u00e1n Migoya<\/strong> en la charla le da a\u00fan m\u00e1s inter\u00e9s.&nbsp;<\/p>\n<figure style=\"width: 486px\" class=\"wp-caption aligncenter\"><img loading=\"lazy\" decoding=\"async\" src=\"https:\/\/1.bp.blogspot.com\/-wE-T_xanPnQ\/UQpP-v_0ALI\/AAAAAAAAChA\/tWwF5y2oWuU\/s1600\/clasicosdc22.jpg\" alt=\"\" width=\"486\" height=\"752\"><figcaption class=\"wp-caption-text\">La Saga de la Gran Oscuridad, de Levitz y Giffen<\/figcaption><\/figure>\n<p style=\"text-align: justify;\">Casi podr\u00eda decirse que el plato fuerte ser\u00eda el viernes, si no hubiera sido un plato fuerte cada d\u00eda,&nbsp; con nada menos que una leyenda como <strong>Paul Levitz<\/strong>, autor con Giffen de la Saga de la Gran Oscuridad de la Legi\u00f3n de Superh\u00e9roes, creador de la Cazadora y presidente y vicepresidente de DC Comics, entre muchas otras cosas, va a ser apasionante, tengo unas ganas enormes de escucharlo.&nbsp;&nbsp;<\/p>\n<p style=\"text-align: justify;\">Todo esto cada d\u00eda, \u00bfveis como no exageraba? Es una iniciativa hist\u00f3rica, una oportunidad \u00fanica de poder interactuar y ver a los mejores autores de c\u00f3mics y espero que tenga todo el \u00e9xito del mundo y siga mucho tiempo.<\/p>\n<p style=\"text-align: justify;\">As\u00ed, lo mismo entre todos esos monstruos con los que ha charlado en alg\u00fan momento pueden aparecer Arthur Adams, Neil Gaiman, o Frank Miller, que aunque ah\u00ed ya lo vi en la <a href=\"http:\/\/zonadelta.net\/atreides\/?p=2239\">Heroes Comic Con de 2017<\/a> y <a href=\"https:\/\/youtu.be\/UanjZwWi-9g\">grab\u00e9 la charla<\/a>, siempre es genial escucharle. Alan Moore ni lo menciono porque creo que no habla con gente de nuestro plano astral, aunque ser\u00eda interesant\u00edsimo.<\/p>\n<p style=\"text-align: justify;\">Lo recomiendo con todo el entusiasmo porque no he visto algo as\u00ed nunca.<\/p>\n<p style=\"text-align: justify;\">Saludos fremen<\/p>\n<p style=\"text-align: justify;\">&nbsp;<\/p>\n<p style=\"text-align: justify;\">&nbsp;<\/p>\n<p style=\"text-align: justify;\">&nbsp;<\/p>\n","protected":false},"excerpt":{"rendered":"<p>&nbsp; Los que le\u00e9is habitualmente el blog sab\u00e9is que nunca hablo sobre canales de Youtube pero hoy voy a hacer una excepci\u00f3n.&nbsp; Voy a hacer una excepci\u00f3n porque seguramente sea el canal sobre c\u00f3mic m\u00e1s excepcional que se haya dado nunca.&nbsp; \u00bfQu\u00e9 exagero? Aunque quisiera no podr\u00eda exagerar, porque supera de lejos todas mis expectativas.<\/p>\n","protected":false},"author":2,"featured_media":0,"comment_status":"open","ping_status":"open","sticky":false,"template":"","format":"standard","meta":{"iawp_total_views":6,"footnotes":""},"categories":[10],"tags":[1133,2531,1022,2533,1135,2532,2530,2526,2535,2394,2525,2523,2032,2527,2528,2524,1851,2534],"class_list":["post-3896","post","type-post","status-publish","format-standard","hentry","category-comic","tag-bill-sienkiewicz","tag-cafu","tag-carlos-pacheco","tag-carmen-carnero","tag-chris-claremont","tag-daniel-acuna","tag-daniel-pellejero","tag-dave-gibbons","tag-david-macho","tag-denys-cowan","tag-eduardo-risso","tag-howard-chaykin","tag-jim-starlin","tag-kurt-busiek","tag-mark-millar","tag-mark-waid","tag-marv-wolfman","tag-paco-roca"],"_links":{"self":[{"href":"http:\/\/zonadelta.net\/atreides\/index.php?rest_route=\/wp\/v2\/posts\/3896","targetHints":{"allow":["GET"]}}],"collection":[{"href":"http:\/\/zonadelta.net\/atreides\/index.php?rest_route=\/wp\/v2\/posts"}],"about":[{"href":"http:\/\/zonadelta.net\/atreides\/index.php?rest_route=\/wp\/v2\/types\/post"}],"author":[{"embeddable":true,"href":"http:\/\/zonadelta.net\/atreides\/index.php?rest_route=\/wp\/v2\/users\/2"}],"replies":[{"embeddable":true,"href":"http:\/\/zonadelta.net\/atreides\/index.php?rest_route=%2Fwp%2Fv2%2Fcomments&post=3896"}],"version-history":[{"count":6,"href":"http:\/\/zonadelta.net\/atreides\/index.php?rest_route=\/wp\/v2\/posts\/3896\/revisions"}],"predecessor-version":[{"id":3902,"href":"http:\/\/zonadelta.net\/atreides\/index.php?rest_route=\/wp\/v2\/posts\/3896\/revisions\/3902"}],"wp:attachment":[{"href":"http:\/\/zonadelta.net\/atreides\/index.php?rest_route=%2Fwp%2Fv2%2Fmedia&parent=3896"}],"wp:term":[{"taxonomy":"category","embeddable":true,"href":"http:\/\/zonadelta.net\/atreides\/index.php?rest_route=%2Fwp%2Fv2%2Fcategories&post=3896"},{"taxonomy":"post_tag","embeddable":true,"href":"http:\/\/zonadelta.net\/atreides\/index.php?rest_route=%2Fwp%2Fv2%2Ftags&post=3896"}],"curies":[{"name":"wp","href":"https:\/\/api.w.org\/{rel}","templated":true}]}}