{"id":3540,"date":"2019-12-16T21:22:57","date_gmt":"2019-12-16T20:22:57","guid":{"rendered":"http:\/\/zonadelta.net\/atreides\/?p=3540"},"modified":"2019-12-16T21:32:49","modified_gmt":"2019-12-16T20:32:49","slug":"cronica-de-heroes-comic-con-madrid-2019","status":"publish","type":"post","link":"http:\/\/zonadelta.net\/atreides\/?p=3540","title":{"rendered":"Cr\u00f3nica de Heroes Comic Con Madrid 2019"},"content":{"rendered":"<p style=\"text-align: justify;\"><a title=\"Esteban-Maroto-HCC-934x1240\" href=\"https:\/\/www.flickr.com\/photos\/181630001@N05\/49229549492\/in\/dateposted-public\/\" data-flickr-embed=\"true\"><img loading=\"lazy\" decoding=\"async\" src=\"https:\/\/live.staticflickr.com\/65535\/49229549492_cbb9c1b7d2_o.jpg\" alt=\"Esteban-Maroto-HCC-934x1240\" width=\"934\" height=\"1240\" \/><\/a><\/p>\n<p style=\"text-align: justify;\">Esta es la entrada 700 del blog. Comenc\u00e9 con este blog en Julio de 2012 aunque ven\u00eda de uno anterior que inici\u00e9 muchos a\u00f1os atr\u00e1s en la desaparecida ya.com. La entrada es bastante justo que sea la dedicada a la H\u00e9roes Comic Con pues llevo asistiendo al sal\u00f3n del c\u00f3mic de Madrid desde la primera Expoc\u00f3mic y siempre ha sido un evento importante en mi vida que se ha reflejado en el Blog. As\u00ed que, sin m\u00e1s pre\u00e1mbulos, muchas gracias por estar ah\u00ed, que es lo que le da sentido a haber escrito estas setecientas entradas, algo m\u00e1s de cien al a\u00f1o, y vamos a por las ochocientas.<\/p>\n<p style=\"text-align: justify;\">Una nueva edici\u00f3n de la Heroes Comic Con ha finalizado y tengo que decir que, en general, he disfrutado mucho de ella y comparativamente, han mejorado algunas cosas respecto a la de <a href=\"http:\/\/zonadelta.net\/atreides\/?p=2756\">2018<\/a>, aunque creo que el nivel de la de <a href=\"http:\/\/zonadelta.net\/atreides\/?p=2239\">2017<\/a> a\u00fan est\u00e1 enormemente lejos.<\/p>\n<p style=\"text-align: justify;\">Volvi\u00f3 a celebrarse en el pabell\u00f3n 12 del IFEMA, aunque no en las fechas anunciadas el a\u00f1o pasado y reduci\u00e9ndose de tres a dos d\u00edas. El resultado fue que el s\u00e1bado estaba absolutamente petado y el domingo tambi\u00e9n hab\u00eda mucha gente pero era mucho m\u00e1s llevadero.<\/p>\n<p><!--more--><\/p>\n<h3 style=\"text-align: justify;\">PRIMER D\u00cdA<\/h3>\n<figure style=\"width: 5184px\" class=\"wp-caption alignnone\"><a title=\"IMG_20191214_112432b\" href=\"https:\/\/www.flickr.com\/photos\/181630001@N05\/49229340501\/in\/dateposted-public\/\" data-flickr-embed=\"true\"><img loading=\"lazy\" decoding=\"async\" src=\"https:\/\/live.staticflickr.com\/65535\/49229340501_e04f690639_o.jpg\" alt=\"IMG_20191214_112432b\" width=\"5184\" height=\"3880\" \/><\/a><figcaption class=\"wp-caption-text\">Con Estela e Igone de ChicasGamers.com<\/figcaption><\/figure>\n<p style=\"text-align: justify;\">Lo primero que me encontr\u00e9 al llegar fue a Marigones y Estela de ChicasGamers.com. Cualquiera que haya visto algunos de sus v\u00eddeos le habr\u00e1 transmitido la inmensa simpat\u00eda y sinceridad que transmiten. Pues fans de ellas, puedo afirmar que son as\u00ed, un aut\u00e9ntico encanto y de acercarme a saludarlas a estar charlando casi dos horas y tener que irme porque quedaba toda la Heroes por ver y ellas a\u00fan ten\u00edan para un rato para la firma de una de las m\u00e1s ilustres invitadas, Jill Thompson. Su visi\u00f3n del sal\u00f3n es un poco m\u00e1s negativa que la m\u00eda y pod\u00e9is verla en su <a href=\"https:\/\/youtu.be\/8mf8lBOoF_k\">canal de youtube<\/a><\/p>\n<figure style=\"width: 4000px\" class=\"wp-caption alignnone\"><a title=\"IMG_20191214_122007\" href=\"https:\/\/www.flickr.com\/photos\/181630001@N05\/49228880518\/in\/dateposted-public\/\" target=\"_blank\" rel=\"noopener noreferrer\" data-flickr-embed=\"true\"><img loading=\"lazy\" decoding=\"async\" src=\"https:\/\/live.staticflickr.com\/65535\/49228880518_d6f6e3f22d_o.jpg\" alt=\"IMG_20191214_122007\" width=\"4000\" height=\"2000\" \/><\/a><figcaption class=\"wp-caption-text\">El cuarteto no estuvo nada inspirado<\/figcaption><\/figure>\n<p style=\"text-align: justify;\">Despu\u00e9s de ese estupendo rato estuve dando una vuelta d\u00f3nde vi la conferencia de Fuera de Series sobre Juego de Tronos y un cuarteto se dedic\u00f3 a destrozar con fruici\u00f3n la m\u00fasica de la serie. Hab\u00eda adem\u00e1s una exposici\u00f3n de los trajes de la serie. Impresionantes.<\/p>\n<figure style=\"width: 4000px\" class=\"wp-caption alignnone\"><a title=\"IMG_20191214_122954\" href=\"https:\/\/www.flickr.com\/photos\/181630001@N05\/49228886038\/in\/dateposted-public\/\" data-flickr-embed=\"true\"><img loading=\"lazy\" decoding=\"async\" src=\"https:\/\/live.staticflickr.com\/65535\/49228886038_d20e9646e5_o.jpg\" alt=\"IMG_20191214_122954\" width=\"4000\" height=\"2000\" \/><\/a><figcaption class=\"wp-caption-text\">El juego de Jumanji<\/figcaption><\/figure>\n<p style=\"text-align: justify;\">Pas\u00e9 por la zona de videojuegos en la que Sony y Nintendo trajeron muchos de sus juegos ya conocidos y como primicia estaba el juego de Jumanji. Adem\u00e1s, hab\u00eda una zona de Playdoh y otra de Playmobil para que los ni\u00f1os pudieran divertirse.<\/p>\n<p style=\"text-align: justify;\">Es una gran idea porque todas las \u00e9pocas de la vida estaba representadas, de beb\u00e9s a ancianos.<\/p>\n<figure style=\"width: 4000px\" class=\"wp-caption alignnone\"><a title=\"IMG_20191214_132916\" href=\"https:\/\/www.flickr.com\/photos\/181630001@N05\/49229587267\/in\/dateposted-public\/\" target=\"_blank\" rel=\"noopener noreferrer\" data-flickr-embed=\"true\"><img loading=\"lazy\" decoding=\"async\" src=\"https:\/\/live.staticflickr.com\/65535\/49229587267_86eecd5307_o.jpg\" alt=\"IMG_20191214_132916\" width=\"4000\" height=\"2000\" \/><\/a><figcaption class=\"wp-caption-text\">El escenario de Cosplay y a la izquierda los stands de los cosplayers<\/figcaption><\/figure>\n<p style=\"text-align: justify;\">Pase tambi\u00e9n por la zona de Cosplay y creo que este es uno de los grandes aciertos de esta edici\u00f3n. Florencia Sofen se ha encargado de organizar la parte de Cosplay y el cambio ha sido muy interesante porque de ser un concurso y ya a tener una labor divulgativa de lo m\u00e1s interesante. Con un peque\u00f1o escenario distintos cosplayers iban contando distintas t\u00e9cnicas, c\u00f3mo se hac\u00edan algunas cosas, qu\u00e9 materiales eran m\u00e1s interesantes, y otras cosas como domina el escenario. Ya digo muy interesante. Adem\u00e1s, llevaron a Cosplayers de primer\u00edsima fila como Illisia, Larxenne, Jill Stiller o Geheichou que tuvieron stand d\u00f3nde hubo considerables colas para conseguir fotos firmadas.<\/p>\n<figure style=\"width: 4000px\" class=\"wp-caption alignnone\"><a title=\"IMG_20191214_124958\" href=\"https:\/\/www.flickr.com\/photos\/181630001@N05\/49229365871\/in\/dateposted-public\/\" target=\"_blank\" rel=\"noopener noreferrer\" data-flickr-embed=\"true\"><img loading=\"lazy\" decoding=\"async\" src=\"https:\/\/live.staticflickr.com\/65535\/49229365871_c52742309f_o.jpg\" alt=\"IMG_20191214_124958\" width=\"4000\" height=\"2000\" \/><\/a><figcaption class=\"wp-caption-text\">Conferencia sobre X-Men<\/figcaption><\/figure>\n<p style=\"text-align: justify;\">Lo siguiente fue ir a la sala de conferencias. Este a\u00f1o los invitados han sido de bastante nivel y varias conferencias me llamaron la atenci\u00f3n. La primera fue la R.B Silva y Mateo Lolli que estuvieron hablando de Potencias de X y Dinast\u00eda de X, los nuevos c\u00f3mics de los X-Men moderado por Juli\u00e1n Clemente, con el que apenas pude cruzar un saludo porque empezaba la siguiente conferencia. Fue una pena que al final se cayera Pepe Larraz. Entre lo que comentaron fue que quedar\u00eda para la posteridad la nueva Kitty Pryde y el nuevo Club del fuego infernal. Me dejaron con ganas de leerlos, as\u00ed que ver\u00e9 si exageraban o no.<\/p>\n<figure style=\"width: 4000px\" class=\"wp-caption alignnone\"><a title=\"IMG_20191214_131407\" href=\"https:\/\/www.flickr.com\/photos\/181630001@N05\/49228903398\/in\/dateposted-public\/\" target=\"_blank\" rel=\"noopener noreferrer\" data-flickr-embed=\"true\"><img loading=\"lazy\" decoding=\"async\" src=\"https:\/\/live.staticflickr.com\/65535\/49228903398_2213f0e506_o.jpg\" alt=\"IMG_20191214_131407\" width=\"4000\" height=\"2000\" \/><\/a><figcaption class=\"wp-caption-text\">Genial conferencia de Mark Bagley<\/figcaption><\/figure>\n<p style=\"text-align: justify;\">La siguiente conferencia fue la del gran Mark Bagley, cocreador de Ultimate Spiderman, que dio una conferencia de lo m\u00e1s interesante comentando cosas como que cuando muri\u00f3 Peter Parker y se lo contaba a su mujer por tel\u00e9fono se emocion\u00f3 bastante. O que \u00e9l no quer\u00eda dibujarlo porque estaba con los Thunderbolts y que le insistieron much\u00edsimo y de distintas maneras y luego fue una enorme satisfacci\u00f3n. Hay que tener en cuenta que estuvo once a\u00f1os dibujando el personaje. Tambi\u00e9n habl\u00f3 de los Thunderbolts o de los Nuevos Guerreros. Una estupenda conferencia. Sin embargo no tuvo sesiones de firmas pero fue parte de algo que creo que ha sido el otro gran acierto de la Heroes Comic Con, el Guest Artist Alley.<\/p>\n<figure style=\"width: 1536px\" class=\"wp-caption alignnone\"><a title=\"IMG_20191215_100633\" href=\"https:\/\/www.flickr.com\/photos\/181630001@N05\/49229711072\/in\/dateposted-public\/\" target=\"_blank\" rel=\"noopener noreferrer\" data-flickr-embed=\"true\"><img loading=\"lazy\" decoding=\"async\" src=\"https:\/\/live.staticflickr.com\/65535\/49229711072_0f086c9333_k.jpg\" alt=\"IMG_20191215_100633\" width=\"1536\" height=\"2048\" \/><\/a><figcaption class=\"wp-caption-text\">El Guest Artist Alley a primer\u00edsima hora. El de la derecha es Mark Bagley.<\/figcaption><\/figure>\n<p style=\"text-align: justify;\">Los autores que han querido han tenido un stand propio para poder estar ah\u00ed y hacer commissions, llevar prints, originales o firmar ejemplares de sus obras. All\u00ed estuvieron el propio Marc Bagley y te pod\u00edas acercar sin colas a que te firmara y a comprar algunos de los dibujos que ten\u00eda. Tambi\u00e9n estuvieron Esad Ribic con unas pinturas en directo de morirse, Jill Thompson, el propio RB Silva o Al Ewing, el fant\u00e1stico guionista de, entre otros, Immortal Hulk. Una gran idea.<\/p>\n<p style=\"text-align: justify;\">Tambi\u00e9n estaba el Artist Alley en el que autores menos conocidos ten\u00edan su stand y cuando pasabas por ah\u00ed con muchos te preguntabas la raz\u00f3n de que fueran menos conocidos viendo lo que mostraban. Eso s\u00ed, era demasiado estrecho y hab\u00eda much\u00edsima gente as\u00ed que era una de las zonas para la que necesitabas m\u00e1s paciencia.<\/p>\n<figure style=\"width: 4000px\" class=\"wp-caption alignnone\"><a title=\"IMG_20191214_134044\" href=\"https:\/\/www.flickr.com\/photos\/181630001@N05\/49229605927\/in\/dateposted-public\/\" target=\"_blank\" rel=\"noopener noreferrer\" data-flickr-embed=\"true\"><img loading=\"lazy\" decoding=\"async\" src=\"https:\/\/live.staticflickr.com\/65535\/49229605927_0d234a180e_o.jpg\" alt=\"IMG_20191214_134044\" width=\"4000\" height=\"2000\" \/><\/a><figcaption class=\"wp-caption-text\">Freya Allan (Ciri) y Anya Chalotra (Yennefer) acudieron a hablar de The Witcher<\/figcaption><\/figure>\n<p style=\"text-align: justify;\">El siguiente paso fue ir al Q&amp;A de The Witcher. Netflix como parte de la promoci\u00f3n de la serie sobre Geralt de Rivia, basada en los libros de Andrej Sapkowski, trajo a la Heroes Comic Con a Freya Allan, que hace de Ciri y a Anya Chalotra que interpreta a Yennefer. Fue una entrevista corta, de unos veinte minutos, pero estuvieron contando que no conoc\u00edan los libros, Anya s\u00ed hab\u00eda le\u00eddo la Sangre de los elfos mientras que Freya lo empez\u00f3 a leer pero al estar alterada la cronolog\u00eda le preocupaba que pudiera liarla y prefiri\u00f3 dejarlo y concentrarse en el gui\u00f3n. Comentaron que el lugar en el que m\u00e1s les hab\u00eda gustado rodar hab\u00eda sido en Espa\u00f1a, en las Canarias, y cuando les preguntaron qu\u00e9 personaje hubieran querido interpretar si no tuvieran los suyos, Anya coment\u00f3 que Jaskier y Freya directamente que Geralt.<\/p>\n<p style=\"text-align: justify;\">Tambi\u00e9n coment\u00f3 Freya que lo m\u00e1s dif\u00edcil fue interpretar a Yennefer en distintas \u00e9pocas de su vida, desde los 13 a\u00f1os hasta los 70, que ella est\u00e1 en la veintena y resultaba complicado, adem\u00e1s de forma desordenada.<\/p>\n<p style=\"text-align: justify;\">Cuando les preguntaron por los videojuegos, Anya dijo que s\u00ed hab\u00eda jugado pero que era mal\u00edsima y que su hermano era el que lo jugaba muy bien y Freya directamente que no.<\/p>\n<p style=\"text-align: justify;\">Fueron muy simp\u00e1ticas, Freya un tanto m\u00e1s distante pero Anya realmente encantadora y simp\u00e1tica.<\/p>\n<figure style=\"width: 1024px\" class=\"wp-caption alignnone\"><a title=\"IMG_20191214_141745\" href=\"https:\/\/www.flickr.com\/photos\/181630001@N05\/49228917888\/in\/dateposted-public\/\" target=\"_blank\" rel=\"noopener noreferrer\" data-flickr-embed=\"true\"><img loading=\"lazy\" decoding=\"async\" src=\"https:\/\/live.staticflickr.com\/65535\/49228917888_51df444a70_k.jpg\" alt=\"IMG_20191214_141745\" width=\"1024\" height=\"2048\" \/><\/a><figcaption class=\"wp-caption-text\">Florencia Sofen hizo un grand\u00edsimo trabajo organizando el Cosplay, eso s\u00ed, casi no tuvo tiempo ni para comer.<\/figcaption><\/figure>\n<p style=\"text-align: justify;\">Despu\u00e9s de esto ya me acerqu\u00e9 a saludar a Florencia Sofen que me coment\u00f3 un poco los avatares para conseguir que la parte de Cosplay saliera bien y ya lo dej\u00e9 hasta el d\u00eda siguiente.<\/p>\n<figure style=\"width: 494px\" class=\"wp-caption alignnone\"><img loading=\"lazy\" decoding=\"async\" src=\"https:\/\/quinto-elemento.es\/14865\/9788491467878.jpg\" alt=\"\" width=\"494\" height=\"683\" \/><figcaption class=\"wp-caption-text\">Esta maravilla no pudo firmarla Esteban Maroto por imposici\u00f3n de ECC<\/figcaption><\/figure>\n<p style=\"text-align: justify;\">SEGUNDO D\u00cdA<\/p>\n<p style=\"text-align: justify;\">Estuvimos a primera hora para conseguir ticket para las firmas de Esteban Maroto (Cr\u00f3nicas de Atlantis, Red Sonja, Dax) y Trevor Hairsine (DCesos). Ten\u00eda inter\u00e9s pero adem\u00e1s iba con una misi\u00f3n, la firma de Esteban Maroto para el espectacular ejemplar de La balada de la Diosa Roja que me hab\u00eda confiado Marigones. Consegu\u00ed los tickets, adem\u00e1s el segundo para ambos autores. Desgraciadamente, firmaban en ECC y digo desgraciadamente porque ECC solo permite que firmen c\u00f3mics que sean publicados por ellos, en el caso de Maroto, solo ten\u00edan publicado Las Cr\u00f3nicas de Atlantis. Pregunt\u00e9 si el segundo c\u00f3mic pod\u00eda ser el de Marigones y me dijeron que no y a\u00f1adi\u00f3 que si quer\u00eda que me firmaran un c\u00f3mic de Planeta, que Planeta trajera al autor. Educadamente le contest\u00e9 que el d\u00eda anterior s\u00ed hab\u00eda estado firmando todo y dijo que porque era una librer\u00eda general como FNAC. En fin, no me gust\u00f3. Entiendo que quieran que sean obras de su editorial y siempre han actuado as\u00ed, pero que TODOS los c\u00f3mics tengan que ser de su editorial s\u00ed me parece muy feo.<\/p>\n<figure style=\"width: 1536px\" class=\"wp-caption alignnone\"><a title=\"IMG_20191215_101330\" href=\"https:\/\/www.flickr.com\/photos\/181630001@N05\/49229695297\/in\/dateposted-public\/\" target=\"_blank\" rel=\"noopener noreferrer\" data-flickr-embed=\"true\"><img loading=\"lazy\" decoding=\"async\" src=\"https:\/\/live.staticflickr.com\/65535\/49229695297_1880af77f4_k.jpg\" alt=\"IMG_20191215_101330\" width=\"1536\" height=\"2048\" \/><\/a><figcaption class=\"wp-caption-text\">Blade Runner fue parte de la exposici\u00f3n de SyFy<\/figcaption><\/figure>\n<p style=\"text-align: justify;\">Como la firma era pronto, nos acercamos a ver los trajes de Juego de Tronos que trajeron y que son espectaculares. De ah\u00ed nos fuimos a la exposici\u00f3n de Syfy con piezas de pel\u00edculas m\u00edticas de acci\u00f3n y ciencia ficci\u00f3n como Blade Runner, Terminator, Aliens, Los Cazafantasmas, Kill Bill y muchas m\u00e1s. Una exposici\u00f3n genial que es un canto a la nostalgia bien entendida.<\/p>\n<figure style=\"width: 4000px\" class=\"wp-caption alignnone\"><a title=\"IMG_20191215_104055\" href=\"https:\/\/www.flickr.com\/photos\/181630001@N05\/49228970578\/in\/dateposted-public\/\" target=\"_blank\" rel=\"noopener noreferrer\" data-flickr-embed=\"true\"><img loading=\"lazy\" decoding=\"async\" src=\"https:\/\/live.staticflickr.com\/65535\/49228970578_05dfede9cf_o.jpg\" alt=\"IMG_20191215_104055\" width=\"4000\" height=\"2000\" \/><\/a><figcaption class=\"wp-caption-text\">Iron Man VR<\/figcaption><\/figure>\n<p style=\"text-align: justify;\">De ah\u00ed nos fuimos a probar el videojuego en VR de Iron Man, que no me convenci\u00f3 demasiado, la verdad aunque es un detalle que la demos sea bastante larga para poder hacerte una idea mejor, aunque es contraproducente que sea tan repetitiva. Mientras esper\u00e1bamos a probarlo me acerqu\u00e9 a lo que AXN ten\u00eda montado y es que pod\u00edas rodar algunas frases de distintas series de la casa y luego lo insertaban para hacer un v\u00eddeo. Casi no llego a la firma pero afortunadamente empez\u00f3 con unos minutos de retraso.<\/p>\n<figure style=\"width: 1536px\" class=\"wp-caption alignnone\"><a title=\"IMG_20191215_111327\" href=\"https:\/\/www.flickr.com\/photos\/181630001@N05\/49229465706\/in\/dateposted-public\/\" target=\"_blank\" rel=\"noopener noreferrer\" data-flickr-embed=\"true\"><img loading=\"lazy\" decoding=\"async\" src=\"https:\/\/live.staticflickr.com\/65535\/49229465706_8dc53d1363_k.jpg\" alt=\"IMG_20191215_111327\" width=\"1536\" height=\"2048\" \/><\/a><figcaption class=\"wp-caption-text\">Esteban Maroto haciendo el dibujo en el c\u00f3mic<\/figcaption><\/figure>\n<p style=\"text-align: justify;\">Esteban Maroto es uno de los grandes dibujantes de la historia del c\u00f3mic espa\u00f1ol y uno de los primeros que lleg\u00f3 a USA a trav\u00e9s de Toutain Editor y sus famosas Selecciones Ilustradas. Finalizando la d\u00e9cada de los ochenta dibuj\u00f3 una de las mejores series de la \u00e9poca, las Cr\u00f3nicas de Atlantis con gui\u00f3n del gran Peter David (Hulk, Factor X, Star Trek) y en lugar de una serie de superh\u00e9roes lo que hicieron fue una gran odisea de fantas\u00eda \u00e9pica. El dibujo de Maroto encajaba perfectamente con esos guiones y esa tem\u00e1tica y el resultado es incre\u00edble.<\/p>\n<p style=\"text-align: justify;\">Tengo los siete n\u00fameros originales que se publicaron aqu\u00ed pero para la ocasi\u00f3n en lugar de desenterrarlos de la batcueva prefer\u00ed comprar el fant\u00e1stico tomo que public\u00f3 hace unos pocos a\u00f1os ECC (y menos mal, ahora que lo pienso no habr\u00edan dejado que los firmara).<\/p>\n<p style=\"text-align: justify;\"><a title=\"escanear0002\" href=\"https:\/\/www.flickr.com\/photos\/181630001@N05\/49229460786\/in\/dateposted-public\/\" data-flickr-embed=\"true\"><img loading=\"lazy\" decoding=\"async\" src=\"https:\/\/live.staticflickr.com\/65535\/49229460786_a942d38443_o.jpg\" alt=\"escanear0002\" width=\"1253\" height=\"1949\" \/><\/a><\/p>\n<p style=\"text-align: justify;\">Esteban Maroto adem\u00e1s de un gran dibujante se mostr\u00f3 como una persona encantadora, a pesar de ser el segundo d\u00eda y que deb\u00eda estar cansado pues son muchas horas y tiene una edad estuvo muy amable y hablamos sobre La Diosa Roja, que \u00e9l estaba dispuesto a firmar pero la direcci\u00f3n de ECC se mantuvo firme. En cambio, hizo el precioso dibujo que pod\u00e9is ver de un atlante y me adelant\u00f3 como primicia que La Diosa Roja tendr\u00e1 continuaci\u00f3n y, si todo va bien, saldr\u00e1 para el pr\u00f3ximo Sal\u00f2del C\u00f3mic de Barcelona. Todo un privilegio tener firmado y con dibujo un c\u00f3mic que me gusta tanto.<\/p>\n<p style=\"text-align: justify;\">De ah\u00ed nos fuimos a probar qu\u00e9 tal nos quedaban los Guanteletes del infinito que Hasbro hab\u00eda tra\u00eddo al evento. Est\u00e1n genial hechos, la verdad. Adem\u00e1s est\u00e1n el de Iron man y el de Thanos.<\/p>\n<figure style=\"width: 1971px\" class=\"wp-caption alignnone\"><a title=\"IMG_20191214_124153\" href=\"https:\/\/www.flickr.com\/photos\/181630001@N05\/49229003868\/in\/dateposted-public\/\" target=\"_blank\" rel=\"noopener noreferrer\" data-flickr-embed=\"true\"><img loading=\"lazy\" decoding=\"async\" src=\"https:\/\/live.staticflickr.com\/65535\/49229003868_372451b1e2_o.jpg\" alt=\"IMG_20191214_124153\" width=\"1971\" height=\"2977\" \/><\/a><figcaption class=\"wp-caption-text\">Espectacular ilustraci\u00f3n parte de la retrospectiva sobre Esteban Maroto<\/figcaption><\/figure>\n<p style=\"text-align: justify;\">Despu\u00e9s de eso continuamos por las fant\u00e1sticas exposiciones que este a\u00f1o organiz\u00f3 la Heroes C\u00f3mic Con. Una amplia retrospectiva de Estaban Maroto con muchos originales que era una aut\u00e9ntica maravilla, y otra cuidada exposici\u00f3n de V\u00edctor Santos sobre POLAR, el c\u00f3mic del que luego hicieron pel\u00edcula en Netflix. La del Guerrero del Antifaz fue muy decepcionante no por la calidad de los autores sino porque pusieron pegadas a la pared unas fotocopias del tama\u00f1o de una postal. Era muy cutre despu\u00e9s de lo bien montadas que estaban las anteriores o la que hicieron con todas las portadas candidatas a ser la portada de la gu\u00eda del evento.<\/p>\n<figure style=\"width: 4000px\" class=\"wp-caption alignnone\"><a title=\"IMG_20191214_124240\" href=\"https:\/\/www.flickr.com\/photos\/181630001@N05\/49229469481\/in\/dateposted-public\/\" target=\"_blank\" rel=\"noopener noreferrer\" data-flickr-embed=\"true\"><img loading=\"lazy\" decoding=\"async\" src=\"https:\/\/live.staticflickr.com\/65535\/49229469481_00cdc62098_o.jpg\" alt=\"IMG_20191214_124240\" width=\"4000\" height=\"2000\" \/><\/a><figcaption class=\"wp-caption-text\">Ilustraci\u00f3n de la exposici\u00f3n de Polar de V\u00edctor Santos<\/figcaption><\/figure>\n<p style=\"text-align: justify;\">Una considerable mejora respecto al a\u00f1o pasado, auqnue al final no hubo ni especial ni menci\u00f3n ni nada a Purita Campos, como sucedi\u00f3 tambi\u00e9n el a\u00f1o en que falleci\u00f3 Alfonso Azpiri. Creo que esto es algo que deber\u00edan cuidar m\u00e1s.<\/p>\n<figure style=\"width: 1536px\" class=\"wp-caption alignnone\"><a title=\"IMG_20191215_130532\" href=\"https:\/\/www.flickr.com\/photos\/181630001@N05\/49229696982\/in\/dateposted-public\/\" target=\"_blank\" rel=\"noopener noreferrer\" data-flickr-embed=\"true\"><img loading=\"lazy\" decoding=\"async\" src=\"https:\/\/live.staticflickr.com\/65535\/49229696982_ea0ebed5b2_k.jpg\" alt=\"IMG_20191215_130532\" width=\"1536\" height=\"2048\" \/><\/a><figcaption class=\"wp-caption-text\">Trevor Hairsine haciendo el dibujo en el Dossier de prensa porque en los c\u00f3mics no hab\u00eda sitio, as\u00ed que solo los firm\u00f3<\/figcaption><\/figure>\n<p style=\"text-align: justify;\">Ten\u00eda la mala suerte de que me coincid\u00eda la firma de Trevor Hairsine con la charla de Esteban Maroto. Fui a la firma y c\u00f3mo ten\u00eda la suerte de ser el segundo lo cierto es que llev\u00f3 poco tiempo. Tambi\u00e9n fue amable pero la barrera idiom\u00e1tica no ayudaba. Alab\u00e9 el dibujo de DCesos pero me dio la impresi\u00f3n de que no estaba especialmente orgulloso de \u00e9l. Cuando se ofreci\u00f3 a hacerme un dibujo le dije que de lo que \u00e9l quisiera y me hizo \u00a1Un Juez Dredd! Es genial porque soy muy fan del Juez Dredd y \u00e9l ha sido dibujante de Dredd durante mucho tiempo.<\/p>\n<figure style=\"width: 1696px\" class=\"wp-caption alignnone\"><a title=\"escanear0001\" href=\"https:\/\/www.flickr.com\/photos\/181630001@N05\/49229653292\/in\/dateposted-public\/\" target=\"_blank\" rel=\"noopener noreferrer\" data-flickr-embed=\"true\"><img loading=\"lazy\" decoding=\"async\" src=\"https:\/\/live.staticflickr.com\/65535\/49229653292_37e791dfab_o.jpg\" alt=\"escanear0001\" width=\"1696\" height=\"2333\" \/><\/a><figcaption class=\"wp-caption-text\">Este fue su dibujo, el Juez Dredd<\/figcaption><\/figure>\n<p style=\"text-align: justify;\">Como no tard\u00e9 nada en esto tuve la suerte de llegar a tiempo a la conferencia que dio Esteban Maroto. En principio iba a estar moderada por Carlos Pacheco pero al final no estuvo y fue Maroto el \u00fanico que estaba con un se\u00f1or de la organizaci\u00f3n que le llevaba el micr\u00f3fono al que quisiera preguntar. En una carrera tan larga ten\u00eda an\u00e9cdotas de sobra para contar con lo que la charla fue muy amena y con momentos muy interesantes. Por ejemplo, muchos de los c\u00f3mics de Flash Gordon que se publicaron en Espa\u00f1a estuvieron dibujados por Esteban Maroto sobre la copia de baja calidad que llegaba al editor.<\/p>\n<figure style=\"width: 4000px\" class=\"wp-caption alignnone\"><a title=\"IMG_20191215_131035\" href=\"https:\/\/www.flickr.com\/photos\/181630001@N05\/49229474671\/in\/dateposted-public\/\" target=\"_blank\" rel=\"noopener noreferrer\" data-flickr-embed=\"true\"><img loading=\"lazy\" decoding=\"async\" src=\"https:\/\/live.staticflickr.com\/65535\/49229474671_f09d39b54e_o.jpg\" alt=\"IMG_20191215_131035\" width=\"4000\" height=\"2000\" \/><\/a><figcaption class=\"wp-caption-text\">Fant\u00e1stica la charla de Esteban Maroto<\/figcaption><\/figure>\n<p style=\"text-align: justify;\">Le pregunt\u00e9 c\u00f3mo hab\u00eda llegado a dibujar las Cr\u00f3nicas de Atlantis y si hab\u00eda llegado a conocer a Peter David. De ah\u00ed nos enteramos que Esteban Maroto particip\u00f3 con una historia corta en el homenaje que se hizo Alex Raymond, que esas p\u00e1ginas impresionaron a mucha gente, entre ellas a Al Williamson y a un joven George Lucas.<\/p>\n<p style=\"text-align: justify;\">George Lucas hab\u00eda creado una historia que se llamaba Star Killer y utiliz\u00f3 uno de los dibujos de Maroto como portada. Al final no prosper\u00f3 y poco despu\u00e9s hizo la Guerra de las Galaxias. Y d\u00e9cadas despu\u00e9s en el videojuego El poder de la fuerza el protagonista ser\u00eda Star Killer.<\/p>\n<p style=\"text-align: justify;\">El otro que estaba impresionado, Al Williamson (Corrigan, Agente Secreto X-9; Flash Gordon), present\u00f3 el trabajo de Maroto y pensaron que encajaba perfectamente. No lleg\u00f3 a conocer a Peter David pero este no hizo ni un cambio, ni una correcci\u00f3n sobre las p\u00e1ginas que mandaba.<\/p>\n<p style=\"text-align: justify;\">Fue muy interesante y tambi\u00e9n un punto triste cuando le preguntaron qu\u00e9 le motivaba para continuar y coment\u00f3 que era pagar las facturas, que a d\u00eda de hoy segu\u00eda viviendo de su trabajo, sin pensi\u00f3n ni nada.<\/p>\n<p style=\"text-align: justify;\">Fue una charla de lo m\u00e1s interesante sobre todo cuando cont\u00f3 lo que le gustaba hacer sus propias historias, cosa que le permit\u00edan en Warren y que la historia de La Diosa Roja es suya (realmente buena, por cierto) y fue una de las cosas que m\u00e1s le gust\u00f3. Tambi\u00e9n cont\u00f3 que siempre, en sus personajes, hab\u00eda intanteado reflejar la b\u00fasqueda de la libertad, algo que le parec\u00eda fundamental para cada indiv\u00edduo.<\/p>\n<figure style=\"width: 1992px\" class=\"wp-caption alignnone\"><a title=\"IMG_20191216_202217\" href=\"https:\/\/www.flickr.com\/photos\/181630001@N05\/49229507701\/in\/dateposted-public\/\" target=\"_blank\" rel=\"noopener noreferrer\" data-flickr-embed=\"true\"><img loading=\"lazy\" decoding=\"async\" src=\"https:\/\/live.staticflickr.com\/65535\/49229507701_6e6cdb4823_o.jpg\" alt=\"IMG_20191216_202217\" width=\"1992\" height=\"2991\" \/><\/a><figcaption class=\"wp-caption-text\">Las compras de la Heroes Comic Con<\/figcaption><\/figure>\n<p style=\"text-align: justify;\">Terminada la charla ya solo dimos una vuelta por las m\u00faltiples tiendas, este a\u00f1o han ca\u00eddo pocos c\u00f3mics The Wicked and The Divine 1, Cr\u00f3nicas de Atlantis y los dos primeros n\u00fameros de DCsos.<\/p>\n<figure style=\"width: 1024px\" class=\"wp-caption alignnone\"><a title=\"IMG_20191215_143138\" href=\"https:\/\/www.flickr.com\/photos\/181630001@N05\/49229041868\/in\/dateposted-public\/\" target=\"_blank\" rel=\"noopener noreferrer\" data-flickr-embed=\"true\"><img loading=\"lazy\" decoding=\"async\" src=\"https:\/\/live.staticflickr.com\/65535\/49229041868_a498df9d0d_k.jpg\" alt=\"IMG_20191215_143138\" width=\"1024\" height=\"2048\" \/><\/a><figcaption class=\"wp-caption-text\">Traje de Geralt de Rivia seg\u00fan la descripci\u00f3n de los libros<\/figcaption><\/figure>\n<p style=\"text-align: justify;\">Despu\u00e9s visitamos la exposici\u00f3n sobre The Witcher que trajo Netflix y en la que estaban algunos de los trajes que utilizaron en la serie. Realmente espectaculares por su detallismo y su calidad. Despu\u00e9s ya nos retiramos pero con buen sabor de boca.<\/p>\n<p style=\"text-align: justify;\">Como conclusi\u00f3n, este a\u00f1o ha sido mejor que el anterior, con aciertos brillantes como el Guest Artist Alley, el tratamiento del Cosplayer, las mejoras de las exposiciones y tambi\u00e9n invitados con un nivel superior al del a\u00f1o pasado (aunque no con una gran diferencia, pero es una mejora). Tambi\u00e9n que hubiera mucho para divertirse los m\u00e1s peques. El mapa, que ten\u00eda la ubicaci\u00f3n por un lado y los horarios por el otro. Muy c\u00f3modo y funcional.<\/p>\n<p style=\"text-align: justify;\">Como cosas a mejorar, nadie sabe que esta Heroes Comic Con se celebra. Su difusi\u00f3n fue m\u00ednima en los d\u00edas previos y mientras se celebraba. Si no est\u00e1s interesado no te enteras. Que solo sean dos d\u00edas. Que la prensa (prensa, blogs, podcasts, etc) no tenga unas horas para poder recorrerlo y hacer entrevistas, ver lo que hay, trabajar en condiciones. Con 45.000 personas cuesta mucho poder dar una buena cr\u00f3nica, la verdad.<\/p>\n<p style=\"text-align: justify;\">En general, una impresi\u00f3n bastante positiva y adem\u00e1s con la alegr\u00eda de que la asistencia ha sido de 45.000 personas. Est\u00e1 muy bien porque el a\u00f1o pasado fueron 42.000 en tres d\u00edas y en 2017, en la mejor Comic Con, tambi\u00e9n fueron 45.000 pero en tres d\u00edas. As\u00ed que se puede decir que ha sido todo un \u00e9xito. Ahora, a por el a\u00f1o que viene, a ver si sigue esta tendencia ascendente.<\/p>\n","protected":false},"excerpt":{"rendered":"<p>Esta es la entrada 700 del blog. Comenc\u00e9 con este blog en Julio de 2012 aunque ven\u00eda de uno anterior que inici\u00e9 muchos a\u00f1os atr\u00e1s en la desaparecida ya.com. La entrada es bastante justo que sea la dedicada a la H\u00e9roes Comic Con pues llevo asistiendo al sal\u00f3n del c\u00f3mic de Madrid desde la primera &hellip; <a href=\"http:\/\/zonadelta.net\/atreides\/?p=3540\" class=\"more-link\">Sigue leyendo <span class=\"screen-reader-text\">Cr\u00f3nica de Heroes Comic Con Madrid 2019<\/span><\/a><\/p>\n","protected":false},"author":2,"featured_media":0,"comment_status":"open","ping_status":"open","sticky":false,"template":"","format":"standard","meta":{"iawp_total_views":8,"footnotes":""},"categories":[10,7,8],"tags":[1670,2325,2322,2329,2330,2320,1830,2327,2324,2323,2326,920,315,2321,2328],"class_list":["post-3540","post","type-post","status-publish","format-standard","hentry","category-comic","category-series-2","category-videojuegos","tag-blade-runner","tag-br-silva","tag-chicasgamers-com","tag-dcesos","tag-entrada-numero-700","tag-esteban-maroto","tag-florencia-sofen","tag-iron-man-vr","tag-julian-clemente","tag-jumanji","tag-mark-bagley","tag-syfy","tag-the-witcher","tag-trevor-hairsine","tag-victor-santos"],"_links":{"self":[{"href":"http:\/\/zonadelta.net\/atreides\/index.php?rest_route=\/wp\/v2\/posts\/3540","targetHints":{"allow":["GET"]}}],"collection":[{"href":"http:\/\/zonadelta.net\/atreides\/index.php?rest_route=\/wp\/v2\/posts"}],"about":[{"href":"http:\/\/zonadelta.net\/atreides\/index.php?rest_route=\/wp\/v2\/types\/post"}],"author":[{"embeddable":true,"href":"http:\/\/zonadelta.net\/atreides\/index.php?rest_route=\/wp\/v2\/users\/2"}],"replies":[{"embeddable":true,"href":"http:\/\/zonadelta.net\/atreides\/index.php?rest_route=%2Fwp%2Fv2%2Fcomments&post=3540"}],"version-history":[{"count":6,"href":"http:\/\/zonadelta.net\/atreides\/index.php?rest_route=\/wp\/v2\/posts\/3540\/revisions"}],"predecessor-version":[{"id":3548,"href":"http:\/\/zonadelta.net\/atreides\/index.php?rest_route=\/wp\/v2\/posts\/3540\/revisions\/3548"}],"wp:attachment":[{"href":"http:\/\/zonadelta.net\/atreides\/index.php?rest_route=%2Fwp%2Fv2%2Fmedia&parent=3540"}],"wp:term":[{"taxonomy":"category","embeddable":true,"href":"http:\/\/zonadelta.net\/atreides\/index.php?rest_route=%2Fwp%2Fv2%2Fcategories&post=3540"},{"taxonomy":"post_tag","embeddable":true,"href":"http:\/\/zonadelta.net\/atreides\/index.php?rest_route=%2Fwp%2Fv2%2Ftags&post=3540"}],"curies":[{"name":"wp","href":"https:\/\/api.w.org\/{rel}","templated":true}]}}