{"id":2756,"date":"2018-09-24T18:30:41","date_gmt":"2018-09-24T16:30:41","guid":{"rendered":"http:\/\/zonadelta.net\/atreides\/?p=2756"},"modified":"2019-12-15T19:45:51","modified_gmt":"2019-12-15T18:45:51","slug":"cronica-de-heroes-comic-con-2018","status":"publish","type":"post","link":"http:\/\/zonadelta.net\/atreides\/?p=2756","title":{"rendered":"Cr\u00f3nica de Heroes Comic Con Madrid 2018"},"content":{"rendered":"<p><a title=\"Imprimir\" href=\"https:\/\/www.flickr.com\/photos\/152844763@N02\/44885420181\/in\/dateposted-public\/\" data-flickr-embed=\"true\"><img loading=\"lazy\" decoding=\"async\" src=\"https:\/\/farm2.staticflickr.com\/1951\/44885420181_d3b5912721_b.jpg\" alt=\"Imprimir\" width=\"724\" height=\"1024\" \/><\/a><\/p>\n<p style=\"text-align: justify;\">Un paso atr\u00e1s y una cierta decepci\u00f3n. Despu\u00e9s de un inicio muy esperanzador este a\u00f1o me he encontrado con una convenci\u00f3n inferior.<\/p>\n<p style=\"text-align: justify;\">Primero comentaremos esta edici\u00f3n sin comparar con la anterior y para finalizar haremos una peque\u00f1a comparaci\u00f3n.<\/p>\n<p><!--more--><\/p>\n<p><a title=\"P1060278\" href=\"https:\/\/www.flickr.com\/photos\/152844763@N02\/44834642082\/in\/dateposted-public\/\" data-flickr-embed=\"true\"><img loading=\"lazy\" decoding=\"async\" src=\"https:\/\/farm2.staticflickr.com\/1969\/44834642082_93a5ded37b_c.jpg\" alt=\"P1060278\" width=\"800\" height=\"450\" \/><\/a><em>Ni cartel ni indicaci\u00f3n alguna de la Heroes Comic Con<\/em><\/p>\n<h3 style=\"text-align: justify;\"><strong>Viernes 21<\/strong><\/h3>\n<p style=\"text-align: justify;\">Llegamos al pabell\u00f3n 12 que es d\u00f3nde han ubicado este a\u00f1o la convenci\u00f3n. Llegamos porque ya lo sab\u00edamos, porque no aparece en ninguna parte, no hay ninguna indicaci\u00f3n y el cartel de la convenci\u00f3n brilla por su ausencia. Una pena porque es una preciosidad de George Pratt. El pabell\u00f3n est\u00e1 bien aunque el suelo sigue estando a la vista quedando bastante cutre. Lo primero fue ir a por las firmas. En ese aspecto fue estupendo porque la cola para ECC a las 11 de la ma\u00f1ana era de unas 11 personas con lo que pude coger entradas para Rafael Alburquerque y para Pia Guerra sin mayor problema.<\/p>\n<p><a title=\"P1060303\" href=\"https:\/\/www.flickr.com\/photos\/152844763@N02\/44834641002\/in\/dateposted-public\/\" data-flickr-embed=\"true\"><img loading=\"lazy\" decoding=\"async\" src=\"https:\/\/farm2.staticflickr.com\/1932\/44834641002_727dde2dec_c.jpg\" alt=\"P1060303\" width=\"800\" height=\"450\" \/><\/a><em>El Stand de Hasbro era bastante espectacular <\/em><\/p>\n<p style=\"text-align: justify;\">Despu\u00e9s toc\u00f3 dar una vuelta. Hay unos cuantos stands bastante llamativos como los de Hasbro con el Autobot Bumblebee, el de Sony con diez consolas con el reciente juego de Spiderman, o el de Jurassic World con un fragmento de la pel\u00edcula en Realidad Virtual que merece mucho la pena. Vuelve a estar el Stand de The Walking Dead y variedad de tiendas, incluida un \u00abRinc\u00f3n de Tint\u00edn\u00bb con interesantes objetos y camisetas del periodista belga. Sigue habiendo tiendas con Funkos, pero es algo m\u00e1s moderado y se complementa con tiendas de camisetas, posters, espadas y katanas, maquillaje y una muy curiosa, MyMe, en la que pueden hacer una figura de acci\u00f3n contigo. Te escanean y recrean en 3D y hay dos opciones, o la figura de la persona y ya est\u00e1 o la cara y la integran en un personaje que quieras para hacer la figura. Son 95,00 \u20ac lo que cobran por figura pero los resultados los tienen expuestos y son muy buenos.<\/p>\n<p><a title=\"P1060294\" href=\"https:\/\/www.flickr.com\/photos\/152844763@N02\/44885423761\/in\/dateposted-public\/\" data-flickr-embed=\"true\"><img loading=\"lazy\" decoding=\"async\" src=\"https:\/\/farm2.staticflickr.com\/1938\/44885423761_14cd66b6fa_c.jpg\" alt=\"P1060294\" width=\"800\" height=\"450\" \/><\/a><em>Interesante la idea de ser una figura de acci\u00f3n<\/em><\/p>\n<p>Tambi\u00e9n hab\u00eda un stand de Universal dedicado a Jurassic World con un fragmento de la pel\u00edcula creado en realidad virtual realmente bueno. Siendo puristas, la resoluci\u00f3n no era la mejor pero es que se reproduc\u00eda con unas gafas samsung gear y el resultado era muy espectacular.<\/p>\n<p style=\"text-align: justify;\">En cuanto a las editoriales, est\u00e1n la mayor\u00eda Norma, ECC con un Stand muy grande, Astiberri, Dolmen, Ponentmon, y dos m\u00e1s nuevas pero con cosas muy interesantes. Una de ellas es Drakul que est\u00e1 sacando los c\u00f3mics de Star Trek y cayeron dos, Destino Manifiesto con los actuales protagonistas de Star Trek, y La ciudad al borde de la eternidad, una aut\u00e9ntica joya que adapta el gui\u00f3n de Harlan Ellison para el famoso cap\u00edtulo de Star Trek TOS 1&#215;28 con un dibujo fant\u00e1stico y una portada incre\u00edble.<\/p>\n<p><a title=\"IMG_20180923_192248\" href=\"https:\/\/www.flickr.com\/photos\/152844763@N02\/44834641342\/in\/dateposted-public\/\" data-flickr-embed=\"true\"><img loading=\"lazy\" decoding=\"async\" src=\"https:\/\/farm2.staticflickr.com\/1930\/44834641342_a191592c3a_c.jpg\" alt=\"IMG_20180923_192248\" width=\"547\" height=\"800\" \/><\/a><br \/>\n<em>La portada al estilo novela de ci-fi los a\u00f1os 50 es maravillosa<\/em><\/p>\n<p style=\"text-align: justify;\">La otra editorial es Medusa que est\u00e1 trayendo todo lo de Valiant y que tienen a autores de mucha calidad trabajando ah\u00ed como Mat Kindt o Jeff Lemire. De aqu\u00ed, por recomendaci\u00f3n de la gran Florencia Sofen, compr\u00e9 Valiants e Ivar Timewalker.<\/p>\n<p style=\"text-align: justify;\">En Astiberri compr\u00e9 El h\u00e9roe de David Rub\u00edn, el particular dibujante de Gran Hotel Abismo o Beowulf, por ejemplo.<\/p>\n<p style=\"text-align: justify;\">En ECC compr\u00e9 el primer tomo de Y The Last Man porque, aunque tengo la colecci\u00f3n completa, est\u00e1 tan bien guardado que no consegu\u00ed localizarlo, como es un grand\u00edsimo c\u00f3mic de ciencia ficci\u00f3n y quer\u00eda tenerlo firmado por Pia Guerra, toc\u00f3 volver a pasar por caja. Mereci\u00f3 la pena porque no solo hizo la firma sino un dibujo r\u00e1pido de la Agente 357.<\/p>\n<p><a title=\"El h\u00e9roe\" href=\"https:\/\/www.flickr.com\/photos\/152844763@N02\/44885428381\/in\/dateposted-public\/\" data-flickr-embed=\"true\"><img loading=\"lazy\" decoding=\"async\" src=\"https:\/\/farm2.staticflickr.com\/1902\/44885428381_dbb90f4269_c.jpg\" alt=\"El h\u00e9roe\" width=\"800\" height=\"602\" \/><\/a><em>Muy trabajado el dibujo de David Rub\u00edn<\/em><\/p>\n<p style=\"text-align: justify;\">Me fui a comer despu\u00e9s de dar una vuelta y volv\u00ed por la tarde a las firmas. David Rub\u00edn me hizo un estupendo dibujo a todo color en el c\u00f3mic y la otra firma a la que fue la comentada de Pia Guerra.<\/p>\n<p style=\"text-align: justify;\">No fui a m\u00e1s firmas porque los autores no me llaman tanto y hay que elegir. No son malos autores y algunos me gustan bastante pero la gran mayor\u00eda no son de primera fila. Desde luego no hay colas inmensas para las firmas ni problemas para conseguir tickets. COn los actores pasa lo mismo, son secundarios de series o pel\u00edculas aunque al menos de series o pel\u00edculas muy populares.<\/p>\n<p style=\"text-align: justify;\">La zona de food trucks se mantiene y es estupenda porque si quieres comer algo hay variedad, aunque he echado de menos alguna que estuvo en otras convenciones como Mama Curry.<\/p>\n<p><a title=\"IMG_20180921_125109\" href=\"https:\/\/www.flickr.com\/photos\/152844763@N02\/44834640402\/in\/dateposted-public\/\" data-flickr-embed=\"true\"><img loading=\"lazy\" decoding=\"async\" src=\"https:\/\/farm2.staticflickr.com\/1977\/44834640402_13bda29b8e_c.jpg\" alt=\"IMG_20180921_125109\" width=\"800\" height=\"450\" \/><\/a><em>25 a\u00f1os solo dan para eso, un solo panel y sin originales siquiera.<\/em><\/p>\n<p style=\"text-align: justify;\">En cuanto a las exposiciones, son una verg\u00fcenza. En una esquina han metido cuatro exposiciones. La supuesta exposici\u00f3n estrella de los 25 a\u00f1os de autores espa\u00f1oles en Marvel son 16 posters peque\u00f1itos. Ni un original, olvidando a muchos autores como Javier Pulido o \u00c1ngel Unzueta, por no mencionar a dibujantes anteriores como el gran Esteban Maroto, entre muchos otros. Dado que son autores espa\u00f1oles \u00bftanto costaba solicitar un original para la exposici\u00f3n? \u00bfY no pod\u00edan haber trabajado un poco m\u00e1s que hasta a mi, de cabeza y sin investigar, se me ocurren ausencias flagrantes en esa exposici\u00f3n? En fin, una pena y pod\u00edan haberlo hecho bastante mejor. Sin embargo Panini ha sacado un cuadernillo dedicado a los 25 a\u00f1os de Marvel que est\u00e1 realmente bien con un extenso art\u00edculo, una selecci\u00f3n de 15 obras representativas y el listado de todos aquellos que han trabajado en Marvel. Un muy buen trabajo.<\/p>\n<p><a title=\"IMG_20180921_125048\" href=\"https:\/\/www.flickr.com\/photos\/152844763@N02\/44834640262\/in\/dateposted-public\/\" data-flickr-embed=\"true\"><img loading=\"lazy\" decoding=\"async\" src=\"https:\/\/farm2.staticflickr.com\/1963\/44834640262_fd9232a5b5_c.jpg\" alt=\"IMG_20180921_125048\" width=\"800\" height=\"450\" \/><\/a><em>Una exposici\u00f3n con originales de Carlos Gim\u00e9nez de relleno. Muy triste.<\/em><\/p>\n<p style=\"text-align: justify;\">Entre las exposiciones hab\u00eda una peque\u00f1ita con originales del gran Carlos Gim\u00e9nez que ni estaba anunciada en la web ni nada. Daba la impresi\u00f3n de que era para rellenar, pero, desde luego, fue siempre es agradable encontrar una exposici\u00f3n de suya.<\/p>\n<p><a title=\"P1060287\" href=\"https:\/\/www.flickr.com\/photos\/152844763@N02\/44834639962\/in\/dateposted-public\/\" data-flickr-embed=\"true\"><img loading=\"lazy\" decoding=\"async\" src=\"https:\/\/farm2.staticflickr.com\/1907\/44834639962_6e13a19960_c.jpg\" alt=\"P1060287\" width=\"800\" height=\"450\" \/><\/a><em>Espectacular cuadro de Javier Arr\u00e9s. Merece la pena que cliqu\u00e9is en \u00e9l para verlo en grande <\/em><\/p>\n<p style=\"text-align: justify;\">Luego hab\u00eda otra con tres cuadros de un ilustrador, Javier Arr\u00e9s, cuyo trabajo me pareci\u00f3 espectacular, con un detallismo y la m\u00e1xima expresi\u00f3n del horror vacui. Estuvimos hablando con \u00e9l y nos estuvo contando que cada uno de ellos le lleva cerca de tres meses, que parte de la influencia ven\u00eda de los videojuegos, siendo muy fan de los sim city. Ya me gustar\u00eda que dise\u00f1ara los edificios de los Sim City, resultar\u00edan mucho m\u00e1s interesantes.<\/p>\n<p><a title=\"P1060313\" href=\"https:\/\/www.flickr.com\/photos\/152844763@N02\/44885426501\/in\/dateposted-public\/\" data-flickr-embed=\"true\"><img loading=\"lazy\" decoding=\"async\" class=\"\" src=\"https:\/\/farm2.staticflickr.com\/1937\/44885426501_8237d7551b_c.jpg\" alt=\"P1060313\" width=\"592\" height=\"1053\" \/><\/a><br \/>\n<em>Es incre\u00edble lo fotog\u00e9nica que F-Sofen es con lo malo que soy con la c\u00e1mara <\/em><\/p>\n<p style=\"text-align: justify;\">Por la tarde pulul\u00e9 por la convenci\u00f3n cuando acabaron las firmas y, adem\u00e1s de comprar una tableta de chocolate Wonka con su billete dorado, tuve la suerte de encontrar a <a href=\"https:\/\/twitter.com\/FlorenciaSofen\">Florencia Sofen<\/a>. Para quien no la conozca,es una cosplayer extraordinaria que tiene una variedad de personajes enorme y que no suelen ser los habituales sino bastante m\u00e1s originales y en muchos casos poco conocidos. Aunque tiene muy buen ojo porque se da la circunstancia de que luego se ponen de moda: ya ten\u00eda cosplays de Capitana Marvel o de Raven de los Nuevos Titanes mucho antes de la peli o la serie. Encantadora, se le nota que no solo le gustan los c\u00f3mics sino que sabe mucho de ellos e incluso tuvo al amabilidad de recomendarme un par de c\u00f3mics de Valiant. Solo he le\u00eddo uno de ellos, Ivar, Timewalker, y la recomendaci\u00f3n era realmente buena, en breve habr\u00e1 rese\u00f1a.<\/p>\n<p><a title=\"Y The last man\" href=\"https:\/\/www.flickr.com\/photos\/152844763@N02\/44834641742\/in\/dateposted-public\/\" data-flickr-embed=\"true\"><img loading=\"lazy\" decoding=\"async\" src=\"https:\/\/farm2.staticflickr.com\/1920\/44834641742_a39c09e4fa_c.jpg\" alt=\"Y The last man\" width=\"800\" height=\"630\" \/><\/a><em>Un grand\u00edsimo c\u00f3mic con dibujo de Pia Guerra<\/em><\/p>\n<p style=\"text-align: justify;\">En el transcurso de la tarde fui a por mi firma de Pia Guerra al n\u00famero 1 de Y The Last Man y ella, aunque se supon\u00eda que ya no hac\u00eda dibujos, hizo igual un dibujo r\u00e1pido aprovechando el dibujo que ya figuraba en la p\u00e1gina para complementarlo y qued\u00f3 muy bien.<\/p>\n<p style=\"text-align: justify;\">Mientras estaban las firmas de la tarde se dieron los premios de la Heroes Comic Con. A continuaci\u00f3n pongo la lista pero creo que, primero, se les deber\u00eda dar unpoco m\u00e1s de relevancia: se hacen el viernes que es el d\u00eda de menor asistencia y adem\u00e1s en la hora de las firmas, adem\u00e1s de los nominados o premiados no asiste nadie a la convenci\u00f3n como invitados. En cuanto a los premios, bastante de acuerdo con todos:<\/p>\n<div class=\"entry-body\" style=\"text-align: justify;\">\n<p><strong>MEJOR OBRA NACIONAL<\/strong><\/p>\n<p>El Esp\u00edritu del Escorpi\u00f3n<br \/>\nGoya, lo sublime Terrible<br \/>\nNieve e los bolsillos, Alemania 1963<br \/>\nThe Black Holes<br \/>\n<strong>\u00a1Universo!<\/strong><\/p>\n<p><strong>MEJOR OBRA INTERNACIONAL<\/strong><\/p>\n<p>Black hammer 2<br \/>\n<strong>Joe Shuster, una historia a la sombra de Superman<\/strong><br \/>\nLo que m\u00e1s me gustan son los monstruos<br \/>\nLos Malditos<br \/>\nThe end of the fucking world<\/p>\n<p><strong>MEJOR DIBUJANTE NACIONAL<\/strong><\/p>\n<p><strong>Albert Monteys por \u00a1Universo!<\/strong><br \/>\nBorja Gonz\u00e1lez por The Black Holes<br \/>\nFran Gal\u00e1n por Goya, lo sublime terrible<br \/>\nJes\u00fas Alonso Iglesias por Los Dalton<br \/>\n<strong>Jorge Jim\u00e9nez por Superhijos<\/strong><\/p>\n<p><strong>MEJOR GUIONISTA NACIONAL<\/strong><\/p>\n<p>Borja Gonz\u00e1lez por The Black Holes<br \/>\n<strong>El Torres por Goya, lo sublime terrible<\/strong><br \/>\nFernando Llor por El Esp\u00edritu del Escorpi\u00f3n<br \/>\nJuan D\u00edaz Canales por Corto Malt\u00e9s. Equat\u00f2ria<br \/>\nRoberto Corroto por 1937 la toma de M\u00e1laga<\/p>\n<p><strong>MEJOR DIBUJANTE INTERNACIONAL<\/strong><\/p>\n<p>Chris Samnee por Capit\u00e1n Am\u00e9rica<br \/>\nEmil Ferris por Lo que m\u00e1s me gustan son los monstruos<br \/>\n<strong>Enrico Marini por Batman, el pr\u00edncipe oscuro<\/strong><br \/>\nFabrice Parme por Astrid Bromuro 2<br \/>\nMitch Gerads por Mr. Milagro<\/p>\n<p><strong>MEJOR GUIONISTA INTERNACIONAL<\/strong><\/p>\n<p><strong>Emil Ferris por Lo que m\u00e1s me gustan son los monstruos<\/strong><br \/>\nJason Aaron por Los Malditos<br \/>\nJeff Lemire por Black Hammer 2<br \/>\nTillie Walden por Piruetas<br \/>\nTom King por Mr. Milagro<\/p>\n<p><strong>MEJOR AUTOR REVELACI\u00d3N<\/strong><\/p>\n<p>Anabel Colazo por Encuentros Cercanos<br \/>\n\u00c1lex Fuentes por GenPet<br \/>\nBorja Gonz\u00e1lez por The Black Holes<br \/>\n<strong>Fran Gal\u00e1n por Goya, lo sublime terrible<\/strong><br \/>\nPablo Caballo por El Esp\u00edritu Escorpi\u00f3n<\/p>\n<p><strong>MEJOR \u00c1LBUM ILUSTRADO<\/strong><\/p>\n<p>C\u00e1ndido y los dem\u00e1s<br \/>\nEl Futuro es femenino<br \/>\n<strong>Frank<\/strong><br \/>\nGwent. El arte de juego de cartas de The Wicher<br \/>\nLa Bella Durmiente<\/p>\n<p><strong>MEJOR PORTADA DE AUTOR<\/strong><\/p>\n<p>Carvalho. Tatuaje de Bartolom\u00e9 Segu\u00ed<br \/>\nEl Esp\u00edritu del Escorpi\u00f3n de Pablo Caballo<br \/>\n<strong>Goya, lo sublime terrible de Fran Gal\u00e1n<\/strong><br \/>\nM\u00e1culas de Danide<br \/>\nThe Black Holes de Borja Gonz\u00e1lez<\/p>\n<p><strong>MEJOR FANZINE<\/strong><\/p>\n<p>Altar Mutante<\/p>\n<p>Fritanga<br \/>\n<strong>La M\u00e1quina de Alb\u00f3ndigas<\/strong><br \/>\nLos Diletantes<br \/>\nMalavida<\/p>\n<p><strong>MEJOR WEBC\u00d3MIC<\/strong><\/p>\n<p><strong>BlackHand Ironhead<\/strong><br \/>\nEh! T\u00edo<br \/>\nEl Vosque<br \/>\nEn Pelotas<br \/>\nKyriade<\/p>\n<p><strong>MEJOR ROTULISTA<\/strong><\/p>\n<p>Ana Gonz\u00e1lez de la Pe\u00f1a por Sherlock Frankenstein y la ley del mal<br \/>\n<strong>El Torres por Goya, lo sublime terrible<\/strong><br \/>\nFernando Fuentes por Valerosas 2<br \/>\nIris Bern\u00e1ndez por Unreal City<br \/>\nNono Kad\u00e1ver por El Caso Alain Lluch<\/p>\n<p><strong>MEJOR TRADUCTOR<\/strong><\/p>\n<p>Fabi\u00e1n R. Rodr\u00edguez<br \/>\n<strong>Marc Bernab\u00e9<\/strong><br \/>\nMar\u00eda Serna Aguirre<br \/>\nRa\u00fal Sastre<br \/>\nSantiago Garc\u00eda<\/p>\n<p><strong>MEJOR COLORISTA<\/strong><\/p>\n<p>Alejandro S\u00e1nchez por Superhijos<br \/>\nBorja Gonz\u00e1lez por The Black Holes<br \/>\nDavid Rub\u00edn por Sherlock Frankenstein y la legi\u00f3n del mal<br \/>\n<strong>Enrique Fern\u00e1ndez por Nima<\/strong><br \/>\nJavier Mena Batman. Detective Comics<\/p>\n<p><strong>MEJOR ENTINTADOR<\/strong><\/p>\n<p>Diana Egea por Nightwing<br \/>\nFran Gal\u00e1n por Goya, lo sublime terrible<br \/>\n<strong>Jordi Tarragona por Green Lantern<\/strong><br \/>\nPablo Caballo por El Esp\u00edritu del Escorpi\u00f3n<br \/>\nRom\u00e1n L\u00f3pez-Cabrera por 1937 la toma de M\u00e1laga<\/p>\n<p><strong>MEJOR LIBRER\u00cdA<\/strong><\/p>\n<p>Akira C\u00f3mics<br \/>\nElektra Le\u00f3n<br \/>\n<strong>Delirio C\u00f3mics<\/strong><br \/>\nGeneraci\u00f3n X<br \/>\nNorma C\u00f3mics<\/p>\n<p><strong>MEJOR MEDIO ESPECIALIZADO EN C\u00d3MIC DE HABLA HISPANA<\/strong><\/p>\n<p>Es la Hora de las Tortas<br \/>\nLa Hora del Bocadillo<br \/>\n<strong>Tomos y Grapas<\/strong><br \/>\nVi\u00f1etas y Bocadillos<br \/>\nZona Negativa<\/p>\n<\/div>\n<div id=\"post_social_footer\" style=\"text-align: justify;\">\n<div>\n<div class=\"categorias\"><\/div>\n<div class=\"autor_fecha\"><\/div>\n<\/div>\n<\/div>\n<h3 style=\"text-align: justify;\"><strong>S\u00e1bado 22<\/strong><\/h3>\n<p><a title=\"P1060306\" href=\"https:\/\/www.flickr.com\/photos\/152844763@N02\/43073547550\/in\/dateposted-public\/\" data-flickr-embed=\"true\"><img loading=\"lazy\" decoding=\"async\" src=\"https:\/\/farm2.staticflickr.com\/1977\/43073547550_9f40896a7c_c.jpg\" alt=\"P1060306\" width=\"450\" height=\"800\" \/><\/a><br \/>\n<em>Pod\u00edas subir un edificio como Spidey&#8230; <\/em><\/p>\n<p style=\"text-align: justify;\">Hab\u00eda una zona para ni\u00f1os con Lego y algunas actividades m\u00e1s, el Artist Alley con gente con mucho talento, en general hab\u00eda variedad suficiente para pasar un rato entretenido y de hecho al d\u00eda siguiente volv\u00ed con mi mujer para que lo viera y dar una vuelta por all\u00ed.<\/p>\n<p><a title=\"P1060305\" href=\"https:\/\/www.flickr.com\/photos\/152844763@N02\/43973690365\/in\/dateposted-public\/\" data-flickr-embed=\"true\"><img loading=\"lazy\" decoding=\"async\" src=\"https:\/\/farm2.staticflickr.com\/1902\/43973690365_4a68d40955_c.jpg\" alt=\"P1060305\" width=\"450\" height=\"800\" \/><\/a><br \/>\n<em>&#8230;sin necesidad de poderes ar\u00e1cnidos <\/em><\/p>\n<p style=\"text-align: justify;\">Volv\u00ed a encontrarme con amigos de este tipo de eventos, incluso una clienta de mi empresa, lo que mol\u00f3 mucho, es genial descubrir gente con la que tratas normalmente en \u00e1mbitos como este, al final mucha parte de la magia de estos salones es el ambiente y la gente. Volver a encontrarte con Juli\u00e1n Clemente, una persona encantadora, que sabe de c\u00f3mics una barbaridad y que siempre saca un ratito para charlar es un gustazo. Lo mismo con Francisco Calder\u00f3n aunque este a\u00f1o ECC no ten\u00eda apenas autores que me interesaran y pude hablar poco con \u00e9l. En general la gente muy amigable y se les nota que les gusta el medio. Ponerte a comentar con cualquiera sobre series, c\u00f3mics, autores, dedicatorias y dem\u00e1s era lo m\u00e1s habitual.<\/p>\n<p><a title=\"IMG_20180923_092627\" href=\"https:\/\/www.flickr.com\/photos\/152844763@N02\/44885425581\/in\/dateposted-public\/\" data-flickr-embed=\"true\"><img loading=\"lazy\" decoding=\"async\" src=\"https:\/\/farm2.staticflickr.com\/1902\/44885425581_6a2ccb5f2a_c.jpg\" alt=\"IMG_20180923_092627\" width=\"800\" height=\"450\" \/><\/a><em>Con lo que me gusta Star Trek  fue genial tener a Kirk y Spock<\/em><\/p>\n<p style=\"text-align: justify;\">Adem\u00e1s del paseo aprovechamos para acercarnos a Drakul, d\u00f3nde estaban firmando \u00c1ngel Hern\u00e1ndez y Esther Sanz, los creadores de la parte gr\u00e1fica de \u00abDestino Manifiesto\u00bb, un c\u00f3mic de Star Trek. Como pod\u00e9is ver me hicieron un kirk y un spock muy buenos y firmaron la versi\u00f3n en Klingon del c\u00f3mic, que lo regalaban al comprar dos c\u00f3mics.<\/p>\n<h3 style=\"text-align: justify;\"><strong>Domingo 23<\/strong><\/h3>\n<p><a title=\"Timewalker 2\" href=\"https:\/\/www.flickr.com\/photos\/152844763@N02\/44834639692\/in\/dateposted-public\/\" data-flickr-embed=\"true\"><img loading=\"lazy\" decoding=\"async\" src=\"https:\/\/farm2.staticflickr.com\/1948\/44834639692_5c927a5074_c.jpg\" alt=\"Timewalker 2\" width=\"800\" height=\"619\" \/><\/a><em>Guionista y dibujante del estupendo c\u00f3mic de ciencia ficci\u00f3n<\/em><\/p>\n<p>El domingo volv\u00ed porque hab\u00eda dos cosas que me interesaban. Por un lado, la recomendaci\u00f3n de Florencia Sofen, Ivar Timewalker se hab\u00eda descubierto como un c\u00f3mic muy original y bien dibujado con la suerte de que los autores estaban para firmarlo. As\u00ed acud\u00ed por la ma\u00f1ana a que me lo firmara el guionista, Fred Van Lente y uno de el dibujante del segundo tomo, un muy simp\u00e1tico Francis Portela.<\/p>\n<p><a title=\"IMG_20180923_123251\" href=\"https:\/\/www.flickr.com\/photos\/152844763@N02\/44834641232\/in\/dateposted-public\/\" data-flickr-embed=\"true\"><img loading=\"lazy\" decoding=\"async\" src=\"https:\/\/farm2.staticflickr.com\/1926\/44834641232_c879808bfa_c.jpg\" alt=\"IMG_20180923_123251\" width=\"800\" height=\"450\" \/><\/a><em>Paco D\u00edaz de invitado inesperado en la charla de Carlos Pacheco y C.B. Cebulski<\/em><\/p>\n<p style=\"text-align: justify;\">Por otro lado <a href=\"https:\/\/twitter.com\/Cpachecoficial\">Carlos Pacheco<\/a>  acud\u00eda a la Heroes Comic Con y soy muy fan. Creo que fue en 1989 cuando fui por primera vez al Sal\u00f3 del C\u00f2mic de Barcelona y all\u00ed me dibuj\u00f3 una Dream de la Legi\u00f3n de Super H\u00e9roes. De hecho es el \u00fanico autor del que tengo una p\u00e1gina suya enmarcada. As\u00ed que s\u00ed, soy muy fan. Acud\u00ed a la charla que dio \u00e9l acompa\u00f1ado de C.B. Cebulski, el editor de Marvel que ha venido para ver portfolios. Fue muy interesante por parte de ambos y tocaron temas como los c\u00f3mics como parte esencial de la memoria de cada uno, lo positivo de las pel\u00edculas para los c\u00f3mics marvel (auqnue el miedo por parte de Carlos Pacheco de que se conviertan en merchandising en lugar de ser la fuente de todo como hasta ahora) o la inclusi\u00f3n de la mujer como autora en la que Carlos coment\u00f3 que el cambi\u00f3 comenz\u00f3 en los 70 con un aperturismo y una visi\u00f3n de la mujer bastante distinta, m\u00e1s cerca de Woodstock que del partido Republicano y que Chris Claremont tuvo una gran importancia en esto. Tambi\u00e9n coment\u00f3 que \u00e9l es el \u00fanico hombre que trabaja en Capitana Marvel y que no hay ning\u00fan problema ni por su parte ni por sus compa\u00f1eras, que en definitiva todos son creadores y es como deber\u00eda ser. Muy interesante y se me hizo muy breve.<\/p>\n<p><a title=\"Timewalker 3\" href=\"https:\/\/www.flickr.com\/photos\/152844763@N02\/44885428511\/in\/dateposted-public\/\" data-flickr-embed=\"true\"><img loading=\"lazy\" decoding=\"async\" src=\"https:\/\/farm2.staticflickr.com\/1959\/44885428511_d746560dcd_c.jpg\" alt=\"Timewalker 3\" width=\"800\" height=\"591\" \/><\/a><em>Pere P\u00e9rez hizo este precioso dibujo para el \u00faltimo tomo.<\/em><\/p>\n<p style=\"text-align: justify;\">Iba pegado para la firma pero como ten\u00eda un n\u00famero avanzado me dio tiempo a que me dedicara el tercer tomo de Timewalker Pere P\u00e9rez, y ya si, corriendo a la firma de Pacheco.<\/p>\n<p style=\"text-align: justify;\">Lo cierto es que tard\u00f3 lo bastante para irme a tomar un caf\u00e9 con Juanjo, una de esas personas que molan mucho y que conoc\u00ed en un evento anterior y que es un gran especialista en conseguir dibujos de los autores. Llevaba varios y todos muy buenos.<\/p>\n<p><a title=\"Arrowsmith\" href=\"https:\/\/www.flickr.com\/photos\/152844763@N02\/44885428661\/in\/dateposted-public\/\" data-flickr-embed=\"true\"><img loading=\"lazy\" decoding=\"async\" src=\"https:\/\/farm2.staticflickr.com\/1960\/44885428661_a242f2e277_c.jpg\" alt=\"Arrowsmith\" width=\"800\" height=\"598\" \/><\/a><em>Gran c\u00f3mic que tendr\u00e1 segunda parte \u00a1Bien!<\/em><\/p>\n<p style=\"text-align: justify;\">Carlos Pacheco fue muy amable y a pesar de ir fuera de hora se qued\u00f3 hasta que el \u00faltimo tuvo su firma, no ya dibujo porque solo era a los 10 primeros, pero lo importante era que mi Arrowsmith, uno de los mejores c\u00f3mics que han hecho tanto Pacheco como Busiek, me lo han firmado. Adem\u00e1s va a haber segunda parte, ya est\u00e1n trabajando en ella, lo que es una gran noticia.<\/p>\n<p><a title=\"P1060285\" href=\"https:\/\/www.flickr.com\/photos\/152844763@N02\/44885419231\/in\/dateposted-public\/\" data-flickr-embed=\"true\"><img loading=\"lazy\" decoding=\"async\" src=\"https:\/\/farm2.staticflickr.com\/1942\/44885419231_293eff92de_c.jpg\" alt=\"P1060285\" width=\"800\" height=\"450\" \/><\/a><em>El stand de Sony con el juego de Spiderman como protagonista<\/em><\/p>\n<p style=\"text-align: justify;\">En definitiva, me lo he pasado bien en la Heroes Comic Con, he conseguido varios c\u00f3mics con dibujos y firmas, me he dejado una pasta en c\u00f3mics pero todos buenos y me he encontrado con una gente estupenda. Es estupendo pero esto casi es como cualquiera de las Expocomic que parec\u00eda que la Heroes Comic Con ven\u00eda a sustituir y hacer un sal\u00f3n del c\u00f3mic realmente potente. Creo que es el momento de hablar de las cosas menos buenas de la Heroes Comic Con.<\/p>\n<h3 style=\"text-align: justify;\"><strong>Comparaci\u00f3n con la <a href=\"http:\/\/zonadelta.net\/atreides\/?p=2239\">Heroes Comic Con de 2017<\/a><\/strong><\/h3>\n<p style=\"text-align: justify;\">Para mi, el principal problema es que el cartel ha sido tremendamente inferior al del a\u00f1o pasado. Ha sido una decepci\u00f3n enorme porque, aunque el cartel del a\u00f1o pasado era espectacular y pod\u00eda descender un poco, no ha sido as\u00ed sino que ha sido una bajada brutal. Tanto en autores de c\u00f3mics como en actores. De aut\u00e9nticas leyendas del c\u00f3mic como Frank Miller, Bill Sienkiewicz, Arthur Adams, o Kevin Maguire, autores famosos como Matt Brooks , Chelsea Cain, Fabian Nicieza, Oliver Coipel entre muchos otros a autores de una relevancia infinitamente menor teniendo alg\u00fan autor de inter\u00e9s como Pia Guerra, cocreadora de Y The Last man y Sarah Pichelli, cocreadora de Miles Morales, el segundo Ultimate Spiderman o Carlos Pacheco, autor consagrad\u00edsimo y que es el \u00fanico que de verdad sub\u00eda el nivel de los invitados.<\/p>\n<p style=\"text-align: justify;\">En cuanto a los actores, oto tanto de lo mismo, actores mucho m\u00e1s secundarios que los del a\u00f1o anterior. Pasamos de una coprotagnista de juego de Tronos como Lena Headey o una coprotagonista de Doctor Who como Jenna Coleman, a actores muy secundarios aunque sean de buenas series como Jerome Flynn, Bronn en Juego de tronos , o Kevin Mcnally de Piratas del Caribe, por ejemplo. O Carolina Ravassa, la voz de Shadow de Overwatch.<\/p>\n<p style=\"text-align: justify;\">Tambi\u00e9n ha habido una enorme bajada de expositores. De m\u00e1s de 120 del a\u00f1o pasado a 63 de este a\u00f1o.<\/p>\n<p style=\"text-align: justify;\">En cuanto al nuevo pabell\u00f3n, es m\u00e1s peque\u00f1o pero se pudo caminar sin demasiados agobios. Sin embargo eso me preocupa un poco porque significa que no ha habido una afluencia masiva de gente. Afortunadamente esta impresi\u00f3n es meramente subjetiva y no se basa m\u00e1s que en lo que vi, pero el viernes no hubo demasiada gente, el s\u00e1bado s\u00ed que vi bastante gente pero no algo agobiante, se pod\u00eda estar bien y el domingo tambi\u00e9n vi bastante gente por la ma\u00f1ana.<\/p>\n<p style=\"text-align: justify;\">No hubo nada de promoci\u00f3n. No me enter\u00e9 por ning\u00fan medio que se celebraba la Heroes Comic Con. En el mismo IFEMA no lo indicaba en ninguna parte, ni fuera ni dentro del pabell\u00f3n 12.<\/p>\n<p><a title=\"IMG_20180923_192915\" href=\"https:\/\/www.flickr.com\/photos\/152844763@N02\/44885427931\/in\/dateposted-public\/\" data-flickr-embed=\"true\"><img loading=\"lazy\" decoding=\"async\" src=\"https:\/\/farm2.staticflickr.com\/1964\/44885427931_0207a3f435_c.jpg\" alt=\"IMG_20180923_192915\" width=\"581\" height=\"800\" \/><\/a><br \/>\n<em>Este era el dibujo que llevaba el plano. Del cartel, ni sombra.<\/em><\/p>\n<p style=\"text-align: justify;\">El cartel se desperdici\u00f3 por completo. El precioso dibujo de Sandman sobre Madrid de George Pratt estaba en la exposici\u00f3n pero en ninguna parte m\u00e1s. Incluso los planos de la convenci\u00f3n llevaban un dibujo b\u00e1sico de un superh\u00e9roe random como portada.<\/p>\n<p style=\"text-align: justify;\">El precio. No es un precio asequible para una familia a lo que hay que sumar el parking. El precio por entrada de la convenci\u00f3n es de 20 \u20ac. Pareja m\u00e1s hijo se te pone la broma en casi 60 \u20ac por un d\u00eda m\u00e1s 9 \u20ac de parking. Para gastarte 70 \u20ac el contenido tiene que ser realmente bueno y este a\u00f1o creo que han cojeado m\u00e1s de la cuenta ah\u00ed. Por cierto, hablando de parking, ya que le convenci\u00f3n bajaba el nivel tambi\u00e9n en la acreditaci\u00f3n, que ya no incluye el parking.<\/p>\n<p>Adem\u00e1s est\u00e1 la pulsera. Te la dan para que la lleves tres d\u00edas y no se puede quitar. \u00bfCu\u00e1l es la idea, que no te duches en los tres d\u00edas? Porque es de papel. Yo lo sent\u00ed mucho pero llegu\u00e9 a casa, la cort\u00e9 y al d\u00eda siguiente la volv\u00ed a unir con celof\u00e1n. As\u00ed aguant\u00f3 los tres d\u00edas pero ser\u00eda m\u00e1s sencillo con las tarjetas que dan en otros eventos que la llevas colgada y listo.<\/p>\n<p style=\"text-align: justify;\">Al final, independientemente de que el evento en definitiva sea interesante y entretenido, me lleva a hacerme preguntas en cuanto al futuro del mismo.<\/p>\n<p style=\"text-align: justify;\">\u00bfPorqu\u00e9 el enorme baj\u00f3n respecto al a\u00f1o pasado? Algunos expositores lo achacaban al cambio de direcci\u00f3n del a\u00f1o pasado a este. \u00bfY el enorme descenso de stands en una convenci\u00f3n de la qu hablaron que hab\u00eda sido todo un \u00e9xito? Tambi\u00e9n contaban que hab\u00edan subido los precios pero no demasiado, as\u00ed que tampoco se explica muy bien.<\/p>\n<p style=\"text-align: justify;\">\u00bfEsta Heroes Comic Con es la que realmente se va a realizar, no la del a\u00f1o pasado? Porque el a\u00f1o pasado la gente ven\u00eda de fuera para poder asistir pero con la gente que he hablado en las colas este a\u00f1o muy pocos ven\u00edan de fuera.<\/p>\n<p style=\"text-align: justify;\">\u00bfY habr\u00e1 sido un \u00e9xito? Yo espero que s\u00ed, pero dos cambios de fechas y la nula repercusi\u00f3n previa que ha tenido la celebraci\u00f3n de la Heroes m\u00e1s la impresi\u00f3n de que hab\u00eda menos gente me preocupan.<\/p>\n<p>[Actualizaci\u00f3n]<\/p>\n<p>La organizaci\u00f3n informa de que han habido 40.000 visitantes este fin de semana. Aunque son menos que el a\u00f1o anterior, 45.000 seg\u00fan la organizaci\u00f3n, y menos que los 42.000 de hace dos a\u00f1os. Creo que deber\u00edan pensar qu\u00e9 ha pasado y porqu\u00e9.<\/p>\n<p>La organizaci\u00f3n ya anuncia que el a\u00f1o que viene habr\u00e1 nueva edici\u00f3n pero en Octubre, los d\u00edas 18, 19 y 20. Una gran noticia.<\/p>\n<p style=\"text-align: justify;\">Ojal\u00e1 esta descenso de calidad haya sido un hiato y el a\u00f1o que viene resurja con m\u00e1s fuerza y con invitados de m\u00e1s nivel.  A\u00fan as\u00ed, creo que es interesante, muy disfrutable y si est\u00e1s en Madrid merece la pena acercarse.<\/p>\n<p style=\"text-align: justify;\">Saludos fremen.<\/p>\n","protected":false},"excerpt":{"rendered":"<p>Un paso atr\u00e1s y una cierta decepci\u00f3n. Despu\u00e9s de un inicio muy esperanzador este a\u00f1o me he encontrado con una convenci\u00f3n inferior. Primero comentaremos esta edici\u00f3n sin comparar con la anterior y para finalizar haremos una peque\u00f1a comparaci\u00f3n.<\/p>\n","protected":false},"author":2,"featured_media":0,"comment_status":"open","ping_status":"open","sticky":false,"template":"","format":"standard","meta":{"iawp_total_views":4,"footnotes":""},"categories":[48,20,10,1697,89,72,7,8],"tags":[1022,1515,1829,1830,1832,1833,1831,1827,1828,22,1671],"class_list":["post-2756","post","type-post","status-publish","format-standard","hentry","category-ciencia-ficcion-2","category-cine","category-comic","category-eventos","category-manga","category-opinion","category-series-2","category-videojuegos","tag-carlos-pacheco","tag-david-rubin","tag-drakul","tag-florencia-sofen","tag-harlan-ellison","tag-jurassic-world","tag-medusa-comics","tag-pia-guerra","tag-sara-pichelli","tag-spiderman","tag-star-trek"],"_links":{"self":[{"href":"http:\/\/zonadelta.net\/atreides\/index.php?rest_route=\/wp\/v2\/posts\/2756","targetHints":{"allow":["GET"]}}],"collection":[{"href":"http:\/\/zonadelta.net\/atreides\/index.php?rest_route=\/wp\/v2\/posts"}],"about":[{"href":"http:\/\/zonadelta.net\/atreides\/index.php?rest_route=\/wp\/v2\/types\/post"}],"author":[{"embeddable":true,"href":"http:\/\/zonadelta.net\/atreides\/index.php?rest_route=\/wp\/v2\/users\/2"}],"replies":[{"embeddable":true,"href":"http:\/\/zonadelta.net\/atreides\/index.php?rest_route=%2Fwp%2Fv2%2Fcomments&post=2756"}],"version-history":[{"count":18,"href":"http:\/\/zonadelta.net\/atreides\/index.php?rest_route=\/wp\/v2\/posts\/2756\/revisions"}],"predecessor-version":[{"id":3542,"href":"http:\/\/zonadelta.net\/atreides\/index.php?rest_route=\/wp\/v2\/posts\/2756\/revisions\/3542"}],"wp:attachment":[{"href":"http:\/\/zonadelta.net\/atreides\/index.php?rest_route=%2Fwp%2Fv2%2Fmedia&parent=2756"}],"wp:term":[{"taxonomy":"category","embeddable":true,"href":"http:\/\/zonadelta.net\/atreides\/index.php?rest_route=%2Fwp%2Fv2%2Fcategories&post=2756"},{"taxonomy":"post_tag","embeddable":true,"href":"http:\/\/zonadelta.net\/atreides\/index.php?rest_route=%2Fwp%2Fv2%2Ftags&post=2756"}],"curies":[{"name":"wp","href":"https:\/\/api.w.org\/{rel}","templated":true}]}}