{"id":2687,"date":"2018-07-15T14:17:37","date_gmt":"2018-07-15T12:17:37","guid":{"rendered":"http:\/\/zonadelta.net\/atreides\/?p=2687"},"modified":"2018-07-15T22:42:39","modified_gmt":"2018-07-15T20:42:39","slug":"ministerio-del-tiempo-mi-tiempo-se-agota","status":"publish","type":"post","link":"http:\/\/zonadelta.net\/atreides\/?p=2687","title":{"rendered":"Ministerio del Tiempo &#8211; Mi tiempo se agota"},"content":{"rendered":"<p style=\"text-align: justify;\"><a title=\"escanear0001\" href=\"https:\/\/www.flickr.com\/photos\/152844763@N02\/41613319890\/in\/dateposted-public\/\" target=\"_blank\" rel=\"noopener\" data-flickr-embed=\"true\"><img loading=\"lazy\" decoding=\"async\" class=\"alignnone\" src=\"https:\/\/farm2.staticflickr.com\/1766\/41613319890_5c2a83d587_c.jpg\" alt=\"escanear0001\" width=\"1292\" height=\"1859\" \/><\/a><\/p>\n<p style=\"text-align: justify;\">Que el Ministerio del tiempo es una de las mejores series espa\u00f1olas de todos los tiempos, de las m\u00e1s reconocidas y de las m\u00e1s galardonadas, no es una noticia nueva. Pero s\u00ed que contin\u00faan prestando un cuidado extremo a los derivados de esta serie como el libro de historias cortas \u00abEl tiempo es el que es\u00bb o el anterior c\u00f3mic \u00ab<a href=\"http:\/\/zonadelta.net\/atreides\/?p=1797\" target=\"_blank\" rel=\"noopener\">Tiempo al tiempo<\/a>\u00ab. La calidad era soberbia, a la altura de los cap\u00edtulos m\u00e1s inspirados de la serie. De hecho adaptaron uno de los mejores de \u00abEl tiempo es el que es\u00bb en la tercera, y por el momento \u00faltima, temporada de la serie.<\/p>\n<p style=\"text-align: justify;\">Con el nuevo c\u00f3mic puedo decir que la calidad se ha mantenido. Incluso me ha gustado m\u00e1s la historia. Sin embargo el dibujo me causa sensaciones ambivalentes.<!--more--><\/p>\n<p style=\"text-align: justify;\"><a title=\"escanear0005\" href=\"https:\/\/www.flickr.com\/photos\/152844763@N02\/28551644447\/in\/dateposted-public\/\" target=\"_blank\" rel=\"noopener\" data-flickr-embed=\"true\"><img loading=\"lazy\" decoding=\"async\" class=\"alignnone\" src=\"https:\/\/farm2.staticflickr.com\/1808\/28551644447_b49d30dd70_c.jpg\" alt=\"escanear0005\" width=\"1109\" height=\"1589\" \/><\/a><em>\u00a0La fluidez de los movimientos ha mejorado en este segundo c\u00f3mic.<\/em><\/p>\n<p style=\"text-align: justify;\">La historia es fant\u00e1stica. En este caso no ha sido El Torres sino uno de los creadores de la serie, Javier Olivares. y Pablo Lara, productor y guionista, los que han perge\u00f1ado esta historia, que en realidad son dos. La protagonista de la historia es Lola Mendieta en la \u00e9poca en que est\u00e1 ingresada en el hospital. Su hija le trae una caja de recuerdos que llevan a sendos flashbacks en dos misiones, con Blas de Lezo, uno de los mejores estrategas que tuvo Espa\u00f1a en el Siglo XVIII y con Emilio Herrera, un gran ingeniero aeron\u00e1utico responsable de parte del \u00e9xito de la carrera espacial americana.<\/p>\n<p style=\"text-align: justify;\">La historia conserva todo lo que hace grande a El ministerio del Tiempo. Sus protagonistas son grandes hombres, realmente h\u00e9roes, pero h\u00e9roes tr\u00e1gicos. La envidia, el miedo a los cambios, la burocracia, el poder asentado o el llenarse la boca de Espa\u00f1a mientras buscan su beneficio personal se han llevado por delante a muchos de los que de verdad hicieron grande a este pa\u00eds. M\u00e1s m\u00e9rito tiene esto cuando en muchos de estos casos el enemigo no es la p\u00e9rfida Albi\u00f3n, los bolcheviques o cualquier otro extranjero, sino que est\u00e1 en casa y contra ese normalmente aunque luchen terminan perdiendo.<\/p>\n<p style=\"text-align: justify;\">El Ministerio del Tiempo nos ha mostrado decenas de grand\u00edsimos hombres que terminaban siendo hundidos por los que les rodeaban. Este pa\u00eds es especialista en crear mitos para a continuaci\u00f3n derribarlos. Los m\u00e1s grandes, los m\u00e1s famosos, acabaron todos as\u00ed, siendo reconocidos de nuevo tras el paso de los a\u00f1os. Porque lo que este pa\u00eds siempre ha sido es muy respetuoso con los fallecidos. Es el momento en el que las loas son m\u00e1ximas, incluso exageradas, aunque en vida se les haya negado el pan y la sal. Este es un pa\u00eds de extremos y la serie y por ende el c\u00f3mic siempre lo han mostrado.<\/p>\n<p style=\"text-align: justify;\"><a title=\"escanear0006\" href=\"https:\/\/www.flickr.com\/photos\/152844763@N02\/41613378710\/in\/dateposted-public\/\" target=\"_blank\" rel=\"noopener\" data-flickr-embed=\"true\"><img loading=\"lazy\" decoding=\"async\" class=\"alignnone\" src=\"https:\/\/farm1.staticflickr.com\/918\/41613378710_b6000f34f6_c.jpg\" alt=\"escanear0006\" width=\"1279\" height=\"1805\" \/><\/a><em>\u00a0Jaime Mart\u00ednez ha hecho un trabajo incre\u00edble con la fidelidad de los rostros y las expresiones.<\/em><\/p>\n<p style=\"text-align: justify;\">S\u00e9 que hay mucha gente que no le gusta la serie porque no presenta solo el momento de gloria de los personajes sino que es m\u00e1s ambiciosa y muestra el contexto de la \u00e9poca y c\u00f3mo ese h\u00e9roe, sea el Cid, sea Lorca, sea el mismo Blas de Lezo, ser\u00e1 desterrado, asesinado o vilipendiado en funci\u00f3n de intereses esp\u00fareos, de enriquecimiento, de envidia como antes dec\u00eda, y eso pincha un poco lo de sentirse henchidos de orgullo ante las proezas de nuestros compatriotas de otras \u00e9pocas, sino que m\u00e1s bien deja un regusto agridulce.<\/p>\n<p style=\"text-align: justify;\">A mi se me hacen duros algunos cap\u00edtulos, com el de los \u00faltimos de Filipinas porque es mucho que tragar de lo que fueron capaces aquellos hombres, c\u00f3mo fueron leales hasta mucho m\u00e1s all\u00e1 del deber y como terminaron traicionados por ese mismo pa\u00eds. Seguramente sea mi cap\u00edtulo favorito de la serie, pero la admiraci\u00f3n se mezcla con la indignaci\u00f3n y la terrible sospecha de que no hemos cambiado en nada.<\/p>\n<p style=\"text-align: justify;\">El c\u00f3mic muestra esto en dos historias tan apasionantes como indignantes y que tal vez tengan m\u00e1s significaci\u00f3n que ser simplemente un par de casos que recuerda Lola Mendieta. Por cierto, Lola Mendieta es la misma ( o las mismas) Lola Mendieta que en la serie de televisi\u00f3n. Es perfectamente reconocible en la forma de hablar y, sobre todo, en la forma de actuar.<\/p>\n<p style=\"text-align: justify;\">Ya suced\u00eda con el c\u00f3mic que guionizaba El Torres, y aqu\u00ed es a\u00fan m\u00e1s l\u00f3gico al estar el propio Olivares detr\u00e1s, pero quer\u00eda destacarlo porque he le\u00eddo muchos c\u00f3mics que adaptan series y pel\u00edculas y en la mayor\u00eda de los casos al leerlos no \u00absuenan\u00bb como en la serie adaptada, lo que te saca un poco y ya no parece un cap\u00edtulo m\u00e1s en la vida de los protagonistas sino algo ajeno y un poco de segunda, m\u00e1s un producto de merchandising. Aqu\u00ed no pasa y creo que tambi\u00e9n buena parte de la culpa la tiene el dibujante.<\/p>\n<p style=\"text-align: justify;\">Jaime Mart\u00ednez dibuj\u00f3 el anterior \u00e1lbum e hizo un trabajo extraordinario. Ahora ha vuelto y ha hecho tambi\u00e9n un gran trabajo pero distinto.<\/p>\n<p style=\"text-align: justify;\">Por un lado, a lo que me refer\u00eda antes es a que tiene un inmenso talento para captar las expresiones y gestos caracter\u00edsticos de los actores. No s\u00f3lo consigue gran fidelidad con quienes dibuja sino que consigue que sean ellos, que se expresen como ellos, gesticulen como ellos. Adem\u00e1s, en este c\u00f3mic ha conseguido que sean m\u00e1s fluidos. Quiero decir, Tiempo al Tiempo, ten\u00eda un dibujo m\u00e1s pict\u00f3rico pero los personajes eran m\u00e1s est\u00e1ticos, costaba trasladar la sensaci\u00f3n de movimiento.<\/p>\n<p style=\"text-align: justify;\">En este sin embargo ha renunciado en parte a ese aspecto pict\u00f3rico y el resultado es quiz\u00e1 un poco menos espectacular pero a cambio ayuda a la narraci\u00f3n de la historia esa fluidez extra que ha incorporado en el dibujo.<\/p>\n<p style=\"text-align: justify;\">De ah\u00ed mi sensaci\u00f3n de ambivalencia porque es algo menos \u00abbonito\u00bb que el anterior, pero en cambio la historia est\u00e1 mejor narrada, de una forma m\u00e1s fresca, por lo que creo que en definitiva es una mejora ya que el cambio potencia que se cuente mejor la historia.<\/p>\n<p style=\"text-align: justify;\"><a title=\"escanear0007\" href=\"https:\/\/www.flickr.com\/photos\/152844763@N02\/41613319820\/in\/dateposted-public\/\" target=\"_blank\" rel=\"noopener\" data-flickr-embed=\"true\"><img loading=\"lazy\" decoding=\"async\" class=\"alignnone\" src=\"https:\/\/farm1.staticflickr.com\/922\/41613319820_b8acebdb34_c.jpg\" alt=\"escanear0007\" width=\"1177\" height=\"1667\" \/><\/a><em>\u00a0Ejemplo de los extras del c\u00f3mic.<\/em><\/p>\n<p style=\"text-align: justify;\">El resultado es un c\u00f3mic magn\u00edfico, muy trabajado, muy bien editado con pr\u00f3logo de Javier Olivares y al final un C\u00f3mo se hizo por los autores cuajado de bocetos.<\/p>\n<p style=\"text-align: justify;\">Lo edita Aleta Ediciones por 19,95 \u20ac y vale cada c\u00e9ntimo y bastante m\u00e1s.<\/p>\n<p style=\"text-align: justify;\">Espero que vuelva la serie. Me sorprendi\u00f3 mucho que esta serie se emitiese en Televisi\u00f3n Espa\u00f1ola. No por su calidad, sino por el gobierno que estaba en el poder al que le mola mucho hablar de la patria y la bandera mientras mete la mano en la caja, que le gustan las Glorias Nacionales pero a la americana, en la que los malos son muy malos y los buenos ganan, sin mirar m\u00e1s all\u00e1.<\/p>\n<p style=\"text-align: justify;\">As\u00ed, cuando vieron por d\u00f3nde iba la serie, fue ninguneada, los premios no les compensaban y la renovaci\u00f3n se alargaba lo indecible a pesar de la presi\u00f3n del fandom, se convirti\u00f3 en un fen\u00f3meno en internet.<\/p>\n<p style=\"text-align: justify;\">Sin embargo los art\u00edculos en ciertos peri\u00f3dicos hablaban de desastrosas cifras de visionado, hablaban de audiencias cuando Televisi\u00f3n Espa\u00f1ola no compite por las audiencias sino por la calidad.<\/p>\n<p style=\"text-align: justify;\">A resultas de todo esto sali\u00f3 al tercera temporada porque Netflix aport\u00f3 parte de la producci\u00f3n y se llev\u00f3 la explotaci\u00f3n de la serie.<\/p>\n<p style=\"text-align: justify;\">Por supuesto de la cuarta temporada no se sabe nada. Ojal\u00e1 con el nuevo gobierno esto cambiara pero por el momento seguimos a la espera. Esperemos que sigan saliendo estos c\u00f3mics con esta calidad mientras por fin se aprueba la renovaci\u00f3n.<\/p>\n<p><a title=\"Sin t\u00edtulo\" href=\"https:\/\/www.flickr.com\/photos\/152844763@N02\/42516836055\/in\/dateposted-public\/\" data-flickr-embed=\"true\"><img loading=\"lazy\" decoding=\"async\" src=\"https:\/\/farm1.staticflickr.com\/915\/42516836055_ed47b4c9b0_b.jpg\" alt=\"Sin t\u00edtulo\" width=\"1024\" height=\"719\" \/><\/a><em>\u00a0La fant\u00e1stica doble portada completa<\/em><\/p>\n<p style=\"text-align: justify;\">Saludos fremen.<\/p>\n","protected":false},"excerpt":{"rendered":"<p>Que el Ministerio del tiempo es una de las mejores series espa\u00f1olas de todos los tiempos, de las m\u00e1s reconocidas y de las m\u00e1s galardonadas, no es una noticia nueva. Pero s\u00ed que contin\u00faan prestando un cuidado extremo a los derivados de esta serie como el libro de historias cortas \u00abEl tiempo es el que &hellip; <a href=\"http:\/\/zonadelta.net\/atreides\/?p=2687\" class=\"more-link\">Sigue leyendo <span class=\"screen-reader-text\">Ministerio del Tiempo &#8211; Mi tiempo se agota<\/span><\/a><\/p>\n","protected":false},"author":2,"featured_media":0,"comment_status":"open","ping_status":"open","sticky":false,"template":"","format":"standard","meta":{"iawp_total_views":7,"footnotes":""},"categories":[48,10,93,7],"tags":[1785,1786,110,1230,938,1784,1783],"class_list":["post-2687","post","type-post","status-publish","format-standard","hentry","category-ciencia-ficcion-2","category-comic","category-fantasia","category-series-2","tag-blas-de-lezo","tag-emilio-herrera","tag-historia","tag-jaime-martinez","tag-javier-olivares","tag-lola-menieta","tag-pablo-lara"],"_links":{"self":[{"href":"http:\/\/zonadelta.net\/atreides\/index.php?rest_route=\/wp\/v2\/posts\/2687","targetHints":{"allow":["GET"]}}],"collection":[{"href":"http:\/\/zonadelta.net\/atreides\/index.php?rest_route=\/wp\/v2\/posts"}],"about":[{"href":"http:\/\/zonadelta.net\/atreides\/index.php?rest_route=\/wp\/v2\/types\/post"}],"author":[{"embeddable":true,"href":"http:\/\/zonadelta.net\/atreides\/index.php?rest_route=\/wp\/v2\/users\/2"}],"replies":[{"embeddable":true,"href":"http:\/\/zonadelta.net\/atreides\/index.php?rest_route=%2Fwp%2Fv2%2Fcomments&post=2687"}],"version-history":[{"count":4,"href":"http:\/\/zonadelta.net\/atreides\/index.php?rest_route=\/wp\/v2\/posts\/2687\/revisions"}],"predecessor-version":[{"id":2691,"href":"http:\/\/zonadelta.net\/atreides\/index.php?rest_route=\/wp\/v2\/posts\/2687\/revisions\/2691"}],"wp:attachment":[{"href":"http:\/\/zonadelta.net\/atreides\/index.php?rest_route=%2Fwp%2Fv2%2Fmedia&parent=2687"}],"wp:term":[{"taxonomy":"category","embeddable":true,"href":"http:\/\/zonadelta.net\/atreides\/index.php?rest_route=%2Fwp%2Fv2%2Fcategories&post=2687"},{"taxonomy":"post_tag","embeddable":true,"href":"http:\/\/zonadelta.net\/atreides\/index.php?rest_route=%2Fwp%2Fv2%2Ftags&post=2687"}],"curies":[{"name":"wp","href":"https:\/\/api.w.org\/{rel}","templated":true}]}}