{"id":243,"date":"2014-12-12T21:15:34","date_gmt":"2014-12-12T21:15:34","guid":{"rendered":"http:\/\/zonadelta.net\/atreides\/?p=243"},"modified":"2017-09-15T10:08:31","modified_gmt":"2017-09-15T09:08:31","slug":"expocomic-2014","status":"publish","type":"post","link":"http:\/\/zonadelta.net\/atreides\/?p=243","title":{"rendered":"Expocomic 2014"},"content":{"rendered":"<p><a title=\"Cartel-Expocoacutemic-2014_zps5c996621\" href=\"https:\/\/www.flickr.com\/photos\/152844763@N02\/36390304134\/in\/dateposted-public\/\" data-flickr-embed=\"true\"><img loading=\"lazy\" decoding=\"async\" src=\"https:\/\/farm5.staticflickr.com\/4413\/36390304134_08052c5f86_z.jpg\" alt=\"Cartel-Expocoacutemic-2014_zps5c996621\" width=\"466\" height=\"640\" \/><\/a><\/p>\n<p style=\"text-align: justify;\">Hoy se ha inaugurado Expocomic 2014 y all\u00ed he estado yo para poder contarlo.<br \/>\nComo en la pasada Madrid Games Week ir hoy garantiza poder verlo todo y hablar con la gente con comodidad. El d\u00eda fuerte de Expocomic es el s\u00e1bado y normalmente suele haber una cantidad ingente de aficionados, cosa que hoy se ha evitado. Este a\u00f1o tambi\u00e9n se celebra en el Pabell\u00f3n de Cristal de la Casa de Campo.\u00a0 Por cierto, la Casa de Campo est\u00e1 en obras, por lo que no hay m\u00e1s sitio para aparcar que un parking interior que cuesta 5 \u20ac y, eso s\u00ed, est\u00e1 al lado.<\/p>\n<p style=\"text-align: justify;\">La impresi\u00f3n que he sacado de Expocomic es que es un expocomic de crisis.<!--more--><\/p>\n<figure style=\"width: 640px\" class=\"wp-caption alignnone\"><a title=\"P1010927_zps6aa45788\" href=\"https:\/\/www.flickr.com\/photos\/152844763@N02\/37055629642\/in\/dateposted-public\/\" data-flickr-embed=\"true\"><img loading=\"lazy\" decoding=\"async\" src=\"https:\/\/farm5.staticflickr.com\/4439\/37055629642_a54f00639b_z.jpg\" alt=\"P1010927_zps6aa45788\" width=\"640\" height=\"480\" \/><\/a><figcaption class=\"wp-caption-text\">La entrada en el Pabell\u00f3n de cristal de la Casa de Campo<\/figcaption><\/figure>\n<p style=\"text-align: justify;\">Este a\u00f1o se ha recortado uno de los d\u00edas dejando en tres los que est\u00e1 abierto Expocomic y de dos a una planta del Pabell\u00f3n y con espacio sobrado. Adem\u00e1s, se echan a faltar las mayor\u00eda de las editoriales y muchas de las librer\u00edas de Madrid como Panini, ECC, Planeta o librer\u00edas como Elektra, Akira o Madrid Comics. Por lo dem\u00e1s, sigue la tendencia de los \u00faltimos a\u00f1os y hay pocos invitados de relumbr\u00f3n. La gran mayor\u00eda son espa\u00f1oles y hay alguno extranjero. Destacan Jordi Bernet (Torpedo 1936), Sergio Bleda (El baile del vampiro), Gene Ha (Top Ten), Paco Roca (El faro, Arrugas), Claudio Castellini (Nathan Never) o Sergio Sandoval (Arrow).<\/p>\n<p><a title=\"P1010934_zpsadff9c19\" href=\"https:\/\/www.flickr.com\/photos\/152844763@N02\/37055629382\/in\/dateposted-public\/\" data-flickr-embed=\"true\"><img loading=\"lazy\" decoding=\"async\" src=\"https:\/\/farm5.staticflickr.com\/4434\/37055629382_1a1dd71f5e_z.jpg\" alt=\"P1010934_zpsadff9c19\" width=\"640\" height=\"480\" \/><\/a><em>Las exposiciones son muy interesantes.<\/em><\/p>\n<p style=\"text-align: justify;\">Cuando vi las exposiciones que se iban a realizar para este sal\u00f3n, me qued\u00e9 bastante fr\u00edo. Quiz\u00e1 sea por eso pero me han gustado bastante casi todas. Hay una de Cosplay que es una chapuza impresentable y que abochorna lo mal que est\u00e1 expuesta, solo faltaba un corcho y que estuvieran las fotos pinchadas con chinchetas para estar peor.<\/p>\n<p style=\"text-align: justify;\">En cambio la exposici\u00f3n dedicada a Teresa Valero, autora ganadora del premio de Expocomic 2012 por Curiosity Shop, est\u00e1 muy bien, breve pero con estupendas ilustraciones, carteles y p\u00e1ginas de comics.<\/p>\n<p><a title=\"P1010935_zps9ffb4b7b\" href=\"https:\/\/www.flickr.com\/photos\/152844763@N02\/37055629332\/in\/dateposted-public\/\" data-flickr-embed=\"true\"><img loading=\"lazy\" decoding=\"async\" src=\"https:\/\/farm5.staticflickr.com\/4380\/37055629332_8aa806ae6a_z.jpg\" alt=\"P1010935_zps9ffb4b7b\" width=\"480\" height=\"640\" \/><\/a><em>Esther de Purita Campos<\/em><\/p>\n<p style=\"text-align: justify;\">M\u00e1s interesante a\u00fan es la exposici\u00f3n Mujeres de tinta, ellas en el comic. Es una exposici\u00f3n tambi\u00e9n breve, en realidad todas lo son, pero muy interesante que presenta los trabajos de distintas dibujantes desde 1937 hasta el 2014, apareciendo p\u00e1ginas de cabeceras, entre otras, como Azucena, Madriz o El jueves, por ejemplo y con nombres como Mamen, Purita Campos o Emma R\u00edos, entre muchas. Realmente estupenda.<\/p>\n<p><a title=\"P1010945_zps2ad5c8b5\" href=\"https:\/\/www.flickr.com\/photos\/152844763@N02\/37055629392\/in\/dateposted-public\/\" data-flickr-embed=\"true\"><img loading=\"lazy\" decoding=\"async\" src=\"https:\/\/farm5.staticflickr.com\/4430\/37055629392_ebb8420420_z.jpg\" alt=\"P1010945_zps2ad5c8b5\" width=\"640\" height=\"480\" \/><\/a><em>Impresionante versi\u00f3n de Das Pastoras de Flash Gordon.<\/em><\/p>\n<p style=\"text-align: justify;\">A\u00fan m\u00e1s interesante la exposici\u00f3n de homenaje a Flash Gordon. Visiones y versiones. Aprovechando el 80\u00aa aniversario de su creaci\u00f3n han realizado esta exposici\u00f3n con dibujos de una selecci\u00f3n de autores patrios muy buena.<\/p>\n<p style=\"text-align: justify;\">Ha sido la sorpresa de la Expocomic porque realmente lo que hubiera sido l\u00f3gico y de justicia para celebrar el aniversario es una exposici\u00f3n con originales de Flash Gordon. Una exposici\u00f3n con ilustraciones de Alex Raymond, Dan Barry, MacRaboy, Austin Briggs o Al Williamson hubiera sido maravillosa.<\/p>\n<p style=\"text-align: justify;\">Supongo que el coste y la complicaci\u00f3n y que parece de mucho nivel para lo que es a d\u00eda de hoy Expocomic, hicieron esta otra opci\u00f3n. Y funciona, cada uno de los dibujantes como Das Pastoras, Bernet, \u00c1ngel Unzueta y muchos m\u00e1s dan una visi\u00f3n distinta y variada del h\u00e9roe. Francamente muy buena.<\/p>\n<p><a title=\"P1010930_zpscdf17cec\" href=\"https:\/\/www.flickr.com\/photos\/152844763@N02\/36413113203\/in\/dateposted-public\/\" data-flickr-embed=\"true\"><img loading=\"lazy\" decoding=\"async\" src=\"https:\/\/farm5.staticflickr.com\/4340\/36413113203_e508436cc3_z.jpg\" alt=\"P1010930_zpscdf17cec\" width=\"640\" height=\"480\" \/><\/a><em>La entrada: mercado persa<\/em><\/p>\n<p style=\"text-align: justify;\">En cuanto al sal\u00f3n en s\u00ed, las dos primeras impresiones no son muy positivas. La primera es que parece un mercado persa, porque todo son puestos para la venta y la segunda que si lo llaman Expomanga dar\u00eda m\u00e1s pista de lo que vas a encontrar muy mayoritariamente por all\u00ed.<\/p>\n<p style=\"text-align: justify;\">Despu\u00e9s de patear un rato, la realidad refina un poco la impresi\u00f3n inicial. Hay much\u00edsimo de manga, es verdad, pero tambi\u00e9n muchas tiendas de comic antiguo, varias editoriales como Aleta o Norma, una zona que han llamado \u00abLa isla\u00bb con autores firmando, otra zona bastante grande con consolas y videojuegos y luego algunas tiendas peculiares como Steamretro, con accesorios steampunk bastante originales, otra, Decritalia, de cristal que talla vasos y copas con los dise\u00f1os que se quieran. Ten\u00edan un vaso grande con un drag\u00f3n tallado espectacular.<\/p>\n<p><a title=\"P1010932_zps155d3129\" href=\"https:\/\/www.flickr.com\/photos\/152844763@N02\/37055629532\/in\/dateposted-public\/\" data-flickr-embed=\"true\"><img loading=\"lazy\" decoding=\"async\" src=\"https:\/\/farm5.staticflickr.com\/4393\/37055629532_55a4da9cb8_z.jpg\" alt=\"P1010932_zps155d3129\" width=\"640\" height=\"480\" \/><\/a><em>Seguramente la tienda m\u00e1s original de Expocomic<\/em><\/p>\n<p style=\"text-align: justify;\">Una vez ya imbuido con el esp\u00edritu del Expocomic me lo empec\u00e9 a pasar mejor. Estaba firmando Sergio Castellini que es un magn\u00edfico dibujante, creador de Nathan Never y como no hab\u00eda casi nadie y Aleta Ediciones publica aqu\u00ed los comics de Bonelli, entre ellos Nathan Never, fui a buscar uno para que me hiciera un dibujo. Cual no ser\u00eda mi sorpresa cuando me dicen que no ten\u00edan ni uno y que, adem\u00e1s, no ten\u00edan ni idea que Sergio Castellini iba a la Expocomic.<\/p>\n<p><a title=\"P1010950_zps08281dae\" href=\"https:\/\/www.flickr.com\/photos\/152844763@N02\/36390303984\/in\/dateposted-public\/\" data-flickr-embed=\"true\"><img loading=\"lazy\" decoding=\"async\" src=\"https:\/\/farm5.staticflickr.com\/4381\/36390303984_3d793603c3_z.jpg\" alt=\"P1010950_zps08281dae\" width=\"640\" height=\"480\" \/><\/a><em>Sergio Bleda dibujando a In\u00e9s en El baile del vampiro<\/em><\/p>\n<p style=\"text-align: justify;\">Pero, acudiendo a ese dicho tan espa\u00f1ol de que no hay mal que por bien no venga, estaba firmando en el stand Sergio Bleda y hab\u00eda salido la versi\u00f3n completa de El baile del Vampiro, as\u00ed que lo compr\u00e9 y aprovech\u00e9 para pedirle que me hiciera un dibujito de In\u00e9s, la vampiro protagonista. El espectacular y detallado resultado lo pod\u00e9is ver en la foto.<\/p>\n<p><a title=\"scan0002_zps3f6350d5\" href=\"https:\/\/www.flickr.com\/photos\/152844763@N02\/36390303914\/in\/dateposted-public\/\" data-flickr-embed=\"true\"><img loading=\"lazy\" decoding=\"async\" src=\"https:\/\/farm5.staticflickr.com\/4439\/36390303914_ffb8afc119_z.jpg\" alt=\"scan0002_zps3f6350d5\" width=\"578\" height=\"640\" \/><\/a><em>El precioso dibujo de In\u00e9s de Sergio Bleda<\/em><\/p>\n<p style=\"text-align: justify;\">Y como ya estaba imbuido del esp\u00edritu de mercado persa, en una de las tiendas ten\u00edan camisetas distintas entre ellas una de \u00abEl nombre de el viento\u00bb de Patrick Rothfuss, una de las mejores novelas de fantas\u00eda jam\u00e1s escritas y que se ha venido conmigo, junto a una cartera discreta de Ataque a los titanes.<\/p>\n<p style=\"text-align: justify;\">En cuanto a comics, continu\u00e9 con la tradici\u00f3n de comprar un comic de Asterix y ya solo me quedan dos para terminar la colecci\u00f3n. Despu\u00e9s descubr\u00ed que Norma en su stand hab\u00eda sacado la colecci\u00f3n completa de Queen and Country de Greg Rucka por 20 \u20ac los ocho tomos as\u00ed que con el cuarto de Kriss de Valnorr de Sente y Giorgio de Vita termin\u00e9 mis adquisiciones.<\/p>\n<p style=\"text-align: justify;\">No compr\u00e9 nada m\u00e1s porque realmente ya no hay lanzamientos espec\u00edficos para Expocomic como si hubo otros a\u00f1os.<\/p>\n<p><a title=\"P1010949_zpsbb416f9b\" href=\"https:\/\/www.flickr.com\/photos\/152844763@N02\/37055629212\/in\/dateposted-public\/\" data-flickr-embed=\"true\"><img loading=\"lazy\" decoding=\"async\" src=\"https:\/\/farm5.staticflickr.com\/4390\/37055629212_d54ac6af32_z.jpg\" alt=\"P1010949_zpsbb416f9b\" width=\"640\" height=\"480\" \/><\/a><em>El \u00e1rea de videojuegos era amplia y de las m\u00e1s concurridas<\/em><\/p>\n<p style=\"text-align: justify;\">Esto en esencia ha dado de s\u00ed la ma\u00f1ana. En cuanto a mis reflexiones al respecto, me marcho un tanto preocupado. No me lo e pasado mal, pero Expocomic tiene m\u00e1s sombras que luces y es progresivamente pero respecto al a\u00f1o pasado que a su vez fue peor que el anterior. Expocomic ha bajado mucho el nivel los \u00faltimos a\u00f1os, ya no puede compararse con el Sal\u00f2 de Barcelona. Las exposiciones son muy dignas pero el nivel es inferior a otros a\u00f1os como la de Neal Adams, Carlos Pacheco, y as\u00ed hasta el infinito. Por otro lado, no termino de entenderlo. Todos los a\u00f1os es un \u00e9xito de afluencia y sin embargo cada a\u00f1o los invitados son de menor fama y las exposiciones de menor nivel.<\/p>\n<p style=\"text-align: justify;\">No s\u00e9 cuanto tiempo va a seguir atrayendo a la gente un sal\u00f3n que tiende a convertirse en un cruce entre El rastro y Expomanga, porque la gente no suele ser muy dada a pagar una entrada para poder comprar cuando en las tiendas especializadas y en internet lo encuentras todo.<\/p>\n<p style=\"text-align: justify;\">Creo que la Asociaci\u00f3n de Amigos de C\u00f3mic tiene que replantearse a d\u00f3nde van con Expocomic y creo que tienen que volver a atraer a las principales editoriales y tiendas de Madrid. Solo Generaci\u00f3n X est\u00e1 este a\u00f1o entre las principales y su stand es un cuarto comparado con el del a\u00f1o pasado. Y creo que tienen que darse prisa en conseguir aunar a todos estos para hacer de nuevo un Expocomic fuerte, mientras la fluencia de p\u00fablico existe y es un reclamo para que interese acudir, o vaticino un futuro muy negro a un sal\u00f3n del comic que lleva 17 a\u00f1os ininterrumpidamente y que ser\u00eda una aut\u00e9ntica l\u00e1stima que desapareciera.<\/p>\n<p style=\"text-align: justify;\">En conclusi\u00f3n, sigue estando bien, merece la pena verlo pero es peor que los anteriores. Ojal\u00e1 el a\u00f1o que viene sea mejor.<\/p>\n<p style=\"text-align: justify;\">En el enlace est\u00e1 toda la informaci\u00f3n para poder acudir a Expocomic: http:\/\/www.expocomic.com\/index.php\/expocomic-2014\/<\/p>\n<p style=\"text-align: justify;\">En este otro est\u00e1n todas las fotos de la jornada: https:\/\/www.facebook.com\/paul.moaddib.9\/photos<\/p>\n<p style=\"text-align: justify;\">Saludos fremen.<\/p>\n","protected":false},"excerpt":{"rendered":"<p>Hoy se ha inaugurado Expocomic 2014 y all\u00ed he estado yo para poder contarlo. Como en la pasada Madrid Games Week ir hoy garantiza poder verlo todo y hablar con la gente con comodidad. El d\u00eda fuerte de Expocomic es el s\u00e1bado y normalmente suele haber una cantidad ingente de aficionados, cosa que hoy se &hellip; <a href=\"http:\/\/zonadelta.net\/atreides\/?p=243\" class=\"more-link\">Sigue leyendo <span class=\"screen-reader-text\">Expocomic 2014<\/span><\/a><\/p>\n","protected":false},"author":2,"featured_media":0,"comment_status":"open","ping_status":"open","sticky":false,"template":"","format":"standard","meta":{"iawp_total_views":3,"footnotes":""},"categories":[10,72],"tags":[],"class_list":["post-243","post","type-post","status-publish","format-standard","hentry","category-comic","category-opinion"],"_links":{"self":[{"href":"http:\/\/zonadelta.net\/atreides\/index.php?rest_route=\/wp\/v2\/posts\/243","targetHints":{"allow":["GET"]}}],"collection":[{"href":"http:\/\/zonadelta.net\/atreides\/index.php?rest_route=\/wp\/v2\/posts"}],"about":[{"href":"http:\/\/zonadelta.net\/atreides\/index.php?rest_route=\/wp\/v2\/types\/post"}],"author":[{"embeddable":true,"href":"http:\/\/zonadelta.net\/atreides\/index.php?rest_route=\/wp\/v2\/users\/2"}],"replies":[{"embeddable":true,"href":"http:\/\/zonadelta.net\/atreides\/index.php?rest_route=%2Fwp%2Fv2%2Fcomments&post=243"}],"version-history":[{"count":5,"href":"http:\/\/zonadelta.net\/atreides\/index.php?rest_route=\/wp\/v2\/posts\/243\/revisions"}],"predecessor-version":[{"id":2082,"href":"http:\/\/zonadelta.net\/atreides\/index.php?rest_route=\/wp\/v2\/posts\/243\/revisions\/2082"}],"wp:attachment":[{"href":"http:\/\/zonadelta.net\/atreides\/index.php?rest_route=%2Fwp%2Fv2%2Fmedia&parent=243"}],"wp:term":[{"taxonomy":"category","embeddable":true,"href":"http:\/\/zonadelta.net\/atreides\/index.php?rest_route=%2Fwp%2Fv2%2Fcategories&post=243"},{"taxonomy":"post_tag","embeddable":true,"href":"http:\/\/zonadelta.net\/atreides\/index.php?rest_route=%2Fwp%2Fv2%2Ftags&post=243"}],"curies":[{"name":"wp","href":"https:\/\/api.w.org\/{rel}","templated":true}]}}