{"id":2239,"date":"2017-11-12T21:28:38","date_gmt":"2017-11-12T20:28:38","guid":{"rendered":"http:\/\/zonadelta.net\/atreides\/?p=2239"},"modified":"2017-11-13T19:16:42","modified_gmt":"2017-11-13T18:16:42","slug":"cronica-de-la-heroes-comic-con-madrid-2017","status":"publish","type":"post","link":"http:\/\/zonadelta.net\/atreides\/?p=2239","title":{"rendered":"Cr\u00f3nica de la Heroes Comic Con Madrid 2017"},"content":{"rendered":"<p style=\"text-align: justify;\"><a title=\"Cartel-Heroes-Comic-Con-Madrid\" href=\"https:\/\/www.flickr.com\/photos\/152844763@N02\/38312887416\/in\/dateposted-public\/\" data-flickr-embed=\"true\"><img loading=\"lazy\" decoding=\"async\" src=\"https:\/\/farm5.staticflickr.com\/4515\/38312887416_f0b97a7e25_z.jpg\" alt=\"Cartel-Heroes-Comic-Con-Madrid\" width=\"476\" height=\"640\" \/><\/a><\/p>\n<p style=\"text-align: justify;\">Hac\u00eda muchos a\u00f1os que no iba a un sal\u00f3n del c\u00f3mic con tantas ganas y las expectativas tan altas. Llevo asistiendo a la Expoc\u00f3mic de Madrid desde que se inaugur\u00f3 sin haber faltado ni un a\u00f1o aunque pod\u00e9is ver reflejada mi opini\u00f3n de las de <a href=\"http:\/\/zonadelta.net\/atreides\/?p=243\" target=\"_blank\" rel=\"noopener\">2014<\/a>, <a href=\"http:\/\/zonadelta.net\/atreides\/?p=986\" target=\"_blank\" rel=\"noopener\">2015<\/a> y <a href=\"http:\/\/zonadelta.net\/atreides\/?p=1555\" target=\"_blank\" rel=\"noopener\">2016<\/a> en el blog. Ya os adelanto que no eran nada positivas. Generalmente solo se salvaban las exposiciones.<\/p>\n<p style=\"text-align: justify;\">Este a\u00f1o han tirado la casa por la ventana. Un plantel de autores excepcional y eso que finalmente se han ca\u00eddo cuatro de los previstos con nombres del peso de J.G. Jones, Greg Rucka o Bruce Timm pero es que los asistentes son de aut\u00e9ntico \u00f3rdago. Para empezar Frank Miller que ya hubiera justificado asistir, pero es que tambi\u00e9n est\u00e1 ese genio que se Bill Sienkiewicz y luego una colecci\u00f3n de dibujantes y guionistas de primer\u00edsimo orden como Kevin Maguire (JLA), Arthur Adams (Las Guerras Asgardianas, Longshot), Brian Azzarello (100 Balas,) Paul Gulacy (Shang-Chi, Catwoman) Phil Jim\u00e9nes (JLA Vs. Nuevos Titanes) Paul Levitz (Legi\u00f3n de Superh\u00e9roes) Fabian Nicieza (Deadpool, X-Force) Chelsea Cain y Kate Niemczyk (P\u00e4jaro Burl\u00f3n) entre bastantes m\u00e1s. Pero, adem\u00e1s, Jenna Coleman, la inolvidable companion del Doctor Who, la \u00abchica imposible\u00bb Clara Oswin Oswald, y Lena Headey, Cersey Lannister de Juego de Tronos.<\/p>\n<p style=\"text-align: justify;\">Con semejante plantel \u00bfC\u00f3mo no ir?<\/p>\n<p style=\"text-align: justify;\"><iframe loading=\"lazy\" src=\"https:\/\/www.youtube.com\/embed\/UanjZwWi-9g\" width=\"560\" height=\"315\" frameborder=\"0\" allowfullscreen=\"allowfullscreen\"><\/iframe><br \/>\n<em>Charla \u00edntegra Frank Miller y amigos.<\/em><\/p>\n<h3 style=\"text-align: justify;\"><!--more--><\/h3>\n<h3 style=\"text-align: justify;\">Primer D\u00eda<\/h3>\n<p>&nbsp;<\/p>\n<p style=\"text-align: justify;\"><a title=\"P1050020\" href=\"https:\/\/www.flickr.com\/photos\/152844763@N02\/38367802571\/in\/dateposted-public\/\" data-flickr-embed=\"true\"><img loading=\"lazy\" decoding=\"async\" src=\"https:\/\/farm5.staticflickr.com\/4515\/38367802571_4dd2f1b015_z.jpg\" alt=\"P1050020\" width=\"640\" height=\"360\" \/><\/a><strong>Cola para la firma de Frank Miller<\/strong><\/p>\n<h4 style=\"text-align: justify;\">Las Colas<\/h4>\n<p style=\"text-align: justify;\">Aprovechando que la organizaci\u00f3n hizo coincidir las fechas con el Puente de la Almudena en Madrid decid\u00ed ir el viernes para conseguir mi objetivo. El regreso del se\u00f1or de la noche firmado por Frank Miller. El resto, bien, pero era una oportunidad \u00fanica, de nivel Legendario y todo lo dem\u00e1s me interesaba pero ya a un nivel m\u00e1s humano.<\/p>\n<p style=\"text-align: justify;\">Primer consejo si pens\u00e1is ir a la Comic Con, no hag\u00e1is barbaridades. Hay gente que estaban esperando desde las 2 de la ma\u00f1ana y realmente no merece la pena. Las instrucciones pon\u00edan que hab\u00eda que esperar en la entrada del pabell\u00f3n hasta que se abrieran las puertas y entonces hacer cola en el stand de ECC o para Miller o para las dem\u00e1s filas.<\/p>\n<p style=\"text-align: justify;\">La gente que llevaba de madrugada no les dejaron esperar delante del pabell\u00f3n y los tuvieron fuera en la calle hasta que les dejaron entrar a las 8.50, m\u00e1s o menos . Sin embargo, los que llegaron por la ma\u00f1ana a partir de las 8.30 pudieron acreditarse y entrar por la puerta sin problema y esperar en las puertas del pabell\u00f3n. Adem\u00e1s, estaba abierta la puerta lateral del pabell\u00f3n y quien quer\u00eda pod\u00eda estar dentro. El resultado es que los que llegaron a las 2, los que esperaron a la entrada del pabell\u00f3n a las 8.30 y los que estaba dentro terminaron formando las colas de Miller y de los dem\u00e1s autores en funci\u00f3n de argumentos, cabezoner\u00eda y que la organizaci\u00f3n no se pronunci\u00f3. La moraleja es que esperar desde la madrugada no garantiza las firmas m\u00e1s que llegar temprano y que, hagas lo que hagas, va a haber bronca as\u00ed que mejor llega temprano pero descansado que lo disfrutar\u00e1s m\u00e1s.<\/p>\n<p style=\"text-align: justify;\">En cuanto a los tickets de las firmas en s\u00ed, la m\u00e1s complicada de conseguir es la de Miller. Esta tiene una caracter\u00edstica especial y es que hay que comprar algo de ECC, lo que se quiera, y que Miller solo dirma comics de ECC o de DC americanos. Esto es fundamental porque mucha gente no se enter\u00f3 y llevaban sus Sin City, sus Born Again o sus Elektra Assassin.<\/p>\n<p style=\"text-align: justify;\">Las dem\u00e1s firmas son mucho m\u00e1s f\u00e1ciles. Todo el mundo va a por la de Miller y mientras yo esperaba all\u00ed mi mujer se puso tres veces en la cola, la \u00faltima ya conmigo, y consigui\u00f3 tickets para Art Adams, Maguire, Sienkiewicz y Phil Jim\u00e9nez.<\/p>\n<p><a title=\"IMG_20171111_095049\" href=\"https:\/\/www.flickr.com\/photos\/152844763@N02\/38336363792\/in\/dateposted-public\/\" data-flickr-embed=\"true\"><img loading=\"lazy\" decoding=\"async\" src=\"https:\/\/farm5.staticflickr.com\/4545\/38336363792_23e07ff1c8_z.jpg\" alt=\"IMG_20171111_095049\" width=\"480\" height=\"640\" \/><\/a><em>Camiseta de Heroes Comic Con de regalo en el stand de ECC<\/em><\/p>\n<p style=\"text-align: justify;\">Por cierto, para la firma de Miller compr\u00e9 de nuevo el Dark Knight Returns (cuarta vez) debido a la restricci\u00f3n de que el c\u00f3mic tiene que ser de ECC o Miller no lo firmaba, eso s\u00ed una preciosidad la edici\u00f3n de Ecc: tapa dura, sobrecubierta y muchos extras. Adem\u00e1s, si superas los 30 \u20ac de compra, te regalan la camiseta de la Comic Con con el espectacular cartel de Frank Miller, m\u00e1s una mochila de lo m\u00e1s pr\u00e1ctica para llevar los c\u00f3mics y un delantal para cocinar con el logo de DC, una chapa de quien quieras (Batman).<\/p>\n<p style=\"text-align: justify;\">Superado exitosamente el tr\u00e1mite inicial ya eramos libres para recorrer el pabell\u00f3n.<\/p>\n<p style=\"text-align: justify;\"><a title=\"P1040984\" href=\"https:\/\/www.flickr.com\/photos\/152844763@N02\/38336781942\/in\/dateposted-public\/\" data-flickr-embed=\"true\"><img loading=\"lazy\" decoding=\"async\" src=\"https:\/\/farm5.staticflickr.com\/4558\/38336781942_bbbd5630ec_z.jpg\" alt=\"P1040984\" width=\"640\" height=\"131\" \/><\/a><em>Panor\u00e1mica de la entrada el s\u00e1bado por la tarde<\/em><\/p>\n<h4 style=\"text-align: justify;\">Las Compras<\/h4>\n<p style=\"text-align: justify;\">Las Expocomic siempre han sido un mercado persa y esto no se pierde. Para hacer compras hay de todo. Hay librer\u00edas con c\u00f3mics actuales como Generaci\u00f3n X que lleva acudiendo desde el principio y que sigue, y desde el a\u00f1o pasado la Fnac y este la Casa del libro. Hay para comprar de segunda mano como El coleccionista o Mundo Fantas\u00eda que lleva tambi\u00e9n desde el principio.<\/p>\n<p><a title=\"P1040830\" href=\"https:\/\/www.flickr.com\/photos\/152844763@N02\/38312497236\/in\/dateposted-public\/\" data-flickr-embed=\"true\"><img loading=\"lazy\" decoding=\"async\" src=\"https:\/\/farm5.staticflickr.com\/4580\/38312497236_92f6114a8c_z.jpg\" alt=\"P1040830\" width=\"640\" height=\"360\" \/><\/a><em>Todas eran de mangas, series o pel\u00edculas<\/em><\/p>\n<p style=\"text-align: justify;\">Luego ya la cosa se pone creativa: de Star Wars, de Espadas y Katanas, de r\u00e9plicas de armas de fuego (En la MGE Sergio Sr. Rubio se compr\u00f3 un colt espectacular que ver\u00e9is pronto en sus v\u00eddeos), de colgantes, llaveros, pulseras y pendientes de c\u00f3mics series pel\u00edculas y videojuegos (le compr\u00e9 un colgante de la Tardis a mi mujer realmente precioso) de camisetas de importaci\u00f3n americanas, de posters y carteles tambi\u00e9n de importaci\u00f3n americanos, de kimonos japoneses, de origamis y de merchandising manga.<\/p>\n<p style=\"text-align: justify;\">Hab\u00eda una que me gust\u00f3 especialmente.<\/p>\n<p style=\"text-align: justify;\"><a title=\"IMG_20171110_124811\" href=\"https:\/\/www.flickr.com\/photos\/152844763@N02\/37654317274\/in\/dateposted-public\/\" data-flickr-embed=\"true\"><img loading=\"lazy\" decoding=\"async\" src=\"https:\/\/farm5.staticflickr.com\/4542\/37654317274_c531d7cb4d_z.jpg\" alt=\"IMG_20171110_124811\" width=\"640\" height=\"480\" \/><\/a><em>Loot Boxes. El tercer d\u00eda no quedaba ni una.<\/em><\/p>\n<p style=\"text-align: justify;\">Faltaba una flecha que indicara \u00abTienda para tontos\u00bb porque, se\u00f1ores, las Loot Boxes se han salido del CoD y han llegado al vida real. Pagabas 35 \u20ac y te llevabas un \u00abCaja sorpresa\u00bb. Tal cual. Pues como en el CoD lo han vendido todo.<\/p>\n<h4 style=\"text-align: justify;\">Actividades<\/h4>\n<p>&nbsp;<\/p>\n<p style=\"text-align: justify;\"><a title=\"P1050021\" href=\"https:\/\/www.flickr.com\/photos\/152844763@N02\/37653773264\/in\/dateposted-public\/\" data-flickr-embed=\"true\"><img loading=\"lazy\" decoding=\"async\" src=\"https:\/\/farm5.staticflickr.com\/4568\/37653773264_5358a3e1d1_z.jpg\" alt=\"P1050021\" width=\"640\" height=\"360\" \/><\/a><em>La \u00fanica exposici\u00f3n que hicieron<\/em><\/p>\n<p style=\"text-align: justify;\">En cuanto actividades hay bastante variedad, desde una zona de ordenadores para jugar a LoL o a Overwatch, una zona Lego para los peques, otra de Faber Castell para que dibujen, una zona de sables laser con espect\u00e1culo y clases de luchas Jedi, otra de Wrestling con clases de c\u00f3mo caer y los distintos golpes, o una exposici\u00f3n con originales de todos los nominados a mejor obra espa\u00f1ola. Tambi\u00e9n hay un stand de Netflix en el que te puedes hacer un v\u00eddeo superheroico y una foto con los Defensores que queda genial, un stand de la pel\u00edcula de la Liga de la Justicia con calcoman\u00edas de los superh\u00e9roes y juegos de realidad virtual.<\/p>\n<p style=\"text-align: justify;\"><a title=\"P1040927\" href=\"https:\/\/www.flickr.com\/photos\/152844763@N02\/38367485431\/in\/dateposted-public\/\" data-flickr-embed=\"true\"><img loading=\"lazy\" decoding=\"async\" src=\"https:\/\/farm5.staticflickr.com\/4586\/38367485431_ae6b4e79b6_z.jpg\" alt=\"P1040927\" width=\"640\" height=\"360\" \/><\/a><em>Jedis practicando<\/em><\/p>\n<p style=\"text-align: justify;\">Recorrido todo, el dinero empezaba a escurrirse entre los dedos. El tomo de Longshot de Arthur Adams, el ya citado tomo de El Regreso del Se\u00f1or de la noche de Miller, camiseta espectacular de Doctor Who, un par de camisetas a escala para nuestros sobrinos y dos mini paraguas con forma de figura japonesa para nuestras mini sobrinas.<\/p>\n<p style=\"text-align: justify;\"><a title=\"P1040909\" href=\"https:\/\/www.flickr.com\/photos\/152844763@N02\/24496912698\/in\/dateposted-public\/\" data-flickr-embed=\"true\"><img loading=\"lazy\" decoding=\"async\" src=\"https:\/\/farm5.staticflickr.com\/4560\/24496912698_0c51de1ebe_z.jpg\" alt=\"P1040909\" width=\"360\" height=\"640\" \/><\/a><\/p>\n<p style=\"text-align: justify;\">A las 12.30 era la firma de Sienkiewicz, super agradable, hizo foto de la enorme cantidad de gente que est\u00e1bamos all\u00ed y tanto \u00e9l como Paul Gulacy, que firmaba al lado se portaron. Consegu\u00ed mi Elektra Asesina y Batman Black and White firmados, pero es que superaron enormemente los 45 que iban a firmar y firmaron hasta que todo el mundo lo tuvo. En el caso de Sienkiewicz el detalle es a\u00fan mejor porque ven\u00eda directo del aeropuerto, con todo el Jet lag puesto. Dej\u00f3 una impresi\u00f3n inmejorable.<\/p>\n<p style=\"text-align: justify;\"><a title=\"P1040920\" href=\"https:\/\/www.flickr.com\/photos\/152844763@N02\/38367472111\/in\/dateposted-public\/\" data-flickr-embed=\"true\"><img loading=\"lazy\" decoding=\"async\" src=\"https:\/\/farm5.staticflickr.com\/4558\/38367472111_80d1c942f9_z.jpg\" alt=\"P1040920\" width=\"360\" height=\"640\" \/><\/a><\/p>\n<p style=\"text-align: justify;\">Despu\u00e9s de eso paramos por la zona de Food Trucks y la verdad ten\u00eda muy buena pinta. De hecho nos tomamos a media ma\u00f1ana un caf\u00e9 y un crepe de pavo en la \u00abCasa de los mil sabores\u00bb y el caf\u00e9 natural de colombia, buen\u00edsimo, y la crepe reci\u00e9n hecha tambi\u00e9n de esc\u00e1ndalo. Pero hay mucha variedad para elegir japonesa, pizza, hamburguesas, perritos, crepes. De todas formas, lo bueno de que est\u00e9 en el Ifema es que encontrar d\u00f3nde comer bien es f\u00e1cil y nos fuimos a la Canica, que por trabajo ya conoc\u00eda y donde se come muy bien.<\/p>\n<p style=\"text-align: justify;\"><a title=\"P1040818\" href=\"https:\/\/www.flickr.com\/photos\/152844763@N02\/38312497806\/in\/dateposted-public\/\" data-flickr-embed=\"true\"><img loading=\"lazy\" decoding=\"async\" src=\"https:\/\/farm5.staticflickr.com\/4576\/38312497806_94e28e7690_z.jpg\" alt=\"P1040818\" width=\"640\" height=\"360\" \/><\/a><em>Las Food Trucks justo antes de abrir las puertas.<\/em><\/p>\n<p style=\"text-align: justify;\">Ya con las pilas cargadas volvimos para enfrentarnos a la marat\u00f3n de firmas. Lo bueno de que los tickets estuvieran numerados es que el orden en las filas se estableci\u00f3 en seguida. Pero las firmas no tuvieron nada que ver con la ma\u00f1ana.<\/p>\n<p style=\"text-align: justify;\"><a title=\"P1040935\" href=\"https:\/\/www.flickr.com\/photos\/152844763@N02\/38367506941\/in\/dateposted-public\/\" data-flickr-embed=\"true\"><img loading=\"lazy\" decoding=\"async\" src=\"https:\/\/farm5.staticflickr.com\/4568\/38367506941_f22d27aa9c_z.jpg\" alt=\"P1040935\" width=\"640\" height=\"360\" \/><\/a><em>Estupenda charla de Kevin Maguire<\/em><\/p>\n<p style=\"text-align: justify;\">Lo primero fue ir a la charla que dio Kevin Maguire, muy divertida, recordando sus tiempos en la JLA y comentando como suele elegir proyectos divertidos, no dram\u00e1ticos porque no le gustan. O c\u00f3mo reconoce que es demasiado perfeccionista y tarda mucho en estar satisfecho, lo que hace que su producci\u00f3n sea menor. Un tipo encantador, la verdad y con El Torres de moderador, fue una estupenda charla.<\/p>\n<p><a title=\"IMG_20171111_094611\" href=\"https:\/\/www.flickr.com\/photos\/152844763@N02\/38367173801\/in\/dateposted-public\/\" data-flickr-embed=\"true\"><img loading=\"lazy\" decoding=\"async\" src=\"https:\/\/farm5.staticflickr.com\/4553\/38367173801_ebf818c127_z.jpg\" alt=\"IMG_20171111_094611\" width=\"480\" height=\"640\" \/><\/a><em>Uno de los grandes momentos de la JLA<\/em><\/p>\n<h4 style=\"text-align: justify;\">Las Firmas<\/h4>\n<p>&nbsp;<\/p>\n<p style=\"text-align: justify;\"><a title=\"P1040945\" href=\"https:\/\/www.flickr.com\/photos\/152844763@N02\/38367522101\/in\/dateposted-public\/\" data-flickr-embed=\"true\"><img loading=\"lazy\" decoding=\"async\" src=\"https:\/\/farm5.staticflickr.com\/4518\/38367522101_6ed79dd21a_z.jpg\" alt=\"P1040945\" width=\"360\" height=\"640\" \/><\/a><\/p>\n<p style=\"text-align: justify;\">La primera firma era la de Miller y Azzarello. la firma de Miller era bastante peculiar: medidas de seguridad, nada de fotos, revisi\u00f3n de los tickets por si estaban falsificados y solo comics de ECC o de DC americanos.<\/p>\n<p style=\"text-align: justify;\">La mitad de la gente que estaba all\u00ed cargaba con todo el resto de la producci\u00f3n porque no se hab\u00edan enterado. En general la gente en las colas eran (\u00e9ramos) muy enrollados y como firmaba hasta cinco los que ten\u00edamos menos aceptamos que la gente que no hab\u00eda tenido ticket nos dejara sus c\u00f3mics para que los firmara. Muy agradable, nada divo, a pesar de mi ingl\u00e9s macarr\u00f3nico coment\u00f3 las caracter\u00edsticas de la edici\u00f3n que le llev\u00e9 del Regreso del Caballero Oscuro, con el editor (la sobre cubierta lleva impreso a Batman, cuando la quitas, solo queda en la portada el rayo que la surca y le llam\u00f3 la atenci\u00f3n) y me dedic\u00f3 este, que era un sue\u00f1o desde hace d\u00e9cadas, y dos n\u00fameros de La raza superior.<\/p>\n<p style=\"text-align: justify;\">Para mi fue muy bien pero el dedicar tantos c\u00f3mics para cada uno hizo que todo se retrasase y de 45 minutos se fue a una hora y 10 minutos. Ah\u00ed cortaron quedando cerca de veinte personas con ticket sin firmarles. Les dieron tickets para el d\u00eda siguiente y de ah\u00ed que de 45 tickets para el s\u00e1bado solo quedaran 25.<\/p>\n<p style=\"text-align: justify;\">En las siguientes firmas redujeron en todas el n\u00famero de c\u00f3mics a firmar. Adem\u00e1s, un detalle realmente feo que supongo que fue por el retraso de las firmas y se les descontrol\u00f3 todo un poco fue que se iba a sortear entre los que ten\u00edan ticket cinco dibujos pero al final o no los hicieron o solo a los que estaban los primeros.<\/p>\n<p style=\"text-align: justify;\"><a title=\"P1040961\" href=\"https:\/\/www.flickr.com\/photos\/152844763@N02\/38336657732\/in\/dateposted-public\/\" data-flickr-embed=\"true\"><img loading=\"lazy\" decoding=\"async\" src=\"https:\/\/farm5.staticflickr.com\/4576\/38336657732_6f6f50dfdf_z.jpg\" alt=\"P1040961\" width=\"360\" height=\"640\" \/><\/a><\/p>\n<p style=\"text-align: justify;\">De cualquier manera, la firma de Arthur Adams transcurri\u00f3 sin problema aunque hizo dibujos al principio y luego ya no porque volv\u00eda a retrasarse todo pero lo importante es que mi tomo de Longshot tiene una preciosa dedicatoria.<\/p>\n<p style=\"text-align: justify;\"><a title=\"P10409691\" href=\"https:\/\/www.flickr.com\/photos\/152844763@N02\/37653654854\/in\/dateposted-public\/\" data-flickr-embed=\"true\"><img loading=\"lazy\" decoding=\"async\" src=\"https:\/\/farm5.staticflickr.com\/4583\/37653654854_58d058acf8_z.jpg\" alt=\"P10409691\" width=\"640\" height=\"396\" \/><\/a><\/p>\n<p style=\"text-align: justify;\">Despu\u00e9s era la de Kevin Maguire, que no solo me firm\u00f3 el primer n\u00famero de la Liga de la Justicia sino tambi\u00e9n el de \u00abAnteriormente conocidos como&#8230;\u00bb y de paso me llev\u00e9 un par de Prints dedicados espectaculares, como pod\u00e9is ver m\u00e1s abajo.<\/p>\n<p style=\"text-align: justify;\"><a title=\"P1040976\" href=\"https:\/\/www.flickr.com\/photos\/152844763@N02\/37653662654\/in\/dateposted-public\/\" data-flickr-embed=\"true\"><img loading=\"lazy\" decoding=\"async\" src=\"https:\/\/farm5.staticflickr.com\/4551\/37653662654_3343cd97ab_z.jpg\" alt=\"P1040976\" width=\"640\" height=\"360\" \/><\/a><\/p>\n<p style=\"text-align: justify;\">Como coincid\u00eda con la de Phil Gim\u00e9nez pero tambi\u00e9n iba lenta me dio tiempo a llegar y que firmara la JLA contra los Nuevos Titanes.<\/p>\n<p style=\"text-align: justify;\"><a title=\"IMG_20171111_094135\" href=\"https:\/\/www.flickr.com\/photos\/152844763@N02\/37653345064\/in\/dateposted-public\/\" data-flickr-embed=\"true\"><img loading=\"lazy\" decoding=\"async\" src=\"https:\/\/farm5.staticflickr.com\/4555\/37653345064_d8e8c2bc63_z.jpg\" alt=\"IMG_20171111_094135\" width=\"480\" height=\"640\" \/><\/a><em>Un sue\u00f1o hecho realidad<\/em><\/p>\n<p style=\"text-align: justify;\">En general una experiencia fant\u00e1stica y agotadora, pero sobre todo fant\u00e1stica. Tener uno de los tres c\u00f3mics m\u00e1s importantes de la historia y dos de los m\u00e1s grandes del c\u00f3mic americano, firmados por sus autores es una pasada y lo disfrut\u00e9 cada minuto.<\/p>\n<p style=\"text-align: justify;\">Adem\u00e1s, el ambiente es algo sensacional. La solidaridad que mencionaba antes, la gente que habla con otra gente de lo que les gusta, la mezcla de edades que deja de ser importante y lo mismo empiezas a hablar con uno que est\u00e1 en el instituto que con otro que est\u00e1 con su mujer e incluso con los ni\u00f1os.<\/p>\n<p style=\"text-align: justify;\">Otra cosa que me llam\u00f3 la atenci\u00f3n es la simpat\u00eda y cercan\u00eda de los autores y de los editores. Estuve hablando con Francisco Calder\u00f3n, pope de ECC, y encantador, contando c\u00f3mo hab\u00edan conseguido sacar DC adelante en Espa\u00f1a, al d\u00eda siguiente con Juli\u00e1n Clemente, pope de Panini, en la entrega de premios. Pero la mejor experiencia es el trato con los autores que todos con los que trat\u00e9 eran sencillos y accesibles, agradecidos con los que est\u00e1bamos all\u00ed. Es decir, en lugar de que se te caiga un mito sales con una visi\u00f3n a\u00fan mejor que la que ten\u00edas de ellos. No van a dibujar mejor, pero s\u00ed te caen mejor.<\/p>\n<p style=\"text-align: justify;\">Finalizada la marat\u00f3n nos fuimos ya para casa mientras o\u00edamos de gente que se iba a cenar y de ah\u00ed para ponerse en las colas para el d\u00eda siguiente. Creo que se equivocan y me da pena que esto pase. Porque es un Noviembre muy suave pero creo que la organizaci\u00f3n deber\u00eda vender los tickets por internet, como las entradas o alguna otra alternativa que evite esto porque al final no garantiza conseguir el ticket m\u00e1s que llegar media hora antes y es una paliza.<\/p>\n<h3 style=\"text-align: justify;\">Segundo D\u00eda<\/h3>\n<p>&nbsp;<\/p>\n<p><a title=\"vlcsnap-2017-11-12-21h12m10s634\" href=\"https:\/\/www.flickr.com\/photos\/152844763@N02\/24498265058\/in\/dateposted-public\/\" data-flickr-embed=\"true\"><img loading=\"lazy\" decoding=\"async\" src=\"https:\/\/farm5.staticflickr.com\/4538\/24498265058_831ba45de7_z.jpg\" alt=\"vlcsnap-2017-11-12-21h12m10s634\" width=\"640\" height=\"363\" \/><\/a>\u00a0Frank Miller entrevistado por David Macho<\/p>\n<h4 style=\"text-align: justify;\">Miller y amigos<\/h4>\n<p style=\"text-align: justify;\">El s\u00e1bado ten\u00eda claro que ni volv\u00eda a madrugar ni volv\u00eda a hacer cola pero no iba a perderme la charla de Miller. As\u00ed que llegu\u00e9 sobre las cinco y media y la primera en la frente. Fui a cambiar la pulsera para entrar porque me la quit\u00e9 por la noche para dormir y me echaron bronca porque no se quita. Es decir, la idea es que lleves los tres d\u00edas la misma pulsera, cuando duermes, cuando te duchas. Le di la antigua, me dio la nueva y me amenaz\u00f3 que si volv\u00eda a pasar no me la daba. Le dije que qu\u00e9 exagerada y que me la quitar\u00eda igual par dormir. Lo que he hecho pero esta vez no se ha salido del todo. De todas formas, prefiero la acreditaci\u00f3n cl\u00e1sica con su tarjetita y su plastiquito.<\/p>\n<p><a title=\"vlcsnap-2017-11-12-21h12m48s725\" href=\"https:\/\/www.flickr.com\/photos\/152844763@N02\/38368919551\/in\/dateposted-public\/\" data-flickr-embed=\"true\"><img loading=\"lazy\" decoding=\"async\" src=\"https:\/\/farm5.staticflickr.com\/4570\/38368919551_bf219bbf1d_z.jpg\" alt=\"vlcsnap-2017-11-12-21h12m48s725\" width=\"640\" height=\"363\" \/><\/a><em>Se unieron Bill Sienkiewicz y Brian Azzarello<\/em><\/p>\n<p style=\"text-align: justify;\">En fin, de ah\u00ed fui a la charla. Como pod\u00e9is imaginar el auditorio abarrotado, menos mal que es enorme. Primero David Macho entrevist\u00f3 a Miller y a los pocos minutos se unieron Bill Sienkiewicz y Brian Azzarello. Huelga decir que las ovaciones cerradas fueron impresionantes con todo el mundo en pie cuando lleg\u00f3 Miller y cuando se incorporaron los otros autores. De todas formas, no me extiendo que me est\u00e1 quedando muy largo. Grab\u00e9 la charla \u00edntegra a pulso, eso s\u00ed, as\u00ed que la calidad no es la ideal, adem\u00e1s del eco del auditorio. A\u00fan as\u00ed la imagen es Full HD y el sonido es bastante limpio.<\/p>\n<h4 style=\"text-align: justify;\">Premios Carlos Gim\u00e9nez 2017<\/h4>\n<p>&nbsp;<\/p>\n<p style=\"text-align: justify;\"><a title=\"IMG_20171111_195104\" href=\"https:\/\/www.flickr.com\/photos\/152844763@N02\/38312407116\/in\/dateposted-public\/\" data-flickr-embed=\"true\"><img loading=\"lazy\" decoding=\"async\" src=\"https:\/\/farm5.staticflickr.com\/4515\/38312407116_f033702716_z.jpg\" alt=\"IMG_20171111_195104\" width=\"640\" height=\"480\" \/><\/a><br \/>\n<em>Momento hist\u00f3rico: Frank Miller y Carlos Gim\u00e9nez<\/em><\/p>\n<p style=\"text-align: justify;\">Terminada la charla y m\u00e1s que feliz, llegu\u00e9 a tiempo a los premios Carlos Gim\u00e9nez. Por cierto, el galard\u00f3n es precioso. En general coincido con los premios, la verdad:<\/p>\n<p style=\"text-align: justify;\">Mejor Fanzine: La M\u00e1quina de alb\u00f3ndigas<br \/>\nMejor Webc\u00f3mic: Universe!<br \/>\nMejor Autor Revelaci\u00f3n: Nuria Tamarit, por<a href=\"http:\/\/zonadelta.net\/atreides\/?p=2158\" target=\"_blank\" rel=\"noopener\"> Avery\u00b4s Blues<\/a><br \/>\nPeculiar dibujo pero muy interesante.<br \/>\nMejor Rotulista: Juan Torres<br \/>\nMejor Traductor: Marc Bernab\u00e9<br \/>\n<a title=\"avery-000\" href=\"https:\/\/www.flickr.com\/photos\/152844763@N02\/37424139902\/in\/dateposted-public\/\" data-flickr-embed=\"true\"><img loading=\"lazy\" decoding=\"async\" class=\"\" src=\"https:\/\/farm5.staticflickr.com\/4482\/37424139902_af880a5b76_z.jpg\" alt=\"avery-000\" width=\"408\" height=\"570\" \/><\/a><br \/>\n<em>Portada de Avery&#8217;s Blues<\/em><\/p>\n<p style=\"text-align: justify;\">Mejor Portada de autor\/a: <a href=\"http:\/\/zonadelta.net\/atreides\/?p=2158\" target=\"_blank\" rel=\"noopener\">Avery\u00b4s Blues<\/a>, de Nuria Tamarit<br \/>\nMejor Colorista: Jos\u00e9 Villarrubia<br \/>\nMejor Entintador: Jes\u00fas Merino<br \/>\nMejor Dibujante Nacional: Gabriel Hern\u00e1ndez Walta<br \/>\nMerecid\u00edsimo, su dibujo de la Vision es genial<br \/>\nMejor Guionista Nacional: El Torres<br \/>\nUn gran guionista, tanto por \u00abEl tiempo es el que es\u00bb como hace unos a\u00f1os por \u00abEl fantasma de Gaud\u00ed\u00bb.<br \/>\n<a title=\"P1050028\" href=\"https:\/\/www.flickr.com\/photos\/152844763@N02\/37653773754\/in\/dateposted-public\/\" data-flickr-embed=\"true\"><img loading=\"lazy\" decoding=\"async\" src=\"https:\/\/farm5.staticflickr.com\/4544\/37653773754_b9b38ebe0c_z.jpg\" alt=\"P1050028\" width=\"640\" height=\"360\" \/><\/a><em>Parte de la exposici\u00f3n\u00a0dedicada a Jam\u00e1s tendr\u00e9 20 a\u00f1os<\/em><\/p>\n<p style=\"text-align: justify;\">Mejor Obra Espa\u00f1ola del A\u00f1o: <a href=\"http:\/\/zonadelta.net\/atreides\/?p=2173\" target=\"_blank\" rel=\"noopener\">Jam\u00e1s tendr\u00e9 20 a\u00f1os<\/a><br \/>\nMejor Dibujante Internacional: Sean Murphy<br \/>\nMejor Guionista Internacional: Tom King<br \/>\nTen\u00eda competidores de talla pero tanto su batman como su Vision hacen que el premio lo merezca.<br \/>\nMejor Obra Internacional del A\u00f1o: La Visi\u00f3n<br \/>\nGran c\u00f3mic, una Visi\u00f3n muy especial y un planteamiento realmente interesante. En breve rese\u00f1a.<br \/>\nMejor Alb\u00fam Ilustrado: Cinco relatos apasionados, de Sergio Bleda Villada<br \/>\nBuen dibujante, La in\u00e9s del Baile del Vampiro que me dibuj\u00f3 es uno de mis tesoros favoritos.<br \/>\nMejor Librer\u00eda especializada en C\u00f3mic: Delirio Comics M\u00f3stoles<br \/>\nMejor Medio especializado en C\u00f3mic de Habla Hispana: Es la hora de las tortas!!!<\/p>\n<p style=\"text-align: justify;\">Aunque el mejor momento, sin duda, fue la entrega del premio Jes\u00fas Blasco\u00a0 a toda una carrera para Carlos Gim\u00e9nez y para Frank Miller entregado por Carlos Gim\u00e9nez. Ambos juntos recogiendo el premio, una foto para la historia. Ten\u00e9is el v\u00eddeo abajo.<\/p>\n<p style=\"text-align: justify;\"><iframe loading=\"lazy\" src=\"https:\/\/www.youtube.com\/embed\/aUV6pmTRhQo\" width=\"560\" height=\"315\" frameborder=\"0\" allowfullscreen=\"allowfullscreen\"><\/iframe><\/p>\n<h3 style=\"text-align: justify;\">Corto Malt\u00e9s<\/h3>\n<p>&nbsp;<\/p>\n<p style=\"text-align: justify;\"><a title=\"IMG_20171111_200856\" href=\"https:\/\/www.flickr.com\/photos\/152844763@N02\/26591768809\/in\/dateposted-public\/\" data-flickr-embed=\"true\"><img loading=\"lazy\" decoding=\"async\" src=\"https:\/\/farm5.staticflickr.com\/4561\/26591768809_4afd30ba7b_z.jpg\" alt=\"IMG_20171111_200856\" width=\"640\" height=\"480\" \/><\/a><em>Rub\u00e9n Pellejero y D\u00edaz-Canales en el stand de Norma<\/em><\/p>\n<p style=\"text-align: justify;\">Ya de ah\u00ed me di una vuelta cuando me di cuenta que Rub\u00e9n Pellejero estaba firmando en el stand de norma y apenas ten\u00eda un par de personas delante. Es un grand\u00edsimo dibujante y llevaba leyendo cosas suyas toda la vida: Dieter Lumpen, El silencio de Malka, Aromm, pero ni me lo hab\u00eda planteado porque pens\u00e9 que las colas ser\u00edan enormes y \u00b4prioric\u00e9 por los autores americanos que ser\u00eda dif\u00edcil tener otra oportunidad. Pero ah\u00ed estaba \u00e9l que encima se dedican a uno de mis personajes favoritos, Corto Malt\u00e9s, as\u00ed que cog\u00ed el primer \u00e1lbum en el stand, Bajo el sol de media noche y me puse a la cola., Fue muy amable porque ya eran m\u00e1s de las ocho tendr\u00eda que haber terminado su sesi\u00f3n de firmas y no solo me lo firm\u00f3 sino que hizo un dibujo precioso de Corto Malt\u00e9s. Adem\u00e1s estaba en el Stand Juan D\u00edaz Canales, el guionista, plenamente consagrado por Blacksad.<\/p>\n<p style=\"text-align: justify;\"><a title=\"IMG_20171111_202022\" href=\"https:\/\/www.flickr.com\/photos\/152844763@N02\/26591769019\/in\/dateposted-public\/\" data-flickr-embed=\"true\"><img loading=\"lazy\" decoding=\"async\" src=\"https:\/\/farm5.staticflickr.com\/4568\/26591769019_460e147c2c_z.jpg\" alt=\"IMG_20171111_202022\" width=\"640\" height=\"480\" \/><\/a><em>Espectacular dibujo de Pellejero<\/em><\/p>\n<p style=\"text-align: justify;\">Con ese \u00e1lbum en la mano, me dirig\u00eda a la salida cuando me qued\u00e9 un rato charlando con Juanjo, otro coleccionista y mientras estaba me encontr\u00e9 un compa\u00f1ero del instituto al que no ve\u00eda desde hac\u00eda bastante m\u00e1s de una d\u00e9cada.<\/p>\n<h3 style=\"text-align: justify;\">Tercer D\u00eda<\/h3>\n<p>&nbsp;<\/p>\n<p style=\"text-align: justify;\"><a title=\"P1050014\" href=\"https:\/\/www.flickr.com\/photos\/152844763@N02\/26592090219\/in\/dateposted-public\/\" data-flickr-embed=\"true\"><img loading=\"lazy\" decoding=\"async\" src=\"https:\/\/farm5.staticflickr.com\/4567\/26592090219_297d588d91_z.jpg\" alt=\"P1050014\" width=\"640\" height=\"360\" \/><\/a><em>La preciosa y magn\u00edfica actriz<\/em><\/p>\n<h4 style=\"text-align: justify;\">Jenna Coleman<\/h4>\n<p style=\"text-align: justify;\">Hoy domingo, \u00faltimo d\u00eda de la Heroes Comic Con hemos ido a las dos de la tarde con un objetivo, la charla que iba a dar en el escenario principal Jenna Coleman. A las dos y cuarto, puntualmente ha aparecido y ha estado en al entrevista primero de la presentadora y despu\u00e9s del p\u00fablico con mucha simpat\u00eda y con muchos momentos divertidos. Lo que habr\u00eda que cuidar un poco es la informaci\u00f3n con la que cuenta la presentadora cuando le ha preguntado qu\u00e9 se sent\u00eda al ganar el Bafta por Doctor Who o por Victoria. Ella ha dicho que no recordaba haberlo ganado, pero que iba a hacer como que s\u00ed, y que era una sensaci\u00f3n maravillosa. Ha contado que le parece genial la nueva Doctora y que est\u00e1 deseando ver lo que va a aportar a Doctor Who. Tambi\u00e9n dijo que su alien favoritos era Starax y su enemigo favorito The whisper men (Los susurradores) y precisamente su cap\u00edtulo favorito cre\u00ed entender que era El nombre del Doctor, d\u00f3nde aparecen. Un encanto y guap\u00edsima.<\/p>\n<p style=\"text-align: justify;\">A partir de ah\u00ed a comer a La Canica y de vuelta a dar un paseo por la Comic Con, que estaba hasta arriba. Encontramos una taza de desayuno de Doctor Who y en Generaci\u00f3n X le pude comprar a mi hermano \u00abJam\u00e1s tendr\u00e9 20 a\u00f1os\u00bb, merecido ganador del premio a mejor obra nacional.<\/p>\n<h4 style=\"text-align: justify;\">Lena Headey<\/h4>\n<p style=\"text-align: justify;\">Estuvimos haciendo tiempo hasta que empezara la charla de Lena Headey a las 17.00 pero cuando llegamos y vimos que no aparec\u00eda nadie preguntamos al staff y resulta que, como les hab\u00edan fallado los que ten\u00edan que salir antes que ella, adelantaron una hora su charla. Creo que es un error de bulto con una de las explicaciones m\u00e1s est\u00fapidas que me han dado.<\/p>\n<p style=\"text-align: justify;\">A ver, creo que no pasar\u00e1 nada si resulta que el escenario principal se queda una hora vac\u00eda pero s\u00ed que pasa que la gente que va a ver a la actriz se entere de que se lo han adelantado y se ha quedado sin verla.<\/p>\n<p style=\"text-align: justify;\">Despu\u00e9s de eso ya emprendimos la marcha a casa con el pensamiento de que hab\u00eda estado muy bien pero que tienen cosas por mejorar.<\/p>\n<p style=\"text-align: justify;\"><a title=\"P1040869\" href=\"https:\/\/www.flickr.com\/photos\/152844763@N02\/38312588486\/in\/dateposted-public\/\" data-flickr-embed=\"true\"><img loading=\"lazy\" decoding=\"async\" src=\"https:\/\/farm5.staticflickr.com\/4570\/38312588486_c2f9746cf8_z.jpg\" alt=\"P1040869\" width=\"360\" height=\"640\" \/><\/a><script async src=\"\/\/embedr.flickr.com\/assets\/client-code.js\" charset=\"utf-8\"><\/script><\/p>\n<p style=\"text-align: justify;\">Tambi\u00e9n estaba el concurso de Cosplay pero, con todo el respeto a los ganadores, el Cosplay que m\u00e1s nos gust\u00f3 fue de una chica que iba de Gwenom y que luego me enter\u00e9 que es <a href=\"https:\/\/twitter.com\/ggelance\" target=\"_blank\" rel=\"noopener\">Gin<\/a>. Un trabajo realmente fant\u00e1stico.<\/p>\n<p style=\"text-align: justify;\">La experiencia ha sido sensacional, he disfrutado una barbaridad y creo que han hecho un trabajo espectacular mejorando exponencialmente las de los \u00faltimos a\u00f1os.<\/p>\n<h4 style=\"text-align: justify;\">Sugerencias de mejoras<\/h4>\n<p style=\"text-align: justify;\">A\u00fan as\u00ed, como nada es perfecto y menos en el primer intento, se me ocurren algunas sugerencias:<\/p>\n<p style=\"text-align: justify;\">Las exposiciones. Se han descuidado mucho dejando solo una y de milagro porque ni siquiera estaba anunciada en la web.<br \/>\nAl hilo de esto era de justicia y sin embargo no lo han dejado pasar: \u00bfC\u00f3mo no han hecho un homenaje a Alfonso Azpiri? Madrile\u00f1o, uno de los grandes maestros y ni menci\u00f3n siquiera. Con la buena idea que han sido los premios con el nombre de Carlos Gim\u00e9nez y sin embargo ni menci\u00f3n a Azpiri. Se pod\u00eda haber hecho una exposici\u00f3n y en los premios un recordatorio.<br \/>\nLa ausencia de autores europeos. Espero que para otros a\u00f1os tambi\u00e9n traigan y a ser posible del nivel de los que han tra\u00eddo americanos.<br \/>\nM\u00e1s autores espa\u00f1oles. Tenemos una nueva generaci\u00f3n que junto a la anterior est\u00e1n trabajando para las Majors americanas y para las editoriales francesas e italianas. Estar\u00eda muy bien verlos y tener a gente como Pepe Larraz, Carlos Pacheco, Larroca, Walta, David Aja, Guarnido, etc\u00e9tera.<br \/>\nMejor organizaci\u00f3n de las colas. Es tercermundista colas de madrugada para conseguir un aut\u00f3grafo y por la salud de su p\u00fablico y un mejor ambiente ser\u00eda bueno tener esto resuelto sin problemas como el de esta primera edici\u00f3n.<br \/>\nLas editoriales. Espero que haya funcionado y Panini, Aleta, Ediciones B y Dibbuks est\u00e9n tambi\u00e9n el a\u00f1o que viene. Juli\u00e1n Clemente estaba as\u00ed que a ver si le ha convencido y van el a\u00f1o que viene.<br \/>\nNo se puede adelantar la presentaci\u00f3n de una de las estrellas de la Comic Con. Se puede retrasar porque quienes quieran verla ya est\u00e1n ah\u00ed, pero no se puede adelantar y, sobre todo, sin avisarlo. Est\u00e1bamos al lado charlando tranquilamente y no nos hemos enterado.<br \/>\nEl suelo deber\u00eda estar enmoquetado. Es una tonter\u00eda, vale, pero queda cutre y no ver\u00e1s un evento m\u00ednimamente digno que no cubra el suelo de cemento de loy tela asf\u00e1ltica de los pabellones.<br \/>\nLas pulseritas. Simplemente haced m\u00e1s no se puede pretender tener la misma pulsera puesta los tres d\u00edas.<\/p>\n<p style=\"text-align: justify;\"><a title=\"IMG_20171111_094542\" href=\"https:\/\/www.flickr.com\/photos\/152844763@N02\/38312387906\/in\/dateposted-public\/\" data-flickr-embed=\"true\"><img loading=\"lazy\" decoding=\"async\" src=\"https:\/\/farm5.staticflickr.com\/4541\/38312387906_a900562ebb_z.jpg\" alt=\"IMG_20171111_094542\" width=\"480\" height=\"640\" \/><\/a><em>El otro print que me dedic\u00f3 Kevin Maguire<\/em><\/p>\n<h4 style=\"text-align: justify;\">Conclusiones<\/h4>\n<p style=\"text-align: justify;\">Son peque\u00f1os detalles que se pueden mejorar, pero en mi opini\u00f3n es un gran primer paso: unos invitados incre\u00edbles, mucha variedad, en general el staff muy amable y educado y un ambientazo extraordinario. Creo que por fin se puede decir que el evento especializado en c\u00f3mics de madrid va por buen camino. Espero que los n\u00fameros sean buenos porque conf\u00edo en que el a\u00f1o que viene sea a\u00fan mejor. Con un nivel as\u00ed creo que se convierte en un imprescindible, a lo mejor no a la altura del de Barcelona, pero s\u00ed le ha recortado un enorme trecho en su primera aparici\u00f3n. Deseando estoy que llegue la pr\u00f3xima Heroes Comic Con.<\/p>\n<p style=\"text-align: justify;\">Saludos fremen.<\/p>\n","protected":false},"excerpt":{"rendered":"<p>Hac\u00eda muchos a\u00f1os que no iba a un sal\u00f3n del c\u00f3mic con tantas ganas y las expectativas tan altas. Llevo asistiendo a la Expoc\u00f3mic de Madrid desde que se inaugur\u00f3 sin haber faltado ni un a\u00f1o aunque pod\u00e9is ver reflejada mi opini\u00f3n de las de 2014, 2015 y 2016 en el blog. Ya os adelanto &hellip; <a href=\"http:\/\/zonadelta.net\/atreides\/?p=2239\" class=\"more-link\">Sigue leyendo <span class=\"screen-reader-text\">Cr\u00f3nica de la Heroes Comic Con Madrid 2017<\/span><\/a><\/p>\n","protected":false},"author":2,"featured_media":0,"comment_status":"open","ping_status":"open","sticky":false,"template":"","format":"standard","meta":{"iawp_total_views":12,"footnotes":""},"categories":[10,7,92,8],"tags":[445,566,156,1518,474,1519,1523,1520,1522,1464,1521],"class_list":["post-2239","post","type-post","status-publish","format-standard","hentry","category-comic","category-series-2","category-superheroes","category-videojuegos","tag-batman","tag-corto-maltes","tag-frank-miller","tag-heroes-comic-con","tag-ifema","tag-jenna-coleman","tag-jla","tag-lena-headey","tag-pellejero","tag-premios-carlos-gimenez","tag-sienkiewicz"],"_links":{"self":[{"href":"http:\/\/zonadelta.net\/atreides\/index.php?rest_route=\/wp\/v2\/posts\/2239","targetHints":{"allow":["GET"]}}],"collection":[{"href":"http:\/\/zonadelta.net\/atreides\/index.php?rest_route=\/wp\/v2\/posts"}],"about":[{"href":"http:\/\/zonadelta.net\/atreides\/index.php?rest_route=\/wp\/v2\/types\/post"}],"author":[{"embeddable":true,"href":"http:\/\/zonadelta.net\/atreides\/index.php?rest_route=\/wp\/v2\/users\/2"}],"replies":[{"embeddable":true,"href":"http:\/\/zonadelta.net\/atreides\/index.php?rest_route=%2Fwp%2Fv2%2Fcomments&post=2239"}],"version-history":[{"count":10,"href":"http:\/\/zonadelta.net\/atreides\/index.php?rest_route=\/wp\/v2\/posts\/2239\/revisions"}],"predecessor-version":[{"id":2249,"href":"http:\/\/zonadelta.net\/atreides\/index.php?rest_route=\/wp\/v2\/posts\/2239\/revisions\/2249"}],"wp:attachment":[{"href":"http:\/\/zonadelta.net\/atreides\/index.php?rest_route=%2Fwp%2Fv2%2Fmedia&parent=2239"}],"wp:term":[{"taxonomy":"category","embeddable":true,"href":"http:\/\/zonadelta.net\/atreides\/index.php?rest_route=%2Fwp%2Fv2%2Fcategories&post=2239"},{"taxonomy":"post_tag","embeddable":true,"href":"http:\/\/zonadelta.net\/atreides\/index.php?rest_route=%2Fwp%2Fv2%2Ftags&post=2239"}],"curies":[{"name":"wp","href":"https:\/\/api.w.org\/{rel}","templated":true}]}}