{"id":2236,"date":"2017-11-07T00:33:28","date_gmt":"2017-11-06T23:33:28","guid":{"rendered":"http:\/\/zonadelta.net\/atreides\/?p=2236"},"modified":"2017-11-07T00:33:28","modified_gmt":"2017-11-06T23:33:28","slug":"premios-carlos-gimenez-2017-gran-hotel-abismo","status":"publish","type":"post","link":"http:\/\/zonadelta.net\/atreides\/?p=2236","title":{"rendered":"Premios Carlos Gim\u00e9nez 2017:  Gran Hotel Abismo"},"content":{"rendered":"<p style=\"text-align: justify;\"><a title=\"Gran Hotel Abismo 000\" href=\"https:\/\/www.flickr.com\/photos\/152844763@N02\/38226177151\/in\/dateposted-public\/\" data-flickr-embed=\"true\"><img loading=\"lazy\" decoding=\"async\" src=\"https:\/\/farm5.staticflickr.com\/4445\/38226177151_5799e21277_z.jpg\" alt=\"Gran Hotel Abismo 000\" width=\"640\" height=\"453\" \/><\/a><\/p>\n<p style=\"text-align: justify;\">Al contrario que los anteriores \u00e1lbumes nominados comentados en estos especiales, la historia no transcurre en el pasado sino que nos encontramos ante una obra de ciencia ficci\u00f3n, versi\u00f3n distop\u00eda y como la buena ciencia ficci\u00f3n, cuenta una historia del futuro que podr\u00eda ser una historia del presente. O no, porque en mi opini\u00f3n peca de ingenuidad, pero qui\u00e9n sabe.<!--more--><\/p>\n<p style=\"text-align: justify;\"><a title=\"Gran Hotel Abismo 018\" href=\"https:\/\/www.flickr.com\/photos\/152844763@N02\/38170750596\/in\/dateposted-public\/\" data-flickr-embed=\"true\"><img loading=\"lazy\" decoding=\"async\" src=\"https:\/\/farm5.staticflickr.com\/4462\/38170750596_e0fde7d8a2_z.jpg\" alt=\"Gran Hotel Abismo 018\" width=\"640\" height=\"453\" \/><\/a><\/p>\n<p style=\"text-align: justify;\">Hablamos de un futuro hipot\u00e9tico en el que hay una gran cantidad de corrupci\u00f3n y en una de las m\u00faltiples manifestaciones aparece un hombre, \u00abEl animador\u00bb que se enfrenta a las fuerzas del estado y consigue derrotarlos, convirti\u00e9ndose en un demiurgo de la revoluci\u00f3n, el inspirador de mucha gente desencantada, oprimida y enfadada.<\/p>\n<p style=\"text-align: justify;\"><a title=\"Gran Hotel Abismo 007\" href=\"https:\/\/www.flickr.com\/photos\/152844763@N02\/26449991519\/in\/dateposted-public\/\" data-flickr-embed=\"true\"><img loading=\"lazy\" decoding=\"async\" src=\"https:\/\/farm5.staticflickr.com\/4465\/26449991519_b15ba4a20f_z.jpg\" alt=\"Gran Hotel Abismo 007\" width=\"640\" height=\"453\" \/><\/a><\/p>\n<p style=\"text-align: justify;\">Est\u00e1 muy bien que est\u00e9 en los premios Carlos Gim\u00e9nez porque precisamente viene Frank Miller a la Heroes Comic Con y de Miller, concretamente del Regreso del caballero oscuro, coge el recurso de utilizar las televisiones para dart contexto. Lo original del asunto es que se basa en buena medida en casos actuales ligeramente retocados. Con el mismo objetivo y para ver c\u00f3mo cala el Animador, se utilizan tweets.<\/p>\n<p style=\"text-align: justify;\"><a title=\"Gran Hotel Abismo 042\" href=\"https:\/\/www.flickr.com\/photos\/152844763@N02\/38170750646\/in\/dateposted-public\/\" data-flickr-embed=\"true\"><img loading=\"lazy\" decoding=\"async\" src=\"https:\/\/farm5.staticflickr.com\/4509\/38170750646_d4829de0ff_z.jpg\" alt=\"Gran Hotel Abismo 042\" width=\"640\" height=\"453\" \/><\/a><\/p>\n<p style=\"text-align: justify;\">Tambi\u00e9n tiene una parte que recuerda a V de Vendetta. Aparece el cristo de Mantegna, se menciona a Lubitsch y hay una versi\u00f3n muy escatol\u00f3gica de La rendici\u00f3n de Breda de Vel\u00e1zquez. En el c\u00f3mic hay diversos homenajes a Mickey Mouse, al Eternauta que est\u00e1 visitando la \u00e9poca en que esto pasa, a Francisco Marhuenda haciendo de \u00e9l mismo.<\/p>\n<p style=\"text-align: justify;\"><a title=\"Gran Hotel Abismo 082\" href=\"https:\/\/www.flickr.com\/photos\/152844763@N02\/26449992219\/in\/dateposted-public\/\" data-flickr-embed=\"true\"><img loading=\"lazy\" decoding=\"async\" src=\"https:\/\/farm5.staticflickr.com\/4586\/26449992219_ebfc0ba8df_z.jpg\" alt=\"Gran Hotel Abismo 082\" width=\"640\" height=\"453\" \/><\/a><\/p>\n<p style=\"text-align: justify;\">El c\u00f3mic con dibujo de David Rub\u00edn (Beowulf), autor consagrado con varios \u00e1lbumes y premios a sus espaldas, y gui\u00f3n de Marcos Prior (Necr\u00f3polis) a pesar de tener esa enorme cantidad de referencias funciona muy bien aunque no se reconociera ninguna. Es m\u00e1s importante c\u00f3mo se va transformando la sociedad por la acci\u00f3n de ese Animador que prende la chispa que la historia del mismo Animador y por medio de esa variedad de recursos y de otros m\u00e1s como bastantes personajes, webs y art\u00edculos de la wikipedia, van creando una imagen de la sociedad de ese futuro que no hay que fijarse demasiado para ver que es una visi\u00f3n apenas distorsionada de la nuestra aunque sin las reacciones ni las consecuencias del c\u00f3mic, para bien y para mal.<\/p>\n<p style=\"text-align: justify;\">Dec\u00eda que peca de ingenuidad porque me resulta dif\u00edcil de creer el final del c\u00f3mic al extrapolar una historia con la nuestra y ver que se encajan las mayores barbaridades con un pesta\u00f1eo.<\/p>\n<p style=\"text-align: justify;\">En cuanto al dibujo es bueno, no me entusiasma pero es detallado y cuenta la historia con una gran cantidad de recursos que, aunque sean conocidos, funcionan muy bien para contar la historia de forma comprensible y eficaz. El color destaca enormemente en la obra con colores muy saturados, casi de los c\u00f3mics Marvel de los 90, para transmitir la \u00e9poca digital de la que se est\u00e1 hablando.<\/p>\n<p style=\"text-align: justify;\">En definitiva, un buen c\u00f3mic que invita a reflexionar y, aunque la historia no sea la m\u00e1s original, refleja c\u00f3mo podr\u00eda ser la nuestra y est\u00e1 muy bien contado. Buena ciencia ficci\u00f3n.<\/p>\n<p style=\"text-align: justify;\">Saludos fremen.<\/p>\n","protected":false},"excerpt":{"rendered":"<p>Al contrario que los anteriores \u00e1lbumes nominados comentados en estos especiales, la historia no transcurre en el pasado sino que nos encontramos ante una obra de ciencia ficci\u00f3n, versi\u00f3n distop\u00eda y como la buena ciencia ficci\u00f3n, cuenta una historia del futuro que podr\u00eda ser una historia del presente. O no, porque en mi opini\u00f3n peca &hellip; <a href=\"http:\/\/zonadelta.net\/atreides\/?p=2236\" class=\"more-link\">Sigue leyendo <span class=\"screen-reader-text\">Premios Carlos Gim\u00e9nez 2017:  Gran Hotel Abismo<\/span><\/a><\/p>\n","protected":false},"author":2,"featured_media":0,"comment_status":"open","ping_status":"open","sticky":false,"template":"","format":"standard","meta":{"iawp_total_views":3,"footnotes":""},"categories":[88,48,10,763],"tags":[1515,1240,1517,1516,1464],"class_list":["post-2236","post","type-post","status-publish","format-standard","hentry","category-accion","category-ciencia-ficcion-2","category-comic","category-drama","tag-david-rubin","tag-distopia","tag-el-animador","tag-marcos-prior","tag-premios-carlos-gimenez"],"_links":{"self":[{"href":"http:\/\/zonadelta.net\/atreides\/index.php?rest_route=\/wp\/v2\/posts\/2236","targetHints":{"allow":["GET"]}}],"collection":[{"href":"http:\/\/zonadelta.net\/atreides\/index.php?rest_route=\/wp\/v2\/posts"}],"about":[{"href":"http:\/\/zonadelta.net\/atreides\/index.php?rest_route=\/wp\/v2\/types\/post"}],"author":[{"embeddable":true,"href":"http:\/\/zonadelta.net\/atreides\/index.php?rest_route=\/wp\/v2\/users\/2"}],"replies":[{"embeddable":true,"href":"http:\/\/zonadelta.net\/atreides\/index.php?rest_route=%2Fwp%2Fv2%2Fcomments&post=2236"}],"version-history":[{"count":1,"href":"http:\/\/zonadelta.net\/atreides\/index.php?rest_route=\/wp\/v2\/posts\/2236\/revisions"}],"predecessor-version":[{"id":2237,"href":"http:\/\/zonadelta.net\/atreides\/index.php?rest_route=\/wp\/v2\/posts\/2236\/revisions\/2237"}],"wp:attachment":[{"href":"http:\/\/zonadelta.net\/atreides\/index.php?rest_route=%2Fwp%2Fv2%2Fmedia&parent=2236"}],"wp:term":[{"taxonomy":"category","embeddable":true,"href":"http:\/\/zonadelta.net\/atreides\/index.php?rest_route=%2Fwp%2Fv2%2Fcategories&post=2236"},{"taxonomy":"post_tag","embeddable":true,"href":"http:\/\/zonadelta.net\/atreides\/index.php?rest_route=%2Fwp%2Fv2%2Ftags&post=2236"}],"curies":[{"name":"wp","href":"https:\/\/api.w.org\/{rel}","templated":true}]}}