{"id":2173,"date":"2017-10-06T10:45:44","date_gmt":"2017-10-06T09:45:44","guid":{"rendered":"http:\/\/zonadelta.net\/atreides\/?p=2173"},"modified":"2017-10-06T10:55:07","modified_gmt":"2017-10-06T09:55:07","slug":"premios-carlos-gimenez-2017-jamas-tendre-20-anos","status":"publish","type":"post","link":"http:\/\/zonadelta.net\/atreides\/?p=2173","title":{"rendered":"Premios Carlos Gim\u00e9nez 2017: Jam\u00e1s tendr\u00e9 20 a\u00f1os"},"content":{"rendered":"<p><a title=\"jamas-001\" href=\"https:\/\/www.flickr.com\/photos\/152844763@N02\/37480361236\/in\/dateposted-public\/\" data-flickr-embed=\"true\"><img loading=\"lazy\" decoding=\"async\" class=\"\" src=\"https:\/\/farm5.staticflickr.com\/4443\/37480361236_463a33b659_z.jpg\" alt=\"jamas-001\" width=\"690\" height=\"919\" \/><\/a><\/p>\n<p style=\"text-align: justify;\">Nuestra guerra civil tuvo una sola visi\u00f3n durante los 40 a\u00f1os del franquismo. Cuando lleg\u00f3 la democracia se quiso dar testimonio de qu\u00e9 m\u00e1s hab\u00eda pasado y durante los siguientes 40 a\u00f1os la profusi\u00f3n de historias sobre la guerra civil ha sido inmensa y en todos los \u00e1mbitos. Aunque hay aut\u00e9nticas maravillas reconozco que es un tema que me cansa y cuando vi que el \u00e1lbum de Jaime Mart\u00edn estaba ambientado en esa \u00e9poca y la posterior me echaba un poco para atr\u00e1s. Menos\u00a0 mal que segu\u00ed adelante.<!--more--><\/p>\n<p><a title=\"jamas-008\" href=\"https:\/\/www.flickr.com\/photos\/152844763@N02\/37497181252\/in\/dateposted-public\/\" data-flickr-embed=\"true\"><img loading=\"lazy\" decoding=\"async\" class=\"\" src=\"https:\/\/farm5.staticflickr.com\/4464\/37497181252_ce952ae686_z.jpg\" alt=\"jamas-008\" width=\"543\" height=\"759\" \/><\/a><em>El tiempo no lo cura todo<\/em><\/p>\n<p style=\"text-align: justify;\">Tambi\u00e9n me descolocaba porque no le\u00eda nada suyo desde El V\u00edbora donde firm\u00f3 historias tan extraordinarias y a la vez tan urbanas como Sangre de Barrio o Los primos del Parque. Pero el caso es que esa portada con los colores de la CNT y la protagonista con el pu\u00f1o en alto el gorro del sindicato anarquista y la rosa prendida me llam\u00f3 mucho la atenci\u00f3n lo suficiente para arriesgarme a probar.<\/p>\n<p><a title=\"jamas-070\" href=\"https:\/\/www.flickr.com\/photos\/152844763@N02\/37269992640\/in\/dateposted-public\/\" data-flickr-embed=\"true\"><img loading=\"lazy\" decoding=\"async\" class=\"\" src=\"https:\/\/farm5.staticflickr.com\/4493\/37269992640_f69d1876fb_z.jpg\" alt=\"jamas-070\" width=\"671\" height=\"938\" \/><\/a><em>La terrible situaci\u00f3n obligaba a ser creativos<\/em><\/p>\n<p style=\"text-align: justify;\">El c\u00f3mic es un c\u00f3mic ambientado en esa esa \u00e9poca pero tiene algo que engancha desde el primer momento, destila humanidad y verdad por los cuatro costados. No es un c\u00f3mic de la guerra civil al uso como podr\u00edan ser \u00abR\u00edo Manzanares\u00bb o \u00abGorka Gudari\u00bb, de Antonio Hern\u00e1ndez Palacios, sino que es m\u00e1s bien la historia de Isabel y Jaime, dos personas que viv\u00edan en Espa\u00f1a en 1932 y c\u00f3mo los tremendos acontecimientos que se dan en el 36 les afectan, cambi\u00e1ndoles la vida, pero tambi\u00e9n es una historia de adaptaci\u00f3n y superaci\u00f3n, de p\u00e9rdida pero tambi\u00e9n de alegr\u00edas y de esfuerzo.<\/p>\n<p style=\"text-align: justify;\">Los personajes, cuenta luego Jaime Mart\u00edn, est\u00e1n basados en sus abuelos y quiz\u00e1 sea por eso por lo que las historias se sienten tan reales, por los detalles cotidianos, las peque\u00f1as cosas y las no tan peque\u00f1as, que son las que conforman la historia de su vida.<\/p>\n<p style=\"text-align: justify;\">Est\u00e1 contada de forma muy interesante y al empatizar tan r\u00e1pido con los personajes conforme avanza el tebeo pasas por la rabia ante el golpe de estado, la verg\u00fcenza al ver a espa\u00f1oles delatando a otros por sus ideas, el enfado por los abusos, el miedo de que esos personajes que has empezado a querer no solo lo pasen mal, sino que mueran, la alegr\u00eda en ciertos momentos o la esperanza de que puedan salir adelante a pesar de todo. Adem\u00e1s el dibujo es muy bueno de l\u00ednea clara y narrativa muy eficaz, lo que ayuda a que la historia llegue al lector y no suponga una barrera para la misma.<\/p>\n<p><a title=\"jamas-060\" href=\"https:\/\/www.flickr.com\/photos\/152844763@N02\/23676095458\/in\/dateposted-public\/\" data-flickr-embed=\"true\"><img loading=\"lazy\" decoding=\"async\" class=\"\" src=\"https:\/\/farm5.staticflickr.com\/4483\/23676095458_e64fb65a31_z.jpg\" alt=\"jamas-060\" width=\"627\" height=\"876\" \/><\/a><em>La convenci\u00f3n de Ginebra no se ten\u00eda muy en mente<\/em><\/p>\n<p style=\"text-align: justify;\">Es una historia magn\u00edfica que sirve para disfrutar tanto como para reflexionar ante la situaci\u00f3n actual. No se puede decir que sea un c\u00f3mic divertido porque ese no es su objetivo pero s\u00ed que entra en la categor\u00eda de muy interesante y entretenido, porque no va sentando c\u00e1tedra sino que cuenta la vida de dos personas y lo que podr\u00eda parecer un tost\u00f3n costumbrista por el contrario tienen una historia de lo m\u00e1s apasionante. Precisamente el no sentar c\u00e1tedra es algo que le favorece mucho y que invita a reflexionar. Los dos protagonistas luchan toda la vida contra multitud de problemas, es lo que les toc\u00f3 y as\u00ed tuvieron que vivir su vida. Pero las cosas hubieran podido ser muy distintas si no hubiese sucedido esa guerra. A d\u00eda de hoy estamos con una situaci\u00f3n complicad\u00edsima y con la gente radicaliz\u00e1ndose cada vez m\u00e1s. Ojal\u00e1 que no sea una profec\u00eda de lo que vendr\u00e1, porque la historia es muy interesante, pero no creo que nadie quisiera vivir lo que ellos.<\/p>\n<p style=\"text-align: justify;\">El \u00e1lbum est\u00e1 publicado por Norma Editorial. En definitiva un c\u00f3mic de lo m\u00e1s interesante, muy muy recomendable.<\/p>\n<p style=\"text-align: justify;\">Saludos fremen.<\/p>\n","protected":false},"excerpt":{"rendered":"<p>Nuestra guerra civil tuvo una sola visi\u00f3n durante los 40 a\u00f1os del franquismo. Cuando lleg\u00f3 la democracia se quiso dar testimonio de qu\u00e9 m\u00e1s hab\u00eda pasado y durante los siguientes 40 a\u00f1os la profusi\u00f3n de historias sobre la guerra civil ha sido inmensa y en todos los \u00e1mbitos. Aunque hay aut\u00e9nticas maravillas reconozco que es &hellip; <a href=\"http:\/\/zonadelta.net\/atreides\/?p=2173\" class=\"more-link\">Sigue leyendo <span class=\"screen-reader-text\">Premios Carlos Gim\u00e9nez 2017: Jam\u00e1s tendr\u00e9 20 a\u00f1os<\/span><\/a><\/p>\n","protected":false},"author":2,"featured_media":0,"comment_status":"open","ping_status":"open","sticky":false,"template":"","format":"standard","meta":{"iawp_total_views":4,"footnotes":""},"categories":[10,763],"tags":[1475,1473,1474,1471,1469,1470,706,1472,1464],"class_list":["post-2173","post","type-post","status-publish","format-standard","hentry","category-comic","category-drama","tag-antonio-hernandez-palacios","tag-cnt","tag-franquismo","tag-guerra-civil","tag-historico","tag-jaime-martin","tag-norma-editorial","tag-posguerra","tag-premios-carlos-gimenez"],"_links":{"self":[{"href":"http:\/\/zonadelta.net\/atreides\/index.php?rest_route=\/wp\/v2\/posts\/2173","targetHints":{"allow":["GET"]}}],"collection":[{"href":"http:\/\/zonadelta.net\/atreides\/index.php?rest_route=\/wp\/v2\/posts"}],"about":[{"href":"http:\/\/zonadelta.net\/atreides\/index.php?rest_route=\/wp\/v2\/types\/post"}],"author":[{"embeddable":true,"href":"http:\/\/zonadelta.net\/atreides\/index.php?rest_route=\/wp\/v2\/users\/2"}],"replies":[{"embeddable":true,"href":"http:\/\/zonadelta.net\/atreides\/index.php?rest_route=%2Fwp%2Fv2%2Fcomments&post=2173"}],"version-history":[{"count":4,"href":"http:\/\/zonadelta.net\/atreides\/index.php?rest_route=\/wp\/v2\/posts\/2173\/revisions"}],"predecessor-version":[{"id":2177,"href":"http:\/\/zonadelta.net\/atreides\/index.php?rest_route=\/wp\/v2\/posts\/2173\/revisions\/2177"}],"wp:attachment":[{"href":"http:\/\/zonadelta.net\/atreides\/index.php?rest_route=%2Fwp%2Fv2%2Fmedia&parent=2173"}],"wp:term":[{"taxonomy":"category","embeddable":true,"href":"http:\/\/zonadelta.net\/atreides\/index.php?rest_route=%2Fwp%2Fv2%2Fcategories&post=2173"},{"taxonomy":"post_tag","embeddable":true,"href":"http:\/\/zonadelta.net\/atreides\/index.php?rest_route=%2Fwp%2Fv2%2Ftags&post=2173"}],"curies":[{"name":"wp","href":"https:\/\/api.w.org\/{rel}","templated":true}]}}