{"id":2100,"date":"2017-09-20T11:46:55","date_gmt":"2017-09-20T10:46:55","guid":{"rendered":"http:\/\/zonadelta.net\/atreides\/?p=2100"},"modified":"2017-09-20T11:56:30","modified_gmt":"2017-09-20T10:56:30","slug":"2100","status":"publish","type":"post","link":"http:\/\/zonadelta.net\/atreides\/?p=2100","title":{"rendered":"El sue\u00f1o de la raz\u00f3n produce monstruos"},"content":{"rendered":"<p><a title=\"el-sueno-de-la-razon-produce-monstruos\" href=\"https:\/\/www.flickr.com\/photos\/152844763@N02\/36530647563\/in\/photostream\/\" data-flickr-embed=\"true\"><img loading=\"lazy\" decoding=\"async\" src=\"https:\/\/farm5.staticflickr.com\/4402\/36530647563_4b44c119ee_b.jpg\" alt=\"el-sueno-de-la-razon-produce-monstruos\" width=\"739\" height=\"1024\" \/><\/a><\/p>\n<p style=\"text-align: justify;\">Estoy cansado y aburrido del asunto de Catalunya. En 2015 <a href=\"http:\/\/zonadelta.net\/atreides\/?p=815\">ya cont\u00e9 como ve\u00eda la situaci\u00f3n<\/a> y en dos a\u00f1os nada ha mejorado, aumentando el enfado y el hast\u00edo proporcionalmente a la verg\u00fcenza por los pol\u00edticos que rigen los destinos de los catalanes y los que rigen el destino de Espa\u00f1a.<\/p>\n<p style=\"text-align: justify;\">Quiz\u00e1 sea porque desde mi punto de vista lejano miro con estupor como el premio parece muy peque\u00f1o para el coste que supone. Si consiguieran la independencia la \u00fanica diferencia en cuanto a derechos ser\u00eda poder decir que tienen la nacionalidad catalana porque \u00bfQu\u00e9 derechos conseguir\u00edan que ahora no tengan, tengamos, cualquier espa\u00f1ol?<\/p>\n<p style=\"text-align: justify;\">Y sin embargo, el coste econ\u00f3mico, para ellos y para el resto de los espa\u00f1oles, y la p\u00e9rdida de relevancia en el mundo parece pagar demasiado por algo que en mi opini\u00f3n se deber\u00eda negociar dentro del marco democr\u00e1tico, sin necesidad de saltarse las leyes como si uno pudiera elegir qu\u00e9 leyes se cumplen y cu\u00e1les no terminan de convencernos.<!--more--><\/p>\n<p style=\"text-align: justify;\">Pero si <strong>los independentistas catalanes nos est\u00e1n abocando a todos, catalanes y no catalanes, a una nueva crisis econ\u00f3mica<\/strong> que repercutir\u00e1 sobre nuestras n\u00f3minas, sobre el PIB y sobre la confianza de los inversores en Espa\u00f1a, aparte de una situaci\u00f3n a\u00fan peor para Catalunya con fronteras, aranceles y p\u00e9rdida de derechos como miembros de la UE y de Espa\u00f1a, una buena parte de la culpa la tiene nuestro gobierno que se ha aferrado a la ley, lo que est\u00e1 muy bien, pues son de obligado cumplimiento para todos, pero sin buscar soluciones alternativas ni tener el menor inter\u00e9s en ello.<\/p>\n<p style=\"text-align: justify;\">\u00bfC\u00f3mo se puede hablar de la unidad de Espa\u00f1a y no buscar f\u00f3rmulas para mantenerla?<\/p>\n<p style=\"text-align: justify;\"><strong>Espa\u00f1a es un gran pa\u00eds<\/strong>, con una historia comparable en importancia e influencia en el mundo a las m\u00e1s influyentes e importantes naciones de la historia, con reconocimientos universales en literatura, pintura, ciencia, pol\u00edtica, arquitectura, gastronom\u00eda, deporte, arte en sus distintas facetas. Es uno de los pa\u00edses m\u00e1s visitados del mundo, a la gente le gusta venir a Espa\u00f1a. Y sin embargo, no s\u00e9 si tenemos una especie de complejo de inferioridad o qu\u00e9 que no sabemos darnos la importancia real ni destacar las virtudes de vivir en un pa\u00eds como este. Con sus defectos, que son muchos, pero es que solo se habla de los defectos.<\/p>\n<p style=\"text-align: justify;\">Cuando estuve en Barcelona hace un a\u00f1o me dio pena encontrar casetas cada 300 metros en el Passeig de Sant Joan \u00abvendiendo\u00bb la independencia y no ver absolutamente nada \u00abrecordando\u00bb porqu\u00e9 merece la pena pertenecer a Espa\u00f1a.<\/p>\n<p style=\"text-align: justify;\"><strong>Los independentistas en mi opini\u00f3n lo han hecho muy mal<\/strong> y lo peor que puede pasar es que se cumpla su sue\u00f1o y vean el monstruo en que se convertir\u00eda, pero el gobierno ha dimitido de su responsabilidad de serlo para todos los espa\u00f1oles y no ha hecho nada para llegar a un acuerdo. La pol\u00edtica es negociar y llegar a acuerdos, no convertirse en el rey tronco y aguantar a que las cosas se solucionen solas.<\/p>\n<p style=\"text-align: justify;\">Nos faltan pol\u00edticos de altura. Los padres de nuestra constituci\u00f3n han sido sustituidos por peleles corruptos presidentes de partidos pol\u00edticos que hablan de libertad (?) o de la patria cuando est\u00e1n tapando la cantidad de dinero que han robado o que han malversado o los recortes en derechos laborales que llevamos sufriendo a costa de la crisis que permitieron, se lucraron con ella y luego nos hicieron soportar a nosotros.<\/p>\n<p style=\"text-align: justify;\">Pero <strong>peor es para Catalu\u00f1a.<\/strong><\/p>\n<p style=\"text-align: justify;\">Cuando la junta de militares Argentina estaba acosada cre\u00f3 un enemigo, Inglaterra, y declar\u00f3 la guerra como cortina de humo.<\/p>\n<p style=\"text-align: justify;\">Cuando a Clinton le estall\u00f3 el caso Monica Lewinsky, bombarde\u00f3 Bagdad.<\/p>\n<p style=\"text-align: justify;\">Todos los casos de corrupci\u00f3n de Convergencia hicieron lo mismo, crear un enemigo, el resto de Espa\u00f1a y luchar por la independencia como pa\u00eds sometido durante siglos.<\/p>\n<p style=\"text-align: justify;\">Mirar la historia no favorece a la causa de la independencia pero no quiero ahondar porque el problema no es con los romanos, los \u00e1rabes , la marca hisp\u00e1nica, o el reino de Arag\u00f3n, sino el problema actual.<\/p>\n<p style=\"text-align: justify;\">Lo que quiero decir es que estoy cansado y que me enfada de manera superlativa que los in\u00fatiles que hemos elegido no sean capaces de resolver este problema y que la vida de todos vaya a ser peor sin ninguna ventaja para nadie.<\/p>\n<p style=\"text-align: justify;\">Ojal\u00e1 esos pol\u00edticos que elegimos recordaran que fueron elegidos para servir al pueblo y cuidaran nuestros intereses.<\/p>\n<p style=\"text-align: justify;\">Porque se est\u00e1 jugando con fuego y <strong>posiblemente estemos en el peor momento de nuestra democracia desde el 23-F<\/strong>.<\/p>\n<p style=\"text-align: justify;\">Ojal\u00e1 se imponga la raz\u00f3n, ya lo dije en su momento y eso no puede cambiar. Con sus diferencias todos somos el mismo pueblo y la misma sangre corre por todos nosotros. Haber creado esta divisi\u00f3n y convertir a Espa\u00f1a en el enemigo cuando son parte fundacional de la misma y tan parte de su historia como cualquier otro de los pueblos que componen Espa\u00f1a ha sido de una bajeza moral tremenda y un ardid por parte de los pol\u00edticos como dec\u00eda antes, pero que si tanto ha calado es porque hay mucha gente descontenta que creen que esa es la salida, la luz al final de un supuesto t\u00fanel pero que en realidad son los faros del tren.<\/p>\n<p style=\"text-align: justify;\">Para salir de los problemas que tenemos todos en Espa\u00f1a, salirse de Espa\u00f1a y convertirse en una naci\u00f3n mucho m\u00e1s d\u00e9bil, irrelevante internacionalmente y aislada no parece una forma de resolver los problemas de sus ciudadanos.<\/p>\n<p style=\"text-align: justify;\">\u00bfLa soluci\u00f3n? <strong>Negociar, negociar, negociar, con el objetivo claro de llegar al mejor acuerdo posible para todos<\/strong> dentro de la ley. Ley que se puede cambiar pero negociando. Tomar atajos es un tremendo error porque saltarse la legalidad es irse a un extremo y el efecto p\u00e9ndulo funciona, que extremistas hay de todo tipo, y que no hay prisa real.<\/p>\n<p style=\"text-align: justify;\">\u00bfNo es f\u00e1cil ahora conseguir un cambio en la Constituci\u00f3n? Puede ser, pero no es el peor escenario. Al estar tan repartidos los esca\u00f1os entre partidos de distinta ideolog\u00eda tiene sus dificultades pero tambi\u00e9n sus ventajas. EL \u00fanico partido inmovilista es el PP y el Congreso tiene 350 esca\u00f1os de los que el PP tiene 137 y el resto de los partidos 213. La reforma de La Constituci\u00f3n es con tres quintos de la C\u00e1mara, es decir, 210 esca\u00f1os y lo mismo en el Senado en el que tiene mayor\u00eda el PP, lo que seguramente llevar\u00eda m\u00e1s tiempo y habr\u00eda que lograr el consenso.<\/p>\n<p style=\"text-align: justify;\">Es decir, <strong>existe la posibilidad de negociar. Ahora solo hace falta la voluntad<\/strong>.<\/p>\n<p style=\"text-align: justify;\">Saludos fremen.<\/p>\n","protected":false},"excerpt":{"rendered":"<p>Estoy cansado y aburrido del asunto de Catalunya. En 2015 ya cont\u00e9 como ve\u00eda la situaci\u00f3n y en dos a\u00f1os nada ha mejorado, aumentando el enfado y el hast\u00edo proporcionalmente a la verg\u00fcenza por los pol\u00edticos que rigen los destinos de los catalanes y los que rigen el destino de Espa\u00f1a. Quiz\u00e1 sea porque desde &hellip; <a href=\"http:\/\/zonadelta.net\/atreides\/?p=2100\" class=\"more-link\">Sigue leyendo <span class=\"screen-reader-text\">El sue\u00f1o de la raz\u00f3n produce monstruos<\/span><\/a><\/p>\n","protected":false},"author":2,"featured_media":0,"comment_status":"open","ping_status":"open","sticky":false,"template":"","format":"standard","meta":{"iawp_total_views":8,"footnotes":""},"categories":[72],"tags":[1431,1433,350,274,1430,348,1432,202],"class_list":["post-2100","post","type-post","status-publish","format-standard","hentry","category-opinion","tag-catalunya","tag-enfado","tag-espana","tag-hastio","tag-independencia","tag-politica","tag-tristeza","tag-verguenza"],"_links":{"self":[{"href":"http:\/\/zonadelta.net\/atreides\/index.php?rest_route=\/wp\/v2\/posts\/2100","targetHints":{"allow":["GET"]}}],"collection":[{"href":"http:\/\/zonadelta.net\/atreides\/index.php?rest_route=\/wp\/v2\/posts"}],"about":[{"href":"http:\/\/zonadelta.net\/atreides\/index.php?rest_route=\/wp\/v2\/types\/post"}],"author":[{"embeddable":true,"href":"http:\/\/zonadelta.net\/atreides\/index.php?rest_route=\/wp\/v2\/users\/2"}],"replies":[{"embeddable":true,"href":"http:\/\/zonadelta.net\/atreides\/index.php?rest_route=%2Fwp%2Fv2%2Fcomments&post=2100"}],"version-history":[{"count":4,"href":"http:\/\/zonadelta.net\/atreides\/index.php?rest_route=\/wp\/v2\/posts\/2100\/revisions"}],"predecessor-version":[{"id":2105,"href":"http:\/\/zonadelta.net\/atreides\/index.php?rest_route=\/wp\/v2\/posts\/2100\/revisions\/2105"}],"wp:attachment":[{"href":"http:\/\/zonadelta.net\/atreides\/index.php?rest_route=%2Fwp%2Fv2%2Fmedia&parent=2100"}],"wp:term":[{"taxonomy":"category","embeddable":true,"href":"http:\/\/zonadelta.net\/atreides\/index.php?rest_route=%2Fwp%2Fv2%2Fcategories&post=2100"},{"taxonomy":"post_tag","embeddable":true,"href":"http:\/\/zonadelta.net\/atreides\/index.php?rest_route=%2Fwp%2Fv2%2Ftags&post=2100"}],"curies":[{"name":"wp","href":"https:\/\/api.w.org\/{rel}","templated":true}]}}