{"id":1797,"date":"2017-04-28T22:46:47","date_gmt":"2017-04-28T21:46:47","guid":{"rendered":"http:\/\/zonadelta.net\/atreides\/?p=1797"},"modified":"2017-04-28T22:47:14","modified_gmt":"2017-04-28T21:47:14","slug":"el-ministerio-del-tiempo-tiempo-al-tiempo","status":"publish","type":"post","link":"http:\/\/zonadelta.net\/atreides\/?p=1797","title":{"rendered":"El ministerio del Tiempo &#8211; Tiempo al tiempo"},"content":{"rendered":"<p style=\"text-align: justify;\"><a href=\"http:\/\/i1347.photobucket.com\/albums\/p706\/AtreidesXXI\/Ministerio%20del%20Tiempo0001_zps6bze5eoc.jpg\"><img loading=\"lazy\" decoding=\"async\" class=\"alignnone size-medium\" src=\"http:\/\/i1347.photobucket.com\/albums\/p706\/AtreidesXXI\/Ministerio%20del%20Tiempo0001_zps6bze5eoc.jpg\" width=\"740\" height=\"1024\" \/><\/a><\/p>\n<p style=\"text-align: justify;\">Ten\u00eda que pasar. Ya lo dice Javier Olivares en su pr\u00f3logo, era inevitable que de una serie que se ha convertido en mitolog\u00eda Pop llegara un c\u00f3mic de El ministerio del tiempo.<\/p>\n<p style=\"text-align: justify;\">Hay otras series que aprovechan el tir\u00f3n del \u00e9xito para sacar un c\u00f3mic que reporte m\u00e1s beneficios con la m\u00ednima inversi\u00f3n. Este pa\u00eds es muy de esto tambi\u00e9n y alg\u00fan ejemplo me viene a la memoria con una serie de gran \u00e9xito con c\u00f3mic ambientado en china flojito, flojito y juego para m\u00f3viles no mucho mejor.<\/p>\n<p style=\"text-align: justify;\">\u00bfSer\u00eda este el caso del primer c\u00f3mic de El ministerio del tiempo?<\/p>\n<p style=\"text-align: justify;\"><!--more--><\/p>\n<p style=\"text-align: justify;\">Estaba seguro que no desde que lo anunciaron porque todo era muy distinto.<\/p>\n<p style=\"text-align: justify;\">Para empezar, ten\u00eda el ejemplo del libro de relatos cortos, <a href=\"http:\/\/zonadelta.net\/atreides\/?p=1495\" target=\"_blank\" rel=\"noopener noreferrer\">El tiempo es el que es<\/a> del que ya habl\u00e9 y al que se le notaba el mimo y cuidado para no sacar cualquier cosa con el sello de la serie, al contrario, nada menos que Ana\u00efs Schaaf junto a otro de los guionistas era quien lo firmaba con un resultado de gran inter\u00e9s y calidad. De hecho, espero que alg\u00fan d\u00eda adapten esas tres historias porque son muy interesantes.<\/p>\n<p style=\"text-align: justify;\">Pero los c\u00f3mics siempre han sido minusvalorados y los lectores, sobre todo los que ya peinamos canas, mirados por encima del hombro. Esto me daba pie a preguntarme, vistos los antecedentes que citaba de esa otra serie exitosa, si estar\u00edamos en la misma tesitura, autores mediocres, historia insulsa. Es decir, inversi\u00f3n m\u00ednima y edici\u00f3n con tapa dura para cobrar 18 \u20ac y a correr.<\/p>\n<p style=\"text-align: justify;\"><a href=\"http:\/\/i1347.photobucket.com\/albums\/p706\/AtreidesXXI\/Ministerio%20del%20tiempo0005_zpsru3lrlou.jpg\"><img loading=\"lazy\" decoding=\"async\" class=\"alignnone size-medium\" src=\"http:\/\/i1347.photobucket.com\/albums\/p706\/AtreidesXXI\/Ministerio%20del%20tiempo0005_zpsru3lrlou.jpg\" width=\"689\" height=\"1024\" \/><\/a><\/p>\n<p style=\"text-align: justify;\">Pues de entrada hay diferencias. Para comenzar el guionista es El Torres. Llevo leyendo c\u00f3mics suyos desde MegaMultimedia y es impresionante c\u00f3mo ha evolucionado hasta convertirse en uno de los mejores guionistas del pa\u00eds, con obras tan redondas y reconocidas como \u00abEl fantasma de Gaud\u00ed\u00bb (premio Sal\u00f2 del C\u00f2mic de Barcelona al mejor guionista y a la mejor obra), absolutamente recomendable.<\/p>\n<p style=\"text-align: justify;\">Los dem\u00e1s que participan no los conozco. A Joseba Basalo particularmente s\u00ed pero es su faceta de editor de Aleta ediciones y le agradezco en el alma que trajera los c\u00f3mics de Bonelli a Espa\u00f1a, especialmente <a href=\"http:\/\/zonadelta.net\/atreides\/?p=1778\" target=\"_blank\" rel=\"noopener noreferrer\">Dylan Dog<\/a> aunque parece que tambi\u00e9n tiene buenas ideas para las historias.<\/p>\n<p style=\"text-align: justify;\">Desiree Bressand, la co-guionista, es una novedad para m\u00ed, como el dibujante, Jaime Mart\u00ednez, que ya adelanto que hace un trabajo sensacional.<\/p>\n<p style=\"text-align: justify;\">Creo que la diferencia fundamental es que es una serie de autores, Javier y Pablo Olivares, y que es su serie, pelearon muy duro porque saliera y la calidad les importa. Porque son autores con un enorme y variado bagaje cultural que abarca desde Tim Powers a Mark Twain, de Doctor Who a Isaac Asimov, es decir, lo m\u00e1s alejado del mundo de lo que vende mucho o consigue grandes audiencias en Espa\u00f1a, y conseguir sacar a delante una serie as\u00ed y que tenga \u00e9xito es un milagro. Un milagro que hay que mantener cada d\u00eda y lo saben y cualquier manifestaci\u00f3n de la serie tiene que mantener la calidad de la misma, nada de pegarse tiros en el pie cuando tanta gente est\u00e1 esperando para disparar ellos.<\/p>\n<p style=\"text-align: justify;\">Este caso no es una excepci\u00f3n.<\/p>\n<p style=\"text-align: justify;\"><a href=\"http:\/\/i1347.photobucket.com\/albums\/p706\/AtreidesXXI\/Ministerio%20del%20tiempo0003%202_zps2mzzr7pw.jpg\"><img loading=\"lazy\" decoding=\"async\" class=\"alignnone size-medium\" src=\"http:\/\/i1347.photobucket.com\/albums\/p706\/AtreidesXXI\/Ministerio%20del%20tiempo0003%202_zps2mzzr7pw.jpg\" width=\"678\" height=\"1024\" \/><\/a><\/p>\n<p style=\"text-align: justify;\">La historia comienza muy fuerte, con un disparo a Salvador Mart\u00ed y una amenaza no solo al ministerio sino incluso a nuestra historia y \u00a0m\u00e1s concretamente a nuestra democracia. A partir de aqu\u00ed se desarrolla una historia con viajes en el tiempo (sorprendidos \u00bfeh?) en el que conocemos m\u00e1s cosas de Salvador Mart\u00ed, nos encontraremos con una patrulla especial para momentos de crisis \u00a0que responde ante Sp\u00ednola y con uno de los grandes literatos espa\u00f1oles del XIX, tambi\u00e9n aparece brevemente el que para m\u00ed ha sido el presidente m\u00e1s grande que ha tenido este pa\u00eds y tambi\u00e9n hay \u00a0un cameo muy especial, entre otras muchas cosas.<\/p>\n<p style=\"text-align: justify;\"><a href=\"http:\/\/i1347.photobucket.com\/albums\/p706\/AtreidesXXI\/Ministerio%20del%20tiempo0004_zpsthsfmxfg.jpg\"><img loading=\"lazy\" decoding=\"async\" class=\"alignnone size-medium\" src=\"http:\/\/i1347.photobucket.com\/albums\/p706\/AtreidesXXI\/Ministerio%20del%20tiempo0004_zpsthsfmxfg.jpg\" width=\"680\" height=\"1024\" \/><\/a><\/p>\n<p style=\"text-align: justify;\">La historia est\u00e1 muy bien y todos los personajes est\u00e1n muy bien caracterizados, pero hay que hablar de la otra parte fundamental de un c\u00f3mic, el dibujo.<\/p>\n<p style=\"text-align: justify;\">El estilo de Jaime Mart\u00ednez es casi pict\u00f3rico y realista, con un dibujo acertad\u00edsimo de los personajes a los que se les reconoce perfectamente pero que destaca sobre todo por el gran dominio de las expresiones que, adem\u00e1s, son caracter\u00edsticas en muchos casos de los actores que los interpretan en la serie. El estilo de dibujo me recuerda a Alex Maleev, el dibujante de la etapa de Brian Michael Bendis en Daredevil. El trabajo es deslumbrante y espectacular.<\/p>\n<p style=\"text-align: justify;\">Buen gui\u00f3n y buena historia pero \u00bfqu\u00e9 tal la edici\u00f3n?<\/p>\n<p style=\"text-align: justify;\">A la altura del contenido. Tapa dura, una preciosa portada, las 112 p\u00e1ginas son de un papel muy grueso y de gran calidad. Al pr\u00f3logo que citaba antes de Javier Olivares se une un ep\u00edlogo de Jaime Blanch, el actor que interpreta a Salvador Mart\u00ed en la serie, adem\u00e1s de un organigrama de El ministerio del tiempo.<\/p>\n<p style=\"text-align: justify;\"><a href=\"http:\/\/i1347.photobucket.com\/albums\/p706\/AtreidesXXI\/Ministerio%20del%20Tiempo0002_zpsmmh9rf7r.jpg\"><img loading=\"lazy\" decoding=\"async\" class=\"alignnone size-medium\" src=\"http:\/\/i1347.photobucket.com\/albums\/p706\/AtreidesXXI\/Ministerio%20del%20Tiempo0002_zpsmmh9rf7r.jpg\" width=\"715\" height=\"1024\" \/><\/a><\/p>\n<p style=\"text-align: justify;\">Menci\u00f3n especial merece la\u00a0preciosa ilustraci\u00f3n de una portada de Joyas Literarias Juveniles, colecci\u00f3n que adaptaba all\u00e1 por los setenta y ochenta los cl\u00e1sicos de la novela de aventuras en c\u00f3mics. All\u00ed le\u00ed entre otras el Castillo de los C\u00e1rpatos, Robur el conquistador o David Copperfield. Un gui\u00f1o precioso. sinceramente.<\/p>\n<p style=\"text-align: justify;\">El c\u00f3mic ha salido hoy a la venta publicado por Aleta Ediciones, cuesta 18 \u20ac y los vale. Muy recomendable.<\/p>\n<p>&nbsp;<\/p>\n","protected":false},"excerpt":{"rendered":"<p>Ten\u00eda que pasar. Ya lo dice Javier Olivares en su pr\u00f3logo, era inevitable que de una serie que se ha convertido en mitolog\u00eda Pop llegara un c\u00f3mic de El ministerio del tiempo. Hay otras series que aprovechan el tir\u00f3n del \u00e9xito para sacar un c\u00f3mic que reporte m\u00e1s beneficios con la m\u00ednima inversi\u00f3n. Este pa\u00eds &hellip; <a href=\"http:\/\/zonadelta.net\/atreides\/?p=1797\" class=\"more-link\">Sigue leyendo <span class=\"screen-reader-text\">El ministerio del Tiempo &#8211; Tiempo al tiempo<\/span><\/a><\/p>\n","protected":false},"author":2,"featured_media":0,"comment_status":"open","ping_status":"open","sticky":false,"template":"","format":"standard","meta":{"iawp_total_views":7,"footnotes":""},"categories":[48,91,10,763,80,7],"tags":[1232,1231,1229,1228,1230,938,1227,1233],"class_list":["post-1797","post","type-post","status-publish","format-standard","hentry","category-ciencia-ficcion-2","category-comedia","category-comic","category-drama","category-literatura","category-series-2","tag-aleta-ediciones","tag-anais-schaaff","tag-el-torres","tag-jaime-blanch","tag-jaime-martinez","tag-javier-olivares","tag-pablo-olivares","tag-spinola"],"_links":{"self":[{"href":"http:\/\/zonadelta.net\/atreides\/index.php?rest_route=\/wp\/v2\/posts\/1797","targetHints":{"allow":["GET"]}}],"collection":[{"href":"http:\/\/zonadelta.net\/atreides\/index.php?rest_route=\/wp\/v2\/posts"}],"about":[{"href":"http:\/\/zonadelta.net\/atreides\/index.php?rest_route=\/wp\/v2\/types\/post"}],"author":[{"embeddable":true,"href":"http:\/\/zonadelta.net\/atreides\/index.php?rest_route=\/wp\/v2\/users\/2"}],"replies":[{"embeddable":true,"href":"http:\/\/zonadelta.net\/atreides\/index.php?rest_route=%2Fwp%2Fv2%2Fcomments&post=1797"}],"version-history":[{"count":4,"href":"http:\/\/zonadelta.net\/atreides\/index.php?rest_route=\/wp\/v2\/posts\/1797\/revisions"}],"predecessor-version":[{"id":1802,"href":"http:\/\/zonadelta.net\/atreides\/index.php?rest_route=\/wp\/v2\/posts\/1797\/revisions\/1802"}],"wp:attachment":[{"href":"http:\/\/zonadelta.net\/atreides\/index.php?rest_route=%2Fwp%2Fv2%2Fmedia&parent=1797"}],"wp:term":[{"taxonomy":"category","embeddable":true,"href":"http:\/\/zonadelta.net\/atreides\/index.php?rest_route=%2Fwp%2Fv2%2Fcategories&post=1797"},{"taxonomy":"post_tag","embeddable":true,"href":"http:\/\/zonadelta.net\/atreides\/index.php?rest_route=%2Fwp%2Fv2%2Ftags&post=1797"}],"curies":[{"name":"wp","href":"https:\/\/api.w.org\/{rel}","templated":true}]}}